{"id":11183,"date":"2021-01-06T14:36:22","date_gmt":"2021-01-06T13:36:22","guid":{"rendered":"https:\/\/news.save.ch\/?p=11183"},"modified":"2023-08-15T06:28:48","modified_gmt":"2023-08-15T04:28:48","slug":"swiss-safety-center-hat-eine-neue-chefin","status":null,"type":"post","link":"https:\/\/news.save.ch\/fr\/swiss-safety-center-hat-eine-neue-chefin\/","title":{"rendered":"Le Swiss Safety Center a une nouvelle directrice"},"content":{"rendered":"<p><img loading=\"lazy\" decoding=\"async\" class=\"alignnone wp-image-11186 size-full\" src=\"https:\/\/news.save.ch\/wp-content\/uploads\/2021\/01\/Elisabetta_Carrea_teaser.jpg\" alt=\"Elisabetta Carrea\" width=\"731\" height=\"579\" srcset=\"https:\/\/news.save.ch\/wp-content\/uploads\/2021\/01\/Elisabetta_Carrea_teaser.jpg 731w, https:\/\/news.save.ch\/wp-content\/uploads\/2021\/01\/Elisabetta_Carrea_teaser-375x297.jpg 375w\" sizes=\"auto, (max-width: 731px) 100vw, 731px\" \/><\/p>\n<p>Le conseil d'administration de Swiss Safety Center a nomm\u00e9 en d\u00e9but d'ann\u00e9e une nouvelle directrice d'entreprise en la personne du Dr Elisabetta Carrea. Selon le communiqu\u00e9 du groupe, Elisabetta Carrea a rejoint Swiss Safety Center AG en mars 2018. \u00c0 cette date, elle dirigeait d\u00e9j\u00e0 avec succ\u00e8s le secteur d'activit\u00e9 Expertise Services, qui propose des prestations et des qualifications dans les domaines de la protection contre les incendies, de la s\u00e9curit\u00e9 environnementale, de la s\u00e9curit\u00e9 au travail et de la gestion int\u00e9grale des risques.<\/p>\n<p>Carrea est titulaire d'un doctorat en ing\u00e9nierie des proc\u00e9d\u00e9s et dispose d'une longue exp\u00e9rience en tant que chef de projet dans le domaine de la construction d'installations et de l'\u00e9nergie. Dans le cadre de ses nouvelles fonctions, elle se concentrera avant tout sur les collaborateurs, mais aussi sur des th\u00e8mes cl\u00e9s tels que la croissance du march\u00e9 et les innovations li\u00e9es \u00e0 l'industrie 4.0 et \u00e0 la num\u00e9risation, comme l'indique Swiss Safety Center.<\/p>\n<p>Raffael Schubiger, directeur de l'ASIT, devient pr\u00e9sident du conseil d'administration de Swiss Safety Center AG et se concentrera \u00e0 l'avenir sur la direction et l'orientation strat\u00e9giques du groupe d'entreprises, compos\u00e9 de l'ASIT Association suisse d'inspection technique et de Swiss Safety Center AG.<\/p>\n<p><em>Source : Swiss Safety Center\u00a0<\/em><\/p>","protected":false},"excerpt":{"rendered":"<p>Der Verwaltungsrat des Swiss Safety Center hat zum Jahresbeginn mit Dr. Elisabetta Carrea eine neue Unternehmensleiterin gek\u00fcrt.\u00a0Elisabetta Carrea stiess laut Mitteilung des Konzerns im M\u00e4rz 2018 zur Swiss Safety Center AG. Zu diesem Zeitpunkt leitete sie bereits erfolgreich den Gesch\u00e4ftsbereich Expertise Services mit Dienstleistungen und Qualifizierungen im Bereich Brandschutz, Umweltsicherheit, Arbeitssicherheit und Integrales Risikomanagement. Carrea [&hellip;]<\/p>\n","protected":false},"author":9,"featured_media":11186,"comment_status":"closed","ping_status":"closed","sticky":false,"template":"","format":"standard","meta":{"_acf_changed":false,"pgc_sgb_lightbox_settings":"","footnotes":""},"categories":[1,67],"tags":[156,5868,5869,446,466,6228],"class_list":["post-11183","post","type-post","status-publish","format-standard","has-post-thumbnail","hentry","category-allgemein","category-brandschutz","tag-brandschutz","tag-elisabetta-carrea","tag-expertise-services","tag-svti","tag-swiss-safety-center","tag-verfahrensingenieurin"],"acf":[],"hkrextid":null,"publication":null,"issue":null,"workflow":null,"startPage":null,"spitzmarke":null,"_posts_by_tag_page_fields":{"widget_title":"","widget_tags":""},"_at_widget":"1","_yoast_wpseo_primary_category":"1","_yoast_wpseo_focuskw_text_input":null,"_yoast_wpseo_opengraph-image":null,"_yoast_wpseo_opengraph-description":null,"_yoast_wpseo_opengraph-title":null,"enclosure":null,"_yoast_wpseo_twitter-title":null,"_yoast_wpseo_twitter-description":null,"_yoast_wpseo_twitter-image":null,"_wp_old_slug":null,"_yoast_wpseo_title":null,"_yoast_wpseo_canonical":null,"yoast_head":"<!-- This site is optimized with the Yoast SEO plugin v27.4 - https:\/\/yoast.com\/product\/yoast-seo-wordpress\/ -->\n<title>Das Swiss Safety Center hat eine neue Chefin - Save<\/title>\n<meta name=\"description\" content=\"Das Swiss Safety Center erh\u00e4lt eine neue Frau an der Spitze. Elisabetta Carrea leitete schon 2018 den Gesch\u00e4ftsbereich Expertise Services im Bereich Brandschutz, Umweltsicherheit, Arbeitssicherheit und Risk Management. Der bisherige CEO, Raffael Schubiger, wird Verwaltungsratspr\u00e4sident des Unternehmens.\" \/>\n<meta name=\"robots\" content=\"index, follow, max-snippet:-1, max-image-preview:large, max-video-preview:-1\" \/>\n<link rel=\"canonical\" href=\"https:\/\/news.save.ch\/fr\/swiss-safety-center-hat-eine-neue-chefin\/\" \/>\n<meta property=\"og:locale\" content=\"fr_FR\" \/>\n<meta property=\"og:type\" content=\"article\" \/>\n<meta property=\"og:title\" content=\"Das Swiss Safety Center hat eine neue Chefin - Save\" \/>\n<meta property=\"og:description\" content=\"Das Swiss Safety Center erh\u00e4lt eine neue Frau an der Spitze. Elisabetta Carrea leitete schon 2018 den Gesch\u00e4ftsbereich Expertise Services im Bereich Brandschutz, Umweltsicherheit, Arbeitssicherheit und Risk Management. Der bisherige CEO, Raffael Schubiger, wird Verwaltungsratspr\u00e4sident des Unternehmens.\" \/>\n<meta property=\"og:url\" content=\"https:\/\/news.save.ch\/fr\/swiss-safety-center-hat-eine-neue-chefin\/\" \/>\n<meta property=\"og:site_name\" content=\"Save\" \/>\n<meta property=\"article:published_time\" content=\"2021-01-06T13:36:22+00:00\" \/>\n<meta property=\"article:modified_time\" content=\"2023-08-15T04:28:48+00:00\" \/>\n<meta property=\"og:image\" content=\"https:\/\/news.save.ch\/wp-content\/uploads\/2021\/01\/Elisabetta_Carrea_teaser.jpg\" \/>\n\t<meta property=\"og:image:width\" content=\"731\" \/>\n\t<meta property=\"og:image:height\" content=\"579\" \/>\n\t<meta property=\"og:image:type\" content=\"image\/jpeg\" \/>\n<meta name=\"author\" content=\"Simon Gr\u00f6flin\" \/>\n<meta name=\"twitter:card\" content=\"summary_large_image\" \/>\n<meta name=\"twitter:label1\" content=\"\u00c9crit par\" \/>\n\t<meta name=\"twitter:data1\" content=\"Simon Gr\u00f6flin\" \/>\n\t<meta name=\"twitter:label2\" content=\"Dur\u00e9e de lecture estim\u00e9e\" \/>\n\t<meta name=\"twitter:data2\" content=\"2 minutes\" \/>\n<script type=\"application\/ld+json\" class=\"yoast-schema-graph\">{\"@context\":\"https:\\\/\\\/schema.org\",\"@graph\":[{\"@type\":\"Article\",\"@id\":\"https:\\\/\\\/news.save.ch\\\/swiss-safety-center-hat-eine-neue-chefin\\\/#article\",\"isPartOf\":{\"@id\":\"https:\\\/\\\/news.save.ch\\\/swiss-safety-center-hat-eine-neue-chefin\\\/\"},\"author\":{\"name\":\"Simon Gr\u00f6flin\",\"@id\":\"https:\\\/\\\/news.save.ch\\\/de\\\/#\\\/schema\\\/person\\\/ad4ef21102fd6125312409ac57d5296d\"},\"headline\":\"Das Swiss Safety Center hat eine neue Chefin\",\"datePublished\":\"2021-01-06T13:36:22+00:00\",\"dateModified\":\"2023-08-15T04:28:48+00:00\",\"mainEntityOfPage\":{\"@id\":\"https:\\\/\\\/news.save.ch\\\/swiss-safety-center-hat-eine-neue-chefin\\\/\"},\"wordCount\":162,\"publisher\":{\"@id\":\"https:\\\/\\\/news.save.ch\\\/de\\\/#organization\"},\"image\":{\"@id\":\"https:\\\/\\\/news.save.ch\\\/swiss-safety-center-hat-eine-neue-chefin\\\/#primaryimage\"},\"thumbnailUrl\":\"https:\\\/\\\/news.save.ch\\\/wp-content\\\/uploads\\\/2021\\\/01\\\/Elisabetta_Carrea_teaser.jpg\",\"keywords\":[\"Brandschutz\",\"Elisabetta Carrea\",\"Expertise Services\",\"SVTI\",\"Swiss Safety Center\",\"Verfahrensingenieurin\"],\"articleSection\":[\"ALLGEMEIN\",\"BRANDSCHUTZ\"],\"inLanguage\":\"fr-FR\"},{\"@type\":\"WebPage\",\"@id\":\"https:\\\/\\\/news.save.ch\\\/swiss-safety-center-hat-eine-neue-chefin\\\/\",\"url\":\"https:\\\/\\\/news.save.ch\\\/swiss-safety-center-hat-eine-neue-chefin\\\/\",\"name\":\"Das Swiss Safety Center hat eine neue Chefin - Save\",\"isPartOf\":{\"@id\":\"https:\\\/\\\/news.save.ch\\\/de\\\/#website\"},\"primaryImageOfPage\":{\"@id\":\"https:\\\/\\\/news.save.ch\\\/swiss-safety-center-hat-eine-neue-chefin\\\/#primaryimage\"},\"image\":{\"@id\":\"https:\\\/\\\/news.save.ch\\\/swiss-safety-center-hat-eine-neue-chefin\\\/#primaryimage\"},\"thumbnailUrl\":\"https:\\\/\\\/news.save.ch\\\/wp-content\\\/uploads\\\/2021\\\/01\\\/Elisabetta_Carrea_teaser.jpg\",\"datePublished\":\"2021-01-06T13:36:22+00:00\",\"dateModified\":\"2023-08-15T04:28:48+00:00\",\"description\":\"Das Swiss Safety Center erh\u00e4lt eine neue Frau an der Spitze. Elisabetta Carrea leitete schon 2018 den Gesch\u00e4ftsbereich Expertise Services im Bereich Brandschutz, Umweltsicherheit, Arbeitssicherheit und Risk Management. Der bisherige CEO, Raffael Schubiger, wird Verwaltungsratspr\u00e4sident des Unternehmens.\",\"breadcrumb\":{\"@id\":\"https:\\\/\\\/news.save.ch\\\/swiss-safety-center-hat-eine-neue-chefin\\\/#breadcrumb\"},\"inLanguage\":\"fr-FR\",\"potentialAction\":[{\"@type\":\"ReadAction\",\"target\":[\"https:\\\/\\\/news.save.ch\\\/swiss-safety-center-hat-eine-neue-chefin\\\/\"]}]},{\"@type\":\"ImageObject\",\"inLanguage\":\"fr-FR\",\"@id\":\"https:\\\/\\\/news.save.ch\\\/swiss-safety-center-hat-eine-neue-chefin\\\/#primaryimage\",\"url\":\"https:\\\/\\\/news.save.ch\\\/wp-content\\\/uploads\\\/2021\\\/01\\\/Elisabetta_Carrea_teaser.jpg\",\"contentUrl\":\"https:\\\/\\\/news.save.ch\\\/wp-content\\\/uploads\\\/2021\\\/01\\\/Elisabetta_Carrea_teaser.jpg\",\"width\":731,\"height\":579,\"caption\":\"Elisabetta Carrera ist neuer CEO im Swiss Safety Center\"},{\"@type\":\"BreadcrumbList\",\"@id\":\"https:\\\/\\\/news.save.ch\\\/swiss-safety-center-hat-eine-neue-chefin\\\/#breadcrumb\",\"itemListElement\":[{\"@type\":\"ListItem\",\"position\":1,\"name\":\"Home\",\"item\":\"https:\\\/\\\/news.save.ch\\\/de\\\/\"},{\"@type\":\"ListItem\",\"position\":2,\"name\":\"Das Swiss Safety Center hat eine neue Chefin\"}]},{\"@type\":\"WebSite\",\"@id\":\"https:\\\/\\\/news.save.ch\\\/de\\\/#website\",\"url\":\"https:\\\/\\\/news.save.ch\\\/de\\\/\",\"name\":\"Save\",\"description\":\"Schweizer Fachzeitschrift f\u00fcr Sicherheit\",\"publisher\":{\"@id\":\"https:\\\/\\\/news.save.ch\\\/de\\\/#organization\"},\"potentialAction\":[{\"@type\":\"SearchAction\",\"target\":{\"@type\":\"EntryPoint\",\"urlTemplate\":\"https:\\\/\\\/news.save.ch\\\/de\\\/?s={search_term_string}\"},\"query-input\":{\"@type\":\"PropertyValueSpecification\",\"valueRequired\":true,\"valueName\":\"search_term_string\"}}],\"inLanguage\":\"fr-FR\"},{\"@type\":\"Organization\",\"@id\":\"https:\\\/\\\/news.save.ch\\\/de\\\/#organization\",\"name\":\"Sicherheitsforum\",\"url\":\"https:\\\/\\\/news.save.ch\\\/de\\\/\",\"logo\":{\"@type\":\"ImageObject\",\"inLanguage\":\"fr-FR\",\"@id\":\"https:\\\/\\\/news.save.ch\\\/de\\\/#\\\/schema\\\/logo\\\/image\\\/\",\"url\":\"https:\\\/\\\/news.save.ch\\\/wp-content\\\/uploads\\\/2022\\\/06\\\/Logo_SF_2012.png\",\"contentUrl\":\"https:\\\/\\\/news.save.ch\\\/wp-content\\\/uploads\\\/2022\\\/06\\\/Logo_SF_2012.png\",\"width\":1100,\"height\":91,\"caption\":\"Sicherheitsforum\"},\"image\":{\"@id\":\"https:\\\/\\\/news.save.ch\\\/de\\\/#\\\/schema\\\/logo\\\/image\\\/\"}},{\"@type\":\"Person\",\"@id\":\"https:\\\/\\\/news.save.ch\\\/de\\\/#\\\/schema\\\/person\\\/ad4ef21102fd6125312409ac57d5296d\",\"name\":\"Simon Gr\u00f6flin\",\"image\":{\"@type\":\"ImageObject\",\"inLanguage\":\"fr-FR\",\"@id\":\"https:\\\/\\\/secure.gravatar.com\\\/avatar\\\/6ddceb80eb734354635539e0ea5140bb7c41e42de7c45c9a2ab9921b5d5c9a83?s=96&d=mm&r=g\",\"url\":\"https:\\\/\\\/secure.gravatar.com\\\/avatar\\\/6ddceb80eb734354635539e0ea5140bb7c41e42de7c45c9a2ab9921b5d5c9a83?s=96&d=mm&r=g\",\"contentUrl\":\"https:\\\/\\\/secure.gravatar.com\\\/avatar\\\/6ddceb80eb734354635539e0ea5140bb7c41e42de7c45c9a2ab9921b5d5c9a83?s=96&d=mm&r=g\",\"caption\":\"Simon Gr\u00f6flin\"},\"url\":\"https:\\\/\\\/news.save.ch\\\/fr\\\/author\\\/simon-groeflin\\\/\"}]}<\/script>\n<!-- \/ Yoast SEO plugin. -->","yoast_head_json":{"title":"Le Swiss Safety Center a une nouvelle cheffe - Save","description":"Le Swiss Safety Center accueille une nouvelle femme \u00e0 sa t\u00eate. Elisabetta Carrea dirigeait d\u00e9j\u00e0 en 2018 le secteur d'activit\u00e9 Expertise Services dans le domaine de la protection incendie, de la s\u00e9curit\u00e9 environnementale, de la s\u00e9curit\u00e9 au travail et de la gestion des risques. L'ancien CEO, Raffael Schubiger, devient pr\u00e9sident du conseil d'administration de l'entreprise.","robots":{"index":"index","follow":"follow","max-snippet":"max-snippet:-1","max-image-preview":"max-image-preview:large","max-video-preview":"max-video-preview:-1"},"canonical":"https:\/\/news.save.ch\/fr\/swiss-safety-center-hat-eine-neue-chefin\/","og_locale":"fr_FR","og_type":"article","og_title":"Das Swiss Safety Center hat eine neue Chefin - Save","og_description":"Das Swiss Safety Center erh\u00e4lt eine neue Frau an der Spitze. Elisabetta Carrea leitete schon 2018 den Gesch\u00e4ftsbereich Expertise Services im Bereich Brandschutz, Umweltsicherheit, Arbeitssicherheit und Risk Management. Der bisherige CEO, Raffael Schubiger, wird Verwaltungsratspr\u00e4sident des Unternehmens.","og_url":"https:\/\/news.save.ch\/fr\/swiss-safety-center-hat-eine-neue-chefin\/","og_site_name":"Save","article_published_time":"2021-01-06T13:36:22+00:00","article_modified_time":"2023-08-15T04:28:48+00:00","og_image":[{"width":731,"height":579,"url":"https:\/\/news.save.ch\/wp-content\/uploads\/2021\/01\/Elisabetta_Carrea_teaser.jpg","type":"image\/jpeg"}],"author":"Simon Gr\u00f6flin","twitter_card":"summary_large_image","twitter_misc":{"\u00c9crit par":"Simon Gr\u00f6flin","Dur\u00e9e de lecture estim\u00e9e":"2 minutes"},"schema":{"@context":"https:\/\/schema.org","@graph":[{"@type":"Article","@id":"https:\/\/news.save.ch\/swiss-safety-center-hat-eine-neue-chefin\/#article","isPartOf":{"@id":"https:\/\/news.save.ch\/swiss-safety-center-hat-eine-neue-chefin\/"},"author":{"name":"Simon Gr\u00f6flin","@id":"https:\/\/news.save.ch\/de\/#\/schema\/person\/ad4ef21102fd6125312409ac57d5296d"},"headline":"Das Swiss Safety Center hat eine neue Chefin","datePublished":"2021-01-06T13:36:22+00:00","dateModified":"2023-08-15T04:28:48+00:00","mainEntityOfPage":{"@id":"https:\/\/news.save.ch\/swiss-safety-center-hat-eine-neue-chefin\/"},"wordCount":162,"publisher":{"@id":"https:\/\/news.save.ch\/de\/#organization"},"image":{"@id":"https:\/\/news.save.ch\/swiss-safety-center-hat-eine-neue-chefin\/#primaryimage"},"thumbnailUrl":"https:\/\/news.save.ch\/wp-content\/uploads\/2021\/01\/Elisabetta_Carrea_teaser.jpg","keywords":["Brandschutz","Elisabetta Carrea","Expertise Services","SVTI","Swiss Safety Center","Verfahrensingenieurin"],"articleSection":["ALLGEMEIN","BRANDSCHUTZ"],"inLanguage":"fr-FR"},{"@type":"WebPage","@id":"https:\/\/news.save.ch\/swiss-safety-center-hat-eine-neue-chefin\/","url":"https:\/\/news.save.ch\/swiss-safety-center-hat-eine-neue-chefin\/","name":"Le Swiss Safety Center a une nouvelle cheffe - Save","isPartOf":{"@id":"https:\/\/news.save.ch\/de\/#website"},"primaryImageOfPage":{"@id":"https:\/\/news.save.ch\/swiss-safety-center-hat-eine-neue-chefin\/#primaryimage"},"image":{"@id":"https:\/\/news.save.ch\/swiss-safety-center-hat-eine-neue-chefin\/#primaryimage"},"thumbnailUrl":"https:\/\/news.save.ch\/wp-content\/uploads\/2021\/01\/Elisabetta_Carrea_teaser.jpg","datePublished":"2021-01-06T13:36:22+00:00","dateModified":"2023-08-15T04:28:48+00:00","description":"Le Swiss Safety Center accueille une nouvelle femme \u00e0 sa t\u00eate. Elisabetta Carrea dirigeait d\u00e9j\u00e0 en 2018 le secteur d'activit\u00e9 Expertise Services dans le domaine de la protection incendie, de la s\u00e9curit\u00e9 environnementale, de la s\u00e9curit\u00e9 au travail et de la gestion des risques. L'ancien CEO, Raffael Schubiger, devient pr\u00e9sident du conseil d'administration de l'entreprise.","breadcrumb":{"@id":"https:\/\/news.save.ch\/swiss-safety-center-hat-eine-neue-chefin\/#breadcrumb"},"inLanguage":"fr-FR","potentialAction":[{"@type":"ReadAction","target":["https:\/\/news.save.ch\/swiss-safety-center-hat-eine-neue-chefin\/"]}]},{"@type":"ImageObject","inLanguage":"fr-FR","@id":"https:\/\/news.save.ch\/swiss-safety-center-hat-eine-neue-chefin\/#primaryimage","url":"https:\/\/news.save.ch\/wp-content\/uploads\/2021\/01\/Elisabetta_Carrea_teaser.jpg","contentUrl":"https:\/\/news.save.ch\/wp-content\/uploads\/2021\/01\/Elisabetta_Carrea_teaser.jpg","width":731,"height":579,"caption":"Elisabetta Carrera ist neuer CEO im Swiss Safety Center"},{"@type":"BreadcrumbList","@id":"https:\/\/news.save.ch\/swiss-safety-center-hat-eine-neue-chefin\/#breadcrumb","itemListElement":[{"@type":"ListItem","position":1,"name":"Home","item":"https:\/\/news.save.ch\/de\/"},{"@type":"ListItem","position":2,"name":"Das Swiss Safety Center hat eine neue Chefin"}]},{"@type":"WebSite","@id":"https:\/\/news.save.ch\/de\/#website","url":"https:\/\/news.save.ch\/de\/","name":"Save","description":"Revue suisse sp\u00e9cialis\u00e9e dans la s\u00e9curit\u00e9","publisher":{"@id":"https:\/\/news.save.ch\/de\/#organization"},"potentialAction":[{"@type":"SearchAction","target":{"@type":"EntryPoint","urlTemplate":"https:\/\/news.save.ch\/de\/?s={search_term_string}"},"query-input":{"@type":"PropertyValueSpecification","valueRequired":true,"valueName":"search_term_string"}}],"inLanguage":"fr-FR"},{"@type":"Organization","@id":"https:\/\/news.save.ch\/de\/#organization","name":"Forum sur la s\u00e9curit\u00e9","url":"https:\/\/news.save.ch\/de\/","logo":{"@type":"ImageObject","inLanguage":"fr-FR","@id":"https:\/\/news.save.ch\/de\/#\/schema\/logo\/image\/","url":"https:\/\/news.save.ch\/wp-content\/uploads\/2022\/06\/Logo_SF_2012.png","contentUrl":"https:\/\/news.save.ch\/wp-content\/uploads\/2022\/06\/Logo_SF_2012.png","width":1100,"height":91,"caption":"Sicherheitsforum"},"image":{"@id":"https:\/\/news.save.ch\/de\/#\/schema\/logo\/image\/"}},{"@type":"Person","@id":"https:\/\/news.save.ch\/de\/#\/schema\/person\/ad4ef21102fd6125312409ac57d5296d","name":"Simon Gr\u00f6flin","image":{"@type":"ImageObject","inLanguage":"fr-FR","@id":"https:\/\/secure.gravatar.com\/avatar\/6ddceb80eb734354635539e0ea5140bb7c41e42de7c45c9a2ab9921b5d5c9a83?s=96&d=mm&r=g","url":"https:\/\/secure.gravatar.com\/avatar\/6ddceb80eb734354635539e0ea5140bb7c41e42de7c45c9a2ab9921b5d5c9a83?s=96&d=mm&r=g","contentUrl":"https:\/\/secure.gravatar.com\/avatar\/6ddceb80eb734354635539e0ea5140bb7c41e42de7c45c9a2ab9921b5d5c9a83?s=96&d=mm&r=g","caption":"Simon Gr\u00f6flin"},"url":"https:\/\/news.save.ch\/fr\/author\/simon-groeflin\/"}]}},"_links":{"self":[{"href":"https:\/\/news.save.ch\/fr\/wp-json\/wp\/v2\/posts\/11183","targetHints":{"allow":["GET"]}}],"collection":[{"href":"https:\/\/news.save.ch\/fr\/wp-json\/wp\/v2\/posts"}],"about":[{"href":"https:\/\/news.save.ch\/fr\/wp-json\/wp\/v2\/types\/post"}],"author":[{"embeddable":true,"href":"https:\/\/news.save.ch\/fr\/wp-json\/wp\/v2\/users\/9"}],"replies":[{"embeddable":true,"href":"https:\/\/news.save.ch\/fr\/wp-json\/wp\/v2\/comments?post=11183"}],"version-history":[{"count":3,"href":"https:\/\/news.save.ch\/fr\/wp-json\/wp\/v2\/posts\/11183\/revisions"}],"predecessor-version":[{"id":21800,"href":"https:\/\/news.save.ch\/fr\/wp-json\/wp\/v2\/posts\/11183\/revisions\/21800"}],"wp:featuredmedia":[{"embeddable":true,"href":"https:\/\/news.save.ch\/fr\/wp-json\/wp\/v2\/media\/11186"}],"wp:attachment":[{"href":"https:\/\/news.save.ch\/fr\/wp-json\/wp\/v2\/media?parent=11183"}],"wp:term":[{"taxonomy":"category","embeddable":true,"href":"https:\/\/news.save.ch\/fr\/wp-json\/wp\/v2\/categories?post=11183"},{"taxonomy":"post_tag","embeddable":true,"href":"https:\/\/news.save.ch\/fr\/wp-json\/wp\/v2\/tags?post=11183"}],"curies":[{"name":"wp","href":"https:\/\/api.w.org\/{rel}","templated":true}]}}