{"id":11542,"date":"2021-02-23T09:40:40","date_gmt":"2021-02-23T08:40:40","guid":{"rendered":"https:\/\/news.save.ch\/?p=11542"},"modified":"2023-08-15T06:19:47","modified_gmt":"2023-08-15T04:19:47","slug":"die-swissbau-geht-2022-neue-wege","status":null,"type":"post","link":"https:\/\/news.save.ch\/fr\/die-swissbau-geht-2022-neue-wege\/","title":{"rendered":"\"Lancement de \"Swissbau City"},"content":{"rendered":"<p><img loading=\"lazy\" decoding=\"async\" class=\"alignnone wp-image-11546 size-full\" src=\"https:\/\/news.save.ch\/wp-content\/uploads\/2021\/02\/Swissbau_Marktplaetze.jpg\" alt=\"Swissbau City\" width=\"1267\" height=\"694\" srcset=\"https:\/\/news.save.ch\/wp-content\/uploads\/2021\/02\/Swissbau_Marktplaetze.jpg 1267w, https:\/\/news.save.ch\/wp-content\/uploads\/2021\/02\/Swissbau_Marktplaetze-375x205.jpg 375w\" sizes=\"auto, (max-width: 1267px) 100vw, 1267px\" \/><br \/>\nSwissbau City<\/p>\n<p>Avec un nouveau concept de salon, Swissbau, le salon phare suisse du secteur de la construction et de l'immobilier, qui se tiendra du 18 au 21 janvier 2022 \u00e0 B\u00e2le, sera enti\u00e8rement remani\u00e9, comme l'indiquent les organisateurs du salon dans un communiqu\u00e9. L'accent sera mis sur de nouvelles places de march\u00e9 qui, avec Swissbau et Swissbau Innovation Lab, doivent faire de Swissbau 2022 une \"Live Experience\". Le concept \"Swissbau City\" est justifi\u00e9 par un besoin d'\u00e9changes plus personnels, la pand\u00e9mie ayant depuis renforc\u00e9 l'isolement.<\/p>\n<h2>Nouveau concept : Swissbau City<\/h2>\n<p>Le salon phare de la Suisse repose depuis toujours sur des bases stables, affirment les organisateurs. D\u00e9sormais, Swissbau se pr\u00e9sentera sous trois formats : \"Messe\", \"Swissbau Focus\" et \"Swissbau Lab\". Dans la nouvelle orientation \"Swissbau City\", la sc\u00e8ne pour les exposants sera r\u00e9am\u00e9nag\u00e9e avec une nouvelle disposition des all\u00e9es avec des \"quartiers\" th\u00e9matiques. Le centre de la halle doit en outre offrir un peu plus d'air pour une \"cohabitation d\u00e9contract\u00e9e\".<\/p>\n<p>Dans chaque hall th\u00e9matique se trouve d\u00e9sormais une place de march\u00e9 centrale permettant d'\u00e9changer des connaissances pratiques entre les participants. Dans un Speakers Corner sur les places de march\u00e9, les exposants peuvent se pr\u00e9senter dans le cadre d'Innovation Ptiches afin de pouvoir montrer des exemples et des solutions \u00e0 un public \u00e9largi.<\/p>\n<p>D\u00e8s l'automne 2020, des possibilit\u00e9s d'interaction suppl\u00e9mentaires seront cr\u00e9\u00e9es sur deux plateformes communautaires en ligne. Swissbau souhaite ainsi s'assurer que le salon Swissbau r\u00e9unisse \u00e0 nouveau les branches entre les salons physiques.<\/p>\n<p><a href=\"https:\/\/www.swissbau.ch\/de-CH\/aktuell\/medienmitteilungen-swissbau\/2021\/02\/www.swissbau.ch\" target=\"_blank\" rel=\"noopener\">www.swissbau.ch,\u00a0<\/a><a href=\"https:\/\/www.swissbau.ch\/de-CH\/aktuell\/medienmitteilungen-swissbau\/2021\/02\/www.swissbauinnovationlab.ch\" target=\"_blank\" rel=\"noopener\">www.swissbauinnovationlab.ch<\/a><\/p>\n<p><strong>Heures d'ouverture de Swissbau 2022<\/strong><\/p>\n<p>Swissbau se d\u00e9roulera d\u00e9sormais sur quatre jours ; du mardi 18 au vendredi 21 janvier 2022 \u00e0 B\u00e2le. Le jeudi 20 janvier 2022, le salon sera ouvert jusqu'\u00e0 20 heures.<\/p>\n<p><em>Source : Swissbau<\/em><\/p>","protected":false},"excerpt":{"rendered":"<p>Swissbau City Mit einem neuen Messekonzept wird die Swissbau, die Schweizer Leitmesse der Bau- und Immobilienwirtschaft, die vom 18. bis 21. Januar 2022 in Basel stattfindet, von Grund auf neu gestaltet, wie es in einer Mitteilung der Messeveranstalter heisst. In den Fokus r\u00fccken neue Marktpl\u00e4tze, die zusammen mit Swissbau und Swissbau Innovation Lab die Swissbau [&hellip;]<\/p>\n","protected":false},"author":9,"featured_media":11546,"comment_status":"closed","ping_status":"closed","sticky":false,"template":"","format":"standard","meta":{"_acf_changed":false,"pgc_sgb_lightbox_settings":"","footnotes":""},"categories":[1,67],"tags":[5003,5742,5741,1111,5743],"class_list":["post-11542","post","type-post","status-publish","format-standard","has-post-thumbnail","hentry","category-allgemein","category-brandschutz","tag-bau-und-immobilienwirtschaft","tag-marktplaetze","tag-messekonzept","tag-swissbau","tag-swissbau-city"],"acf":[],"hkrextid":null,"publication":null,"issue":null,"workflow":null,"startPage":null,"spitzmarke":null,"_posts_by_tag_page_fields":{"widget_title":"","widget_tags":""},"_at_widget":"1","_yoast_wpseo_primary_category":"1","_yoast_wpseo_focuskw_text_input":null,"_yoast_wpseo_opengraph-image":null,"_yoast_wpseo_opengraph-description":null,"_yoast_wpseo_opengraph-title":null,"enclosure":null,"_yoast_wpseo_twitter-title":null,"_yoast_wpseo_twitter-description":null,"_yoast_wpseo_twitter-image":null,"_wp_old_slug":null,"_yoast_wpseo_title":null,"_yoast_wpseo_canonical":null,"yoast_head":"<!-- This site is optimized with the Yoast SEO plugin v27.5 - https:\/\/yoast.com\/product\/yoast-seo-wordpress\/ -->\n<title>\u00abSwissbau City\u00bb lanciert - Save<\/title>\n<meta name=\"description\" content=\"Unter dem Konzept Swissbau Citiy wird die Leitmesse der Bau- und Immobilienwirtschaft von Grund auf neu gestaltet. Im Zentrum stehen die neuen Marktpl\u00e4tze und eine Live-Experience-Plattform.\" \/>\n<meta name=\"robots\" content=\"index, follow, max-snippet:-1, max-image-preview:large, max-video-preview:-1\" \/>\n<link rel=\"canonical\" href=\"https:\/\/news.save.ch\/fr\/die-swissbau-geht-2022-neue-wege\/\" \/>\n<meta property=\"og:locale\" content=\"fr_FR\" \/>\n<meta property=\"og:type\" content=\"article\" \/>\n<meta property=\"og:title\" content=\"\u00abSwissbau City\u00bb lanciert - Save\" \/>\n<meta property=\"og:description\" content=\"Unter dem Konzept Swissbau Citiy wird die Leitmesse der Bau- und Immobilienwirtschaft von Grund auf neu gestaltet. Im Zentrum stehen die neuen Marktpl\u00e4tze und eine Live-Experience-Plattform.\" \/>\n<meta property=\"og:url\" content=\"https:\/\/news.save.ch\/fr\/die-swissbau-geht-2022-neue-wege\/\" \/>\n<meta property=\"og:site_name\" content=\"Save\" \/>\n<meta property=\"article:published_time\" content=\"2021-02-23T08:40:40+00:00\" \/>\n<meta property=\"article:modified_time\" content=\"2023-08-15T04:19:47+00:00\" \/>\n<meta property=\"og:image\" content=\"https:\/\/news.save.ch\/wp-content\/uploads\/2021\/02\/Swissbau_Marktplaetze.jpg\" \/>\n\t<meta property=\"og:image:width\" content=\"1267\" \/>\n\t<meta property=\"og:image:height\" content=\"694\" \/>\n\t<meta property=\"og:image:type\" content=\"image\/jpeg\" \/>\n<meta name=\"author\" content=\"Simon Gr\u00f6flin\" \/>\n<meta name=\"twitter:card\" content=\"summary_large_image\" \/>\n<meta name=\"twitter:label1\" content=\"\u00c9crit par\" \/>\n\t<meta name=\"twitter:data1\" content=\"Simon Gr\u00f6flin\" \/>\n\t<meta name=\"twitter:label2\" content=\"Dur\u00e9e de lecture estim\u00e9e\" \/>\n\t<meta name=\"twitter:data2\" content=\"2 minutes\" \/>\n<script type=\"application\/ld+json\" class=\"yoast-schema-graph\">{\"@context\":\"https:\\\/\\\/schema.org\",\"@graph\":[{\"@type\":\"Article\",\"@id\":\"https:\\\/\\\/news.save.ch\\\/die-swissbau-geht-2022-neue-wege\\\/#article\",\"isPartOf\":{\"@id\":\"https:\\\/\\\/news.save.ch\\\/die-swissbau-geht-2022-neue-wege\\\/\"},\"author\":{\"name\":\"Simon Gr\u00f6flin\",\"@id\":\"https:\\\/\\\/news.save.ch\\\/de\\\/#\\\/schema\\\/person\\\/ad4ef21102fd6125312409ac57d5296d\"},\"headline\":\"\u00abSwissbau City\u00bb lanciert\",\"datePublished\":\"2021-02-23T08:40:40+00:00\",\"dateModified\":\"2023-08-15T04:19:47+00:00\",\"mainEntityOfPage\":{\"@id\":\"https:\\\/\\\/news.save.ch\\\/die-swissbau-geht-2022-neue-wege\\\/\"},\"wordCount\":274,\"publisher\":{\"@id\":\"https:\\\/\\\/news.save.ch\\\/de\\\/#organization\"},\"image\":{\"@id\":\"https:\\\/\\\/news.save.ch\\\/die-swissbau-geht-2022-neue-wege\\\/#primaryimage\"},\"thumbnailUrl\":\"https:\\\/\\\/news.save.ch\\\/wp-content\\\/uploads\\\/2021\\\/02\\\/Swissbau_Marktplaetze.jpg\",\"keywords\":[\"Bau- und Immobilienwirtschaft\",\"Marktpl\u00e4tze\",\"Messekonzept\",\"Swissbau\",\"Swissbau City\"],\"articleSection\":[\"ALLGEMEIN\",\"BRANDSCHUTZ\"],\"inLanguage\":\"fr-FR\"},{\"@type\":\"WebPage\",\"@id\":\"https:\\\/\\\/news.save.ch\\\/die-swissbau-geht-2022-neue-wege\\\/\",\"url\":\"https:\\\/\\\/news.save.ch\\\/die-swissbau-geht-2022-neue-wege\\\/\",\"name\":\"\u00abSwissbau City\u00bb lanciert - Save\",\"isPartOf\":{\"@id\":\"https:\\\/\\\/news.save.ch\\\/de\\\/#website\"},\"primaryImageOfPage\":{\"@id\":\"https:\\\/\\\/news.save.ch\\\/die-swissbau-geht-2022-neue-wege\\\/#primaryimage\"},\"image\":{\"@id\":\"https:\\\/\\\/news.save.ch\\\/die-swissbau-geht-2022-neue-wege\\\/#primaryimage\"},\"thumbnailUrl\":\"https:\\\/\\\/news.save.ch\\\/wp-content\\\/uploads\\\/2021\\\/02\\\/Swissbau_Marktplaetze.jpg\",\"datePublished\":\"2021-02-23T08:40:40+00:00\",\"dateModified\":\"2023-08-15T04:19:47+00:00\",\"description\":\"Unter dem Konzept Swissbau Citiy wird die Leitmesse der Bau- und Immobilienwirtschaft von Grund auf neu gestaltet. Im Zentrum stehen die neuen Marktpl\u00e4tze und eine Live-Experience-Plattform.\",\"breadcrumb\":{\"@id\":\"https:\\\/\\\/news.save.ch\\\/die-swissbau-geht-2022-neue-wege\\\/#breadcrumb\"},\"inLanguage\":\"fr-FR\",\"potentialAction\":[{\"@type\":\"ReadAction\",\"target\":[\"https:\\\/\\\/news.save.ch\\\/die-swissbau-geht-2022-neue-wege\\\/\"]}]},{\"@type\":\"ImageObject\",\"inLanguage\":\"fr-FR\",\"@id\":\"https:\\\/\\\/news.save.ch\\\/die-swissbau-geht-2022-neue-wege\\\/#primaryimage\",\"url\":\"https:\\\/\\\/news.save.ch\\\/wp-content\\\/uploads\\\/2021\\\/02\\\/Swissbau_Marktplaetze.jpg\",\"contentUrl\":\"https:\\\/\\\/news.save.ch\\\/wp-content\\\/uploads\\\/2021\\\/02\\\/Swissbau_Marktplaetze.jpg\",\"width\":1267,\"height\":694,\"caption\":\"Swissbau\"},{\"@type\":\"BreadcrumbList\",\"@id\":\"https:\\\/\\\/news.save.ch\\\/die-swissbau-geht-2022-neue-wege\\\/#breadcrumb\",\"itemListElement\":[{\"@type\":\"ListItem\",\"position\":1,\"name\":\"Home\",\"item\":\"https:\\\/\\\/news.save.ch\\\/de\\\/\"},{\"@type\":\"ListItem\",\"position\":2,\"name\":\"\u00abSwissbau City\u00bb lanciert\"}]},{\"@type\":\"WebSite\",\"@id\":\"https:\\\/\\\/news.save.ch\\\/de\\\/#website\",\"url\":\"https:\\\/\\\/news.save.ch\\\/de\\\/\",\"name\":\"Save\",\"description\":\"Schweizer Fachzeitschrift f\u00fcr Sicherheit\",\"publisher\":{\"@id\":\"https:\\\/\\\/news.save.ch\\\/de\\\/#organization\"},\"potentialAction\":[{\"@type\":\"SearchAction\",\"target\":{\"@type\":\"EntryPoint\",\"urlTemplate\":\"https:\\\/\\\/news.save.ch\\\/de\\\/?s={search_term_string}\"},\"query-input\":{\"@type\":\"PropertyValueSpecification\",\"valueRequired\":true,\"valueName\":\"search_term_string\"}}],\"inLanguage\":\"fr-FR\"},{\"@type\":\"Organization\",\"@id\":\"https:\\\/\\\/news.save.ch\\\/de\\\/#organization\",\"name\":\"Sicherheitsforum\",\"url\":\"https:\\\/\\\/news.save.ch\\\/de\\\/\",\"logo\":{\"@type\":\"ImageObject\",\"inLanguage\":\"fr-FR\",\"@id\":\"https:\\\/\\\/news.save.ch\\\/de\\\/#\\\/schema\\\/logo\\\/image\\\/\",\"url\":\"https:\\\/\\\/news.save.ch\\\/wp-content\\\/uploads\\\/2022\\\/06\\\/Logo_SF_2012.png\",\"contentUrl\":\"https:\\\/\\\/news.save.ch\\\/wp-content\\\/uploads\\\/2022\\\/06\\\/Logo_SF_2012.png\",\"width\":1100,\"height\":91,\"caption\":\"Sicherheitsforum\"},\"image\":{\"@id\":\"https:\\\/\\\/news.save.ch\\\/de\\\/#\\\/schema\\\/logo\\\/image\\\/\"}},{\"@type\":\"Person\",\"@id\":\"https:\\\/\\\/news.save.ch\\\/de\\\/#\\\/schema\\\/person\\\/ad4ef21102fd6125312409ac57d5296d\",\"name\":\"Simon Gr\u00f6flin\",\"image\":{\"@type\":\"ImageObject\",\"inLanguage\":\"fr-FR\",\"@id\":\"https:\\\/\\\/secure.gravatar.com\\\/avatar\\\/6ddceb80eb734354635539e0ea5140bb7c41e42de7c45c9a2ab9921b5d5c9a83?s=96&d=mm&r=g\",\"url\":\"https:\\\/\\\/secure.gravatar.com\\\/avatar\\\/6ddceb80eb734354635539e0ea5140bb7c41e42de7c45c9a2ab9921b5d5c9a83?s=96&d=mm&r=g\",\"contentUrl\":\"https:\\\/\\\/secure.gravatar.com\\\/avatar\\\/6ddceb80eb734354635539e0ea5140bb7c41e42de7c45c9a2ab9921b5d5c9a83?s=96&d=mm&r=g\",\"caption\":\"Simon Gr\u00f6flin\"},\"url\":\"https:\\\/\\\/news.save.ch\\\/fr\\\/author\\\/simon-groeflin\\\/\"}]}<\/script>\n<!-- \/ Yoast SEO plugin. -->","yoast_head_json":{"title":"Lancement de \"Swissbau City\" - Save","description":"Sous le concept Swissbau Citiy, le salon phare du secteur de la construction et de l'immobilier sera enti\u00e8rement r\u00e9organis\u00e9. Les nouvelles places de march\u00e9 et une plateforme d'exp\u00e9riences en direct sont au c\u0153ur de ce changement.","robots":{"index":"index","follow":"follow","max-snippet":"max-snippet:-1","max-image-preview":"max-image-preview:large","max-video-preview":"max-video-preview:-1"},"canonical":"https:\/\/news.save.ch\/fr\/die-swissbau-geht-2022-neue-wege\/","og_locale":"fr_FR","og_type":"article","og_title":"\u00abSwissbau City\u00bb lanciert - Save","og_description":"Unter dem Konzept Swissbau Citiy wird die Leitmesse der Bau- und Immobilienwirtschaft von Grund auf neu gestaltet. Im Zentrum stehen die neuen Marktpl\u00e4tze und eine Live-Experience-Plattform.","og_url":"https:\/\/news.save.ch\/fr\/die-swissbau-geht-2022-neue-wege\/","og_site_name":"Save","article_published_time":"2021-02-23T08:40:40+00:00","article_modified_time":"2023-08-15T04:19:47+00:00","og_image":[{"width":1267,"height":694,"url":"https:\/\/news.save.ch\/wp-content\/uploads\/2021\/02\/Swissbau_Marktplaetze.jpg","type":"image\/jpeg"}],"author":"Simon Gr\u00f6flin","twitter_card":"summary_large_image","twitter_misc":{"\u00c9crit par":"Simon Gr\u00f6flin","Dur\u00e9e de lecture estim\u00e9e":"2 minutes"},"schema":{"@context":"https:\/\/schema.org","@graph":[{"@type":"Article","@id":"https:\/\/news.save.ch\/die-swissbau-geht-2022-neue-wege\/#article","isPartOf":{"@id":"https:\/\/news.save.ch\/die-swissbau-geht-2022-neue-wege\/"},"author":{"name":"Simon Gr\u00f6flin","@id":"https:\/\/news.save.ch\/de\/#\/schema\/person\/ad4ef21102fd6125312409ac57d5296d"},"headline":"\u00abSwissbau City\u00bb lanciert","datePublished":"2021-02-23T08:40:40+00:00","dateModified":"2023-08-15T04:19:47+00:00","mainEntityOfPage":{"@id":"https:\/\/news.save.ch\/die-swissbau-geht-2022-neue-wege\/"},"wordCount":274,"publisher":{"@id":"https:\/\/news.save.ch\/de\/#organization"},"image":{"@id":"https:\/\/news.save.ch\/die-swissbau-geht-2022-neue-wege\/#primaryimage"},"thumbnailUrl":"https:\/\/news.save.ch\/wp-content\/uploads\/2021\/02\/Swissbau_Marktplaetze.jpg","keywords":["Bau- und Immobilienwirtschaft","Marktpl\u00e4tze","Messekonzept","Swissbau","Swissbau City"],"articleSection":["ALLGEMEIN","BRANDSCHUTZ"],"inLanguage":"fr-FR"},{"@type":"WebPage","@id":"https:\/\/news.save.ch\/die-swissbau-geht-2022-neue-wege\/","url":"https:\/\/news.save.ch\/die-swissbau-geht-2022-neue-wege\/","name":"Lancement de \"Swissbau City\" - Save","isPartOf":{"@id":"https:\/\/news.save.ch\/de\/#website"},"primaryImageOfPage":{"@id":"https:\/\/news.save.ch\/die-swissbau-geht-2022-neue-wege\/#primaryimage"},"image":{"@id":"https:\/\/news.save.ch\/die-swissbau-geht-2022-neue-wege\/#primaryimage"},"thumbnailUrl":"https:\/\/news.save.ch\/wp-content\/uploads\/2021\/02\/Swissbau_Marktplaetze.jpg","datePublished":"2021-02-23T08:40:40+00:00","dateModified":"2023-08-15T04:19:47+00:00","description":"Sous le concept Swissbau Citiy, le salon phare du secteur de la construction et de l'immobilier sera enti\u00e8rement r\u00e9organis\u00e9. Les nouvelles places de march\u00e9 et une plateforme d'exp\u00e9riences en direct sont au c\u0153ur de ce changement.","breadcrumb":{"@id":"https:\/\/news.save.ch\/die-swissbau-geht-2022-neue-wege\/#breadcrumb"},"inLanguage":"fr-FR","potentialAction":[{"@type":"ReadAction","target":["https:\/\/news.save.ch\/die-swissbau-geht-2022-neue-wege\/"]}]},{"@type":"ImageObject","inLanguage":"fr-FR","@id":"https:\/\/news.save.ch\/die-swissbau-geht-2022-neue-wege\/#primaryimage","url":"https:\/\/news.save.ch\/wp-content\/uploads\/2021\/02\/Swissbau_Marktplaetze.jpg","contentUrl":"https:\/\/news.save.ch\/wp-content\/uploads\/2021\/02\/Swissbau_Marktplaetze.jpg","width":1267,"height":694,"caption":"Swissbau"},{"@type":"BreadcrumbList","@id":"https:\/\/news.save.ch\/die-swissbau-geht-2022-neue-wege\/#breadcrumb","itemListElement":[{"@type":"ListItem","position":1,"name":"Home","item":"https:\/\/news.save.ch\/de\/"},{"@type":"ListItem","position":2,"name":"\u00abSwissbau City\u00bb lanciert"}]},{"@type":"WebSite","@id":"https:\/\/news.save.ch\/de\/#website","url":"https:\/\/news.save.ch\/de\/","name":"Save","description":"Revue suisse sp\u00e9cialis\u00e9e dans la s\u00e9curit\u00e9","publisher":{"@id":"https:\/\/news.save.ch\/de\/#organization"},"potentialAction":[{"@type":"SearchAction","target":{"@type":"EntryPoint","urlTemplate":"https:\/\/news.save.ch\/de\/?s={search_term_string}"},"query-input":{"@type":"PropertyValueSpecification","valueRequired":true,"valueName":"search_term_string"}}],"inLanguage":"fr-FR"},{"@type":"Organization","@id":"https:\/\/news.save.ch\/de\/#organization","name":"Forum sur la s\u00e9curit\u00e9","url":"https:\/\/news.save.ch\/de\/","logo":{"@type":"ImageObject","inLanguage":"fr-FR","@id":"https:\/\/news.save.ch\/de\/#\/schema\/logo\/image\/","url":"https:\/\/news.save.ch\/wp-content\/uploads\/2022\/06\/Logo_SF_2012.png","contentUrl":"https:\/\/news.save.ch\/wp-content\/uploads\/2022\/06\/Logo_SF_2012.png","width":1100,"height":91,"caption":"Sicherheitsforum"},"image":{"@id":"https:\/\/news.save.ch\/de\/#\/schema\/logo\/image\/"}},{"@type":"Person","@id":"https:\/\/news.save.ch\/de\/#\/schema\/person\/ad4ef21102fd6125312409ac57d5296d","name":"Simon Gr\u00f6flin","image":{"@type":"ImageObject","inLanguage":"fr-FR","@id":"https:\/\/secure.gravatar.com\/avatar\/6ddceb80eb734354635539e0ea5140bb7c41e42de7c45c9a2ab9921b5d5c9a83?s=96&d=mm&r=g","url":"https:\/\/secure.gravatar.com\/avatar\/6ddceb80eb734354635539e0ea5140bb7c41e42de7c45c9a2ab9921b5d5c9a83?s=96&d=mm&r=g","contentUrl":"https:\/\/secure.gravatar.com\/avatar\/6ddceb80eb734354635539e0ea5140bb7c41e42de7c45c9a2ab9921b5d5c9a83?s=96&d=mm&r=g","caption":"Simon Gr\u00f6flin"},"url":"https:\/\/news.save.ch\/fr\/author\/simon-groeflin\/"}]}},"_links":{"self":[{"href":"https:\/\/news.save.ch\/fr\/wp-json\/wp\/v2\/posts\/11542","targetHints":{"allow":["GET"]}}],"collection":[{"href":"https:\/\/news.save.ch\/fr\/wp-json\/wp\/v2\/posts"}],"about":[{"href":"https:\/\/news.save.ch\/fr\/wp-json\/wp\/v2\/types\/post"}],"author":[{"embeddable":true,"href":"https:\/\/news.save.ch\/fr\/wp-json\/wp\/v2\/users\/9"}],"replies":[{"embeddable":true,"href":"https:\/\/news.save.ch\/fr\/wp-json\/wp\/v2\/comments?post=11542"}],"version-history":[{"count":2,"href":"https:\/\/news.save.ch\/fr\/wp-json\/wp\/v2\/posts\/11542\/revisions"}],"predecessor-version":[{"id":21797,"href":"https:\/\/news.save.ch\/fr\/wp-json\/wp\/v2\/posts\/11542\/revisions\/21797"}],"wp:featuredmedia":[{"embeddable":true,"href":"https:\/\/news.save.ch\/fr\/wp-json\/wp\/v2\/media\/11546"}],"wp:attachment":[{"href":"https:\/\/news.save.ch\/fr\/wp-json\/wp\/v2\/media?parent=11542"}],"wp:term":[{"taxonomy":"category","embeddable":true,"href":"https:\/\/news.save.ch\/fr\/wp-json\/wp\/v2\/categories?post=11542"},{"taxonomy":"post_tag","embeddable":true,"href":"https:\/\/news.save.ch\/fr\/wp-json\/wp\/v2\/tags?post=11542"}],"curies":[{"name":"wp","href":"https:\/\/api.w.org\/{rel}","templated":true}]}}