{"id":11685,"date":"2021-03-12T08:36:06","date_gmt":"2021-03-12T07:36:06","guid":{"rendered":"https:\/\/news.save.ch\/?p=11685"},"modified":"2023-07-21T05:10:18","modified_gmt":"2023-07-21T03:10:18","slug":"berner-kapo-schutz-stefan-blaettler-wird-leiter-des-polizei-instituts-in-neuenburg","status":null,"type":"post","link":"https:\/\/news.save.ch\/fr\/berner-kapo-schutz-stefan-blaettler-wird-leiter-des-polizei-instituts-in-neuenburg\/","title":{"rendered":"Protection de la police bernoise Stefan Bl\u00e4ttler est nomm\u00e9 directeur de l'Institut de police de Neuch\u00e2tel"},"content":{"rendered":"<figure id=\"attachment_11687\" aria-describedby=\"caption-attachment-11687\" style=\"width: 1400px\" class=\"wp-caption alignnone\"><img loading=\"lazy\" decoding=\"async\" class=\"wp-image-11687 size-full\" src=\"https:\/\/news.save.ch\/wp-content\/uploads\/2021\/03\/Blaettler-scaled.jpg\" alt=\"Police\" width=\"1400\" height=\"1049\" srcset=\"https:\/\/news.save.ch\/wp-content\/uploads\/2021\/03\/Blaettler-scaled.jpg 1400w, https:\/\/news.save.ch\/wp-content\/uploads\/2021\/03\/Blaettler-375x281.jpg 375w\" sizes=\"auto, (max-width: 1400px) 100vw, 1400px\" \/><figcaption id=\"caption-attachment-11687\" class=\"wp-caption-text\">zVg<\/figcaption><\/figure>\n<p>Le commandant de la police cantonale bernoise, Stefan Bl\u00e4ttler, prendra la direction de l'Institut suisse de police (ISP) \u00e0 Neuch\u00e2tel \u00e0 partir du 1er janvier 2022. Il y succ\u00e8de au directeur Reto Habermacher, d\u00e9c\u00e9d\u00e9 en janvier dernier. Reto Habermacher, l'ancien directeur de l'ISP, \u00e9tait d\u00e9c\u00e9d\u00e9 de mani\u00e8re inattendue et soudaine le 8 janvier.<\/p>\n<p>Stefan Bl\u00e4ttler dispose d'un r\u00e9seau international et a \u00e9tudi\u00e9 \u00e0 la Facult\u00e9 de droit de l'Universit\u00e9 de Neuch\u00e2tel o\u00f9 il a obtenu un doctorat en droit en 1987. Sa carri\u00e8re professionnelle l'a men\u00e9 de Neuch\u00e2tel, o\u00f9 il \u00e9tait assistant \u00e0 la chaire de droit p\u00e9nal, \u00e0 la police cantonale bernoise, qu'il dirige depuis le 1er ao\u00fbt 2006, en passant par le secteur bancaire genevois en 1989. Depuis 1990, il est en outre charg\u00e9 de cours et directeur de cours \u00e0 l'ISP et a \u00e9galement dirig\u00e9 la Conf\u00e9rence des commandants de police cantonaux de 2014 \u00e0 2020.<\/p>\n<p><em>Source : communiqu\u00e9 de presse<\/em><\/p>\n<p>&nbsp;<\/p>","protected":false},"excerpt":{"rendered":"<p>Der Kommandant der Berner Kantonspolizei, Stefan Bl\u00e4ttler, \u00fcbernimmt ab 1. Januar 2022 die Leitung des Schweizerischen Polizei-Institutes (SPI) in Neuenburg. Dort tritt er die Nachfolge des im Januar verstorbenen Direktors Reto Habermacher an.\u00a0Reto Habermacher, der bisherige Direktor des SPI, war am 8. Januar unerwartet und pl\u00f6tzlich verstorben. Stefan Bl\u00e4ttler verf\u00fcgt \u00fcber ein internationales Netzwerk und [&hellip;]<\/p>\n","protected":false},"author":9,"featured_media":11687,"comment_status":"closed","ping_status":"closed","sticky":false,"template":"","format":"standard","meta":{"_acf_changed":false,"pgc_sgb_lightbox_settings":"","footnotes":""},"categories":[1],"tags":[5684,1506,366,5683,5682,1066],"class_list":["post-11685","post","type-post","status-publish","format-standard","has-post-thumbnail","hentry","category-allgemein","tag-kantonspolizei-bern","tag-neuenburg","tag-polizei","tag-reto-habermacher","tag-schweizerisches-polizei-institut","tag-stefan-blaettler"],"acf":[],"hkrextid":null,"publication":null,"issue":null,"workflow":null,"startPage":null,"spitzmarke":null,"_posts_by_tag_page_fields":{"widget_title":"","widget_tags":""},"_at_widget":"1","_yoast_wpseo_primary_category":"","_yoast_wpseo_focuskw_text_input":null,"_yoast_wpseo_opengraph-image":null,"_yoast_wpseo_opengraph-description":null,"_yoast_wpseo_opengraph-title":null,"enclosure":null,"_yoast_wpseo_twitter-title":null,"_yoast_wpseo_twitter-description":null,"_yoast_wpseo_twitter-image":null,"_wp_old_slug":null,"_yoast_wpseo_title":null,"_yoast_wpseo_canonical":null,"yoast_head":"<!-- This site is optimized with the Yoast SEO plugin v27.4 - https:\/\/yoast.com\/product\/yoast-seo-wordpress\/ -->\n<title>Berner Kapo-Schutz Stefan Bl\u00e4ttler wird Leiter des Polizei-Instituts in Neuenburg - Save<\/title>\n<meta name=\"description\" content=\"Stefan Bl\u00e4ttler wurde zum neuen Direktor des Schweizerischen Polizei-Instituts ernannt. Er wird sein Amt per 1. Januar 2022 antreten und \u00fcbernimmt die Nachfolge von Reto Habermacher.\" \/>\n<meta name=\"robots\" content=\"index, follow, max-snippet:-1, max-image-preview:large, max-video-preview:-1\" \/>\n<link rel=\"canonical\" href=\"https:\/\/news.save.ch\/fr\/berner-kapo-schutz-stefan-blaettler-wird-leiter-des-polizei-instituts-in-neuenburg\/\" \/>\n<meta property=\"og:locale\" content=\"fr_FR\" \/>\n<meta property=\"og:type\" content=\"article\" \/>\n<meta property=\"og:title\" content=\"Berner Kapo-Schutz Stefan Bl\u00e4ttler wird Leiter des Polizei-Instituts in Neuenburg - Save\" \/>\n<meta property=\"og:description\" content=\"Stefan Bl\u00e4ttler wurde zum neuen Direktor des Schweizerischen Polizei-Instituts ernannt. Er wird sein Amt per 1. Januar 2022 antreten und \u00fcbernimmt die Nachfolge von Reto Habermacher.\" \/>\n<meta property=\"og:url\" content=\"https:\/\/news.save.ch\/fr\/berner-kapo-schutz-stefan-blaettler-wird-leiter-des-polizei-instituts-in-neuenburg\/\" \/>\n<meta property=\"og:site_name\" content=\"Save\" \/>\n<meta property=\"article:published_time\" content=\"2021-03-12T07:36:06+00:00\" \/>\n<meta property=\"article:modified_time\" content=\"2023-07-21T03:10:18+00:00\" \/>\n<meta property=\"og:image\" content=\"https:\/\/news.save.ch\/wp-content\/uploads\/2021\/03\/Blaettler-scaled.jpg\" \/>\n\t<meta property=\"og:image:width\" content=\"1400\" \/>\n\t<meta property=\"og:image:height\" content=\"1049\" \/>\n\t<meta property=\"og:image:type\" content=\"image\/jpeg\" \/>\n<meta name=\"author\" content=\"Simon Gr\u00f6flin\" \/>\n<meta name=\"twitter:card\" content=\"summary_large_image\" \/>\n<meta name=\"twitter:label1\" content=\"\u00c9crit par\" \/>\n\t<meta name=\"twitter:data1\" content=\"Simon Gr\u00f6flin\" \/>\n\t<meta name=\"twitter:label2\" content=\"Dur\u00e9e de lecture estim\u00e9e\" \/>\n\t<meta name=\"twitter:data2\" content=\"1 minute\" \/>\n<script type=\"application\/ld+json\" class=\"yoast-schema-graph\">{\"@context\":\"https:\\\/\\\/schema.org\",\"@graph\":[{\"@type\":\"Article\",\"@id\":\"https:\\\/\\\/news.save.ch\\\/berner-kapo-schutz-stefan-blaettler-wird-leiter-des-polizei-instituts-in-neuenburg\\\/#article\",\"isPartOf\":{\"@id\":\"https:\\\/\\\/news.save.ch\\\/berner-kapo-schutz-stefan-blaettler-wird-leiter-des-polizei-instituts-in-neuenburg\\\/\"},\"author\":{\"name\":\"Simon Gr\u00f6flin\",\"@id\":\"https:\\\/\\\/news.save.ch\\\/de\\\/#\\\/schema\\\/person\\\/ad4ef21102fd6125312409ac57d5296d\"},\"headline\":\"Berner Kapo-Schutz Stefan Bl\u00e4ttler wird Leiter des Polizei-Instituts in Neuenburg\",\"datePublished\":\"2021-03-12T07:36:06+00:00\",\"dateModified\":\"2023-07-21T03:10:18+00:00\",\"mainEntityOfPage\":{\"@id\":\"https:\\\/\\\/news.save.ch\\\/berner-kapo-schutz-stefan-blaettler-wird-leiter-des-polizei-instituts-in-neuenburg\\\/\"},\"wordCount\":144,\"publisher\":{\"@id\":\"https:\\\/\\\/news.save.ch\\\/de\\\/#organization\"},\"image\":{\"@id\":\"https:\\\/\\\/news.save.ch\\\/berner-kapo-schutz-stefan-blaettler-wird-leiter-des-polizei-instituts-in-neuenburg\\\/#primaryimage\"},\"thumbnailUrl\":\"https:\\\/\\\/news.save.ch\\\/wp-content\\\/uploads\\\/2021\\\/03\\\/Blaettler-scaled.jpg\",\"keywords\":[\"Kantonspolizei Bern\",\"Neuenburg\",\"Polizei\",\"Reto Habermacher\",\"Schweizerisches Polizei-Institut\",\"Stefan Bl\u00e4ttler\"],\"articleSection\":[\"ALLGEMEIN\"],\"inLanguage\":\"fr-FR\"},{\"@type\":\"WebPage\",\"@id\":\"https:\\\/\\\/news.save.ch\\\/berner-kapo-schutz-stefan-blaettler-wird-leiter-des-polizei-instituts-in-neuenburg\\\/\",\"url\":\"https:\\\/\\\/news.save.ch\\\/berner-kapo-schutz-stefan-blaettler-wird-leiter-des-polizei-instituts-in-neuenburg\\\/\",\"name\":\"Berner Kapo-Schutz Stefan Bl\u00e4ttler wird Leiter des Polizei-Instituts in Neuenburg - Save\",\"isPartOf\":{\"@id\":\"https:\\\/\\\/news.save.ch\\\/de\\\/#website\"},\"primaryImageOfPage\":{\"@id\":\"https:\\\/\\\/news.save.ch\\\/berner-kapo-schutz-stefan-blaettler-wird-leiter-des-polizei-instituts-in-neuenburg\\\/#primaryimage\"},\"image\":{\"@id\":\"https:\\\/\\\/news.save.ch\\\/berner-kapo-schutz-stefan-blaettler-wird-leiter-des-polizei-instituts-in-neuenburg\\\/#primaryimage\"},\"thumbnailUrl\":\"https:\\\/\\\/news.save.ch\\\/wp-content\\\/uploads\\\/2021\\\/03\\\/Blaettler-scaled.jpg\",\"datePublished\":\"2021-03-12T07:36:06+00:00\",\"dateModified\":\"2023-07-21T03:10:18+00:00\",\"description\":\"Stefan Bl\u00e4ttler wurde zum neuen Direktor des Schweizerischen Polizei-Instituts ernannt. Er wird sein Amt per 1. Januar 2022 antreten und \u00fcbernimmt die Nachfolge von Reto Habermacher.\",\"breadcrumb\":{\"@id\":\"https:\\\/\\\/news.save.ch\\\/berner-kapo-schutz-stefan-blaettler-wird-leiter-des-polizei-instituts-in-neuenburg\\\/#breadcrumb\"},\"inLanguage\":\"fr-FR\",\"potentialAction\":[{\"@type\":\"ReadAction\",\"target\":[\"https:\\\/\\\/news.save.ch\\\/berner-kapo-schutz-stefan-blaettler-wird-leiter-des-polizei-instituts-in-neuenburg\\\/\"]}]},{\"@type\":\"ImageObject\",\"inLanguage\":\"fr-FR\",\"@id\":\"https:\\\/\\\/news.save.ch\\\/berner-kapo-schutz-stefan-blaettler-wird-leiter-des-polizei-instituts-in-neuenburg\\\/#primaryimage\",\"url\":\"https:\\\/\\\/news.save.ch\\\/wp-content\\\/uploads\\\/2021\\\/03\\\/Blaettler-scaled.jpg\",\"contentUrl\":\"https:\\\/\\\/news.save.ch\\\/wp-content\\\/uploads\\\/2021\\\/03\\\/Blaettler-scaled.jpg\",\"width\":1400,\"height\":1049,\"caption\":\"zVg\"},{\"@type\":\"BreadcrumbList\",\"@id\":\"https:\\\/\\\/news.save.ch\\\/berner-kapo-schutz-stefan-blaettler-wird-leiter-des-polizei-instituts-in-neuenburg\\\/#breadcrumb\",\"itemListElement\":[{\"@type\":\"ListItem\",\"position\":1,\"name\":\"Home\",\"item\":\"https:\\\/\\\/news.save.ch\\\/de\\\/\"},{\"@type\":\"ListItem\",\"position\":2,\"name\":\"Berner Kapo-Schutz Stefan Bl\u00e4ttler wird Leiter des Polizei-Instituts in Neuenburg\"}]},{\"@type\":\"WebSite\",\"@id\":\"https:\\\/\\\/news.save.ch\\\/de\\\/#website\",\"url\":\"https:\\\/\\\/news.save.ch\\\/de\\\/\",\"name\":\"Save\",\"description\":\"Schweizer Fachzeitschrift f\u00fcr Sicherheit\",\"publisher\":{\"@id\":\"https:\\\/\\\/news.save.ch\\\/de\\\/#organization\"},\"potentialAction\":[{\"@type\":\"SearchAction\",\"target\":{\"@type\":\"EntryPoint\",\"urlTemplate\":\"https:\\\/\\\/news.save.ch\\\/de\\\/?s={search_term_string}\"},\"query-input\":{\"@type\":\"PropertyValueSpecification\",\"valueRequired\":true,\"valueName\":\"search_term_string\"}}],\"inLanguage\":\"fr-FR\"},{\"@type\":\"Organization\",\"@id\":\"https:\\\/\\\/news.save.ch\\\/de\\\/#organization\",\"name\":\"Sicherheitsforum\",\"url\":\"https:\\\/\\\/news.save.ch\\\/de\\\/\",\"logo\":{\"@type\":\"ImageObject\",\"inLanguage\":\"fr-FR\",\"@id\":\"https:\\\/\\\/news.save.ch\\\/de\\\/#\\\/schema\\\/logo\\\/image\\\/\",\"url\":\"https:\\\/\\\/news.save.ch\\\/wp-content\\\/uploads\\\/2022\\\/06\\\/Logo_SF_2012.png\",\"contentUrl\":\"https:\\\/\\\/news.save.ch\\\/wp-content\\\/uploads\\\/2022\\\/06\\\/Logo_SF_2012.png\",\"width\":1100,\"height\":91,\"caption\":\"Sicherheitsforum\"},\"image\":{\"@id\":\"https:\\\/\\\/news.save.ch\\\/de\\\/#\\\/schema\\\/logo\\\/image\\\/\"}},{\"@type\":\"Person\",\"@id\":\"https:\\\/\\\/news.save.ch\\\/de\\\/#\\\/schema\\\/person\\\/ad4ef21102fd6125312409ac57d5296d\",\"name\":\"Simon Gr\u00f6flin\",\"image\":{\"@type\":\"ImageObject\",\"inLanguage\":\"fr-FR\",\"@id\":\"https:\\\/\\\/secure.gravatar.com\\\/avatar\\\/6ddceb80eb734354635539e0ea5140bb7c41e42de7c45c9a2ab9921b5d5c9a83?s=96&d=mm&r=g\",\"url\":\"https:\\\/\\\/secure.gravatar.com\\\/avatar\\\/6ddceb80eb734354635539e0ea5140bb7c41e42de7c45c9a2ab9921b5d5c9a83?s=96&d=mm&r=g\",\"contentUrl\":\"https:\\\/\\\/secure.gravatar.com\\\/avatar\\\/6ddceb80eb734354635539e0ea5140bb7c41e42de7c45c9a2ab9921b5d5c9a83?s=96&d=mm&r=g\",\"caption\":\"Simon Gr\u00f6flin\"},\"url\":\"https:\\\/\\\/news.save.ch\\\/fr\\\/author\\\/simon-groeflin\\\/\"}]}<\/script>\n<!-- \/ Yoast SEO plugin. -->","yoast_head_json":{"title":"Stefan Bl\u00e4ttler, chef de la police bernoise, prend la t\u00eate de l'Institut de police de Neuch\u00e2tel - Save","description":"Stefan Bl\u00e4ttler a \u00e9t\u00e9 nomm\u00e9 nouveau directeur de l'Institut suisse de police. Il prendra ses fonctions le 1er janvier 2022 et succ\u00e8dera \u00e0 Reto Habermacher.","robots":{"index":"index","follow":"follow","max-snippet":"max-snippet:-1","max-image-preview":"max-image-preview:large","max-video-preview":"max-video-preview:-1"},"canonical":"https:\/\/news.save.ch\/fr\/berner-kapo-schutz-stefan-blaettler-wird-leiter-des-polizei-instituts-in-neuenburg\/","og_locale":"fr_FR","og_type":"article","og_title":"Berner Kapo-Schutz Stefan Bl\u00e4ttler wird Leiter des Polizei-Instituts in Neuenburg - Save","og_description":"Stefan Bl\u00e4ttler wurde zum neuen Direktor des Schweizerischen Polizei-Instituts ernannt. Er wird sein Amt per 1. Januar 2022 antreten und \u00fcbernimmt die Nachfolge von Reto Habermacher.","og_url":"https:\/\/news.save.ch\/fr\/berner-kapo-schutz-stefan-blaettler-wird-leiter-des-polizei-instituts-in-neuenburg\/","og_site_name":"Save","article_published_time":"2021-03-12T07:36:06+00:00","article_modified_time":"2023-07-21T03:10:18+00:00","og_image":[{"width":1400,"height":1049,"url":"https:\/\/news.save.ch\/wp-content\/uploads\/2021\/03\/Blaettler-scaled.jpg","type":"image\/jpeg"}],"author":"Simon Gr\u00f6flin","twitter_card":"summary_large_image","twitter_misc":{"\u00c9crit par":"Simon Gr\u00f6flin","Dur\u00e9e de lecture estim\u00e9e":"1 minute"},"schema":{"@context":"https:\/\/schema.org","@graph":[{"@type":"Article","@id":"https:\/\/news.save.ch\/berner-kapo-schutz-stefan-blaettler-wird-leiter-des-polizei-instituts-in-neuenburg\/#article","isPartOf":{"@id":"https:\/\/news.save.ch\/berner-kapo-schutz-stefan-blaettler-wird-leiter-des-polizei-instituts-in-neuenburg\/"},"author":{"name":"Simon Gr\u00f6flin","@id":"https:\/\/news.save.ch\/de\/#\/schema\/person\/ad4ef21102fd6125312409ac57d5296d"},"headline":"Berner Kapo-Schutz Stefan Bl\u00e4ttler wird Leiter des Polizei-Instituts in Neuenburg","datePublished":"2021-03-12T07:36:06+00:00","dateModified":"2023-07-21T03:10:18+00:00","mainEntityOfPage":{"@id":"https:\/\/news.save.ch\/berner-kapo-schutz-stefan-blaettler-wird-leiter-des-polizei-instituts-in-neuenburg\/"},"wordCount":144,"publisher":{"@id":"https:\/\/news.save.ch\/de\/#organization"},"image":{"@id":"https:\/\/news.save.ch\/berner-kapo-schutz-stefan-blaettler-wird-leiter-des-polizei-instituts-in-neuenburg\/#primaryimage"},"thumbnailUrl":"https:\/\/news.save.ch\/wp-content\/uploads\/2021\/03\/Blaettler-scaled.jpg","keywords":["Kantonspolizei Bern","Neuenburg","Polizei","Reto Habermacher","Schweizerisches Polizei-Institut","Stefan Bl\u00e4ttler"],"articleSection":["ALLGEMEIN"],"inLanguage":"fr-FR"},{"@type":"WebPage","@id":"https:\/\/news.save.ch\/berner-kapo-schutz-stefan-blaettler-wird-leiter-des-polizei-instituts-in-neuenburg\/","url":"https:\/\/news.save.ch\/berner-kapo-schutz-stefan-blaettler-wird-leiter-des-polizei-instituts-in-neuenburg\/","name":"Stefan Bl\u00e4ttler, chef de la police bernoise, prend la t\u00eate de l'Institut de police de Neuch\u00e2tel - Save","isPartOf":{"@id":"https:\/\/news.save.ch\/de\/#website"},"primaryImageOfPage":{"@id":"https:\/\/news.save.ch\/berner-kapo-schutz-stefan-blaettler-wird-leiter-des-polizei-instituts-in-neuenburg\/#primaryimage"},"image":{"@id":"https:\/\/news.save.ch\/berner-kapo-schutz-stefan-blaettler-wird-leiter-des-polizei-instituts-in-neuenburg\/#primaryimage"},"thumbnailUrl":"https:\/\/news.save.ch\/wp-content\/uploads\/2021\/03\/Blaettler-scaled.jpg","datePublished":"2021-03-12T07:36:06+00:00","dateModified":"2023-07-21T03:10:18+00:00","description":"Stefan Bl\u00e4ttler a \u00e9t\u00e9 nomm\u00e9 nouveau directeur de l'Institut suisse de police. Il prendra ses fonctions le 1er janvier 2022 et succ\u00e8dera \u00e0 Reto Habermacher.","breadcrumb":{"@id":"https:\/\/news.save.ch\/berner-kapo-schutz-stefan-blaettler-wird-leiter-des-polizei-instituts-in-neuenburg\/#breadcrumb"},"inLanguage":"fr-FR","potentialAction":[{"@type":"ReadAction","target":["https:\/\/news.save.ch\/berner-kapo-schutz-stefan-blaettler-wird-leiter-des-polizei-instituts-in-neuenburg\/"]}]},{"@type":"ImageObject","inLanguage":"fr-FR","@id":"https:\/\/news.save.ch\/berner-kapo-schutz-stefan-blaettler-wird-leiter-des-polizei-instituts-in-neuenburg\/#primaryimage","url":"https:\/\/news.save.ch\/wp-content\/uploads\/2021\/03\/Blaettler-scaled.jpg","contentUrl":"https:\/\/news.save.ch\/wp-content\/uploads\/2021\/03\/Blaettler-scaled.jpg","width":1400,"height":1049,"caption":"zVg"},{"@type":"BreadcrumbList","@id":"https:\/\/news.save.ch\/berner-kapo-schutz-stefan-blaettler-wird-leiter-des-polizei-instituts-in-neuenburg\/#breadcrumb","itemListElement":[{"@type":"ListItem","position":1,"name":"Home","item":"https:\/\/news.save.ch\/de\/"},{"@type":"ListItem","position":2,"name":"Berner Kapo-Schutz Stefan Bl\u00e4ttler wird Leiter des Polizei-Instituts in Neuenburg"}]},{"@type":"WebSite","@id":"https:\/\/news.save.ch\/de\/#website","url":"https:\/\/news.save.ch\/de\/","name":"Save","description":"Revue suisse sp\u00e9cialis\u00e9e dans la s\u00e9curit\u00e9","publisher":{"@id":"https:\/\/news.save.ch\/de\/#organization"},"potentialAction":[{"@type":"SearchAction","target":{"@type":"EntryPoint","urlTemplate":"https:\/\/news.save.ch\/de\/?s={search_term_string}"},"query-input":{"@type":"PropertyValueSpecification","valueRequired":true,"valueName":"search_term_string"}}],"inLanguage":"fr-FR"},{"@type":"Organization","@id":"https:\/\/news.save.ch\/de\/#organization","name":"Forum sur la s\u00e9curit\u00e9","url":"https:\/\/news.save.ch\/de\/","logo":{"@type":"ImageObject","inLanguage":"fr-FR","@id":"https:\/\/news.save.ch\/de\/#\/schema\/logo\/image\/","url":"https:\/\/news.save.ch\/wp-content\/uploads\/2022\/06\/Logo_SF_2012.png","contentUrl":"https:\/\/news.save.ch\/wp-content\/uploads\/2022\/06\/Logo_SF_2012.png","width":1100,"height":91,"caption":"Sicherheitsforum"},"image":{"@id":"https:\/\/news.save.ch\/de\/#\/schema\/logo\/image\/"}},{"@type":"Person","@id":"https:\/\/news.save.ch\/de\/#\/schema\/person\/ad4ef21102fd6125312409ac57d5296d","name":"Simon Gr\u00f6flin","image":{"@type":"ImageObject","inLanguage":"fr-FR","@id":"https:\/\/secure.gravatar.com\/avatar\/6ddceb80eb734354635539e0ea5140bb7c41e42de7c45c9a2ab9921b5d5c9a83?s=96&d=mm&r=g","url":"https:\/\/secure.gravatar.com\/avatar\/6ddceb80eb734354635539e0ea5140bb7c41e42de7c45c9a2ab9921b5d5c9a83?s=96&d=mm&r=g","contentUrl":"https:\/\/secure.gravatar.com\/avatar\/6ddceb80eb734354635539e0ea5140bb7c41e42de7c45c9a2ab9921b5d5c9a83?s=96&d=mm&r=g","caption":"Simon Gr\u00f6flin"},"url":"https:\/\/news.save.ch\/fr\/author\/simon-groeflin\/"}]}},"_links":{"self":[{"href":"https:\/\/news.save.ch\/fr\/wp-json\/wp\/v2\/posts\/11685","targetHints":{"allow":["GET"]}}],"collection":[{"href":"https:\/\/news.save.ch\/fr\/wp-json\/wp\/v2\/posts"}],"about":[{"href":"https:\/\/news.save.ch\/fr\/wp-json\/wp\/v2\/types\/post"}],"author":[{"embeddable":true,"href":"https:\/\/news.save.ch\/fr\/wp-json\/wp\/v2\/users\/9"}],"replies":[{"embeddable":true,"href":"https:\/\/news.save.ch\/fr\/wp-json\/wp\/v2\/comments?post=11685"}],"version-history":[{"count":2,"href":"https:\/\/news.save.ch\/fr\/wp-json\/wp\/v2\/posts\/11685\/revisions"}],"predecessor-version":[{"id":21163,"href":"https:\/\/news.save.ch\/fr\/wp-json\/wp\/v2\/posts\/11685\/revisions\/21163"}],"wp:featuredmedia":[{"embeddable":true,"href":"https:\/\/news.save.ch\/fr\/wp-json\/wp\/v2\/media\/11687"}],"wp:attachment":[{"href":"https:\/\/news.save.ch\/fr\/wp-json\/wp\/v2\/media?parent=11685"}],"wp:term":[{"taxonomy":"category","embeddable":true,"href":"https:\/\/news.save.ch\/fr\/wp-json\/wp\/v2\/categories?post=11685"},{"taxonomy":"post_tag","embeddable":true,"href":"https:\/\/news.save.ch\/fr\/wp-json\/wp\/v2\/tags?post=11685"}],"curies":[{"name":"wp","href":"https:\/\/api.w.org\/{rel}","templated":true}]}}