{"id":1170,"date":"2016-04-06T16:25:30","date_gmt":"2016-04-06T14:25:30","guid":{"rendered":"https:\/\/dev.sicherheitsforum.ch\/?p=1170"},"modified":"2023-03-14T08:57:22","modified_gmt":"2023-03-14T07:57:22","slug":"cyber-landsgemeinde","status":null,"type":"post","link":"https:\/\/news.save.ch\/fr\/cyber-landsgemeinde\/","title":{"rendered":"Cyber-commune rurale"},"content":{"rendered":"<p><img loading=\"lazy\" decoding=\"async\" class=\"alignnone size-medium wp-image-1171\" src=\"https:\/\/sicherheitsforum.ch\/wp-content\/uploads\/2016\/12\/Cyber-Landsgemeinde-it-security.jpg\" alt=\"cyber-communaut\u00e9-it-security\" width=\"680\" height=\"446\" srcset=\"https:\/\/news.save.ch\/wp-content\/uploads\/2016\/12\/Cyber-Landsgemeinde-it-security.jpg 1000w, https:\/\/news.save.ch\/wp-content\/uploads\/2016\/12\/Cyber-Landsgemeinde-it-security-375x246.jpg 375w\" sizes=\"auto, (max-width: 680px) 100vw, 680px\" \/><\/p>\n<p>L'objectif de la NCS est la r\u00e9duction des cyber-risques en Suisse, qui doit \u00eatre atteinte gr\u00e2ce \u00e0 la collaboration des autorit\u00e9s, de l'\u00e9conomie et des exploitants d'infrastructures critiques. Le R\u00e9seau national de s\u00e9curit\u00e9 coordonne la mise en \u0153uvre de la strat\u00e9gie au niveau des cantons, des villes et des communes \u00e0 l'aide de quatre groupes de travail, en collaboration avec le service de coordination NCS, qui est rattach\u00e9 \u00e0 l'Unit\u00e9 de pilotage informatique de la Conf\u00e9d\u00e9ration.<\/p>\n<p>Les produits \u00e9labor\u00e9s par les quatre groupes de travail de la SVS pour aider les cantons \u00e0 r\u00e9duire leurs cyber-risques et \u00e0 augmenter leur r\u00e9silience ont \u00e9t\u00e9 pr\u00e9sent\u00e9s lors de la \"Cyber-Landsgemeinde\". Toutes les administrations cantonales ont re\u00e7u des documents contenant des processus de traitement des incidents de cybers\u00e9curit\u00e9, bas\u00e9s sur les mod\u00e8les des processus \u00e9labor\u00e9s par le canton de Vaud. Ces derniers sont d\u00e9j\u00e0 partiellement appliqu\u00e9s dans les cantons et refl\u00e8tent une mise en r\u00e9seau et une collaboration entre les cantons qui continuent \u00e0 progresser.<\/p>\n<p>L'an dernier, la SVS a organis\u00e9 un s\u00e9minaire strat\u00e9gique sur un sc\u00e9nario de cyberattaque contre la Suisse. Ce s\u00e9minaire a permis de discuter de la collaboration des acteurs comp\u00e9tents dans la gestion de crise nationale en cas de crise ayant une dimension cybern\u00e9tique. Les ambigu\u00eft\u00e9s et les questions en suspens dans la gestion de crise qui sont apparues \u00e0 cette occasion doivent \u00eatre examin\u00e9es de plus pr\u00e8s dans le cadre d'une simulation \u00e0 venir.<\/p>\n<p>Le Service national de coordination de la lutte contre la criminalit\u00e9 sur Internet (SCOCI) a d\u00e9crit des ph\u00e9nom\u00e8nes de cybercriminalit\u00e9, \u00e0 l'\u00e9laboration desquels la SVS a apport\u00e9 son soutien. Ces fiches de ph\u00e9nom\u00e8nes ont \u00e9t\u00e9 mises en consultation l'ann\u00e9e derni\u00e8re aupr\u00e8s des polices cantonales.<\/p>\n<p>Outre l'information, la manifestation a permis d'encourager la collaboration et la mise en r\u00e9seau entre les acteurs et de recueillir les suggestions des participants. La prochaine Cyber-Landsgemeinde devrait avoir lieu en 2017.<\/p>\n<p><em>Communiqu\u00e9 de presse du DDPS<\/em><\/p>","protected":false},"excerpt":{"rendered":"<p>Das Ziel der NCS ist die Reduktion der Cyber-Risiken in der Schweiz, die durch die Zusammenarbeit von Beh\u00f6rden, Wirtschaft und Betreiber kritischer Infrastrukturen erreicht werden soll. Der Sicherheitsverbund Schweiz koordiniert mit Hilfe von vier Arbeitsgruppen zusammen mit der Koordinationsstelle NCS, welche beim Informatiksteuerungsorgan des Bundes angesiedelt ist, die Umsetzung der Strategie auf Stufe der Kantone, [&hellip;]<\/p>\n","protected":false},"author":1,"featured_media":1171,"comment_status":"open","ping_status":"open","sticky":false,"template":"","format":"standard","meta":{"_acf_changed":false,"pgc_sgb_lightbox_settings":"","footnotes":""},"categories":[3313],"tags":[96,62,63],"class_list":["post-1170","post","type-post","status-publish","format-standard","has-post-thumbnail","hentry","category-digitalisierung","tag-cyber-crime","tag-ict-sicherheit","tag-it-security"],"acf":[],"hkrextid":null,"publication":null,"issue":null,"workflow":null,"startPage":null,"spitzmarke":null,"_posts_by_tag_page_fields":{"widget_title":"","widget_tags":""},"_at_widget":"1","_yoast_wpseo_primary_category":"2","_yoast_wpseo_focuskw_text_input":"Cyber-Landsgemeinde","_yoast_wpseo_opengraph-image":"https:\/\/news.save.ch\/wp-content\/uploads\/2016\/12\/Cyber-Landsgemeinde-it-security.jpg","_yoast_wpseo_opengraph-description":"Die vierte \u201eCyber-Landsgemeinde\u201c des Sicherheitsverbundes Schweiz (SVS) fand am 6. April 2016 in Bern statt. Die rund 100 Vertreterinnen und Vertreter von Bund und allen Kantonen erhielten Einblick in ausgew\u00e4hlte Projekte auf Bundes- und Kantonsebene und wurden \u00fcber den aktuellen Umsetzungsstand der \u00abNationalen Strategie zum Schutz der Schweiz vor Cyber-Risiken (NCS)\u00bb informiert.","_yoast_wpseo_opengraph-title":"Cyber-Landsgemeinde","enclosure":null,"_yoast_wpseo_twitter-title":null,"_yoast_wpseo_twitter-description":null,"_yoast_wpseo_twitter-image":null,"_wp_old_slug":null,"_yoast_wpseo_title":null,"_yoast_wpseo_canonical":null,"yoast_head":"<!-- This site is optimized with the Yoast SEO plugin v27.5 - https:\/\/yoast.com\/product\/yoast-seo-wordpress\/ -->\n<title>Cyber-Landsgemeinde - Save<\/title>\n<meta name=\"description\" content=\"Die vierte \u201eCyber-Landsgemeinde\u201c des Sicherheitsverbundes Schweiz (SVS) fand am 6. April 2016 in Bern statt.\" \/>\n<meta name=\"robots\" content=\"index, follow, max-snippet:-1, max-image-preview:large, max-video-preview:-1\" \/>\n<link rel=\"canonical\" href=\"https:\/\/news.save.ch\/fr\/cyber-landsgemeinde\/\" \/>\n<meta property=\"og:locale\" content=\"fr_FR\" \/>\n<meta property=\"og:type\" content=\"article\" \/>\n<meta property=\"og:title\" content=\"Cyber-Landsgemeinde\" \/>\n<meta property=\"og:description\" content=\"Die vierte \u201eCyber-Landsgemeinde\u201c des Sicherheitsverbundes Schweiz (SVS) fand am 6. April 2016 in Bern statt. Die rund 100 Vertreterinnen und Vertreter von Bund und allen Kantonen erhielten Einblick in ausgew\u00e4hlte Projekte auf Bundes- und Kantonsebene und wurden \u00fcber den aktuellen Umsetzungsstand der \u00abNationalen Strategie zum Schutz der Schweiz vor Cyber-Risiken (NCS)\u00bb informiert.\" \/>\n<meta property=\"og:url\" content=\"https:\/\/news.save.ch\/fr\/cyber-landsgemeinde\/\" \/>\n<meta property=\"og:site_name\" content=\"Save\" \/>\n<meta property=\"article:published_time\" content=\"2016-04-06T14:25:30+00:00\" \/>\n<meta property=\"article:modified_time\" content=\"2023-03-14T07:57:22+00:00\" \/>\n<meta property=\"og:image\" content=\"https:\/\/news.save.ch\/wp-content\/uploads\/2016\/12\/Cyber-Landsgemeinde-it-security.jpg\" \/>\n<meta name=\"author\" content=\"admin\" \/>\n<meta name=\"twitter:card\" content=\"summary_large_image\" \/>\n<meta name=\"twitter:label1\" content=\"\u00c9crit par\" \/>\n\t<meta name=\"twitter:data1\" content=\"admin\" \/>\n\t<meta name=\"twitter:label2\" content=\"Dur\u00e9e de lecture estim\u00e9e\" \/>\n\t<meta name=\"twitter:data2\" content=\"1 minute\" \/>\n<script type=\"application\/ld+json\" class=\"yoast-schema-graph\">{\"@context\":\"https:\\\/\\\/schema.org\",\"@graph\":[{\"@type\":\"Article\",\"@id\":\"https:\\\/\\\/news.save.ch\\\/cyber-landsgemeinde\\\/#article\",\"isPartOf\":{\"@id\":\"https:\\\/\\\/news.save.ch\\\/cyber-landsgemeinde\\\/\"},\"author\":{\"name\":\"admin\",\"@id\":\"https:\\\/\\\/news.save.ch\\\/de\\\/#\\\/schema\\\/person\\\/d49e199490bad7c70d64b9ab51142f2b\"},\"headline\":\"Cyber-Landsgemeinde\",\"datePublished\":\"2016-04-06T14:25:30+00:00\",\"dateModified\":\"2023-03-14T07:57:22+00:00\",\"mainEntityOfPage\":{\"@id\":\"https:\\\/\\\/news.save.ch\\\/cyber-landsgemeinde\\\/\"},\"wordCount\":258,\"commentCount\":0,\"publisher\":{\"@id\":\"https:\\\/\\\/news.save.ch\\\/de\\\/#organization\"},\"image\":{\"@id\":\"https:\\\/\\\/news.save.ch\\\/cyber-landsgemeinde\\\/#primaryimage\"},\"thumbnailUrl\":\"https:\\\/\\\/news.save.ch\\\/wp-content\\\/uploads\\\/2016\\\/12\\\/Cyber-Landsgemeinde-it-security.jpg\",\"keywords\":[\"Cyber-Crime\",\"ICT-Sicherheit\",\"IT-SECURITY\"],\"articleSection\":[\"DIGITALISIERUNG\"],\"inLanguage\":\"fr-FR\"},{\"@type\":\"WebPage\",\"@id\":\"https:\\\/\\\/news.save.ch\\\/cyber-landsgemeinde\\\/\",\"url\":\"https:\\\/\\\/news.save.ch\\\/cyber-landsgemeinde\\\/\",\"name\":\"Cyber-Landsgemeinde - Save\",\"isPartOf\":{\"@id\":\"https:\\\/\\\/news.save.ch\\\/de\\\/#website\"},\"primaryImageOfPage\":{\"@id\":\"https:\\\/\\\/news.save.ch\\\/cyber-landsgemeinde\\\/#primaryimage\"},\"image\":{\"@id\":\"https:\\\/\\\/news.save.ch\\\/cyber-landsgemeinde\\\/#primaryimage\"},\"thumbnailUrl\":\"https:\\\/\\\/news.save.ch\\\/wp-content\\\/uploads\\\/2016\\\/12\\\/Cyber-Landsgemeinde-it-security.jpg\",\"datePublished\":\"2016-04-06T14:25:30+00:00\",\"dateModified\":\"2023-03-14T07:57:22+00:00\",\"description\":\"Die vierte \u201eCyber-Landsgemeinde\u201c des Sicherheitsverbundes Schweiz (SVS) fand am 6. April 2016 in Bern statt.\",\"breadcrumb\":{\"@id\":\"https:\\\/\\\/news.save.ch\\\/cyber-landsgemeinde\\\/#breadcrumb\"},\"inLanguage\":\"fr-FR\",\"potentialAction\":[{\"@type\":\"ReadAction\",\"target\":[\"https:\\\/\\\/news.save.ch\\\/cyber-landsgemeinde\\\/\"]}]},{\"@type\":\"ImageObject\",\"inLanguage\":\"fr-FR\",\"@id\":\"https:\\\/\\\/news.save.ch\\\/cyber-landsgemeinde\\\/#primaryimage\",\"url\":\"https:\\\/\\\/news.save.ch\\\/wp-content\\\/uploads\\\/2016\\\/12\\\/Cyber-Landsgemeinde-it-security.jpg\",\"contentUrl\":\"https:\\\/\\\/news.save.ch\\\/wp-content\\\/uploads\\\/2016\\\/12\\\/Cyber-Landsgemeinde-it-security.jpg\",\"width\":1000,\"height\":656},{\"@type\":\"BreadcrumbList\",\"@id\":\"https:\\\/\\\/news.save.ch\\\/cyber-landsgemeinde\\\/#breadcrumb\",\"itemListElement\":[{\"@type\":\"ListItem\",\"position\":1,\"name\":\"Home\",\"item\":\"https:\\\/\\\/news.save.ch\\\/de\\\/\"},{\"@type\":\"ListItem\",\"position\":2,\"name\":\"Cyber-Landsgemeinde\"}]},{\"@type\":\"WebSite\",\"@id\":\"https:\\\/\\\/news.save.ch\\\/de\\\/#website\",\"url\":\"https:\\\/\\\/news.save.ch\\\/de\\\/\",\"name\":\"Save\",\"description\":\"Schweizer Fachzeitschrift f\u00fcr Sicherheit\",\"publisher\":{\"@id\":\"https:\\\/\\\/news.save.ch\\\/de\\\/#organization\"},\"potentialAction\":[{\"@type\":\"SearchAction\",\"target\":{\"@type\":\"EntryPoint\",\"urlTemplate\":\"https:\\\/\\\/news.save.ch\\\/de\\\/?s={search_term_string}\"},\"query-input\":{\"@type\":\"PropertyValueSpecification\",\"valueRequired\":true,\"valueName\":\"search_term_string\"}}],\"inLanguage\":\"fr-FR\"},{\"@type\":\"Organization\",\"@id\":\"https:\\\/\\\/news.save.ch\\\/de\\\/#organization\",\"name\":\"Sicherheitsforum\",\"url\":\"https:\\\/\\\/news.save.ch\\\/de\\\/\",\"logo\":{\"@type\":\"ImageObject\",\"inLanguage\":\"fr-FR\",\"@id\":\"https:\\\/\\\/news.save.ch\\\/de\\\/#\\\/schema\\\/logo\\\/image\\\/\",\"url\":\"https:\\\/\\\/news.save.ch\\\/wp-content\\\/uploads\\\/2022\\\/06\\\/Logo_SF_2012.png\",\"contentUrl\":\"https:\\\/\\\/news.save.ch\\\/wp-content\\\/uploads\\\/2022\\\/06\\\/Logo_SF_2012.png\",\"width\":1100,\"height\":91,\"caption\":\"Sicherheitsforum\"},\"image\":{\"@id\":\"https:\\\/\\\/news.save.ch\\\/de\\\/#\\\/schema\\\/logo\\\/image\\\/\"}},{\"@type\":\"Person\",\"@id\":\"https:\\\/\\\/news.save.ch\\\/de\\\/#\\\/schema\\\/person\\\/d49e199490bad7c70d64b9ab51142f2b\",\"name\":\"admin\",\"image\":{\"@type\":\"ImageObject\",\"inLanguage\":\"fr-FR\",\"@id\":\"https:\\\/\\\/secure.gravatar.com\\\/avatar\\\/ae2f4d718e6c49043e314ce431e7e645d646302a24a5ef5a8bc8e3f5a032e319?s=96&d=mm&r=g\",\"url\":\"https:\\\/\\\/secure.gravatar.com\\\/avatar\\\/ae2f4d718e6c49043e314ce431e7e645d646302a24a5ef5a8bc8e3f5a032e319?s=96&d=mm&r=g\",\"contentUrl\":\"https:\\\/\\\/secure.gravatar.com\\\/avatar\\\/ae2f4d718e6c49043e314ce431e7e645d646302a24a5ef5a8bc8e3f5a032e319?s=96&d=mm&r=g\",\"caption\":\"admin\"},\"sameAs\":[\"https:\\\/\\\/develop.organisator.galledia.ch\"],\"url\":\"https:\\\/\\\/news.save.ch\\\/fr\\\/author\\\/admin\\\/\"}]}<\/script>\n<!-- \/ Yoast SEO plugin. -->","yoast_head_json":{"title":"Cyber-Landsgemeinde - Save","description":"La quatri\u00e8me \"Cyber-Landsgemeinde\" du R\u00e9seau national de s\u00e9curit\u00e9 (RNS) a eu lieu le 6 avril 2016 \u00e0 Berne.","robots":{"index":"index","follow":"follow","max-snippet":"max-snippet:-1","max-image-preview":"max-image-preview:large","max-video-preview":"max-video-preview:-1"},"canonical":"https:\/\/news.save.ch\/fr\/cyber-landsgemeinde\/","og_locale":"fr_FR","og_type":"article","og_title":"Cyber-Landsgemeinde","og_description":"Die vierte \u201eCyber-Landsgemeinde\u201c des Sicherheitsverbundes Schweiz (SVS) fand am 6. April 2016 in Bern statt. Die rund 100 Vertreterinnen und Vertreter von Bund und allen Kantonen erhielten Einblick in ausgew\u00e4hlte Projekte auf Bundes- und Kantonsebene und wurden \u00fcber den aktuellen Umsetzungsstand der \u00abNationalen Strategie zum Schutz der Schweiz vor Cyber-Risiken (NCS)\u00bb informiert.","og_url":"https:\/\/news.save.ch\/fr\/cyber-landsgemeinde\/","og_site_name":"Save","article_published_time":"2016-04-06T14:25:30+00:00","article_modified_time":"2023-03-14T07:57:22+00:00","og_image":[{"url":"https:\/\/news.save.ch\/wp-content\/uploads\/2016\/12\/Cyber-Landsgemeinde-it-security.jpg","type":"","width":"","height":""}],"author":"admin","twitter_card":"summary_large_image","twitter_misc":{"\u00c9crit par":"admin","Dur\u00e9e de lecture estim\u00e9e":"1 minute"},"schema":{"@context":"https:\/\/schema.org","@graph":[{"@type":"Article","@id":"https:\/\/news.save.ch\/cyber-landsgemeinde\/#article","isPartOf":{"@id":"https:\/\/news.save.ch\/cyber-landsgemeinde\/"},"author":{"name":"admin","@id":"https:\/\/news.save.ch\/de\/#\/schema\/person\/d49e199490bad7c70d64b9ab51142f2b"},"headline":"Cyber-Landsgemeinde","datePublished":"2016-04-06T14:25:30+00:00","dateModified":"2023-03-14T07:57:22+00:00","mainEntityOfPage":{"@id":"https:\/\/news.save.ch\/cyber-landsgemeinde\/"},"wordCount":258,"commentCount":0,"publisher":{"@id":"https:\/\/news.save.ch\/de\/#organization"},"image":{"@id":"https:\/\/news.save.ch\/cyber-landsgemeinde\/#primaryimage"},"thumbnailUrl":"https:\/\/news.save.ch\/wp-content\/uploads\/2016\/12\/Cyber-Landsgemeinde-it-security.jpg","keywords":["Cyber-Crime","ICT-Sicherheit","IT-SECURITY"],"articleSection":["DIGITALISIERUNG"],"inLanguage":"fr-FR"},{"@type":"WebPage","@id":"https:\/\/news.save.ch\/cyber-landsgemeinde\/","url":"https:\/\/news.save.ch\/cyber-landsgemeinde\/","name":"Cyber-Landsgemeinde - Save","isPartOf":{"@id":"https:\/\/news.save.ch\/de\/#website"},"primaryImageOfPage":{"@id":"https:\/\/news.save.ch\/cyber-landsgemeinde\/#primaryimage"},"image":{"@id":"https:\/\/news.save.ch\/cyber-landsgemeinde\/#primaryimage"},"thumbnailUrl":"https:\/\/news.save.ch\/wp-content\/uploads\/2016\/12\/Cyber-Landsgemeinde-it-security.jpg","datePublished":"2016-04-06T14:25:30+00:00","dateModified":"2023-03-14T07:57:22+00:00","description":"La quatri\u00e8me \"Cyber-Landsgemeinde\" du R\u00e9seau national de s\u00e9curit\u00e9 (RNS) a eu lieu le 6 avril 2016 \u00e0 Berne.","breadcrumb":{"@id":"https:\/\/news.save.ch\/cyber-landsgemeinde\/#breadcrumb"},"inLanguage":"fr-FR","potentialAction":[{"@type":"ReadAction","target":["https:\/\/news.save.ch\/cyber-landsgemeinde\/"]}]},{"@type":"ImageObject","inLanguage":"fr-FR","@id":"https:\/\/news.save.ch\/cyber-landsgemeinde\/#primaryimage","url":"https:\/\/news.save.ch\/wp-content\/uploads\/2016\/12\/Cyber-Landsgemeinde-it-security.jpg","contentUrl":"https:\/\/news.save.ch\/wp-content\/uploads\/2016\/12\/Cyber-Landsgemeinde-it-security.jpg","width":1000,"height":656},{"@type":"BreadcrumbList","@id":"https:\/\/news.save.ch\/cyber-landsgemeinde\/#breadcrumb","itemListElement":[{"@type":"ListItem","position":1,"name":"Home","item":"https:\/\/news.save.ch\/de\/"},{"@type":"ListItem","position":2,"name":"Cyber-Landsgemeinde"}]},{"@type":"WebSite","@id":"https:\/\/news.save.ch\/de\/#website","url":"https:\/\/news.save.ch\/de\/","name":"Save","description":"Revue suisse sp\u00e9cialis\u00e9e dans la s\u00e9curit\u00e9","publisher":{"@id":"https:\/\/news.save.ch\/de\/#organization"},"potentialAction":[{"@type":"SearchAction","target":{"@type":"EntryPoint","urlTemplate":"https:\/\/news.save.ch\/de\/?s={search_term_string}"},"query-input":{"@type":"PropertyValueSpecification","valueRequired":true,"valueName":"search_term_string"}}],"inLanguage":"fr-FR"},{"@type":"Organization","@id":"https:\/\/news.save.ch\/de\/#organization","name":"Forum sur la s\u00e9curit\u00e9","url":"https:\/\/news.save.ch\/de\/","logo":{"@type":"ImageObject","inLanguage":"fr-FR","@id":"https:\/\/news.save.ch\/de\/#\/schema\/logo\/image\/","url":"https:\/\/news.save.ch\/wp-content\/uploads\/2022\/06\/Logo_SF_2012.png","contentUrl":"https:\/\/news.save.ch\/wp-content\/uploads\/2022\/06\/Logo_SF_2012.png","width":1100,"height":91,"caption":"Sicherheitsforum"},"image":{"@id":"https:\/\/news.save.ch\/de\/#\/schema\/logo\/image\/"}},{"@type":"Person","@id":"https:\/\/news.save.ch\/de\/#\/schema\/person\/d49e199490bad7c70d64b9ab51142f2b","name":"admin","image":{"@type":"ImageObject","inLanguage":"fr-FR","@id":"https:\/\/secure.gravatar.com\/avatar\/ae2f4d718e6c49043e314ce431e7e645d646302a24a5ef5a8bc8e3f5a032e319?s=96&d=mm&r=g","url":"https:\/\/secure.gravatar.com\/avatar\/ae2f4d718e6c49043e314ce431e7e645d646302a24a5ef5a8bc8e3f5a032e319?s=96&d=mm&r=g","contentUrl":"https:\/\/secure.gravatar.com\/avatar\/ae2f4d718e6c49043e314ce431e7e645d646302a24a5ef5a8bc8e3f5a032e319?s=96&d=mm&r=g","caption":"admin"},"sameAs":["https:\/\/develop.organisator.galledia.ch"],"url":"https:\/\/news.save.ch\/fr\/author\/admin\/"}]}},"_links":{"self":[{"href":"https:\/\/news.save.ch\/fr\/wp-json\/wp\/v2\/posts\/1170","targetHints":{"allow":["GET"]}}],"collection":[{"href":"https:\/\/news.save.ch\/fr\/wp-json\/wp\/v2\/posts"}],"about":[{"href":"https:\/\/news.save.ch\/fr\/wp-json\/wp\/v2\/types\/post"}],"author":[{"embeddable":true,"href":"https:\/\/news.save.ch\/fr\/wp-json\/wp\/v2\/users\/1"}],"replies":[{"embeddable":true,"href":"https:\/\/news.save.ch\/fr\/wp-json\/wp\/v2\/comments?post=1170"}],"version-history":[{"count":1,"href":"https:\/\/news.save.ch\/fr\/wp-json\/wp\/v2\/posts\/1170\/revisions"}],"predecessor-version":[{"id":17642,"href":"https:\/\/news.save.ch\/fr\/wp-json\/wp\/v2\/posts\/1170\/revisions\/17642"}],"wp:featuredmedia":[{"embeddable":true,"href":"https:\/\/news.save.ch\/fr\/wp-json\/wp\/v2\/media\/1171"}],"wp:attachment":[{"href":"https:\/\/news.save.ch\/fr\/wp-json\/wp\/v2\/media?parent=1170"}],"wp:term":[{"taxonomy":"category","embeddable":true,"href":"https:\/\/news.save.ch\/fr\/wp-json\/wp\/v2\/categories?post=1170"},{"taxonomy":"post_tag","embeddable":true,"href":"https:\/\/news.save.ch\/fr\/wp-json\/wp\/v2\/tags?post=1170"}],"curies":[{"name":"wp","href":"https:\/\/api.w.org\/{rel}","templated":true}]}}