{"id":11936,"date":"2021-05-04T17:06:44","date_gmt":"2021-05-04T15:06:44","guid":{"rendered":"https:\/\/news.save.ch\/?p=11936"},"modified":"2023-07-19T07:55:35","modified_gmt":"2023-07-19T05:55:35","slug":"microsoft-entfernt-flash-ab-juni-komplett","status":null,"type":"post","link":"https:\/\/news.save.ch\/fr\/microsoft-entfernt-flash-ab-juni-komplett\/","title":{"rendered":"Microsoft supprime compl\u00e8tement Flash \u00e0 partir de juin"},"content":{"rendered":"<figure id=\"attachment_11939\" aria-describedby=\"caption-attachment-11939\" style=\"width: 1000px\" class=\"wp-caption alignnone\"><img loading=\"lazy\" decoding=\"async\" class=\"wp-image-11939 size-full\" src=\"https:\/\/news.save.ch\/wp-content\/uploads\/2021\/05\/Depositphotos_22243267_s-2019.jpg\" alt=\"Microsoft\" width=\"1000\" height=\"667\" srcset=\"https:\/\/news.save.ch\/wp-content\/uploads\/2021\/05\/Depositphotos_22243267_s-2019.jpg 1000w, https:\/\/news.save.ch\/wp-content\/uploads\/2021\/05\/Depositphotos_22243267_s-2019-375x250.jpg 375w\" sizes=\"auto, (max-width: 1000px) 100vw, 1000px\" \/><figcaption id=\"caption-attachment-11939\" class=\"wp-caption-text\">\u00a9depositphotos, bizoon<\/figcaption><\/figure>\n<p>Microsoft a publi\u00e9 sur son blog une mise \u00e0 jour \u00e0 ce sujet <a href=\"https:\/\/blogs.windows.com\/msedgedev\/2020\/09\/04\/update-adobe-flash-end-support\/\" target=\"_blank\" rel=\"noopener\">annonc\u00e9<\/a>qu'Adobe Flash sera enti\u00e8rement supprim\u00e9 de Windows 10 \u00e0 partir du mois de juin de cette ann\u00e9e. En juin, la mise \u00e0 jour KB4577586 devrait \u00eatre install\u00e9e sur tous les ordinateurs Windows actuels.<\/p>\n<p>Flash Player ne devrait donc plus \u00eatre en sommeil dans les syst\u00e8mes Windows 10. Une mise \u00e0 jour correspondante \u00e9tait jusqu'\u00e0 pr\u00e9sent disponible en option, mais elle sera d\u00e9sormais distribu\u00e9e sur tous les syst\u00e8mes dans le cadre du Patch-Day.<\/p>\n<p>La suppression de Flash sera ensuite \u00e9galement possible sur les anciens syst\u00e8mes Windows 10 avec les versions 1507 et 1607. De m\u00eame, le logiciel sera \u00e9galement supprim\u00e9 de Windows 8.1, Windows Server 2021 et Windows Embedded 8 Standard.<\/p>\n<p><em>Source : Microsoft\/Der Standard\u00a0<\/em><\/p>","protected":false},"excerpt":{"rendered":"<p>Microsoft hat in seinem Blog zu einem entsprechenden Update angek\u00fcndigt, dass Adobe Flash ab dem Juni dieses Jahres komplett aus Windows 10 bereinigt wird. Im Juni soll das Update\u00a0Update KB4577586 auf allen aktuellen Windows-Rechnern installiert werden. Der Flash Player soll dadurch nicht mehr in den Windows-10-Systemen schlummern. Eine entsprechende Aktualisierung stand bislang optional zur Verf\u00fcgung, [&hellip;]<\/p>\n","protected":false},"author":9,"featured_media":11939,"comment_status":"closed","ping_status":"closed","sticky":false,"template":"","format":"standard","meta":{"_acf_changed":false,"pgc_sgb_lightbox_settings":"","footnotes":""},"categories":[3313],"tags":[1195,1108,5562,5561,1196],"class_list":["post-11936","post","type-post","status-publish","format-standard","has-post-thumbnail","hentry","category-digitalisierung","tag-adobe-flash","tag-microsoft","tag-patch-day","tag-update-kb4577586","tag-windows-10"],"acf":[],"hkrextid":null,"publication":null,"issue":null,"workflow":null,"startPage":null,"spitzmarke":null,"_posts_by_tag_page_fields":{"widget_title":"","widget_tags":""},"_at_widget":"1","_yoast_wpseo_primary_category":"","_yoast_wpseo_focuskw_text_input":null,"_yoast_wpseo_opengraph-image":null,"_yoast_wpseo_opengraph-description":null,"_yoast_wpseo_opengraph-title":null,"enclosure":null,"_yoast_wpseo_twitter-title":null,"_yoast_wpseo_twitter-description":null,"_yoast_wpseo_twitter-image":null,"_wp_old_slug":null,"_yoast_wpseo_title":null,"_yoast_wpseo_canonical":null,"yoast_head":"<!-- This site is optimized with the Yoast SEO plugin v27.5 - https:\/\/yoast.com\/product\/yoast-seo-wordpress\/ -->\n<title>Microsoft entfernt Flash ab Juni komplett - Save<\/title>\n<meta name=\"description\" content=\"Ab Juni wird der Flash-Player automatisch von Windows-Systemen entfernt und die Neuinstallation blockiert.\" \/>\n<meta name=\"robots\" content=\"index, follow, max-snippet:-1, max-image-preview:large, max-video-preview:-1\" \/>\n<link rel=\"canonical\" href=\"https:\/\/news.save.ch\/fr\/microsoft-entfernt-flash-ab-juni-komplett\/\" \/>\n<meta property=\"og:locale\" content=\"fr_FR\" \/>\n<meta property=\"og:type\" content=\"article\" \/>\n<meta property=\"og:title\" content=\"Microsoft entfernt Flash ab Juni komplett - Save\" \/>\n<meta property=\"og:description\" content=\"Ab Juni wird der Flash-Player automatisch von Windows-Systemen entfernt und die Neuinstallation blockiert.\" \/>\n<meta property=\"og:url\" content=\"https:\/\/news.save.ch\/fr\/microsoft-entfernt-flash-ab-juni-komplett\/\" \/>\n<meta property=\"og:site_name\" content=\"Save\" \/>\n<meta property=\"article:published_time\" content=\"2021-05-04T15:06:44+00:00\" \/>\n<meta property=\"article:modified_time\" content=\"2023-07-19T05:55:35+00:00\" \/>\n<meta property=\"og:image\" content=\"https:\/\/news.save.ch\/wp-content\/uploads\/2021\/05\/Depositphotos_22243267_s-2019.jpg\" \/>\n\t<meta property=\"og:image:width\" content=\"1000\" \/>\n\t<meta property=\"og:image:height\" content=\"667\" \/>\n\t<meta property=\"og:image:type\" content=\"image\/jpeg\" \/>\n<meta name=\"author\" content=\"Simon Gr\u00f6flin\" \/>\n<meta name=\"twitter:card\" content=\"summary_large_image\" \/>\n<meta name=\"twitter:label1\" content=\"\u00c9crit par\" \/>\n\t<meta name=\"twitter:data1\" content=\"Simon Gr\u00f6flin\" \/>\n\t<meta name=\"twitter:label2\" content=\"Dur\u00e9e de lecture estim\u00e9e\" \/>\n\t<meta name=\"twitter:data2\" content=\"1 minute\" \/>\n<script type=\"application\/ld+json\" class=\"yoast-schema-graph\">{\"@context\":\"https:\\\/\\\/schema.org\",\"@graph\":[{\"@type\":\"Article\",\"@id\":\"https:\\\/\\\/news.save.ch\\\/microsoft-entfernt-flash-ab-juni-komplett\\\/#article\",\"isPartOf\":{\"@id\":\"https:\\\/\\\/news.save.ch\\\/microsoft-entfernt-flash-ab-juni-komplett\\\/\"},\"author\":{\"name\":\"Simon Gr\u00f6flin\",\"@id\":\"https:\\\/\\\/news.save.ch\\\/de\\\/#\\\/schema\\\/person\\\/ad4ef21102fd6125312409ac57d5296d\"},\"headline\":\"Microsoft entfernt Flash ab Juni komplett\",\"datePublished\":\"2021-05-04T15:06:44+00:00\",\"dateModified\":\"2023-07-19T05:55:35+00:00\",\"mainEntityOfPage\":{\"@id\":\"https:\\\/\\\/news.save.ch\\\/microsoft-entfernt-flash-ab-juni-komplett\\\/\"},\"wordCount\":119,\"publisher\":{\"@id\":\"https:\\\/\\\/news.save.ch\\\/de\\\/#organization\"},\"image\":{\"@id\":\"https:\\\/\\\/news.save.ch\\\/microsoft-entfernt-flash-ab-juni-komplett\\\/#primaryimage\"},\"thumbnailUrl\":\"https:\\\/\\\/news.save.ch\\\/wp-content\\\/uploads\\\/2021\\\/05\\\/Depositphotos_22243267_s-2019.jpg\",\"keywords\":[\"Adobe Flash\",\"Microsoft\",\"Patch-Day\",\"Update KB4577586\",\"Windows 10\"],\"articleSection\":[\"DIGITALISIERUNG\"],\"inLanguage\":\"fr-FR\"},{\"@type\":\"WebPage\",\"@id\":\"https:\\\/\\\/news.save.ch\\\/microsoft-entfernt-flash-ab-juni-komplett\\\/\",\"url\":\"https:\\\/\\\/news.save.ch\\\/microsoft-entfernt-flash-ab-juni-komplett\\\/\",\"name\":\"Microsoft entfernt Flash ab Juni komplett - Save\",\"isPartOf\":{\"@id\":\"https:\\\/\\\/news.save.ch\\\/de\\\/#website\"},\"primaryImageOfPage\":{\"@id\":\"https:\\\/\\\/news.save.ch\\\/microsoft-entfernt-flash-ab-juni-komplett\\\/#primaryimage\"},\"image\":{\"@id\":\"https:\\\/\\\/news.save.ch\\\/microsoft-entfernt-flash-ab-juni-komplett\\\/#primaryimage\"},\"thumbnailUrl\":\"https:\\\/\\\/news.save.ch\\\/wp-content\\\/uploads\\\/2021\\\/05\\\/Depositphotos_22243267_s-2019.jpg\",\"datePublished\":\"2021-05-04T15:06:44+00:00\",\"dateModified\":\"2023-07-19T05:55:35+00:00\",\"description\":\"Ab Juni wird der Flash-Player automatisch von Windows-Systemen entfernt und die Neuinstallation blockiert.\",\"breadcrumb\":{\"@id\":\"https:\\\/\\\/news.save.ch\\\/microsoft-entfernt-flash-ab-juni-komplett\\\/#breadcrumb\"},\"inLanguage\":\"fr-FR\",\"potentialAction\":[{\"@type\":\"ReadAction\",\"target\":[\"https:\\\/\\\/news.save.ch\\\/microsoft-entfernt-flash-ab-juni-komplett\\\/\"]}]},{\"@type\":\"ImageObject\",\"inLanguage\":\"fr-FR\",\"@id\":\"https:\\\/\\\/news.save.ch\\\/microsoft-entfernt-flash-ab-juni-komplett\\\/#primaryimage\",\"url\":\"https:\\\/\\\/news.save.ch\\\/wp-content\\\/uploads\\\/2021\\\/05\\\/Depositphotos_22243267_s-2019.jpg\",\"contentUrl\":\"https:\\\/\\\/news.save.ch\\\/wp-content\\\/uploads\\\/2021\\\/05\\\/Depositphotos_22243267_s-2019.jpg\",\"width\":1000,\"height\":667,\"caption\":\"\u00a9depositphotos, bizoon\"},{\"@type\":\"BreadcrumbList\",\"@id\":\"https:\\\/\\\/news.save.ch\\\/microsoft-entfernt-flash-ab-juni-komplett\\\/#breadcrumb\",\"itemListElement\":[{\"@type\":\"ListItem\",\"position\":1,\"name\":\"Home\",\"item\":\"https:\\\/\\\/news.save.ch\\\/de\\\/\"},{\"@type\":\"ListItem\",\"position\":2,\"name\":\"Microsoft entfernt Flash ab Juni komplett\"}]},{\"@type\":\"WebSite\",\"@id\":\"https:\\\/\\\/news.save.ch\\\/de\\\/#website\",\"url\":\"https:\\\/\\\/news.save.ch\\\/de\\\/\",\"name\":\"Save\",\"description\":\"Schweizer Fachzeitschrift f\u00fcr Sicherheit\",\"publisher\":{\"@id\":\"https:\\\/\\\/news.save.ch\\\/de\\\/#organization\"},\"potentialAction\":[{\"@type\":\"SearchAction\",\"target\":{\"@type\":\"EntryPoint\",\"urlTemplate\":\"https:\\\/\\\/news.save.ch\\\/de\\\/?s={search_term_string}\"},\"query-input\":{\"@type\":\"PropertyValueSpecification\",\"valueRequired\":true,\"valueName\":\"search_term_string\"}}],\"inLanguage\":\"fr-FR\"},{\"@type\":\"Organization\",\"@id\":\"https:\\\/\\\/news.save.ch\\\/de\\\/#organization\",\"name\":\"Sicherheitsforum\",\"url\":\"https:\\\/\\\/news.save.ch\\\/de\\\/\",\"logo\":{\"@type\":\"ImageObject\",\"inLanguage\":\"fr-FR\",\"@id\":\"https:\\\/\\\/news.save.ch\\\/de\\\/#\\\/schema\\\/logo\\\/image\\\/\",\"url\":\"https:\\\/\\\/news.save.ch\\\/wp-content\\\/uploads\\\/2022\\\/06\\\/Logo_SF_2012.png\",\"contentUrl\":\"https:\\\/\\\/news.save.ch\\\/wp-content\\\/uploads\\\/2022\\\/06\\\/Logo_SF_2012.png\",\"width\":1100,\"height\":91,\"caption\":\"Sicherheitsforum\"},\"image\":{\"@id\":\"https:\\\/\\\/news.save.ch\\\/de\\\/#\\\/schema\\\/logo\\\/image\\\/\"}},{\"@type\":\"Person\",\"@id\":\"https:\\\/\\\/news.save.ch\\\/de\\\/#\\\/schema\\\/person\\\/ad4ef21102fd6125312409ac57d5296d\",\"name\":\"Simon Gr\u00f6flin\",\"image\":{\"@type\":\"ImageObject\",\"inLanguage\":\"fr-FR\",\"@id\":\"https:\\\/\\\/secure.gravatar.com\\\/avatar\\\/6ddceb80eb734354635539e0ea5140bb7c41e42de7c45c9a2ab9921b5d5c9a83?s=96&d=mm&r=g\",\"url\":\"https:\\\/\\\/secure.gravatar.com\\\/avatar\\\/6ddceb80eb734354635539e0ea5140bb7c41e42de7c45c9a2ab9921b5d5c9a83?s=96&d=mm&r=g\",\"contentUrl\":\"https:\\\/\\\/secure.gravatar.com\\\/avatar\\\/6ddceb80eb734354635539e0ea5140bb7c41e42de7c45c9a2ab9921b5d5c9a83?s=96&d=mm&r=g\",\"caption\":\"Simon Gr\u00f6flin\"},\"url\":\"https:\\\/\\\/news.save.ch\\\/fr\\\/author\\\/simon-groeflin\\\/\"}]}<\/script>\n<!-- \/ Yoast SEO plugin. -->","yoast_head_json":{"title":"Microsoft supprime compl\u00e8tement Flash \u00e0 partir de juin - Save","description":"\u00c0 partir de juin, le lecteur Flash sera automatiquement supprim\u00e9 des syst\u00e8mes Windows et la r\u00e9installation sera bloqu\u00e9e.","robots":{"index":"index","follow":"follow","max-snippet":"max-snippet:-1","max-image-preview":"max-image-preview:large","max-video-preview":"max-video-preview:-1"},"canonical":"https:\/\/news.save.ch\/fr\/microsoft-entfernt-flash-ab-juni-komplett\/","og_locale":"fr_FR","og_type":"article","og_title":"Microsoft entfernt Flash ab Juni komplett - Save","og_description":"Ab Juni wird der Flash-Player automatisch von Windows-Systemen entfernt und die Neuinstallation blockiert.","og_url":"https:\/\/news.save.ch\/fr\/microsoft-entfernt-flash-ab-juni-komplett\/","og_site_name":"Save","article_published_time":"2021-05-04T15:06:44+00:00","article_modified_time":"2023-07-19T05:55:35+00:00","og_image":[{"width":1000,"height":667,"url":"https:\/\/news.save.ch\/wp-content\/uploads\/2021\/05\/Depositphotos_22243267_s-2019.jpg","type":"image\/jpeg"}],"author":"Simon Gr\u00f6flin","twitter_card":"summary_large_image","twitter_misc":{"\u00c9crit par":"Simon Gr\u00f6flin","Dur\u00e9e de lecture estim\u00e9e":"1 minute"},"schema":{"@context":"https:\/\/schema.org","@graph":[{"@type":"Article","@id":"https:\/\/news.save.ch\/microsoft-entfernt-flash-ab-juni-komplett\/#article","isPartOf":{"@id":"https:\/\/news.save.ch\/microsoft-entfernt-flash-ab-juni-komplett\/"},"author":{"name":"Simon Gr\u00f6flin","@id":"https:\/\/news.save.ch\/de\/#\/schema\/person\/ad4ef21102fd6125312409ac57d5296d"},"headline":"Microsoft entfernt Flash ab Juni komplett","datePublished":"2021-05-04T15:06:44+00:00","dateModified":"2023-07-19T05:55:35+00:00","mainEntityOfPage":{"@id":"https:\/\/news.save.ch\/microsoft-entfernt-flash-ab-juni-komplett\/"},"wordCount":119,"publisher":{"@id":"https:\/\/news.save.ch\/de\/#organization"},"image":{"@id":"https:\/\/news.save.ch\/microsoft-entfernt-flash-ab-juni-komplett\/#primaryimage"},"thumbnailUrl":"https:\/\/news.save.ch\/wp-content\/uploads\/2021\/05\/Depositphotos_22243267_s-2019.jpg","keywords":["Adobe Flash","Microsoft","Patch-Day","Update KB4577586","Windows 10"],"articleSection":["DIGITALISIERUNG"],"inLanguage":"fr-FR"},{"@type":"WebPage","@id":"https:\/\/news.save.ch\/microsoft-entfernt-flash-ab-juni-komplett\/","url":"https:\/\/news.save.ch\/microsoft-entfernt-flash-ab-juni-komplett\/","name":"Microsoft supprime compl\u00e8tement Flash \u00e0 partir de juin - Save","isPartOf":{"@id":"https:\/\/news.save.ch\/de\/#website"},"primaryImageOfPage":{"@id":"https:\/\/news.save.ch\/microsoft-entfernt-flash-ab-juni-komplett\/#primaryimage"},"image":{"@id":"https:\/\/news.save.ch\/microsoft-entfernt-flash-ab-juni-komplett\/#primaryimage"},"thumbnailUrl":"https:\/\/news.save.ch\/wp-content\/uploads\/2021\/05\/Depositphotos_22243267_s-2019.jpg","datePublished":"2021-05-04T15:06:44+00:00","dateModified":"2023-07-19T05:55:35+00:00","description":"\u00c0 partir de juin, le lecteur Flash sera automatiquement supprim\u00e9 des syst\u00e8mes Windows et la r\u00e9installation sera bloqu\u00e9e.","breadcrumb":{"@id":"https:\/\/news.save.ch\/microsoft-entfernt-flash-ab-juni-komplett\/#breadcrumb"},"inLanguage":"fr-FR","potentialAction":[{"@type":"ReadAction","target":["https:\/\/news.save.ch\/microsoft-entfernt-flash-ab-juni-komplett\/"]}]},{"@type":"ImageObject","inLanguage":"fr-FR","@id":"https:\/\/news.save.ch\/microsoft-entfernt-flash-ab-juni-komplett\/#primaryimage","url":"https:\/\/news.save.ch\/wp-content\/uploads\/2021\/05\/Depositphotos_22243267_s-2019.jpg","contentUrl":"https:\/\/news.save.ch\/wp-content\/uploads\/2021\/05\/Depositphotos_22243267_s-2019.jpg","width":1000,"height":667,"caption":"\u00a9depositphotos, bizoon"},{"@type":"BreadcrumbList","@id":"https:\/\/news.save.ch\/microsoft-entfernt-flash-ab-juni-komplett\/#breadcrumb","itemListElement":[{"@type":"ListItem","position":1,"name":"Home","item":"https:\/\/news.save.ch\/de\/"},{"@type":"ListItem","position":2,"name":"Microsoft entfernt Flash ab Juni komplett"}]},{"@type":"WebSite","@id":"https:\/\/news.save.ch\/de\/#website","url":"https:\/\/news.save.ch\/de\/","name":"Save","description":"Revue suisse sp\u00e9cialis\u00e9e dans la s\u00e9curit\u00e9","publisher":{"@id":"https:\/\/news.save.ch\/de\/#organization"},"potentialAction":[{"@type":"SearchAction","target":{"@type":"EntryPoint","urlTemplate":"https:\/\/news.save.ch\/de\/?s={search_term_string}"},"query-input":{"@type":"PropertyValueSpecification","valueRequired":true,"valueName":"search_term_string"}}],"inLanguage":"fr-FR"},{"@type":"Organization","@id":"https:\/\/news.save.ch\/de\/#organization","name":"Forum sur la s\u00e9curit\u00e9","url":"https:\/\/news.save.ch\/de\/","logo":{"@type":"ImageObject","inLanguage":"fr-FR","@id":"https:\/\/news.save.ch\/de\/#\/schema\/logo\/image\/","url":"https:\/\/news.save.ch\/wp-content\/uploads\/2022\/06\/Logo_SF_2012.png","contentUrl":"https:\/\/news.save.ch\/wp-content\/uploads\/2022\/06\/Logo_SF_2012.png","width":1100,"height":91,"caption":"Sicherheitsforum"},"image":{"@id":"https:\/\/news.save.ch\/de\/#\/schema\/logo\/image\/"}},{"@type":"Person","@id":"https:\/\/news.save.ch\/de\/#\/schema\/person\/ad4ef21102fd6125312409ac57d5296d","name":"Simon Gr\u00f6flin","image":{"@type":"ImageObject","inLanguage":"fr-FR","@id":"https:\/\/secure.gravatar.com\/avatar\/6ddceb80eb734354635539e0ea5140bb7c41e42de7c45c9a2ab9921b5d5c9a83?s=96&d=mm&r=g","url":"https:\/\/secure.gravatar.com\/avatar\/6ddceb80eb734354635539e0ea5140bb7c41e42de7c45c9a2ab9921b5d5c9a83?s=96&d=mm&r=g","contentUrl":"https:\/\/secure.gravatar.com\/avatar\/6ddceb80eb734354635539e0ea5140bb7c41e42de7c45c9a2ab9921b5d5c9a83?s=96&d=mm&r=g","caption":"Simon Gr\u00f6flin"},"url":"https:\/\/news.save.ch\/fr\/author\/simon-groeflin\/"}]}},"_links":{"self":[{"href":"https:\/\/news.save.ch\/fr\/wp-json\/wp\/v2\/posts\/11936","targetHints":{"allow":["GET"]}}],"collection":[{"href":"https:\/\/news.save.ch\/fr\/wp-json\/wp\/v2\/posts"}],"about":[{"href":"https:\/\/news.save.ch\/fr\/wp-json\/wp\/v2\/types\/post"}],"author":[{"embeddable":true,"href":"https:\/\/news.save.ch\/fr\/wp-json\/wp\/v2\/users\/9"}],"replies":[{"embeddable":true,"href":"https:\/\/news.save.ch\/fr\/wp-json\/wp\/v2\/comments?post=11936"}],"version-history":[{"count":3,"href":"https:\/\/news.save.ch\/fr\/wp-json\/wp\/v2\/posts\/11936\/revisions"}],"predecessor-version":[{"id":21075,"href":"https:\/\/news.save.ch\/fr\/wp-json\/wp\/v2\/posts\/11936\/revisions\/21075"}],"wp:featuredmedia":[{"embeddable":true,"href":"https:\/\/news.save.ch\/fr\/wp-json\/wp\/v2\/media\/11939"}],"wp:attachment":[{"href":"https:\/\/news.save.ch\/fr\/wp-json\/wp\/v2\/media?parent=11936"}],"wp:term":[{"taxonomy":"category","embeddable":true,"href":"https:\/\/news.save.ch\/fr\/wp-json\/wp\/v2\/categories?post=11936"},{"taxonomy":"post_tag","embeddable":true,"href":"https:\/\/news.save.ch\/fr\/wp-json\/wp\/v2\/tags?post=11936"}],"curies":[{"name":"wp","href":"https:\/\/api.w.org\/{rel}","templated":true}]}}