{"id":1200,"date":"2016-10-13T16:39:10","date_gmt":"2016-10-13T14:39:10","guid":{"rendered":"https:\/\/dev.sicherheitsforum.ch\/?p=1200"},"modified":"2023-03-14T08:57:11","modified_gmt":"2023-03-14T07:57:11","slug":"it-sa-ein-datenschutzaktivist-spricht","status":null,"type":"post","link":"https:\/\/news.save.ch\/fr\/it-sa-ein-datenschutzaktivist-spricht\/","title":{"rendered":"it-sa : Un activiste de la protection des donn\u00e9es parle"},"content":{"rendered":"<figure id=\"attachment_1201\" aria-describedby=\"caption-attachment-1201\" style=\"width: 460px\" class=\"wp-caption alignnone\"><img loading=\"lazy\" decoding=\"async\" class=\"size-full wp-image-1201\" src=\"https:\/\/sicherheitsforum.ch\/wp-content\/uploads\/2016\/12\/it-sa-Ein-Datenschutzaktivist-spricht-it-security.png\" alt=\"Photo : it-sa\" width=\"460\" height=\"307\" srcset=\"https:\/\/news.save.ch\/wp-content\/uploads\/2016\/12\/it-sa-Ein-Datenschutzaktivist-spricht-it-security.png 460w, https:\/\/news.save.ch\/wp-content\/uploads\/2016\/12\/it-sa-Ein-Datenschutzaktivist-spricht-it-security-375x250.png 375w\" sizes=\"auto, (max-width: 460px) 100vw, 460px\" \/><figcaption id=\"caption-attachment-1201\" class=\"wp-caption-text\">Photo : it-sa<\/figcaption><\/figure>\n<p>Avec plus de 470 exposants, l'it-sa 2016 est plus grand que jamais, soulignent les organisateurs. \"Les experts en s\u00e9curit\u00e9 informatique et les d\u00e9cideurs se procurent un aper\u00e7u complet du march\u00e9 en visitant le salon professionnel. Ils profitent en outre de l'espace informatif <a href=\"https:\/\/www.it-sa.de\/de\/events\" target=\"_blank\" rel=\"noreferrer noopener\" data-cke-saved-href=\"https:\/\/www.it-sa.de\/de\/events\">Programme cadre<\/a> avec son offre adapt\u00e9e au groupe cible. <a href=\"https:\/\/www.it-sa.de\/de\/events\/1\/congressit-sa\/14180\" target=\"_blank\" rel=\"noreferrer noopener\" data-cke-saved-href=\"https:\/\/www.it-sa.de\/de\/events\/1\/congressit-sa\/14180\">Congr\u00e8s@it-sa<\/a> offre un savoir-faire suppl\u00e9mentaire\", explique Frank Venjakob, Executive Director it-sa, N\u00fcrnbergMesse.<\/p>\n<p><strong>Programme de conf\u00e9rences dans trois forums ouverts<\/strong><\/p>\n<p>Les forums ouverts permettent de s'orienter rapidement dans le programme de conf\u00e9rences de l'it-sa, qui compte au total quelque 230 contributions : Alors que dans le forum <a href=\"https:\/\/www.it-sa.de\/de\/events\/2\/forum-rot-\/14187\" target=\"_blank\" rel=\"noreferrer noopener\" data-cke-saved-href=\"https:\/\/www.it-sa.de\/de\/events\/2\/forum-rot-\/14187\">Rouge<\/a> l'importance strat\u00e9gique et \u00e9conomique de la s\u00e9curit\u00e9 informatique pour les entreprises, les contributions d'experts du Forum <a href=\"https:\/\/www.it-sa.de\/de\/events\/2\/forum-blau-\/14186\" target=\"_blank\" rel=\"noreferrer noopener\" data-cke-saved-href=\"https:\/\/www.it-sa.de\/de\/events\/2\/forum-blau-\/14186\">Bleu<\/a> avec la mise en \u0153uvre technique. Le site <a href=\"https:\/\/www.it-sa.de\/de\/events\/2\/auditorium\/14185\" target=\"_blank\" rel=\"noreferrer noopener\" data-cke-saved-href=\"https:\/\/www.it-sa.de\/de\/events\/2\/auditorium\/14185\">Auditorium<\/a> compl\u00e8te l'offre d'informations par des conf\u00e9rences sur l'\u00e9volution actuelle de la s\u00e9curit\u00e9 informatique et constitue une sc\u00e8ne pour les organisations du secteur et de la politique.<\/p>\n<p>Entre autres, l'association de l'\u00e9conomie Internet Eco informera sur une table ronde sur les applications Web vuln\u00e9rables, un panel TeleTrusT sur la s\u00e9curit\u00e9 de l'industrie 4.0 et l'Office f\u00e9d\u00e9ral de la s\u00e9curit\u00e9 dans la technologie de l'information sur l'\u00e9tat de la mise en \u0153uvre de la loi sur la s\u00e9curit\u00e9 informatique. Le th\u00e8me d'une table ronde pr\u00e9sent\u00e9e par l'h\u00f4pital IT-Journal m\u00e9rite une attention particuli\u00e8re apr\u00e8s les attaques r\u00e9ussies contre les h\u00f4pitaux : \u00e0 quels d\u00e9fis et investissements les responsables informatiques du secteur de la sant\u00e9 doivent-ils maintenant faire face ?<\/p>\n<p><strong>Keynote de l'activiste de la protection des donn\u00e9es Schrems<\/strong><\/p>\n<p>Le juriste et activiste de la protection des donn\u00e9es Maximilian Schrems, dont la plainte contre Facebook devant la Cour europ\u00e9enne de justice a conduit \u00e0 la fin de l'accord Safe Harbor avec les Etats-Unis, prononcera la keynote de l'it-sa (le 20 octobre \u00e0 12h30 dans l'auditorium). Dans son expos\u00e9 \"Une meilleure protection des donn\u00e9es gr\u00e2ce \u00e0 des structures informatiques plus s\u00fbres ? Ce que les nouvelles r\u00e8gles de l'UE exigent\", il aborde l'importance de la nouvelle r\u00e9glementation entr\u00e9e en vigueur en mai pour les responsables de la s\u00e9curit\u00e9 informatique.<\/p>\n<p><strong>Programme du congr\u00e8s avec un accent international<\/strong><\/p>\n<p>Congress@it-sa propose aux responsables de la s\u00e9curit\u00e9 informatique, aux d\u00e9cideurs, aux chercheurs, etc. une offre pr\u00e9cise sur les derniers d\u00e9veloppements en mati\u00e8re de s\u00e9curit\u00e9 informatique. Parmi les th\u00e8mes du programme du congr\u00e8s figurent des aspects juridiques tels que le r\u00e8glement g\u00e9n\u00e9ral sur la protection des donn\u00e9es de l'UE ainsi que des informations sp\u00e9cialis\u00e9es. Lors d'autres manifestations, les intervenants pr\u00e9senteront des mesures pour la protection de l'informatique d'entreprise et se pencheront sur la question de savoir quelle est la bonne strat\u00e9gie de s\u00e9curit\u00e9 actuellement. L'EICAR Conference, d'orientation internationale, se d\u00e9roulera pour la premi\u00e8re fois parall\u00e8lement \u00e0 l'it-sa. Cette manifestation de deux jours d\u00e9butera d\u00e8s le lundi 17 octobre. Cette ann\u00e9e, la 24e \u00e9dition est plac\u00e9e sous le th\u00e8me de la fiabilit\u00e9 des solutions de s\u00e9curit\u00e9 informatique.<\/p>\n<p><em>Communiqu\u00e9 de presse it-sa<\/em><\/p>\n<p>&nbsp;<\/p>","protected":false},"excerpt":{"rendered":"<p>Mit mehr als 470 Ausstellern sei die it-sa 2016 gr\u00f6sser denn je, betonen die Organisatoren. \u201eIT-Security-Experten und Entscheider verschaffen sich mit einem Besuch der Fachmesse einen umfassenden Markt\u00fcberblick. Zus\u00e4tzlich profitieren sie vom informativen Rahmenprogramm mit seinem zielgruppengerechten Angebot. Congress@it-sa bietet zus\u00e4tzliches Know-how\u201c, erkl\u00e4rt Frank Venjakob, Executive Director it-sa, N\u00fcrnbergMesse. Vortragsprogramm in drei offenen Foren Die [&hellip;]<\/p>\n","protected":false},"author":1,"featured_media":1201,"comment_status":"open","ping_status":"open","sticky":false,"template":"","format":"standard","meta":{"_acf_changed":false,"pgc_sgb_lightbox_settings":"","footnotes":""},"categories":[3313],"tags":[109,84,63],"class_list":["post-1200","post","type-post","status-publish","format-standard","has-post-thumbnail","hentry","category-digitalisierung","tag-aus-und-weiterbildung","tag-fachkongressfachmesse","tag-it-security"],"acf":[],"hkrextid":null,"publication":null,"issue":null,"workflow":null,"startPage":null,"spitzmarke":null,"_posts_by_tag_page_fields":{"widget_title":"","widget_tags":""},"_at_widget":"1","_yoast_wpseo_primary_category":"2","_yoast_wpseo_focuskw_text_input":"it-sa","_yoast_wpseo_opengraph-image":"https:\/\/news.save.ch\/wp-content\/uploads\/2016\/12\/it-sa-Ein-Datenschutzaktivist-spricht-it-security.png","_yoast_wpseo_opengraph-description":"Vom 18. bis 20. Oktober informieren sich IT-Sicherheitsexperten auf der Fachveranstaltung it-sa \u00fcber aktuelle IT-Sicherheitsprodukte und -dienstleistungen. Besucher erwartet ein umfassendes Rahmenprogramm: Rund 230 Vortr\u00e4ge und Diskussionsrunden stehen ihnen in drei Foren offen.","_yoast_wpseo_opengraph-title":"it-sa: Ein Datenschutzaktivist spricht","enclosure":null,"_yoast_wpseo_twitter-title":null,"_yoast_wpseo_twitter-description":null,"_yoast_wpseo_twitter-image":null,"_wp_old_slug":null,"_yoast_wpseo_title":null,"_yoast_wpseo_canonical":null,"yoast_head":"<!-- This site is optimized with the Yoast SEO plugin v27.5 - https:\/\/yoast.com\/product\/yoast-seo-wordpress\/ -->\n<title>it-sa: Ein Datenschutzaktivist spricht - Save<\/title>\n<meta name=\"description\" content=\"Vom 18. bis 20. Oktober informieren sich IT-Sicherheitsexperten auf der Fachveranstaltung it-sa \u00fcber aktuelle IT-Sicherheitsprodukte und -dienstleistungen.\" \/>\n<meta name=\"robots\" content=\"index, follow, max-snippet:-1, max-image-preview:large, max-video-preview:-1\" \/>\n<link rel=\"canonical\" href=\"https:\/\/news.save.ch\/fr\/it-sa-ein-datenschutzaktivist-spricht\/\" \/>\n<meta property=\"og:locale\" content=\"fr_FR\" \/>\n<meta property=\"og:type\" content=\"article\" \/>\n<meta property=\"og:title\" content=\"it-sa: Ein Datenschutzaktivist spricht\" \/>\n<meta property=\"og:description\" content=\"Vom 18. bis 20. Oktober informieren sich IT-Sicherheitsexperten auf der Fachveranstaltung it-sa \u00fcber aktuelle IT-Sicherheitsprodukte und -dienstleistungen. Besucher erwartet ein umfassendes Rahmenprogramm: Rund 230 Vortr\u00e4ge und Diskussionsrunden stehen ihnen in drei Foren offen.\" \/>\n<meta property=\"og:url\" content=\"https:\/\/news.save.ch\/fr\/it-sa-ein-datenschutzaktivist-spricht\/\" \/>\n<meta property=\"og:site_name\" content=\"Save\" \/>\n<meta property=\"article:published_time\" content=\"2016-10-13T14:39:10+00:00\" \/>\n<meta property=\"article:modified_time\" content=\"2023-03-14T07:57:11+00:00\" \/>\n<meta property=\"og:image\" content=\"https:\/\/news.save.ch\/wp-content\/uploads\/2016\/12\/it-sa-Ein-Datenschutzaktivist-spricht-it-security.png\" \/>\n<meta name=\"author\" content=\"admin\" \/>\n<meta name=\"twitter:card\" content=\"summary_large_image\" \/>\n<meta name=\"twitter:label1\" content=\"\u00c9crit par\" \/>\n\t<meta name=\"twitter:data1\" content=\"admin\" \/>\n\t<meta name=\"twitter:label2\" content=\"Dur\u00e9e de lecture estim\u00e9e\" \/>\n\t<meta name=\"twitter:data2\" content=\"2 minutes\" \/>\n<script type=\"application\/ld+json\" class=\"yoast-schema-graph\">{\"@context\":\"https:\\\/\\\/schema.org\",\"@graph\":[{\"@type\":\"Article\",\"@id\":\"https:\\\/\\\/news.save.ch\\\/it-sa-ein-datenschutzaktivist-spricht\\\/#article\",\"isPartOf\":{\"@id\":\"https:\\\/\\\/news.save.ch\\\/it-sa-ein-datenschutzaktivist-spricht\\\/\"},\"author\":{\"name\":\"admin\",\"@id\":\"https:\\\/\\\/news.save.ch\\\/de\\\/#\\\/schema\\\/person\\\/d49e199490bad7c70d64b9ab51142f2b\"},\"headline\":\"it-sa: Ein Datenschutzaktivist spricht\",\"datePublished\":\"2016-10-13T14:39:10+00:00\",\"dateModified\":\"2023-03-14T07:57:11+00:00\",\"mainEntityOfPage\":{\"@id\":\"https:\\\/\\\/news.save.ch\\\/it-sa-ein-datenschutzaktivist-spricht\\\/\"},\"wordCount\":374,\"commentCount\":0,\"publisher\":{\"@id\":\"https:\\\/\\\/news.save.ch\\\/de\\\/#organization\"},\"image\":{\"@id\":\"https:\\\/\\\/news.save.ch\\\/it-sa-ein-datenschutzaktivist-spricht\\\/#primaryimage\"},\"thumbnailUrl\":\"https:\\\/\\\/news.save.ch\\\/wp-content\\\/uploads\\\/2016\\\/12\\\/it-sa-Ein-Datenschutzaktivist-spricht-it-security.png\",\"keywords\":[\"Aus- und Weiterbildung\",\"Fachkongress\\\/Fachmesse\",\"IT-SECURITY\"],\"articleSection\":[\"DIGITALISIERUNG\"],\"inLanguage\":\"fr-FR\"},{\"@type\":\"WebPage\",\"@id\":\"https:\\\/\\\/news.save.ch\\\/it-sa-ein-datenschutzaktivist-spricht\\\/\",\"url\":\"https:\\\/\\\/news.save.ch\\\/it-sa-ein-datenschutzaktivist-spricht\\\/\",\"name\":\"it-sa: Ein Datenschutzaktivist spricht - Save\",\"isPartOf\":{\"@id\":\"https:\\\/\\\/news.save.ch\\\/de\\\/#website\"},\"primaryImageOfPage\":{\"@id\":\"https:\\\/\\\/news.save.ch\\\/it-sa-ein-datenschutzaktivist-spricht\\\/#primaryimage\"},\"image\":{\"@id\":\"https:\\\/\\\/news.save.ch\\\/it-sa-ein-datenschutzaktivist-spricht\\\/#primaryimage\"},\"thumbnailUrl\":\"https:\\\/\\\/news.save.ch\\\/wp-content\\\/uploads\\\/2016\\\/12\\\/it-sa-Ein-Datenschutzaktivist-spricht-it-security.png\",\"datePublished\":\"2016-10-13T14:39:10+00:00\",\"dateModified\":\"2023-03-14T07:57:11+00:00\",\"description\":\"Vom 18. bis 20. Oktober informieren sich IT-Sicherheitsexperten auf der Fachveranstaltung it-sa \u00fcber aktuelle IT-Sicherheitsprodukte und -dienstleistungen.\",\"breadcrumb\":{\"@id\":\"https:\\\/\\\/news.save.ch\\\/it-sa-ein-datenschutzaktivist-spricht\\\/#breadcrumb\"},\"inLanguage\":\"fr-FR\",\"potentialAction\":[{\"@type\":\"ReadAction\",\"target\":[\"https:\\\/\\\/news.save.ch\\\/it-sa-ein-datenschutzaktivist-spricht\\\/\"]}]},{\"@type\":\"ImageObject\",\"inLanguage\":\"fr-FR\",\"@id\":\"https:\\\/\\\/news.save.ch\\\/it-sa-ein-datenschutzaktivist-spricht\\\/#primaryimage\",\"url\":\"https:\\\/\\\/news.save.ch\\\/wp-content\\\/uploads\\\/2016\\\/12\\\/it-sa-Ein-Datenschutzaktivist-spricht-it-security.png\",\"contentUrl\":\"https:\\\/\\\/news.save.ch\\\/wp-content\\\/uploads\\\/2016\\\/12\\\/it-sa-Ein-Datenschutzaktivist-spricht-it-security.png\",\"width\":460,\"height\":307,\"caption\":\"Foto: it-sa\"},{\"@type\":\"BreadcrumbList\",\"@id\":\"https:\\\/\\\/news.save.ch\\\/it-sa-ein-datenschutzaktivist-spricht\\\/#breadcrumb\",\"itemListElement\":[{\"@type\":\"ListItem\",\"position\":1,\"name\":\"Home\",\"item\":\"https:\\\/\\\/news.save.ch\\\/de\\\/\"},{\"@type\":\"ListItem\",\"position\":2,\"name\":\"it-sa: Ein Datenschutzaktivist spricht\"}]},{\"@type\":\"WebSite\",\"@id\":\"https:\\\/\\\/news.save.ch\\\/de\\\/#website\",\"url\":\"https:\\\/\\\/news.save.ch\\\/de\\\/\",\"name\":\"Save\",\"description\":\"Schweizer Fachzeitschrift f\u00fcr Sicherheit\",\"publisher\":{\"@id\":\"https:\\\/\\\/news.save.ch\\\/de\\\/#organization\"},\"potentialAction\":[{\"@type\":\"SearchAction\",\"target\":{\"@type\":\"EntryPoint\",\"urlTemplate\":\"https:\\\/\\\/news.save.ch\\\/de\\\/?s={search_term_string}\"},\"query-input\":{\"@type\":\"PropertyValueSpecification\",\"valueRequired\":true,\"valueName\":\"search_term_string\"}}],\"inLanguage\":\"fr-FR\"},{\"@type\":\"Organization\",\"@id\":\"https:\\\/\\\/news.save.ch\\\/de\\\/#organization\",\"name\":\"Sicherheitsforum\",\"url\":\"https:\\\/\\\/news.save.ch\\\/de\\\/\",\"logo\":{\"@type\":\"ImageObject\",\"inLanguage\":\"fr-FR\",\"@id\":\"https:\\\/\\\/news.save.ch\\\/de\\\/#\\\/schema\\\/logo\\\/image\\\/\",\"url\":\"https:\\\/\\\/news.save.ch\\\/wp-content\\\/uploads\\\/2022\\\/06\\\/Logo_SF_2012.png\",\"contentUrl\":\"https:\\\/\\\/news.save.ch\\\/wp-content\\\/uploads\\\/2022\\\/06\\\/Logo_SF_2012.png\",\"width\":1100,\"height\":91,\"caption\":\"Sicherheitsforum\"},\"image\":{\"@id\":\"https:\\\/\\\/news.save.ch\\\/de\\\/#\\\/schema\\\/logo\\\/image\\\/\"}},{\"@type\":\"Person\",\"@id\":\"https:\\\/\\\/news.save.ch\\\/de\\\/#\\\/schema\\\/person\\\/d49e199490bad7c70d64b9ab51142f2b\",\"name\":\"admin\",\"image\":{\"@type\":\"ImageObject\",\"inLanguage\":\"fr-FR\",\"@id\":\"https:\\\/\\\/secure.gravatar.com\\\/avatar\\\/ae2f4d718e6c49043e314ce431e7e645d646302a24a5ef5a8bc8e3f5a032e319?s=96&d=mm&r=g\",\"url\":\"https:\\\/\\\/secure.gravatar.com\\\/avatar\\\/ae2f4d718e6c49043e314ce431e7e645d646302a24a5ef5a8bc8e3f5a032e319?s=96&d=mm&r=g\",\"contentUrl\":\"https:\\\/\\\/secure.gravatar.com\\\/avatar\\\/ae2f4d718e6c49043e314ce431e7e645d646302a24a5ef5a8bc8e3f5a032e319?s=96&d=mm&r=g\",\"caption\":\"admin\"},\"sameAs\":[\"https:\\\/\\\/develop.organisator.galledia.ch\"],\"url\":\"https:\\\/\\\/news.save.ch\\\/fr\\\/author\\\/admin\\\/\"}]}<\/script>\n<!-- \/ Yoast SEO plugin. -->","yoast_head_json":{"title":"it-sa : Un activiste de la protection des donn\u00e9es parle - Save","description":"Du 18 au 20 octobre, les experts en s\u00e9curit\u00e9 informatique s'informeront sur les produits et services actuels de s\u00e9curit\u00e9 informatique lors de l'\u00e9v\u00e9nement professionnel it-sa.","robots":{"index":"index","follow":"follow","max-snippet":"max-snippet:-1","max-image-preview":"max-image-preview:large","max-video-preview":"max-video-preview:-1"},"canonical":"https:\/\/news.save.ch\/fr\/it-sa-ein-datenschutzaktivist-spricht\/","og_locale":"fr_FR","og_type":"article","og_title":"it-sa: Ein Datenschutzaktivist spricht","og_description":"Vom 18. bis 20. Oktober informieren sich IT-Sicherheitsexperten auf der Fachveranstaltung it-sa \u00fcber aktuelle IT-Sicherheitsprodukte und -dienstleistungen. Besucher erwartet ein umfassendes Rahmenprogramm: Rund 230 Vortr\u00e4ge und Diskussionsrunden stehen ihnen in drei Foren offen.","og_url":"https:\/\/news.save.ch\/fr\/it-sa-ein-datenschutzaktivist-spricht\/","og_site_name":"Save","article_published_time":"2016-10-13T14:39:10+00:00","article_modified_time":"2023-03-14T07:57:11+00:00","og_image":[{"url":"https:\/\/news.save.ch\/wp-content\/uploads\/2016\/12\/it-sa-Ein-Datenschutzaktivist-spricht-it-security.png","type":"","width":"","height":""}],"author":"admin","twitter_card":"summary_large_image","twitter_misc":{"\u00c9crit par":"admin","Dur\u00e9e de lecture estim\u00e9e":"2 minutes"},"schema":{"@context":"https:\/\/schema.org","@graph":[{"@type":"Article","@id":"https:\/\/news.save.ch\/it-sa-ein-datenschutzaktivist-spricht\/#article","isPartOf":{"@id":"https:\/\/news.save.ch\/it-sa-ein-datenschutzaktivist-spricht\/"},"author":{"name":"admin","@id":"https:\/\/news.save.ch\/de\/#\/schema\/person\/d49e199490bad7c70d64b9ab51142f2b"},"headline":"it-sa: Ein Datenschutzaktivist spricht","datePublished":"2016-10-13T14:39:10+00:00","dateModified":"2023-03-14T07:57:11+00:00","mainEntityOfPage":{"@id":"https:\/\/news.save.ch\/it-sa-ein-datenschutzaktivist-spricht\/"},"wordCount":374,"commentCount":0,"publisher":{"@id":"https:\/\/news.save.ch\/de\/#organization"},"image":{"@id":"https:\/\/news.save.ch\/it-sa-ein-datenschutzaktivist-spricht\/#primaryimage"},"thumbnailUrl":"https:\/\/news.save.ch\/wp-content\/uploads\/2016\/12\/it-sa-Ein-Datenschutzaktivist-spricht-it-security.png","keywords":["Aus- und Weiterbildung","Fachkongress\/Fachmesse","IT-SECURITY"],"articleSection":["DIGITALISIERUNG"],"inLanguage":"fr-FR"},{"@type":"WebPage","@id":"https:\/\/news.save.ch\/it-sa-ein-datenschutzaktivist-spricht\/","url":"https:\/\/news.save.ch\/it-sa-ein-datenschutzaktivist-spricht\/","name":"it-sa : Un activiste de la protection des donn\u00e9es parle - Save","isPartOf":{"@id":"https:\/\/news.save.ch\/de\/#website"},"primaryImageOfPage":{"@id":"https:\/\/news.save.ch\/it-sa-ein-datenschutzaktivist-spricht\/#primaryimage"},"image":{"@id":"https:\/\/news.save.ch\/it-sa-ein-datenschutzaktivist-spricht\/#primaryimage"},"thumbnailUrl":"https:\/\/news.save.ch\/wp-content\/uploads\/2016\/12\/it-sa-Ein-Datenschutzaktivist-spricht-it-security.png","datePublished":"2016-10-13T14:39:10+00:00","dateModified":"2023-03-14T07:57:11+00:00","description":"Du 18 au 20 octobre, les experts en s\u00e9curit\u00e9 informatique s'informeront sur les produits et services actuels de s\u00e9curit\u00e9 informatique lors de l'\u00e9v\u00e9nement professionnel it-sa.","breadcrumb":{"@id":"https:\/\/news.save.ch\/it-sa-ein-datenschutzaktivist-spricht\/#breadcrumb"},"inLanguage":"fr-FR","potentialAction":[{"@type":"ReadAction","target":["https:\/\/news.save.ch\/it-sa-ein-datenschutzaktivist-spricht\/"]}]},{"@type":"ImageObject","inLanguage":"fr-FR","@id":"https:\/\/news.save.ch\/it-sa-ein-datenschutzaktivist-spricht\/#primaryimage","url":"https:\/\/news.save.ch\/wp-content\/uploads\/2016\/12\/it-sa-Ein-Datenschutzaktivist-spricht-it-security.png","contentUrl":"https:\/\/news.save.ch\/wp-content\/uploads\/2016\/12\/it-sa-Ein-Datenschutzaktivist-spricht-it-security.png","width":460,"height":307,"caption":"Foto: it-sa"},{"@type":"BreadcrumbList","@id":"https:\/\/news.save.ch\/it-sa-ein-datenschutzaktivist-spricht\/#breadcrumb","itemListElement":[{"@type":"ListItem","position":1,"name":"Home","item":"https:\/\/news.save.ch\/de\/"},{"@type":"ListItem","position":2,"name":"it-sa: Ein Datenschutzaktivist spricht"}]},{"@type":"WebSite","@id":"https:\/\/news.save.ch\/de\/#website","url":"https:\/\/news.save.ch\/de\/","name":"Save","description":"Revue suisse sp\u00e9cialis\u00e9e dans la s\u00e9curit\u00e9","publisher":{"@id":"https:\/\/news.save.ch\/de\/#organization"},"potentialAction":[{"@type":"SearchAction","target":{"@type":"EntryPoint","urlTemplate":"https:\/\/news.save.ch\/de\/?s={search_term_string}"},"query-input":{"@type":"PropertyValueSpecification","valueRequired":true,"valueName":"search_term_string"}}],"inLanguage":"fr-FR"},{"@type":"Organization","@id":"https:\/\/news.save.ch\/de\/#organization","name":"Forum sur la s\u00e9curit\u00e9","url":"https:\/\/news.save.ch\/de\/","logo":{"@type":"ImageObject","inLanguage":"fr-FR","@id":"https:\/\/news.save.ch\/de\/#\/schema\/logo\/image\/","url":"https:\/\/news.save.ch\/wp-content\/uploads\/2022\/06\/Logo_SF_2012.png","contentUrl":"https:\/\/news.save.ch\/wp-content\/uploads\/2022\/06\/Logo_SF_2012.png","width":1100,"height":91,"caption":"Sicherheitsforum"},"image":{"@id":"https:\/\/news.save.ch\/de\/#\/schema\/logo\/image\/"}},{"@type":"Person","@id":"https:\/\/news.save.ch\/de\/#\/schema\/person\/d49e199490bad7c70d64b9ab51142f2b","name":"admin","image":{"@type":"ImageObject","inLanguage":"fr-FR","@id":"https:\/\/secure.gravatar.com\/avatar\/ae2f4d718e6c49043e314ce431e7e645d646302a24a5ef5a8bc8e3f5a032e319?s=96&d=mm&r=g","url":"https:\/\/secure.gravatar.com\/avatar\/ae2f4d718e6c49043e314ce431e7e645d646302a24a5ef5a8bc8e3f5a032e319?s=96&d=mm&r=g","contentUrl":"https:\/\/secure.gravatar.com\/avatar\/ae2f4d718e6c49043e314ce431e7e645d646302a24a5ef5a8bc8e3f5a032e319?s=96&d=mm&r=g","caption":"admin"},"sameAs":["https:\/\/develop.organisator.galledia.ch"],"url":"https:\/\/news.save.ch\/fr\/author\/admin\/"}]}},"_links":{"self":[{"href":"https:\/\/news.save.ch\/fr\/wp-json\/wp\/v2\/posts\/1200","targetHints":{"allow":["GET"]}}],"collection":[{"href":"https:\/\/news.save.ch\/fr\/wp-json\/wp\/v2\/posts"}],"about":[{"href":"https:\/\/news.save.ch\/fr\/wp-json\/wp\/v2\/types\/post"}],"author":[{"embeddable":true,"href":"https:\/\/news.save.ch\/fr\/wp-json\/wp\/v2\/users\/1"}],"replies":[{"embeddable":true,"href":"https:\/\/news.save.ch\/fr\/wp-json\/wp\/v2\/comments?post=1200"}],"version-history":[{"count":1,"href":"https:\/\/news.save.ch\/fr\/wp-json\/wp\/v2\/posts\/1200\/revisions"}],"predecessor-version":[{"id":17564,"href":"https:\/\/news.save.ch\/fr\/wp-json\/wp\/v2\/posts\/1200\/revisions\/17564"}],"wp:featuredmedia":[{"embeddable":true,"href":"https:\/\/news.save.ch\/fr\/wp-json\/wp\/v2\/media\/1201"}],"wp:attachment":[{"href":"https:\/\/news.save.ch\/fr\/wp-json\/wp\/v2\/media?parent=1200"}],"wp:term":[{"taxonomy":"category","embeddable":true,"href":"https:\/\/news.save.ch\/fr\/wp-json\/wp\/v2\/categories?post=1200"},{"taxonomy":"post_tag","embeddable":true,"href":"https:\/\/news.save.ch\/fr\/wp-json\/wp\/v2\/tags?post=1200"}],"curies":[{"name":"wp","href":"https:\/\/api.w.org\/{rel}","templated":true}]}}