{"id":12068,"date":"2021-05-31T07:34:40","date_gmt":"2021-05-31T05:34:40","guid":{"rendered":"https:\/\/news.save.ch\/?p=12068"},"modified":"2023-07-19T06:09:42","modified_gmt":"2023-07-19T04:09:42","slug":"cyberrisiken-in-kritischen-infrastrukturen","status":null,"type":"post","link":"https:\/\/news.save.ch\/fr\/cyberrisiken-in-kritischen-infrastrukturen\/","title":{"rendered":"Les cyber-risques dans les infrastructures critiques"},"content":{"rendered":"<figure id=\"attachment_12071\" aria-describedby=\"caption-attachment-12071\" style=\"width: 1000px\" class=\"wp-caption alignnone\"><img loading=\"lazy\" decoding=\"async\" class=\"wp-image-12071 size-full\" src=\"https:\/\/news.save.ch\/wp-content\/uploads\/2021\/05\/Depositphotos_16997167_s-2019.jpg\" alt=\"S\u00e9curit\u00e9\" width=\"1000\" height=\"664\" srcset=\"https:\/\/news.save.ch\/wp-content\/uploads\/2021\/05\/Depositphotos_16997167_s-2019.jpg 1000w, https:\/\/news.save.ch\/wp-content\/uploads\/2021\/05\/Depositphotos_16997167_s-2019-375x249.jpg 375w\" sizes=\"auto, (max-width: 1000px) 100vw, 1000px\" \/><figcaption id=\"caption-attachment-12071\" class=\"wp-caption-text\">\u00a9depositphotos, patron74<\/figcaption><\/figure>\n<p>Le Contr\u00f4le f\u00e9d\u00e9ral des finances (CDF) a publi\u00e9 son rapport annuel 2020 et a identifi\u00e9 plusieurs infrastructures critiques. Ainsi, certaines banques ne respecteraient plus l'obligation d'annoncer les cyberincidents. En outre, il y a de plus en plus d'indices de cyberrisques dans la gestion des b\u00e2timents de l'administration f\u00e9d\u00e9rale.<\/p>\n<p>Cela concerne entre autres la mise en r\u00e9seau des syst\u00e8mes d'application ainsi que des lacunes dans les syst\u00e8mes de s\u00e9curit\u00e9 et de s\u00fbret\u00e9. L'Office f\u00e9d\u00e9ral des constructions et de la logistique (OFCL) a reconnu les questions du CDF et a pris \"des mesures imm\u00e9diates pour y rem\u00e9dier\", selon un communiqu\u00e9. Une augmentation drastique des d\u00e9nonciations a \u00e9galement \u00e9t\u00e9 constat\u00e9e. Au total, 484 annonces ont \u00e9t\u00e9 re\u00e7ues. Cette nette augmentation s'explique en grande partie par les signalements li\u00e9s \u00e0 la crise sanitaire.<\/p>\n<p>Le rapport annuel 2020 peut \u00eatre consult\u00e9 sur le site web du CDF : <a href=\"https:\/\/www.efk.admin.ch\" target=\"_blank\" rel=\"noopener\">www.efk.admin.ch<\/a><\/p>\n<p><em>Source : CDF<\/em><\/p>","protected":false},"excerpt":{"rendered":"<p>Die Eidgen\u00f6ssische Finanzkontrolle (EFK) hat ihren Jahresbericht 2020 ver\u00f6ffentlicht und mehrere kritische Infrastrukturen identifiziert. So w\u00fcrden sich Banken teilweise nicht mehr an die Pflicht halten, Cybervorf\u00e4lle zu melden. Zudem gibt es vermehrt Hinweise auf Cyberrisiken bei der Geb\u00e4udesteuerung der Bundesverwaltung. Dies betrifft unter anderem die Vernetzung der Anwendungssysteme sowie Sicherheitsl\u00fccken bei den Sicherheits- und Sicherungssystemen. [&hellip;]<\/p>\n","protected":false},"author":9,"featured_media":12071,"comment_status":"closed","ping_status":"closed","sticky":false,"template":"","format":"standard","meta":{"_acf_changed":false,"pgc_sgb_lightbox_settings":"","footnotes":""},"categories":[1,3313],"tags":[1208,3661,1209,5508,353,310,4224,5509],"class_list":["post-12068","post","type-post","status-publish","format-standard","has-post-thumbnail","hentry","category-allgemein","category-digitalisierung","tag-bbl","tag-cybervorfaelle","tag-efk","tag-gebaeudesteuerung","tag-infrastruktursicherheit","tag-sicherheit","tag-sicherheitsluecken","tag-whistleblower"],"acf":[],"hkrextid":null,"publication":null,"issue":null,"workflow":null,"startPage":null,"spitzmarke":null,"_posts_by_tag_page_fields":{"widget_title":"","widget_tags":""},"_at_widget":"1","_yoast_wpseo_primary_category":"1","_yoast_wpseo_focuskw_text_input":null,"_yoast_wpseo_opengraph-image":null,"_yoast_wpseo_opengraph-description":null,"_yoast_wpseo_opengraph-title":null,"enclosure":null,"_yoast_wpseo_twitter-title":null,"_yoast_wpseo_twitter-description":null,"_yoast_wpseo_twitter-image":null,"_wp_old_slug":null,"_yoast_wpseo_title":null,"_yoast_wpseo_canonical":null,"yoast_head":"<!-- This site is optimized with the Yoast SEO plugin v27.4 - https:\/\/yoast.com\/product\/yoast-seo-wordpress\/ -->\n<title>Cyberrisiken in kritischen Infrastrukturen - Save<\/title>\n<meta name=\"description\" content=\"In ihrem Jahresbericht hat die Eidgen\u00f6ssische Finanzkontrolle (EFK) bedenkliche Risiken in kritischen Infrastrukturen festgestellt. Betroffen ist beispielsweise auch die Geb\u00e4udesteuerung der Bundesverwaltung.\" \/>\n<meta name=\"robots\" content=\"index, follow, max-snippet:-1, max-image-preview:large, max-video-preview:-1\" \/>\n<link rel=\"canonical\" href=\"https:\/\/news.save.ch\/fr\/cyberrisiken-in-kritischen-infrastrukturen\/\" \/>\n<meta property=\"og:locale\" content=\"fr_FR\" \/>\n<meta property=\"og:type\" content=\"article\" \/>\n<meta property=\"og:title\" content=\"Cyberrisiken in kritischen Infrastrukturen - Save\" \/>\n<meta property=\"og:description\" content=\"In ihrem Jahresbericht hat die Eidgen\u00f6ssische Finanzkontrolle (EFK) bedenkliche Risiken in kritischen Infrastrukturen festgestellt. Betroffen ist beispielsweise auch die Geb\u00e4udesteuerung der Bundesverwaltung.\" \/>\n<meta property=\"og:url\" content=\"https:\/\/news.save.ch\/fr\/cyberrisiken-in-kritischen-infrastrukturen\/\" \/>\n<meta property=\"og:site_name\" content=\"Save\" \/>\n<meta property=\"article:published_time\" content=\"2021-05-31T05:34:40+00:00\" \/>\n<meta property=\"article:modified_time\" content=\"2023-07-19T04:09:42+00:00\" \/>\n<meta property=\"og:image\" content=\"https:\/\/news.save.ch\/wp-content\/uploads\/2021\/05\/Depositphotos_16997167_s-2019.jpg\" \/>\n\t<meta property=\"og:image:width\" content=\"1000\" \/>\n\t<meta property=\"og:image:height\" content=\"664\" \/>\n\t<meta property=\"og:image:type\" content=\"image\/jpeg\" \/>\n<meta name=\"author\" content=\"Simon Gr\u00f6flin\" \/>\n<meta name=\"twitter:card\" content=\"summary_large_image\" \/>\n<meta name=\"twitter:label1\" content=\"\u00c9crit par\" \/>\n\t<meta name=\"twitter:data1\" content=\"Simon Gr\u00f6flin\" \/>\n\t<meta name=\"twitter:label2\" content=\"Dur\u00e9e de lecture estim\u00e9e\" \/>\n\t<meta name=\"twitter:data2\" content=\"1 minute\" \/>\n<script type=\"application\/ld+json\" class=\"yoast-schema-graph\">{\"@context\":\"https:\\\/\\\/schema.org\",\"@graph\":[{\"@type\":\"Article\",\"@id\":\"https:\\\/\\\/news.save.ch\\\/cyberrisiken-in-kritischen-infrastrukturen\\\/#article\",\"isPartOf\":{\"@id\":\"https:\\\/\\\/news.save.ch\\\/cyberrisiken-in-kritischen-infrastrukturen\\\/\"},\"author\":{\"name\":\"Simon Gr\u00f6flin\",\"@id\":\"https:\\\/\\\/news.save.ch\\\/de\\\/#\\\/schema\\\/person\\\/ad4ef21102fd6125312409ac57d5296d\"},\"headline\":\"Cyberrisiken in kritischen Infrastrukturen\",\"datePublished\":\"2021-05-31T05:34:40+00:00\",\"dateModified\":\"2023-07-19T04:09:42+00:00\",\"mainEntityOfPage\":{\"@id\":\"https:\\\/\\\/news.save.ch\\\/cyberrisiken-in-kritischen-infrastrukturen\\\/\"},\"wordCount\":140,\"publisher\":{\"@id\":\"https:\\\/\\\/news.save.ch\\\/de\\\/#organization\"},\"image\":{\"@id\":\"https:\\\/\\\/news.save.ch\\\/cyberrisiken-in-kritischen-infrastrukturen\\\/#primaryimage\"},\"thumbnailUrl\":\"https:\\\/\\\/news.save.ch\\\/wp-content\\\/uploads\\\/2021\\\/05\\\/Depositphotos_16997167_s-2019.jpg\",\"keywords\":[\"BBL\",\"Cybervorf\u00e4lle\",\"EFK\",\"Geb\u00e4udesteuerung\",\"Infrastruktursicherheit\",\"Sicherheit\",\"Sicherheitsl\u00fccken\",\"Whistleblower\"],\"articleSection\":[\"ALLGEMEIN\",\"DIGITALISIERUNG\"],\"inLanguage\":\"fr-FR\"},{\"@type\":\"WebPage\",\"@id\":\"https:\\\/\\\/news.save.ch\\\/cyberrisiken-in-kritischen-infrastrukturen\\\/\",\"url\":\"https:\\\/\\\/news.save.ch\\\/cyberrisiken-in-kritischen-infrastrukturen\\\/\",\"name\":\"Cyberrisiken in kritischen Infrastrukturen - Save\",\"isPartOf\":{\"@id\":\"https:\\\/\\\/news.save.ch\\\/de\\\/#website\"},\"primaryImageOfPage\":{\"@id\":\"https:\\\/\\\/news.save.ch\\\/cyberrisiken-in-kritischen-infrastrukturen\\\/#primaryimage\"},\"image\":{\"@id\":\"https:\\\/\\\/news.save.ch\\\/cyberrisiken-in-kritischen-infrastrukturen\\\/#primaryimage\"},\"thumbnailUrl\":\"https:\\\/\\\/news.save.ch\\\/wp-content\\\/uploads\\\/2021\\\/05\\\/Depositphotos_16997167_s-2019.jpg\",\"datePublished\":\"2021-05-31T05:34:40+00:00\",\"dateModified\":\"2023-07-19T04:09:42+00:00\",\"description\":\"In ihrem Jahresbericht hat die Eidgen\u00f6ssische Finanzkontrolle (EFK) bedenkliche Risiken in kritischen Infrastrukturen festgestellt. Betroffen ist beispielsweise auch die Geb\u00e4udesteuerung der Bundesverwaltung.\",\"breadcrumb\":{\"@id\":\"https:\\\/\\\/news.save.ch\\\/cyberrisiken-in-kritischen-infrastrukturen\\\/#breadcrumb\"},\"inLanguage\":\"fr-FR\",\"potentialAction\":[{\"@type\":\"ReadAction\",\"target\":[\"https:\\\/\\\/news.save.ch\\\/cyberrisiken-in-kritischen-infrastrukturen\\\/\"]}]},{\"@type\":\"ImageObject\",\"inLanguage\":\"fr-FR\",\"@id\":\"https:\\\/\\\/news.save.ch\\\/cyberrisiken-in-kritischen-infrastrukturen\\\/#primaryimage\",\"url\":\"https:\\\/\\\/news.save.ch\\\/wp-content\\\/uploads\\\/2021\\\/05\\\/Depositphotos_16997167_s-2019.jpg\",\"contentUrl\":\"https:\\\/\\\/news.save.ch\\\/wp-content\\\/uploads\\\/2021\\\/05\\\/Depositphotos_16997167_s-2019.jpg\",\"width\":1000,\"height\":664,\"caption\":\"\u00a9depositphotos, patron74\"},{\"@type\":\"BreadcrumbList\",\"@id\":\"https:\\\/\\\/news.save.ch\\\/cyberrisiken-in-kritischen-infrastrukturen\\\/#breadcrumb\",\"itemListElement\":[{\"@type\":\"ListItem\",\"position\":1,\"name\":\"Home\",\"item\":\"https:\\\/\\\/news.save.ch\\\/de\\\/\"},{\"@type\":\"ListItem\",\"position\":2,\"name\":\"Cyberrisiken in kritischen Infrastrukturen\"}]},{\"@type\":\"WebSite\",\"@id\":\"https:\\\/\\\/news.save.ch\\\/de\\\/#website\",\"url\":\"https:\\\/\\\/news.save.ch\\\/de\\\/\",\"name\":\"Save\",\"description\":\"Schweizer Fachzeitschrift f\u00fcr Sicherheit\",\"publisher\":{\"@id\":\"https:\\\/\\\/news.save.ch\\\/de\\\/#organization\"},\"potentialAction\":[{\"@type\":\"SearchAction\",\"target\":{\"@type\":\"EntryPoint\",\"urlTemplate\":\"https:\\\/\\\/news.save.ch\\\/de\\\/?s={search_term_string}\"},\"query-input\":{\"@type\":\"PropertyValueSpecification\",\"valueRequired\":true,\"valueName\":\"search_term_string\"}}],\"inLanguage\":\"fr-FR\"},{\"@type\":\"Organization\",\"@id\":\"https:\\\/\\\/news.save.ch\\\/de\\\/#organization\",\"name\":\"Sicherheitsforum\",\"url\":\"https:\\\/\\\/news.save.ch\\\/de\\\/\",\"logo\":{\"@type\":\"ImageObject\",\"inLanguage\":\"fr-FR\",\"@id\":\"https:\\\/\\\/news.save.ch\\\/de\\\/#\\\/schema\\\/logo\\\/image\\\/\",\"url\":\"https:\\\/\\\/news.save.ch\\\/wp-content\\\/uploads\\\/2022\\\/06\\\/Logo_SF_2012.png\",\"contentUrl\":\"https:\\\/\\\/news.save.ch\\\/wp-content\\\/uploads\\\/2022\\\/06\\\/Logo_SF_2012.png\",\"width\":1100,\"height\":91,\"caption\":\"Sicherheitsforum\"},\"image\":{\"@id\":\"https:\\\/\\\/news.save.ch\\\/de\\\/#\\\/schema\\\/logo\\\/image\\\/\"}},{\"@type\":\"Person\",\"@id\":\"https:\\\/\\\/news.save.ch\\\/de\\\/#\\\/schema\\\/person\\\/ad4ef21102fd6125312409ac57d5296d\",\"name\":\"Simon Gr\u00f6flin\",\"image\":{\"@type\":\"ImageObject\",\"inLanguage\":\"fr-FR\",\"@id\":\"https:\\\/\\\/secure.gravatar.com\\\/avatar\\\/6ddceb80eb734354635539e0ea5140bb7c41e42de7c45c9a2ab9921b5d5c9a83?s=96&d=mm&r=g\",\"url\":\"https:\\\/\\\/secure.gravatar.com\\\/avatar\\\/6ddceb80eb734354635539e0ea5140bb7c41e42de7c45c9a2ab9921b5d5c9a83?s=96&d=mm&r=g\",\"contentUrl\":\"https:\\\/\\\/secure.gravatar.com\\\/avatar\\\/6ddceb80eb734354635539e0ea5140bb7c41e42de7c45c9a2ab9921b5d5c9a83?s=96&d=mm&r=g\",\"caption\":\"Simon Gr\u00f6flin\"},\"url\":\"https:\\\/\\\/news.save.ch\\\/fr\\\/author\\\/simon-groeflin\\\/\"}]}<\/script>\n<!-- \/ Yoast SEO plugin. -->","yoast_head_json":{"title":"Cyber-risques dans les infrastructures critiques - Save","description":"Dans son rapport annuel, le Contr\u00f4le f\u00e9d\u00e9ral des finances (CDF) a constat\u00e9 des risques pr\u00e9occupants dans les infrastructures critiques. La gestion des b\u00e2timents de l'administration f\u00e9d\u00e9rale est par exemple aussi concern\u00e9e.","robots":{"index":"index","follow":"follow","max-snippet":"max-snippet:-1","max-image-preview":"max-image-preview:large","max-video-preview":"max-video-preview:-1"},"canonical":"https:\/\/news.save.ch\/fr\/cyberrisiken-in-kritischen-infrastrukturen\/","og_locale":"fr_FR","og_type":"article","og_title":"Cyberrisiken in kritischen Infrastrukturen - Save","og_description":"In ihrem Jahresbericht hat die Eidgen\u00f6ssische Finanzkontrolle (EFK) bedenkliche Risiken in kritischen Infrastrukturen festgestellt. Betroffen ist beispielsweise auch die Geb\u00e4udesteuerung der Bundesverwaltung.","og_url":"https:\/\/news.save.ch\/fr\/cyberrisiken-in-kritischen-infrastrukturen\/","og_site_name":"Save","article_published_time":"2021-05-31T05:34:40+00:00","article_modified_time":"2023-07-19T04:09:42+00:00","og_image":[{"width":1000,"height":664,"url":"https:\/\/news.save.ch\/wp-content\/uploads\/2021\/05\/Depositphotos_16997167_s-2019.jpg","type":"image\/jpeg"}],"author":"Simon Gr\u00f6flin","twitter_card":"summary_large_image","twitter_misc":{"\u00c9crit par":"Simon Gr\u00f6flin","Dur\u00e9e de lecture estim\u00e9e":"1 minute"},"schema":{"@context":"https:\/\/schema.org","@graph":[{"@type":"Article","@id":"https:\/\/news.save.ch\/cyberrisiken-in-kritischen-infrastrukturen\/#article","isPartOf":{"@id":"https:\/\/news.save.ch\/cyberrisiken-in-kritischen-infrastrukturen\/"},"author":{"name":"Simon Gr\u00f6flin","@id":"https:\/\/news.save.ch\/de\/#\/schema\/person\/ad4ef21102fd6125312409ac57d5296d"},"headline":"Cyberrisiken in kritischen Infrastrukturen","datePublished":"2021-05-31T05:34:40+00:00","dateModified":"2023-07-19T04:09:42+00:00","mainEntityOfPage":{"@id":"https:\/\/news.save.ch\/cyberrisiken-in-kritischen-infrastrukturen\/"},"wordCount":140,"publisher":{"@id":"https:\/\/news.save.ch\/de\/#organization"},"image":{"@id":"https:\/\/news.save.ch\/cyberrisiken-in-kritischen-infrastrukturen\/#primaryimage"},"thumbnailUrl":"https:\/\/news.save.ch\/wp-content\/uploads\/2021\/05\/Depositphotos_16997167_s-2019.jpg","keywords":["BBL","Cybervorf\u00e4lle","EFK","Geb\u00e4udesteuerung","Infrastruktursicherheit","Sicherheit","Sicherheitsl\u00fccken","Whistleblower"],"articleSection":["ALLGEMEIN","DIGITALISIERUNG"],"inLanguage":"fr-FR"},{"@type":"WebPage","@id":"https:\/\/news.save.ch\/cyberrisiken-in-kritischen-infrastrukturen\/","url":"https:\/\/news.save.ch\/cyberrisiken-in-kritischen-infrastrukturen\/","name":"Cyber-risques dans les infrastructures critiques - Save","isPartOf":{"@id":"https:\/\/news.save.ch\/de\/#website"},"primaryImageOfPage":{"@id":"https:\/\/news.save.ch\/cyberrisiken-in-kritischen-infrastrukturen\/#primaryimage"},"image":{"@id":"https:\/\/news.save.ch\/cyberrisiken-in-kritischen-infrastrukturen\/#primaryimage"},"thumbnailUrl":"https:\/\/news.save.ch\/wp-content\/uploads\/2021\/05\/Depositphotos_16997167_s-2019.jpg","datePublished":"2021-05-31T05:34:40+00:00","dateModified":"2023-07-19T04:09:42+00:00","description":"Dans son rapport annuel, le Contr\u00f4le f\u00e9d\u00e9ral des finances (CDF) a constat\u00e9 des risques pr\u00e9occupants dans les infrastructures critiques. La gestion des b\u00e2timents de l'administration f\u00e9d\u00e9rale est par exemple aussi concern\u00e9e.","breadcrumb":{"@id":"https:\/\/news.save.ch\/cyberrisiken-in-kritischen-infrastrukturen\/#breadcrumb"},"inLanguage":"fr-FR","potentialAction":[{"@type":"ReadAction","target":["https:\/\/news.save.ch\/cyberrisiken-in-kritischen-infrastrukturen\/"]}]},{"@type":"ImageObject","inLanguage":"fr-FR","@id":"https:\/\/news.save.ch\/cyberrisiken-in-kritischen-infrastrukturen\/#primaryimage","url":"https:\/\/news.save.ch\/wp-content\/uploads\/2021\/05\/Depositphotos_16997167_s-2019.jpg","contentUrl":"https:\/\/news.save.ch\/wp-content\/uploads\/2021\/05\/Depositphotos_16997167_s-2019.jpg","width":1000,"height":664,"caption":"\u00a9depositphotos, patron74"},{"@type":"BreadcrumbList","@id":"https:\/\/news.save.ch\/cyberrisiken-in-kritischen-infrastrukturen\/#breadcrumb","itemListElement":[{"@type":"ListItem","position":1,"name":"Home","item":"https:\/\/news.save.ch\/de\/"},{"@type":"ListItem","position":2,"name":"Cyberrisiken in kritischen Infrastrukturen"}]},{"@type":"WebSite","@id":"https:\/\/news.save.ch\/de\/#website","url":"https:\/\/news.save.ch\/de\/","name":"Save","description":"Revue suisse sp\u00e9cialis\u00e9e dans la s\u00e9curit\u00e9","publisher":{"@id":"https:\/\/news.save.ch\/de\/#organization"},"potentialAction":[{"@type":"SearchAction","target":{"@type":"EntryPoint","urlTemplate":"https:\/\/news.save.ch\/de\/?s={search_term_string}"},"query-input":{"@type":"PropertyValueSpecification","valueRequired":true,"valueName":"search_term_string"}}],"inLanguage":"fr-FR"},{"@type":"Organization","@id":"https:\/\/news.save.ch\/de\/#organization","name":"Forum sur la s\u00e9curit\u00e9","url":"https:\/\/news.save.ch\/de\/","logo":{"@type":"ImageObject","inLanguage":"fr-FR","@id":"https:\/\/news.save.ch\/de\/#\/schema\/logo\/image\/","url":"https:\/\/news.save.ch\/wp-content\/uploads\/2022\/06\/Logo_SF_2012.png","contentUrl":"https:\/\/news.save.ch\/wp-content\/uploads\/2022\/06\/Logo_SF_2012.png","width":1100,"height":91,"caption":"Sicherheitsforum"},"image":{"@id":"https:\/\/news.save.ch\/de\/#\/schema\/logo\/image\/"}},{"@type":"Person","@id":"https:\/\/news.save.ch\/de\/#\/schema\/person\/ad4ef21102fd6125312409ac57d5296d","name":"Simon Gr\u00f6flin","image":{"@type":"ImageObject","inLanguage":"fr-FR","@id":"https:\/\/secure.gravatar.com\/avatar\/6ddceb80eb734354635539e0ea5140bb7c41e42de7c45c9a2ab9921b5d5c9a83?s=96&d=mm&r=g","url":"https:\/\/secure.gravatar.com\/avatar\/6ddceb80eb734354635539e0ea5140bb7c41e42de7c45c9a2ab9921b5d5c9a83?s=96&d=mm&r=g","contentUrl":"https:\/\/secure.gravatar.com\/avatar\/6ddceb80eb734354635539e0ea5140bb7c41e42de7c45c9a2ab9921b5d5c9a83?s=96&d=mm&r=g","caption":"Simon Gr\u00f6flin"},"url":"https:\/\/news.save.ch\/fr\/author\/simon-groeflin\/"}]}},"_links":{"self":[{"href":"https:\/\/news.save.ch\/fr\/wp-json\/wp\/v2\/posts\/12068","targetHints":{"allow":["GET"]}}],"collection":[{"href":"https:\/\/news.save.ch\/fr\/wp-json\/wp\/v2\/posts"}],"about":[{"href":"https:\/\/news.save.ch\/fr\/wp-json\/wp\/v2\/types\/post"}],"author":[{"embeddable":true,"href":"https:\/\/news.save.ch\/fr\/wp-json\/wp\/v2\/users\/9"}],"replies":[{"embeddable":true,"href":"https:\/\/news.save.ch\/fr\/wp-json\/wp\/v2\/comments?post=12068"}],"version-history":[{"count":3,"href":"https:\/\/news.save.ch\/fr\/wp-json\/wp\/v2\/posts\/12068\/revisions"}],"predecessor-version":[{"id":21031,"href":"https:\/\/news.save.ch\/fr\/wp-json\/wp\/v2\/posts\/12068\/revisions\/21031"}],"wp:featuredmedia":[{"embeddable":true,"href":"https:\/\/news.save.ch\/fr\/wp-json\/wp\/v2\/media\/12071"}],"wp:attachment":[{"href":"https:\/\/news.save.ch\/fr\/wp-json\/wp\/v2\/media?parent=12068"}],"wp:term":[{"taxonomy":"category","embeddable":true,"href":"https:\/\/news.save.ch\/fr\/wp-json\/wp\/v2\/categories?post=12068"},{"taxonomy":"post_tag","embeddable":true,"href":"https:\/\/news.save.ch\/fr\/wp-json\/wp\/v2\/tags?post=12068"}],"curies":[{"name":"wp","href":"https:\/\/api.w.org\/{rel}","templated":true}]}}