{"id":12095,"date":"2021-06-03T08:53:05","date_gmt":"2021-06-03T06:53:05","guid":{"rendered":"https:\/\/news.save.ch\/?p=12095"},"modified":"2023-07-19T05:40:45","modified_gmt":"2023-07-19T03:40:45","slug":"bund-gibt-datensicherheit-gute-noten","status":null,"type":"post","link":"https:\/\/news.save.ch\/fr\/bund-gibt-datensicherheit-gute-noten\/","title":{"rendered":"La Conf\u00e9d\u00e9ration donne de bonnes notes \u00e0 la s\u00e9curit\u00e9 des donn\u00e9es"},"content":{"rendered":"<figure id=\"attachment_12096\" aria-describedby=\"caption-attachment-12096\" style=\"width: 960px\" class=\"wp-caption alignnone\"><img loading=\"lazy\" decoding=\"async\" class=\"wp-image-12096 size-full\" src=\"https:\/\/news.save.ch\/wp-content\/uploads\/2021\/06\/Datenschutz.png\" alt=\"S\u00e9curit\u00e9 des donn\u00e9es\" width=\"960\" height=\"540\" srcset=\"https:\/\/news.save.ch\/wp-content\/uploads\/2021\/06\/Datenschutz.png 960w, https:\/\/news.save.ch\/wp-content\/uploads\/2021\/06\/Datenschutz-375x211.png 375w\" sizes=\"auto, (max-width: 960px) 100vw, 960px\" \/><figcaption id=\"caption-attachment-12096\" class=\"wp-caption-text\">\u00a9Pixabay<\/figcaption><\/figure>\n<p>Un rapport de l'Institut F\u00e9d\u00e9ral de la Propri\u00e9t\u00e9 Intellectuelle (IPI) conclut que la Suisse s'en sort \"relativement bien\" par rapport \u00e0 l'UE dans le domaine du traitement et de la s\u00e9curit\u00e9 des donn\u00e9es. Par exemple, les concepts d'Open Data et de Shared Data sont fondamentalement bas\u00e9s sur le principe du volontariat. Ils refl\u00e8tent la conception lib\u00e9rale de l'\u00e9conomie et de la culture suisses et garantissent \u00e0 l'\u00e9conomie priv\u00e9e la plus grande autonomie possible, ajoute le rapport.<\/p>\n<p>Ces \u00e9l\u00e9ments constituent des \"approches prioritaires et prometteuses\" pour l'\u00e9change volontaire de donn\u00e9es factuelles dans le secteur priv\u00e9. Dans ce contexte, l'IGP attire l'attention sur les changements intervenus dans l'environnement europ\u00e9en : un objectif commun devrait \u00eatre soit de rendre les espaces de donn\u00e9es suisses techniquement et juridiquement compatibles avec leurs homologues europ\u00e9ens, soit de veiller \u00e0 ce que les acteurs de l'\u00e9conomie priv\u00e9e de notre pays aient acc\u00e8s aux espaces de donn\u00e9es europ\u00e9ens, \u00e9crit l'IPI dans un communiqu\u00e9.<\/p>\n<p><em>Source : www.ige.ch<\/em><\/p>","protected":false},"excerpt":{"rendered":"<p>Ein Bericht des Eidgen\u00f6ssischen Instituts f\u00fcr Geistiges Eigentum (IGE) folgert, dass die Schweiz im Bereich der Datenbearbeitung und Datensicherheit im Vergleich zur EU \u00abrelativ gut\u00bb abschneide. Beispielsweise basieren die Konzepte Open Data und Shared Data grundlegend auf dem Prinzip der Freiwilligkeit. Diese w\u00fcrden die liberale Konzeption der Schweizer Wirtschaft und Kultur widerspiegeln und garantierten der [&hellip;]<\/p>\n","protected":false},"author":9,"featured_media":12096,"comment_status":"closed","ping_status":"closed","sticky":false,"template":"","format":"standard","meta":{"_acf_changed":false,"pgc_sgb_lightbox_settings":"","footnotes":""},"categories":[3313],"tags":[5497,118,1194,5496,5498,5499],"class_list":["post-12095","post","type-post","status-publish","format-standard","has-post-thumbnail","hentry","category-digitalisierung","tag-datenbearbeitung","tag-datenschutz","tag-datensicherheit","tag-ige","tag-open-data","tag-shared-data"],"acf":[],"hkrextid":null,"publication":null,"issue":null,"workflow":null,"startPage":null,"spitzmarke":null,"_posts_by_tag_page_fields":{"widget_title":"","widget_tags":""},"_at_widget":"1","_yoast_wpseo_primary_category":"","_yoast_wpseo_focuskw_text_input":null,"_yoast_wpseo_opengraph-image":null,"_yoast_wpseo_opengraph-description":null,"_yoast_wpseo_opengraph-title":null,"enclosure":null,"_yoast_wpseo_twitter-title":null,"_yoast_wpseo_twitter-description":null,"_yoast_wpseo_twitter-image":null,"_wp_old_slug":null,"_yoast_wpseo_title":null,"_yoast_wpseo_canonical":null,"yoast_head":"<!-- This site is optimized with the Yoast SEO plugin v27.5 - https:\/\/yoast.com\/product\/yoast-seo-wordpress\/ -->\n<title>Bund gibt Datensicherheit gute Noten - Save<\/title>\n<meta name=\"description\" content=\"Beim Datenschutz kann die Schweiz im Vergleich zu anderen L\u00e4ndern relativ gut abschneiden. Insbesondere die Konzepte Open Date und Shared Data seien vielversprechende Ans\u00e4tze.\" \/>\n<meta name=\"robots\" content=\"index, follow, max-snippet:-1, max-image-preview:large, max-video-preview:-1\" \/>\n<link rel=\"canonical\" href=\"https:\/\/news.save.ch\/fr\/bund-gibt-datensicherheit-gute-noten\/\" \/>\n<meta property=\"og:locale\" content=\"fr_FR\" \/>\n<meta property=\"og:type\" content=\"article\" \/>\n<meta property=\"og:title\" content=\"Bund gibt Datensicherheit gute Noten - Save\" \/>\n<meta property=\"og:description\" content=\"Beim Datenschutz kann die Schweiz im Vergleich zu anderen L\u00e4ndern relativ gut abschneiden. Insbesondere die Konzepte Open Date und Shared Data seien vielversprechende Ans\u00e4tze.\" \/>\n<meta property=\"og:url\" content=\"https:\/\/news.save.ch\/fr\/bund-gibt-datensicherheit-gute-noten\/\" \/>\n<meta property=\"og:site_name\" content=\"Save\" \/>\n<meta property=\"article:published_time\" content=\"2021-06-03T06:53:05+00:00\" \/>\n<meta property=\"article:modified_time\" content=\"2023-07-19T03:40:45+00:00\" \/>\n<meta property=\"og:image\" content=\"https:\/\/news.save.ch\/wp-content\/uploads\/2021\/06\/Datenschutz.png\" \/>\n\t<meta property=\"og:image:width\" content=\"960\" \/>\n\t<meta property=\"og:image:height\" content=\"540\" \/>\n\t<meta property=\"og:image:type\" content=\"image\/png\" \/>\n<meta name=\"author\" content=\"Simon Gr\u00f6flin\" \/>\n<meta name=\"twitter:card\" content=\"summary_large_image\" \/>\n<meta name=\"twitter:label1\" content=\"\u00c9crit par\" \/>\n\t<meta name=\"twitter:data1\" content=\"Simon Gr\u00f6flin\" \/>\n\t<meta name=\"twitter:label2\" content=\"Dur\u00e9e de lecture estim\u00e9e\" \/>\n\t<meta name=\"twitter:data2\" content=\"2 minutes\" \/>\n<script type=\"application\/ld+json\" class=\"yoast-schema-graph\">{\"@context\":\"https:\\\/\\\/schema.org\",\"@graph\":[{\"@type\":\"Article\",\"@id\":\"https:\\\/\\\/news.save.ch\\\/bund-gibt-datensicherheit-gute-noten\\\/#article\",\"isPartOf\":{\"@id\":\"https:\\\/\\\/news.save.ch\\\/bund-gibt-datensicherheit-gute-noten\\\/\"},\"author\":{\"name\":\"Simon Gr\u00f6flin\",\"@id\":\"https:\\\/\\\/news.save.ch\\\/de\\\/#\\\/schema\\\/person\\\/ad4ef21102fd6125312409ac57d5296d\"},\"headline\":\"Bund gibt Datensicherheit gute Noten\",\"datePublished\":\"2021-06-03T06:53:05+00:00\",\"dateModified\":\"2023-07-19T03:40:45+00:00\",\"mainEntityOfPage\":{\"@id\":\"https:\\\/\\\/news.save.ch\\\/bund-gibt-datensicherheit-gute-noten\\\/\"},\"wordCount\":170,\"publisher\":{\"@id\":\"https:\\\/\\\/news.save.ch\\\/de\\\/#organization\"},\"image\":{\"@id\":\"https:\\\/\\\/news.save.ch\\\/bund-gibt-datensicherheit-gute-noten\\\/#primaryimage\"},\"thumbnailUrl\":\"https:\\\/\\\/news.save.ch\\\/wp-content\\\/uploads\\\/2021\\\/06\\\/Datenschutz.png\",\"keywords\":[\"Datenbearbeitung\",\"Datenschutz\",\"Datensicherheit\",\"IGE\",\"Open Data\",\"Shared Data\"],\"articleSection\":[\"DIGITALISIERUNG\"],\"inLanguage\":\"fr-FR\"},{\"@type\":\"WebPage\",\"@id\":\"https:\\\/\\\/news.save.ch\\\/bund-gibt-datensicherheit-gute-noten\\\/\",\"url\":\"https:\\\/\\\/news.save.ch\\\/bund-gibt-datensicherheit-gute-noten\\\/\",\"name\":\"Bund gibt Datensicherheit gute Noten - Save\",\"isPartOf\":{\"@id\":\"https:\\\/\\\/news.save.ch\\\/de\\\/#website\"},\"primaryImageOfPage\":{\"@id\":\"https:\\\/\\\/news.save.ch\\\/bund-gibt-datensicherheit-gute-noten\\\/#primaryimage\"},\"image\":{\"@id\":\"https:\\\/\\\/news.save.ch\\\/bund-gibt-datensicherheit-gute-noten\\\/#primaryimage\"},\"thumbnailUrl\":\"https:\\\/\\\/news.save.ch\\\/wp-content\\\/uploads\\\/2021\\\/06\\\/Datenschutz.png\",\"datePublished\":\"2021-06-03T06:53:05+00:00\",\"dateModified\":\"2023-07-19T03:40:45+00:00\",\"description\":\"Beim Datenschutz kann die Schweiz im Vergleich zu anderen L\u00e4ndern relativ gut abschneiden. Insbesondere die Konzepte Open Date und Shared Data seien vielversprechende Ans\u00e4tze.\",\"breadcrumb\":{\"@id\":\"https:\\\/\\\/news.save.ch\\\/bund-gibt-datensicherheit-gute-noten\\\/#breadcrumb\"},\"inLanguage\":\"fr-FR\",\"potentialAction\":[{\"@type\":\"ReadAction\",\"target\":[\"https:\\\/\\\/news.save.ch\\\/bund-gibt-datensicherheit-gute-noten\\\/\"]}]},{\"@type\":\"ImageObject\",\"inLanguage\":\"fr-FR\",\"@id\":\"https:\\\/\\\/news.save.ch\\\/bund-gibt-datensicherheit-gute-noten\\\/#primaryimage\",\"url\":\"https:\\\/\\\/news.save.ch\\\/wp-content\\\/uploads\\\/2021\\\/06\\\/Datenschutz.png\",\"contentUrl\":\"https:\\\/\\\/news.save.ch\\\/wp-content\\\/uploads\\\/2021\\\/06\\\/Datenschutz.png\",\"width\":960,\"height\":540,\"caption\":\"\u00a9Pixabay\"},{\"@type\":\"BreadcrumbList\",\"@id\":\"https:\\\/\\\/news.save.ch\\\/bund-gibt-datensicherheit-gute-noten\\\/#breadcrumb\",\"itemListElement\":[{\"@type\":\"ListItem\",\"position\":1,\"name\":\"Home\",\"item\":\"https:\\\/\\\/news.save.ch\\\/de\\\/\"},{\"@type\":\"ListItem\",\"position\":2,\"name\":\"Bund gibt Datensicherheit gute Noten\"}]},{\"@type\":\"WebSite\",\"@id\":\"https:\\\/\\\/news.save.ch\\\/de\\\/#website\",\"url\":\"https:\\\/\\\/news.save.ch\\\/de\\\/\",\"name\":\"Save\",\"description\":\"Schweizer Fachzeitschrift f\u00fcr Sicherheit\",\"publisher\":{\"@id\":\"https:\\\/\\\/news.save.ch\\\/de\\\/#organization\"},\"potentialAction\":[{\"@type\":\"SearchAction\",\"target\":{\"@type\":\"EntryPoint\",\"urlTemplate\":\"https:\\\/\\\/news.save.ch\\\/de\\\/?s={search_term_string}\"},\"query-input\":{\"@type\":\"PropertyValueSpecification\",\"valueRequired\":true,\"valueName\":\"search_term_string\"}}],\"inLanguage\":\"fr-FR\"},{\"@type\":\"Organization\",\"@id\":\"https:\\\/\\\/news.save.ch\\\/de\\\/#organization\",\"name\":\"Sicherheitsforum\",\"url\":\"https:\\\/\\\/news.save.ch\\\/de\\\/\",\"logo\":{\"@type\":\"ImageObject\",\"inLanguage\":\"fr-FR\",\"@id\":\"https:\\\/\\\/news.save.ch\\\/de\\\/#\\\/schema\\\/logo\\\/image\\\/\",\"url\":\"https:\\\/\\\/news.save.ch\\\/wp-content\\\/uploads\\\/2022\\\/06\\\/Logo_SF_2012.png\",\"contentUrl\":\"https:\\\/\\\/news.save.ch\\\/wp-content\\\/uploads\\\/2022\\\/06\\\/Logo_SF_2012.png\",\"width\":1100,\"height\":91,\"caption\":\"Sicherheitsforum\"},\"image\":{\"@id\":\"https:\\\/\\\/news.save.ch\\\/de\\\/#\\\/schema\\\/logo\\\/image\\\/\"}},{\"@type\":\"Person\",\"@id\":\"https:\\\/\\\/news.save.ch\\\/de\\\/#\\\/schema\\\/person\\\/ad4ef21102fd6125312409ac57d5296d\",\"name\":\"Simon Gr\u00f6flin\",\"image\":{\"@type\":\"ImageObject\",\"inLanguage\":\"fr-FR\",\"@id\":\"https:\\\/\\\/secure.gravatar.com\\\/avatar\\\/6ddceb80eb734354635539e0ea5140bb7c41e42de7c45c9a2ab9921b5d5c9a83?s=96&d=mm&r=g\",\"url\":\"https:\\\/\\\/secure.gravatar.com\\\/avatar\\\/6ddceb80eb734354635539e0ea5140bb7c41e42de7c45c9a2ab9921b5d5c9a83?s=96&d=mm&r=g\",\"contentUrl\":\"https:\\\/\\\/secure.gravatar.com\\\/avatar\\\/6ddceb80eb734354635539e0ea5140bb7c41e42de7c45c9a2ab9921b5d5c9a83?s=96&d=mm&r=g\",\"caption\":\"Simon Gr\u00f6flin\"},\"url\":\"https:\\\/\\\/news.save.ch\\\/fr\\\/author\\\/simon-groeflin\\\/\"}]}<\/script>\n<!-- \/ Yoast SEO plugin. -->","yoast_head_json":{"title":"La Conf\u00e9d\u00e9ration donne de bonnes notes \u00e0 la s\u00e9curit\u00e9 des donn\u00e9es - Save","description":"En mati\u00e8re de protection des donn\u00e9es, la Suisse peut s'en sortir relativement bien par rapport \u00e0 d'autres pays. Les concepts d'Open Date et de Shared Data, en particulier, seraient des approches prometteuses.","robots":{"index":"index","follow":"follow","max-snippet":"max-snippet:-1","max-image-preview":"max-image-preview:large","max-video-preview":"max-video-preview:-1"},"canonical":"https:\/\/news.save.ch\/fr\/bund-gibt-datensicherheit-gute-noten\/","og_locale":"fr_FR","og_type":"article","og_title":"Bund gibt Datensicherheit gute Noten - Save","og_description":"Beim Datenschutz kann die Schweiz im Vergleich zu anderen L\u00e4ndern relativ gut abschneiden. Insbesondere die Konzepte Open Date und Shared Data seien vielversprechende Ans\u00e4tze.","og_url":"https:\/\/news.save.ch\/fr\/bund-gibt-datensicherheit-gute-noten\/","og_site_name":"Save","article_published_time":"2021-06-03T06:53:05+00:00","article_modified_time":"2023-07-19T03:40:45+00:00","og_image":[{"width":960,"height":540,"url":"https:\/\/news.save.ch\/wp-content\/uploads\/2021\/06\/Datenschutz.png","type":"image\/png"}],"author":"Simon Gr\u00f6flin","twitter_card":"summary_large_image","twitter_misc":{"\u00c9crit par":"Simon Gr\u00f6flin","Dur\u00e9e de lecture estim\u00e9e":"2 minutes"},"schema":{"@context":"https:\/\/schema.org","@graph":[{"@type":"Article","@id":"https:\/\/news.save.ch\/bund-gibt-datensicherheit-gute-noten\/#article","isPartOf":{"@id":"https:\/\/news.save.ch\/bund-gibt-datensicherheit-gute-noten\/"},"author":{"name":"Simon Gr\u00f6flin","@id":"https:\/\/news.save.ch\/de\/#\/schema\/person\/ad4ef21102fd6125312409ac57d5296d"},"headline":"Bund gibt Datensicherheit gute Noten","datePublished":"2021-06-03T06:53:05+00:00","dateModified":"2023-07-19T03:40:45+00:00","mainEntityOfPage":{"@id":"https:\/\/news.save.ch\/bund-gibt-datensicherheit-gute-noten\/"},"wordCount":170,"publisher":{"@id":"https:\/\/news.save.ch\/de\/#organization"},"image":{"@id":"https:\/\/news.save.ch\/bund-gibt-datensicherheit-gute-noten\/#primaryimage"},"thumbnailUrl":"https:\/\/news.save.ch\/wp-content\/uploads\/2021\/06\/Datenschutz.png","keywords":["Datenbearbeitung","Datenschutz","Datensicherheit","IGE","Open Data","Shared Data"],"articleSection":["DIGITALISIERUNG"],"inLanguage":"fr-FR"},{"@type":"WebPage","@id":"https:\/\/news.save.ch\/bund-gibt-datensicherheit-gute-noten\/","url":"https:\/\/news.save.ch\/bund-gibt-datensicherheit-gute-noten\/","name":"La Conf\u00e9d\u00e9ration donne de bonnes notes \u00e0 la s\u00e9curit\u00e9 des donn\u00e9es - Save","isPartOf":{"@id":"https:\/\/news.save.ch\/de\/#website"},"primaryImageOfPage":{"@id":"https:\/\/news.save.ch\/bund-gibt-datensicherheit-gute-noten\/#primaryimage"},"image":{"@id":"https:\/\/news.save.ch\/bund-gibt-datensicherheit-gute-noten\/#primaryimage"},"thumbnailUrl":"https:\/\/news.save.ch\/wp-content\/uploads\/2021\/06\/Datenschutz.png","datePublished":"2021-06-03T06:53:05+00:00","dateModified":"2023-07-19T03:40:45+00:00","description":"En mati\u00e8re de protection des donn\u00e9es, la Suisse peut s'en sortir relativement bien par rapport \u00e0 d'autres pays. Les concepts d'Open Date et de Shared Data, en particulier, seraient des approches prometteuses.","breadcrumb":{"@id":"https:\/\/news.save.ch\/bund-gibt-datensicherheit-gute-noten\/#breadcrumb"},"inLanguage":"fr-FR","potentialAction":[{"@type":"ReadAction","target":["https:\/\/news.save.ch\/bund-gibt-datensicherheit-gute-noten\/"]}]},{"@type":"ImageObject","inLanguage":"fr-FR","@id":"https:\/\/news.save.ch\/bund-gibt-datensicherheit-gute-noten\/#primaryimage","url":"https:\/\/news.save.ch\/wp-content\/uploads\/2021\/06\/Datenschutz.png","contentUrl":"https:\/\/news.save.ch\/wp-content\/uploads\/2021\/06\/Datenschutz.png","width":960,"height":540,"caption":"\u00a9Pixabay"},{"@type":"BreadcrumbList","@id":"https:\/\/news.save.ch\/bund-gibt-datensicherheit-gute-noten\/#breadcrumb","itemListElement":[{"@type":"ListItem","position":1,"name":"Home","item":"https:\/\/news.save.ch\/de\/"},{"@type":"ListItem","position":2,"name":"Bund gibt Datensicherheit gute Noten"}]},{"@type":"WebSite","@id":"https:\/\/news.save.ch\/de\/#website","url":"https:\/\/news.save.ch\/de\/","name":"Save","description":"Revue suisse sp\u00e9cialis\u00e9e dans la s\u00e9curit\u00e9","publisher":{"@id":"https:\/\/news.save.ch\/de\/#organization"},"potentialAction":[{"@type":"SearchAction","target":{"@type":"EntryPoint","urlTemplate":"https:\/\/news.save.ch\/de\/?s={search_term_string}"},"query-input":{"@type":"PropertyValueSpecification","valueRequired":true,"valueName":"search_term_string"}}],"inLanguage":"fr-FR"},{"@type":"Organization","@id":"https:\/\/news.save.ch\/de\/#organization","name":"Forum sur la s\u00e9curit\u00e9","url":"https:\/\/news.save.ch\/de\/","logo":{"@type":"ImageObject","inLanguage":"fr-FR","@id":"https:\/\/news.save.ch\/de\/#\/schema\/logo\/image\/","url":"https:\/\/news.save.ch\/wp-content\/uploads\/2022\/06\/Logo_SF_2012.png","contentUrl":"https:\/\/news.save.ch\/wp-content\/uploads\/2022\/06\/Logo_SF_2012.png","width":1100,"height":91,"caption":"Sicherheitsforum"},"image":{"@id":"https:\/\/news.save.ch\/de\/#\/schema\/logo\/image\/"}},{"@type":"Person","@id":"https:\/\/news.save.ch\/de\/#\/schema\/person\/ad4ef21102fd6125312409ac57d5296d","name":"Simon Gr\u00f6flin","image":{"@type":"ImageObject","inLanguage":"fr-FR","@id":"https:\/\/secure.gravatar.com\/avatar\/6ddceb80eb734354635539e0ea5140bb7c41e42de7c45c9a2ab9921b5d5c9a83?s=96&d=mm&r=g","url":"https:\/\/secure.gravatar.com\/avatar\/6ddceb80eb734354635539e0ea5140bb7c41e42de7c45c9a2ab9921b5d5c9a83?s=96&d=mm&r=g","contentUrl":"https:\/\/secure.gravatar.com\/avatar\/6ddceb80eb734354635539e0ea5140bb7c41e42de7c45c9a2ab9921b5d5c9a83?s=96&d=mm&r=g","caption":"Simon Gr\u00f6flin"},"url":"https:\/\/news.save.ch\/fr\/author\/simon-groeflin\/"}]}},"_links":{"self":[{"href":"https:\/\/news.save.ch\/fr\/wp-json\/wp\/v2\/posts\/12095","targetHints":{"allow":["GET"]}}],"collection":[{"href":"https:\/\/news.save.ch\/fr\/wp-json\/wp\/v2\/posts"}],"about":[{"href":"https:\/\/news.save.ch\/fr\/wp-json\/wp\/v2\/types\/post"}],"author":[{"embeddable":true,"href":"https:\/\/news.save.ch\/fr\/wp-json\/wp\/v2\/users\/9"}],"replies":[{"embeddable":true,"href":"https:\/\/news.save.ch\/fr\/wp-json\/wp\/v2\/comments?post=12095"}],"version-history":[{"count":4,"href":"https:\/\/news.save.ch\/fr\/wp-json\/wp\/v2\/posts\/12095\/revisions"}],"predecessor-version":[{"id":21022,"href":"https:\/\/news.save.ch\/fr\/wp-json\/wp\/v2\/posts\/12095\/revisions\/21022"}],"wp:featuredmedia":[{"embeddable":true,"href":"https:\/\/news.save.ch\/fr\/wp-json\/wp\/v2\/media\/12096"}],"wp:attachment":[{"href":"https:\/\/news.save.ch\/fr\/wp-json\/wp\/v2\/media?parent=12095"}],"wp:term":[{"taxonomy":"category","embeddable":true,"href":"https:\/\/news.save.ch\/fr\/wp-json\/wp\/v2\/categories?post=12095"},{"taxonomy":"post_tag","embeddable":true,"href":"https:\/\/news.save.ch\/fr\/wp-json\/wp\/v2\/tags?post=12095"}],"curies":[{"name":"wp","href":"https:\/\/api.w.org\/{rel}","templated":true}]}}