{"id":12113,"date":"2021-06-07T07:15:31","date_gmt":"2021-06-07T05:15:31","guid":{"rendered":"https:\/\/news.save.ch\/?p=12113"},"modified":"2023-07-19T05:19:34","modified_gmt":"2023-07-19T03:19:34","slug":"strombedarf-schweiz-importabhaengigkeit-fuehrt-zu-wesentlichen-risiken","status":null,"type":"post","link":"https:\/\/news.save.ch\/fr\/strombedarf-schweiz-importabhaengigkeit-fuehrt-zu-wesentlichen-risiken\/","title":{"rendered":"Besoins en \u00e9lectricit\u00e9 de la Suisse : la d\u00e9pendance aux importations entra\u00eene des risques importants"},"content":{"rendered":"<p><img loading=\"lazy\" decoding=\"async\" class=\"alignnone wp-image-12115 size-full\" src=\"https:\/\/news.save.ch\/wp-content\/uploads\/2021\/06\/Leibstadt_pixabay_teaser.jpg\" alt=\"Alimentation \u00e9lectrique\" width=\"960\" height=\"506\" srcset=\"https:\/\/news.save.ch\/wp-content\/uploads\/2021\/06\/Leibstadt_pixabay_teaser.jpg 960w, https:\/\/news.save.ch\/wp-content\/uploads\/2021\/06\/Leibstadt_pixabay_teaser-375x198.jpg 375w\" sizes=\"auto, (max-width: 960px) 100vw, 960px\" \/><br \/>\n<em>\u00a9 Pixabay<\/em><\/p>\n<p>Comme le montre un rapport de la Commission f\u00e9d\u00e9rale de l'\u00e9lectricit\u00e9 (Elcom), la forte d\u00e9pendance de la Suisse vis-\u00e0-vis des importations en mati\u00e8re de besoins en \u00e9lectricit\u00e9 entra\u00eene des risques importants sur le long terme, d'autant plus que la capacit\u00e9 d'exportation des pays voisins est r\u00e9duite par la r\u00e9duction ou l'abandon de l'\u00e9nergie nucl\u00e9aire et du charbon. Parall\u00e8lement, la d\u00e9pendance vis-\u00e0-vis des d\u00e9cisions politiques prises \u00e0 l'\u00e9tranger, que ce soit par les organes de l'UE ou par les r\u00e9gulateurs, augmente.<\/p>\n<p>Compte tenu de l'importance consid\u00e9rable d'un approvisionnement s\u00fbr en \u00e9lectricit\u00e9, exploiter le syst\u00e8me \u00e0 la limite pendant des ann\u00e9es repr\u00e9sente un risque consid\u00e9rable. Sur la base de ces r\u00e9flexions, l'Elcom recommande de mettre \u00e0 disposition en Suisse au moins une production hivernale telle qu'il ne soit pas n\u00e9cessaire d'importer plus de 10 TWh pendant le semestre d'hiver.<\/p>\n<h2>Tr\u00e8s bonne qualit\u00e9 des soins en Suisse<\/h2>\n<p>La Suisse ferait n\u00e9anmoins partie du groupe des pays pr\u00e9sentant la meilleure qualit\u00e9 d'approvisionnement en Europe. Comme les ann\u00e9es pr\u00e9c\u00e9dentes, l'Elcom a calcul\u00e9 la qualit\u00e9 de l'approvisionnement en \u00e9lectricit\u00e9 en se basant sur les messages d'interruption de plus de trois minutes des 94 plus grands exploitants de r\u00e9seau en Suisse. Ceux-ci repr\u00e9sentent 88 pour cent du soutirage d'\u00e9nergie en Suisse.<\/p>\n<p>Les chiffres montrent toutefois que les sous-couvertures \u00e9voluent de mani\u00e8re disproportionn\u00e9e par rapport aux surcouvertures. Les gestionnaires de r\u00e9seau doivent verser des int\u00e9r\u00eats sur les exc\u00e9dents de couverture en faveur des consommateurs finaux, alors qu'ils peuvent facturer des int\u00e9r\u00eats sur les d\u00e9ficits de couverture.  Les exploitants de r\u00e9seau pourraient \u00e9galement cr\u00e9er sciemment des sous-couvertures afin de profiter de gains d'int\u00e9r\u00eats en raison des possibilit\u00e9s de financement avantageuses actuelles. L'Elcom renforcera ses activit\u00e9s de r\u00e9duction des d\u00e9couverts cette ann\u00e9e.<\/p>\n<p>Tous les documents sont disponibles sur le site web de l'ElCom (<a href=\"https:\/\/www.elcom.admin.ch\" target=\"_blank\" rel=\"noopener\">www.elcom.admin.ch<\/a>).<\/p>","protected":false},"excerpt":{"rendered":"<p>\u00a9 Pixabay Wie ein Bericht der\u00a0Eidgen\u00f6ssische Elektrizit\u00e4tskommission (Elcom) zeigt, f\u00fchrt die hohe Importabh\u00e4ngigkeit der Schweiz beim Strombedarf zu wesentlichen Risiken w\u00e4hrend langer Zeit, zumal die Exportf\u00e4higkeit der Nachbarl\u00e4nder durch die Reduktion bzw. den Ausstieg aus Kern- und Kohleenergie verringert wird. Gleichzeitig steige die Abh\u00e4ngigkeit von politischen Entscheidungen im Ausland, sei dies von EU-Gremien oder von [&hellip;]<\/p>\n","protected":false},"author":9,"featured_media":12115,"comment_status":"closed","ping_status":"closed","sticky":false,"template":"","format":"standard","meta":{"_acf_changed":false,"pgc_sgb_lightbox_settings":"","footnotes":""},"categories":[1],"tags":[1214,5490,601,387,5492,5491],"class_list":["post-12113","post","type-post","status-publish","format-standard","has-post-thumbnail","hentry","category-allgemein","tag-elcom","tag-importabhaengigkeit","tag-kernkraftwerk","tag-stromversorgung","tag-unterdeckungen","tag-versorgungsqualitaet"],"acf":[],"hkrextid":null,"publication":null,"issue":null,"workflow":null,"startPage":null,"spitzmarke":null,"_posts_by_tag_page_fields":{"widget_title":"","widget_tags":""},"_at_widget":"1","_yoast_wpseo_primary_category":"1","_yoast_wpseo_focuskw_text_input":null,"_yoast_wpseo_opengraph-image":null,"_yoast_wpseo_opengraph-description":null,"_yoast_wpseo_opengraph-title":null,"enclosure":null,"_yoast_wpseo_twitter-title":null,"_yoast_wpseo_twitter-description":null,"_yoast_wpseo_twitter-image":null,"_wp_old_slug":null,"_yoast_wpseo_title":null,"_yoast_wpseo_canonical":null,"yoast_head":"<!-- This site is optimized with the Yoast SEO plugin v27.5 - https:\/\/yoast.com\/product\/yoast-seo-wordpress\/ -->\n<title>Strombedarf Schweiz: Importabh\u00e4ngigkeit f\u00fchrt zu wesentlichen Risiken - Save<\/title>\n<meta name=\"description\" content=\"In der Schweiz besteht nach wie vor Handlungsbedarf bei der Stromversorgung im Winter. Dennoch geh\u00f6rt die Schweiz zu den L\u00e4ndern mit der h\u00f6chsten Stromversorgungsqualit\u00e4t in Europa. Das folgert die Eidgen\u00f6ssische Elektrizit\u00e4tskommission Elcom in Ihrer Jahresmedienkonferenz.\" \/>\n<meta name=\"robots\" content=\"index, follow, max-snippet:-1, max-image-preview:large, max-video-preview:-1\" \/>\n<link rel=\"canonical\" href=\"https:\/\/news.save.ch\/fr\/strombedarf-schweiz-importabhaengigkeit-fuehrt-zu-wesentlichen-risiken\/\" \/>\n<meta property=\"og:locale\" content=\"fr_FR\" \/>\n<meta property=\"og:type\" content=\"article\" \/>\n<meta property=\"og:title\" content=\"Strombedarf Schweiz: Importabh\u00e4ngigkeit f\u00fchrt zu wesentlichen Risiken - Save\" \/>\n<meta property=\"og:description\" content=\"In der Schweiz besteht nach wie vor Handlungsbedarf bei der Stromversorgung im Winter. Dennoch geh\u00f6rt die Schweiz zu den L\u00e4ndern mit der h\u00f6chsten Stromversorgungsqualit\u00e4t in Europa. Das folgert die Eidgen\u00f6ssische Elektrizit\u00e4tskommission Elcom in Ihrer Jahresmedienkonferenz.\" \/>\n<meta property=\"og:url\" content=\"https:\/\/news.save.ch\/fr\/strombedarf-schweiz-importabhaengigkeit-fuehrt-zu-wesentlichen-risiken\/\" \/>\n<meta property=\"og:site_name\" content=\"Save\" \/>\n<meta property=\"article:published_time\" content=\"2021-06-07T05:15:31+00:00\" \/>\n<meta property=\"article:modified_time\" content=\"2023-07-19T03:19:34+00:00\" \/>\n<meta property=\"og:image\" content=\"https:\/\/news.save.ch\/wp-content\/uploads\/2021\/06\/Leibstadt_pixabay_teaser.jpg\" \/>\n\t<meta property=\"og:image:width\" content=\"960\" \/>\n\t<meta property=\"og:image:height\" content=\"506\" \/>\n\t<meta property=\"og:image:type\" content=\"image\/jpeg\" \/>\n<meta name=\"author\" content=\"Simon Gr\u00f6flin\" \/>\n<meta name=\"twitter:card\" content=\"summary_large_image\" \/>\n<meta name=\"twitter:label1\" content=\"\u00c9crit par\" \/>\n\t<meta name=\"twitter:data1\" content=\"Simon Gr\u00f6flin\" \/>\n\t<meta name=\"twitter:label2\" content=\"Dur\u00e9e de lecture estim\u00e9e\" \/>\n\t<meta name=\"twitter:data2\" content=\"2 minutes\" \/>\n<script type=\"application\/ld+json\" class=\"yoast-schema-graph\">{\"@context\":\"https:\\\/\\\/schema.org\",\"@graph\":[{\"@type\":\"Article\",\"@id\":\"https:\\\/\\\/news.save.ch\\\/strombedarf-schweiz-importabhaengigkeit-fuehrt-zu-wesentlichen-risiken\\\/#article\",\"isPartOf\":{\"@id\":\"https:\\\/\\\/news.save.ch\\\/strombedarf-schweiz-importabhaengigkeit-fuehrt-zu-wesentlichen-risiken\\\/\"},\"author\":{\"name\":\"Simon Gr\u00f6flin\",\"@id\":\"https:\\\/\\\/news.save.ch\\\/de\\\/#\\\/schema\\\/person\\\/ad4ef21102fd6125312409ac57d5296d\"},\"headline\":\"Strombedarf Schweiz: Importabh\u00e4ngigkeit f\u00fchrt zu wesentlichen Risiken\",\"datePublished\":\"2021-06-07T05:15:31+00:00\",\"dateModified\":\"2023-07-19T03:19:34+00:00\",\"mainEntityOfPage\":{\"@id\":\"https:\\\/\\\/news.save.ch\\\/strombedarf-schweiz-importabhaengigkeit-fuehrt-zu-wesentlichen-risiken\\\/\"},\"wordCount\":263,\"publisher\":{\"@id\":\"https:\\\/\\\/news.save.ch\\\/de\\\/#organization\"},\"image\":{\"@id\":\"https:\\\/\\\/news.save.ch\\\/strombedarf-schweiz-importabhaengigkeit-fuehrt-zu-wesentlichen-risiken\\\/#primaryimage\"},\"thumbnailUrl\":\"https:\\\/\\\/news.save.ch\\\/wp-content\\\/uploads\\\/2021\\\/06\\\/Leibstadt_pixabay_teaser.jpg\",\"keywords\":[\"Elcom\",\"Importabh\u00e4ngigkeit\",\"Kernkraftwerk\",\"Stromversorgung\",\"Unterdeckungen\",\"Versorgungsqualit\u00e4t\"],\"articleSection\":[\"ALLGEMEIN\"],\"inLanguage\":\"fr-FR\"},{\"@type\":\"WebPage\",\"@id\":\"https:\\\/\\\/news.save.ch\\\/strombedarf-schweiz-importabhaengigkeit-fuehrt-zu-wesentlichen-risiken\\\/\",\"url\":\"https:\\\/\\\/news.save.ch\\\/strombedarf-schweiz-importabhaengigkeit-fuehrt-zu-wesentlichen-risiken\\\/\",\"name\":\"Strombedarf Schweiz: Importabh\u00e4ngigkeit f\u00fchrt zu wesentlichen Risiken - Save\",\"isPartOf\":{\"@id\":\"https:\\\/\\\/news.save.ch\\\/de\\\/#website\"},\"primaryImageOfPage\":{\"@id\":\"https:\\\/\\\/news.save.ch\\\/strombedarf-schweiz-importabhaengigkeit-fuehrt-zu-wesentlichen-risiken\\\/#primaryimage\"},\"image\":{\"@id\":\"https:\\\/\\\/news.save.ch\\\/strombedarf-schweiz-importabhaengigkeit-fuehrt-zu-wesentlichen-risiken\\\/#primaryimage\"},\"thumbnailUrl\":\"https:\\\/\\\/news.save.ch\\\/wp-content\\\/uploads\\\/2021\\\/06\\\/Leibstadt_pixabay_teaser.jpg\",\"datePublished\":\"2021-06-07T05:15:31+00:00\",\"dateModified\":\"2023-07-19T03:19:34+00:00\",\"description\":\"In der Schweiz besteht nach wie vor Handlungsbedarf bei der Stromversorgung im Winter. Dennoch geh\u00f6rt die Schweiz zu den L\u00e4ndern mit der h\u00f6chsten Stromversorgungsqualit\u00e4t in Europa. Das folgert die Eidgen\u00f6ssische Elektrizit\u00e4tskommission Elcom in Ihrer Jahresmedienkonferenz.\",\"breadcrumb\":{\"@id\":\"https:\\\/\\\/news.save.ch\\\/strombedarf-schweiz-importabhaengigkeit-fuehrt-zu-wesentlichen-risiken\\\/#breadcrumb\"},\"inLanguage\":\"fr-FR\",\"potentialAction\":[{\"@type\":\"ReadAction\",\"target\":[\"https:\\\/\\\/news.save.ch\\\/strombedarf-schweiz-importabhaengigkeit-fuehrt-zu-wesentlichen-risiken\\\/\"]}]},{\"@type\":\"ImageObject\",\"inLanguage\":\"fr-FR\",\"@id\":\"https:\\\/\\\/news.save.ch\\\/strombedarf-schweiz-importabhaengigkeit-fuehrt-zu-wesentlichen-risiken\\\/#primaryimage\",\"url\":\"https:\\\/\\\/news.save.ch\\\/wp-content\\\/uploads\\\/2021\\\/06\\\/Leibstadt_pixabay_teaser.jpg\",\"contentUrl\":\"https:\\\/\\\/news.save.ch\\\/wp-content\\\/uploads\\\/2021\\\/06\\\/Leibstadt_pixabay_teaser.jpg\",\"width\":960,\"height\":506},{\"@type\":\"BreadcrumbList\",\"@id\":\"https:\\\/\\\/news.save.ch\\\/strombedarf-schweiz-importabhaengigkeit-fuehrt-zu-wesentlichen-risiken\\\/#breadcrumb\",\"itemListElement\":[{\"@type\":\"ListItem\",\"position\":1,\"name\":\"Home\",\"item\":\"https:\\\/\\\/news.save.ch\\\/de\\\/\"},{\"@type\":\"ListItem\",\"position\":2,\"name\":\"Strombedarf Schweiz: Importabh\u00e4ngigkeit f\u00fchrt zu wesentlichen Risiken\"}]},{\"@type\":\"WebSite\",\"@id\":\"https:\\\/\\\/news.save.ch\\\/de\\\/#website\",\"url\":\"https:\\\/\\\/news.save.ch\\\/de\\\/\",\"name\":\"Save\",\"description\":\"Schweizer Fachzeitschrift f\u00fcr Sicherheit\",\"publisher\":{\"@id\":\"https:\\\/\\\/news.save.ch\\\/de\\\/#organization\"},\"potentialAction\":[{\"@type\":\"SearchAction\",\"target\":{\"@type\":\"EntryPoint\",\"urlTemplate\":\"https:\\\/\\\/news.save.ch\\\/de\\\/?s={search_term_string}\"},\"query-input\":{\"@type\":\"PropertyValueSpecification\",\"valueRequired\":true,\"valueName\":\"search_term_string\"}}],\"inLanguage\":\"fr-FR\"},{\"@type\":\"Organization\",\"@id\":\"https:\\\/\\\/news.save.ch\\\/de\\\/#organization\",\"name\":\"Sicherheitsforum\",\"url\":\"https:\\\/\\\/news.save.ch\\\/de\\\/\",\"logo\":{\"@type\":\"ImageObject\",\"inLanguage\":\"fr-FR\",\"@id\":\"https:\\\/\\\/news.save.ch\\\/de\\\/#\\\/schema\\\/logo\\\/image\\\/\",\"url\":\"https:\\\/\\\/news.save.ch\\\/wp-content\\\/uploads\\\/2022\\\/06\\\/Logo_SF_2012.png\",\"contentUrl\":\"https:\\\/\\\/news.save.ch\\\/wp-content\\\/uploads\\\/2022\\\/06\\\/Logo_SF_2012.png\",\"width\":1100,\"height\":91,\"caption\":\"Sicherheitsforum\"},\"image\":{\"@id\":\"https:\\\/\\\/news.save.ch\\\/de\\\/#\\\/schema\\\/logo\\\/image\\\/\"}},{\"@type\":\"Person\",\"@id\":\"https:\\\/\\\/news.save.ch\\\/de\\\/#\\\/schema\\\/person\\\/ad4ef21102fd6125312409ac57d5296d\",\"name\":\"Simon Gr\u00f6flin\",\"image\":{\"@type\":\"ImageObject\",\"inLanguage\":\"fr-FR\",\"@id\":\"https:\\\/\\\/secure.gravatar.com\\\/avatar\\\/6ddceb80eb734354635539e0ea5140bb7c41e42de7c45c9a2ab9921b5d5c9a83?s=96&d=mm&r=g\",\"url\":\"https:\\\/\\\/secure.gravatar.com\\\/avatar\\\/6ddceb80eb734354635539e0ea5140bb7c41e42de7c45c9a2ab9921b5d5c9a83?s=96&d=mm&r=g\",\"contentUrl\":\"https:\\\/\\\/secure.gravatar.com\\\/avatar\\\/6ddceb80eb734354635539e0ea5140bb7c41e42de7c45c9a2ab9921b5d5c9a83?s=96&d=mm&r=g\",\"caption\":\"Simon Gr\u00f6flin\"},\"url\":\"https:\\\/\\\/news.save.ch\\\/fr\\\/author\\\/simon-groeflin\\\/\"}]}<\/script>\n<!-- \/ Yoast SEO plugin. -->","yoast_head_json":{"title":"Besoins en \u00e9lectricit\u00e9 de la Suisse : la d\u00e9pendance aux importations entra\u00eene des risques importants - Save","description":"En Suisse, il est toujours n\u00e9cessaire d'agir en mati\u00e8re d'approvisionnement en \u00e9lectricit\u00e9 en hiver. Pourtant, la Suisse fait partie des pays europ\u00e9ens o\u00f9 la qualit\u00e9 de l'approvisionnement en \u00e9lectricit\u00e9 est la plus \u00e9lev\u00e9e. C'est ce que conclut la Commission f\u00e9d\u00e9rale de l'\u00e9lectricit\u00e9 Elcom dans sa conf\u00e9rence de presse annuelle.","robots":{"index":"index","follow":"follow","max-snippet":"max-snippet:-1","max-image-preview":"max-image-preview:large","max-video-preview":"max-video-preview:-1"},"canonical":"https:\/\/news.save.ch\/fr\/strombedarf-schweiz-importabhaengigkeit-fuehrt-zu-wesentlichen-risiken\/","og_locale":"fr_FR","og_type":"article","og_title":"Strombedarf Schweiz: Importabh\u00e4ngigkeit f\u00fchrt zu wesentlichen Risiken - Save","og_description":"In der Schweiz besteht nach wie vor Handlungsbedarf bei der Stromversorgung im Winter. Dennoch geh\u00f6rt die Schweiz zu den L\u00e4ndern mit der h\u00f6chsten Stromversorgungsqualit\u00e4t in Europa. Das folgert die Eidgen\u00f6ssische Elektrizit\u00e4tskommission Elcom in Ihrer Jahresmedienkonferenz.","og_url":"https:\/\/news.save.ch\/fr\/strombedarf-schweiz-importabhaengigkeit-fuehrt-zu-wesentlichen-risiken\/","og_site_name":"Save","article_published_time":"2021-06-07T05:15:31+00:00","article_modified_time":"2023-07-19T03:19:34+00:00","og_image":[{"width":960,"height":506,"url":"https:\/\/news.save.ch\/wp-content\/uploads\/2021\/06\/Leibstadt_pixabay_teaser.jpg","type":"image\/jpeg"}],"author":"Simon Gr\u00f6flin","twitter_card":"summary_large_image","twitter_misc":{"\u00c9crit par":"Simon Gr\u00f6flin","Dur\u00e9e de lecture estim\u00e9e":"2 minutes"},"schema":{"@context":"https:\/\/schema.org","@graph":[{"@type":"Article","@id":"https:\/\/news.save.ch\/strombedarf-schweiz-importabhaengigkeit-fuehrt-zu-wesentlichen-risiken\/#article","isPartOf":{"@id":"https:\/\/news.save.ch\/strombedarf-schweiz-importabhaengigkeit-fuehrt-zu-wesentlichen-risiken\/"},"author":{"name":"Simon Gr\u00f6flin","@id":"https:\/\/news.save.ch\/de\/#\/schema\/person\/ad4ef21102fd6125312409ac57d5296d"},"headline":"Strombedarf Schweiz: Importabh\u00e4ngigkeit f\u00fchrt zu wesentlichen Risiken","datePublished":"2021-06-07T05:15:31+00:00","dateModified":"2023-07-19T03:19:34+00:00","mainEntityOfPage":{"@id":"https:\/\/news.save.ch\/strombedarf-schweiz-importabhaengigkeit-fuehrt-zu-wesentlichen-risiken\/"},"wordCount":263,"publisher":{"@id":"https:\/\/news.save.ch\/de\/#organization"},"image":{"@id":"https:\/\/news.save.ch\/strombedarf-schweiz-importabhaengigkeit-fuehrt-zu-wesentlichen-risiken\/#primaryimage"},"thumbnailUrl":"https:\/\/news.save.ch\/wp-content\/uploads\/2021\/06\/Leibstadt_pixabay_teaser.jpg","keywords":["Elcom","Importabh\u00e4ngigkeit","Kernkraftwerk","Stromversorgung","Unterdeckungen","Versorgungsqualit\u00e4t"],"articleSection":["ALLGEMEIN"],"inLanguage":"fr-FR"},{"@type":"WebPage","@id":"https:\/\/news.save.ch\/strombedarf-schweiz-importabhaengigkeit-fuehrt-zu-wesentlichen-risiken\/","url":"https:\/\/news.save.ch\/strombedarf-schweiz-importabhaengigkeit-fuehrt-zu-wesentlichen-risiken\/","name":"Besoins en \u00e9lectricit\u00e9 de la Suisse : la d\u00e9pendance aux importations entra\u00eene des risques importants - Save","isPartOf":{"@id":"https:\/\/news.save.ch\/de\/#website"},"primaryImageOfPage":{"@id":"https:\/\/news.save.ch\/strombedarf-schweiz-importabhaengigkeit-fuehrt-zu-wesentlichen-risiken\/#primaryimage"},"image":{"@id":"https:\/\/news.save.ch\/strombedarf-schweiz-importabhaengigkeit-fuehrt-zu-wesentlichen-risiken\/#primaryimage"},"thumbnailUrl":"https:\/\/news.save.ch\/wp-content\/uploads\/2021\/06\/Leibstadt_pixabay_teaser.jpg","datePublished":"2021-06-07T05:15:31+00:00","dateModified":"2023-07-19T03:19:34+00:00","description":"En Suisse, il est toujours n\u00e9cessaire d'agir en mati\u00e8re d'approvisionnement en \u00e9lectricit\u00e9 en hiver. Pourtant, la Suisse fait partie des pays europ\u00e9ens o\u00f9 la qualit\u00e9 de l'approvisionnement en \u00e9lectricit\u00e9 est la plus \u00e9lev\u00e9e. C'est ce que conclut la Commission f\u00e9d\u00e9rale de l'\u00e9lectricit\u00e9 Elcom dans sa conf\u00e9rence de presse annuelle.","breadcrumb":{"@id":"https:\/\/news.save.ch\/strombedarf-schweiz-importabhaengigkeit-fuehrt-zu-wesentlichen-risiken\/#breadcrumb"},"inLanguage":"fr-FR","potentialAction":[{"@type":"ReadAction","target":["https:\/\/news.save.ch\/strombedarf-schweiz-importabhaengigkeit-fuehrt-zu-wesentlichen-risiken\/"]}]},{"@type":"ImageObject","inLanguage":"fr-FR","@id":"https:\/\/news.save.ch\/strombedarf-schweiz-importabhaengigkeit-fuehrt-zu-wesentlichen-risiken\/#primaryimage","url":"https:\/\/news.save.ch\/wp-content\/uploads\/2021\/06\/Leibstadt_pixabay_teaser.jpg","contentUrl":"https:\/\/news.save.ch\/wp-content\/uploads\/2021\/06\/Leibstadt_pixabay_teaser.jpg","width":960,"height":506},{"@type":"BreadcrumbList","@id":"https:\/\/news.save.ch\/strombedarf-schweiz-importabhaengigkeit-fuehrt-zu-wesentlichen-risiken\/#breadcrumb","itemListElement":[{"@type":"ListItem","position":1,"name":"Home","item":"https:\/\/news.save.ch\/de\/"},{"@type":"ListItem","position":2,"name":"Strombedarf Schweiz: Importabh\u00e4ngigkeit f\u00fchrt zu wesentlichen Risiken"}]},{"@type":"WebSite","@id":"https:\/\/news.save.ch\/de\/#website","url":"https:\/\/news.save.ch\/de\/","name":"Save","description":"Revue suisse sp\u00e9cialis\u00e9e dans la s\u00e9curit\u00e9","publisher":{"@id":"https:\/\/news.save.ch\/de\/#organization"},"potentialAction":[{"@type":"SearchAction","target":{"@type":"EntryPoint","urlTemplate":"https:\/\/news.save.ch\/de\/?s={search_term_string}"},"query-input":{"@type":"PropertyValueSpecification","valueRequired":true,"valueName":"search_term_string"}}],"inLanguage":"fr-FR"},{"@type":"Organization","@id":"https:\/\/news.save.ch\/de\/#organization","name":"Forum sur la s\u00e9curit\u00e9","url":"https:\/\/news.save.ch\/de\/","logo":{"@type":"ImageObject","inLanguage":"fr-FR","@id":"https:\/\/news.save.ch\/de\/#\/schema\/logo\/image\/","url":"https:\/\/news.save.ch\/wp-content\/uploads\/2022\/06\/Logo_SF_2012.png","contentUrl":"https:\/\/news.save.ch\/wp-content\/uploads\/2022\/06\/Logo_SF_2012.png","width":1100,"height":91,"caption":"Sicherheitsforum"},"image":{"@id":"https:\/\/news.save.ch\/de\/#\/schema\/logo\/image\/"}},{"@type":"Person","@id":"https:\/\/news.save.ch\/de\/#\/schema\/person\/ad4ef21102fd6125312409ac57d5296d","name":"Simon Gr\u00f6flin","image":{"@type":"ImageObject","inLanguage":"fr-FR","@id":"https:\/\/secure.gravatar.com\/avatar\/6ddceb80eb734354635539e0ea5140bb7c41e42de7c45c9a2ab9921b5d5c9a83?s=96&d=mm&r=g","url":"https:\/\/secure.gravatar.com\/avatar\/6ddceb80eb734354635539e0ea5140bb7c41e42de7c45c9a2ab9921b5d5c9a83?s=96&d=mm&r=g","contentUrl":"https:\/\/secure.gravatar.com\/avatar\/6ddceb80eb734354635539e0ea5140bb7c41e42de7c45c9a2ab9921b5d5c9a83?s=96&d=mm&r=g","caption":"Simon Gr\u00f6flin"},"url":"https:\/\/news.save.ch\/fr\/author\/simon-groeflin\/"}]}},"_links":{"self":[{"href":"https:\/\/news.save.ch\/fr\/wp-json\/wp\/v2\/posts\/12113","targetHints":{"allow":["GET"]}}],"collection":[{"href":"https:\/\/news.save.ch\/fr\/wp-json\/wp\/v2\/posts"}],"about":[{"href":"https:\/\/news.save.ch\/fr\/wp-json\/wp\/v2\/types\/post"}],"author":[{"embeddable":true,"href":"https:\/\/news.save.ch\/fr\/wp-json\/wp\/v2\/users\/9"}],"replies":[{"embeddable":true,"href":"https:\/\/news.save.ch\/fr\/wp-json\/wp\/v2\/comments?post=12113"}],"version-history":[{"count":2,"href":"https:\/\/news.save.ch\/fr\/wp-json\/wp\/v2\/posts\/12113\/revisions"}],"predecessor-version":[{"id":21012,"href":"https:\/\/news.save.ch\/fr\/wp-json\/wp\/v2\/posts\/12113\/revisions\/21012"}],"wp:featuredmedia":[{"embeddable":true,"href":"https:\/\/news.save.ch\/fr\/wp-json\/wp\/v2\/media\/12115"}],"wp:attachment":[{"href":"https:\/\/news.save.ch\/fr\/wp-json\/wp\/v2\/media?parent=12113"}],"wp:term":[{"taxonomy":"category","embeddable":true,"href":"https:\/\/news.save.ch\/fr\/wp-json\/wp\/v2\/categories?post=12113"},{"taxonomy":"post_tag","embeddable":true,"href":"https:\/\/news.save.ch\/fr\/wp-json\/wp\/v2\/tags?post=12113"}],"curies":[{"name":"wp","href":"https:\/\/api.w.org\/{rel}","templated":true}]}}