{"id":1218,"date":"2016-09-27T10:08:56","date_gmt":"2016-09-27T08:08:56","guid":{"rendered":"http:\/\/dev.safety-plus.ch\/?p=1218"},"modified":"2016-09-27T10:08:56","modified_gmt":"2016-09-27T08:08:56","slug":"mehr-freizeitunfaelle-bei-sonnigem-wetter","status":null,"type":"post","link":"https:\/\/news.save.ch\/fr\/mehr-freizeitunfaelle-bei-sonnigem-wetter\/","title":{"rendered":"Davantage d'accidents de loisirs par temps ensoleill\u00e9"},"content":{"rendered":"<figure id=\"attachment_1219\" aria-describedby=\"caption-attachment-1219\" style=\"width: 680px\" class=\"wp-caption alignnone\"><img loading=\"lazy\" decoding=\"async\" class=\"wp-image-1219 size-medium\" src=\"http:\/\/develop.safety-plus.ch\/wp-content\/uploads\/2016\/12\/Mehr-Freizeitunfaelle-bei-sonnigem-Wetter_safety-plus.jpg\" width=\"680\" height=\"453\" \/><figcaption id=\"caption-attachment-1219\" class=\"wp-caption-text\">C'est surtout par beau temps que le nombre d'accidents augmente.<\/figcaption><\/figure>\n<p>La baisse des temp\u00e9ratures, les feuilles mortes mouill\u00e9es ou le vent fort peuvent avoir une influence d\u00e9favorable sur les accidents. La Suva a voulu en savoir plus et a \u00e9tudi\u00e9, dans le cadre de sa s\u00e9rie \"Les accidents en chiffres\", quelles sont les conditions m\u00e9t\u00e9orologiques qui font le plus augmenter le nombre d'accidents. Le plus grand assureur-accidents de Suisse a ainsi combin\u00e9 le nombre d'accidents LAA avec les donn\u00e9es m\u00e9t\u00e9orologiques quotidiennes de l'Office f\u00e9d\u00e9ral de m\u00e9t\u00e9orologie et de climatologie M\u00e9t\u00e9oSuisse(Le lien est ouvert dans une nouvelle fen\u00eatre). Conclusion : \"L'influence de la m\u00e9t\u00e9o sur le nombre d'accidents se fait principalement par le biais de la dur\u00e9e de pratique des activit\u00e9s de loisirs et comparativement peu par le biais d'un risque accru certains jours, comme par exemple en cas de verglas\", explique Peter Andermatt, statisticien \u00e0 la Suva.<\/p>\n<p><img loading=\"lazy\" decoding=\"async\" class=\"alignnone wp-image-1220 size-medium\" src=\"http:\/\/develop.safety-plus.ch\/wp-content\/uploads\/2016\/12\/Mehr-Freizeitunfaelle-bei-sonnigem-Wetter_safety-plus-2.jpg\" width=\"680\" height=\"565\" \/><\/p>\n<p><strong>Plus d'accidents de loisirs les jours de beau temps<\/strong><\/p>\n<p>Afin d'obtenir des r\u00e9sultats pertinents, l'analyse sur l'influence du temps fait la distinction entre les jours clairs et les jours maussades selon la d\u00e9finition de M\u00e9t\u00e9oSuisse. Les jours de beau temps pr\u00e9sentent une dur\u00e9e d'ensoleillement de 80 pour cent et plus. Les jours maussades, le soleil brille \u00e0 20 pour cent et moins. On observe ainsi que les accidents de loisirs sont environ 25 pour cent plus nombreux les jours de semaine de travail o\u00f9 le temps est clair que les jours de semaine de travail o\u00f9 le temps est maussade. Le week-end, le nombre d'accidents de loisirs est m\u00eame sup\u00e9rieur de 40 %. L'ann\u00e9e derni\u00e8re, l'influence du temps a \u00e9galement \u00e9t\u00e9 manifeste : en \u00e9t\u00e9 2015, il a fait plus beau qu'en 2014, ce qui a entra\u00een\u00e9 une augmentation de sept pour cent des accidents de loisirs de juin \u00e0 ao\u00fbt pour la Suva.<\/p>\n<p><strong>Deux fois plus d'accidents de v\u00e9lo et de moto<\/strong><\/p>\n<p>Les activit\u00e9s de loisirs telles que le v\u00e9lo et la moto sont pratiqu\u00e9es de pr\u00e9f\u00e9rence lorsque les temp\u00e9ratures sont agr\u00e9ables et que le soleil brille. C'est pourquoi on observe une augmentation ou une diminution saisonni\u00e8re de ces activit\u00e9s et du nombre d'accidents correspondant entre avril et octobre. Les jours de beau temps, il y a environ deux fois plus d'accidents de v\u00e9lo et de moto que les jours sombres. Pour les accidents de voiture, il n'y a gu\u00e8re de diff\u00e9rence.<\/p>\n<p><strong>Les accidents du travail ne d\u00e9pendent pas du temps<\/strong><\/p>\n<p>Le temps n'a qu'une faible influence sur le nombre d'accidents professionnels. Cela n'est pas \u00e9tonnant pour les professions exerc\u00e9es dans des b\u00e2timents. Mais m\u00eame dans le secteur de la construction, o\u00f9 environ 28 000 accidents professionnels se produisent chaque ann\u00e9e, il n'y a gu\u00e8re de diff\u00e9rences dans le nombre d'accidents dues aux conditions m\u00e9t\u00e9orologiques.<\/p>\n<p>Chaque ann\u00e9e, environ 267 000 personnes assur\u00e9es par la LAA sont victimes d'un accident au travail. Pendant les loisirs, ce sont m\u00eame 527 000 accidents qui se produisent.<\/p>\n<p><em>Texte et images : Suva<\/em><\/p>","protected":false},"excerpt":{"rendered":"<p>Sinkende Temperaturen, nasses Laub oder starker Wind k\u00f6nnen ung\u00fcnstigen Einfluss auf das Unfallgeschehen haben. Die Suva wollte es genauer wissen und hat im Rahmen ihrer Serie \u00abUnf\u00e4lle in Zahlen\u00bb untersucht, welche Wetterbedingungen die Unfallzahlen am meisten ansteigen lassen. So hat der gr\u00f6sste Unfallversicherer der Schweiz die UVG-Unfallzahlen mit t\u00e4glichen Wetterdaten des Bundesamtes f\u00fcr Meteorologie und [&hellip;]<\/p>\n","protected":false},"author":1,"featured_media":16142,"comment_status":"open","ping_status":"open","sticky":false,"template":"","format":"standard","meta":{"_acf_changed":false,"pgc_sgb_lightbox_settings":"","footnotes":""},"categories":[1],"tags":[175,176,167],"class_list":["post-1218","post","type-post","status-publish","format-standard","has-post-thumbnail","hentry","category-allgemein","tag-nichtberufsunfaelle","tag-sportunfaelle","tag-suva"],"acf":[],"hkrextid":null,"publication":null,"issue":null,"workflow":null,"startPage":null,"spitzmarke":null,"_posts_by_tag_page_fields":{"widget_title":"","widget_tags":""},"_at_widget":"1","_yoast_wpseo_primary_category":"1","_yoast_wpseo_focuskw_text_input":"Freizeitunf\u00e4lle","_yoast_wpseo_opengraph-image":null,"_yoast_wpseo_opengraph-description":null,"_yoast_wpseo_opengraph-title":null,"enclosure":null,"_yoast_wpseo_twitter-title":null,"_yoast_wpseo_twitter-description":null,"_yoast_wpseo_twitter-image":null,"_wp_old_slug":null,"_yoast_wpseo_title":null,"_yoast_wpseo_canonical":null,"yoast_head":"<!-- This site is optimized with the Yoast SEO plugin v27.5 - https:\/\/yoast.com\/product\/yoast-seo-wordpress\/ -->\n<title>Mehr Freizeitunf\u00e4lle bei sonnigem Wetter - Save<\/title>\n<meta name=\"description\" content=\"Freizeitunf\u00e4lle: Freizeitaktivit\u00e4ten richten sich stark nach dem Wetter. Das hat Auswirkungen auf die Unfallzahlen.\" \/>\n<meta name=\"robots\" content=\"index, follow, max-snippet:-1, max-image-preview:large, max-video-preview:-1\" \/>\n<link rel=\"canonical\" href=\"https:\/\/news.save.ch\/fr\/mehr-freizeitunfaelle-bei-sonnigem-wetter\/\" \/>\n<meta property=\"og:locale\" content=\"fr_FR\" \/>\n<meta property=\"og:type\" content=\"article\" \/>\n<meta property=\"og:title\" content=\"Mehr Freizeitunf\u00e4lle bei sonnigem Wetter - Save\" \/>\n<meta property=\"og:description\" content=\"Freizeitunf\u00e4lle: Freizeitaktivit\u00e4ten richten sich stark nach dem Wetter. Das hat Auswirkungen auf die Unfallzahlen.\" \/>\n<meta property=\"og:url\" content=\"https:\/\/news.save.ch\/fr\/mehr-freizeitunfaelle-bei-sonnigem-wetter\/\" \/>\n<meta property=\"og:site_name\" content=\"Save\" \/>\n<meta property=\"article:published_time\" content=\"2016-09-27T08:08:56+00:00\" \/>\n<meta property=\"og:image\" content=\"https:\/\/news.save.ch\/wp-content\/uploads\/2016\/12\/Mehr-Freizeitunfaelle-bei-sonnigem-Wetter_safety-plus-scaled-1.jpg\" \/>\n\t<meta property=\"og:image:width\" content=\"1200\" \/>\n\t<meta property=\"og:image:height\" content=\"800\" \/>\n\t<meta property=\"og:image:type\" content=\"image\/jpeg\" \/>\n<meta name=\"author\" content=\"admin\" \/>\n<meta name=\"twitter:card\" content=\"summary_large_image\" \/>\n<meta name=\"twitter:label1\" content=\"\u00c9crit par\" \/>\n\t<meta name=\"twitter:data1\" content=\"admin\" \/>\n\t<meta name=\"twitter:label2\" content=\"Dur\u00e9e de lecture estim\u00e9e\" \/>\n\t<meta name=\"twitter:data2\" content=\"2 minutes\" \/>\n<script type=\"application\/ld+json\" class=\"yoast-schema-graph\">{\"@context\":\"https:\\\/\\\/schema.org\",\"@graph\":[{\"@type\":\"Article\",\"@id\":\"https:\\\/\\\/news.save.ch\\\/mehr-freizeitunfaelle-bei-sonnigem-wetter\\\/#article\",\"isPartOf\":{\"@id\":\"https:\\\/\\\/news.save.ch\\\/mehr-freizeitunfaelle-bei-sonnigem-wetter\\\/\"},\"author\":{\"name\":\"admin\",\"@id\":\"https:\\\/\\\/news.save.ch\\\/de\\\/#\\\/schema\\\/person\\\/d49e199490bad7c70d64b9ab51142f2b\"},\"headline\":\"Mehr Freizeitunf\u00e4lle bei sonnigem Wetter\",\"datePublished\":\"2016-09-27T08:08:56+00:00\",\"mainEntityOfPage\":{\"@id\":\"https:\\\/\\\/news.save.ch\\\/mehr-freizeitunfaelle-bei-sonnigem-wetter\\\/\"},\"wordCount\":404,\"commentCount\":0,\"publisher\":{\"@id\":\"https:\\\/\\\/news.save.ch\\\/de\\\/#organization\"},\"image\":{\"@id\":\"https:\\\/\\\/news.save.ch\\\/mehr-freizeitunfaelle-bei-sonnigem-wetter\\\/#primaryimage\"},\"thumbnailUrl\":\"https:\\\/\\\/news.save.ch\\\/wp-content\\\/uploads\\\/2016\\\/12\\\/Mehr-Freizeitunfaelle-bei-sonnigem-Wetter_safety-plus-scaled-1.jpg\",\"keywords\":[\"Nichtberufsunf\u00e4lle\",\"Sportunf\u00e4lle\",\"SUVA\"],\"articleSection\":[\"ALLGEMEIN\"],\"inLanguage\":\"fr-FR\"},{\"@type\":\"WebPage\",\"@id\":\"https:\\\/\\\/news.save.ch\\\/mehr-freizeitunfaelle-bei-sonnigem-wetter\\\/\",\"url\":\"https:\\\/\\\/news.save.ch\\\/mehr-freizeitunfaelle-bei-sonnigem-wetter\\\/\",\"name\":\"Mehr Freizeitunf\u00e4lle bei sonnigem Wetter - Save\",\"isPartOf\":{\"@id\":\"https:\\\/\\\/news.save.ch\\\/de\\\/#website\"},\"primaryImageOfPage\":{\"@id\":\"https:\\\/\\\/news.save.ch\\\/mehr-freizeitunfaelle-bei-sonnigem-wetter\\\/#primaryimage\"},\"image\":{\"@id\":\"https:\\\/\\\/news.save.ch\\\/mehr-freizeitunfaelle-bei-sonnigem-wetter\\\/#primaryimage\"},\"thumbnailUrl\":\"https:\\\/\\\/news.save.ch\\\/wp-content\\\/uploads\\\/2016\\\/12\\\/Mehr-Freizeitunfaelle-bei-sonnigem-Wetter_safety-plus-scaled-1.jpg\",\"datePublished\":\"2016-09-27T08:08:56+00:00\",\"description\":\"Freizeitunf\u00e4lle: Freizeitaktivit\u00e4ten richten sich stark nach dem Wetter. Das hat Auswirkungen auf die Unfallzahlen.\",\"breadcrumb\":{\"@id\":\"https:\\\/\\\/news.save.ch\\\/mehr-freizeitunfaelle-bei-sonnigem-wetter\\\/#breadcrumb\"},\"inLanguage\":\"fr-FR\",\"potentialAction\":[{\"@type\":\"ReadAction\",\"target\":[\"https:\\\/\\\/news.save.ch\\\/mehr-freizeitunfaelle-bei-sonnigem-wetter\\\/\"]}]},{\"@type\":\"ImageObject\",\"inLanguage\":\"fr-FR\",\"@id\":\"https:\\\/\\\/news.save.ch\\\/mehr-freizeitunfaelle-bei-sonnigem-wetter\\\/#primaryimage\",\"url\":\"https:\\\/\\\/news.save.ch\\\/wp-content\\\/uploads\\\/2016\\\/12\\\/Mehr-Freizeitunfaelle-bei-sonnigem-Wetter_safety-plus-scaled-1.jpg\",\"contentUrl\":\"https:\\\/\\\/news.save.ch\\\/wp-content\\\/uploads\\\/2016\\\/12\\\/Mehr-Freizeitunfaelle-bei-sonnigem-Wetter_safety-plus-scaled-1.jpg\",\"width\":1200,\"height\":800,\"caption\":\"Vor allem bei sch\u00f6nem Wetter steigen die Unfallzahlen.\"},{\"@type\":\"BreadcrumbList\",\"@id\":\"https:\\\/\\\/news.save.ch\\\/mehr-freizeitunfaelle-bei-sonnigem-wetter\\\/#breadcrumb\",\"itemListElement\":[{\"@type\":\"ListItem\",\"position\":1,\"name\":\"Home\",\"item\":\"https:\\\/\\\/news.save.ch\\\/de\\\/\"},{\"@type\":\"ListItem\",\"position\":2,\"name\":\"Mehr Freizeitunf\u00e4lle bei sonnigem Wetter\"}]},{\"@type\":\"WebSite\",\"@id\":\"https:\\\/\\\/news.save.ch\\\/de\\\/#website\",\"url\":\"https:\\\/\\\/news.save.ch\\\/de\\\/\",\"name\":\"Save\",\"description\":\"Schweizer Fachzeitschrift f\u00fcr Sicherheit\",\"publisher\":{\"@id\":\"https:\\\/\\\/news.save.ch\\\/de\\\/#organization\"},\"potentialAction\":[{\"@type\":\"SearchAction\",\"target\":{\"@type\":\"EntryPoint\",\"urlTemplate\":\"https:\\\/\\\/news.save.ch\\\/de\\\/?s={search_term_string}\"},\"query-input\":{\"@type\":\"PropertyValueSpecification\",\"valueRequired\":true,\"valueName\":\"search_term_string\"}}],\"inLanguage\":\"fr-FR\"},{\"@type\":\"Organization\",\"@id\":\"https:\\\/\\\/news.save.ch\\\/de\\\/#organization\",\"name\":\"Sicherheitsforum\",\"url\":\"https:\\\/\\\/news.save.ch\\\/de\\\/\",\"logo\":{\"@type\":\"ImageObject\",\"inLanguage\":\"fr-FR\",\"@id\":\"https:\\\/\\\/news.save.ch\\\/de\\\/#\\\/schema\\\/logo\\\/image\\\/\",\"url\":\"https:\\\/\\\/news.save.ch\\\/wp-content\\\/uploads\\\/2022\\\/06\\\/Logo_SF_2012.png\",\"contentUrl\":\"https:\\\/\\\/news.save.ch\\\/wp-content\\\/uploads\\\/2022\\\/06\\\/Logo_SF_2012.png\",\"width\":1100,\"height\":91,\"caption\":\"Sicherheitsforum\"},\"image\":{\"@id\":\"https:\\\/\\\/news.save.ch\\\/de\\\/#\\\/schema\\\/logo\\\/image\\\/\"}},{\"@type\":\"Person\",\"@id\":\"https:\\\/\\\/news.save.ch\\\/de\\\/#\\\/schema\\\/person\\\/d49e199490bad7c70d64b9ab51142f2b\",\"name\":\"admin\",\"image\":{\"@type\":\"ImageObject\",\"inLanguage\":\"fr-FR\",\"@id\":\"https:\\\/\\\/secure.gravatar.com\\\/avatar\\\/ae2f4d718e6c49043e314ce431e7e645d646302a24a5ef5a8bc8e3f5a032e319?s=96&d=mm&r=g\",\"url\":\"https:\\\/\\\/secure.gravatar.com\\\/avatar\\\/ae2f4d718e6c49043e314ce431e7e645d646302a24a5ef5a8bc8e3f5a032e319?s=96&d=mm&r=g\",\"contentUrl\":\"https:\\\/\\\/secure.gravatar.com\\\/avatar\\\/ae2f4d718e6c49043e314ce431e7e645d646302a24a5ef5a8bc8e3f5a032e319?s=96&d=mm&r=g\",\"caption\":\"admin\"},\"sameAs\":[\"https:\\\/\\\/develop.organisator.galledia.ch\"],\"url\":\"https:\\\/\\\/news.save.ch\\\/fr\\\/author\\\/admin\\\/\"}]}<\/script>\n<!-- \/ Yoast SEO plugin. -->","yoast_head_json":{"title":"Davantage d'accidents de loisirs par temps ensoleill\u00e9 - Save","description":"Les accidents de loisirs : Les activit\u00e9s de loisirs d\u00e9pendent fortement des conditions m\u00e9t\u00e9orologiques. Cela a des cons\u00e9quences sur le nombre d'accidents.","robots":{"index":"index","follow":"follow","max-snippet":"max-snippet:-1","max-image-preview":"max-image-preview:large","max-video-preview":"max-video-preview:-1"},"canonical":"https:\/\/news.save.ch\/fr\/mehr-freizeitunfaelle-bei-sonnigem-wetter\/","og_locale":"fr_FR","og_type":"article","og_title":"Mehr Freizeitunf\u00e4lle bei sonnigem Wetter - Save","og_description":"Freizeitunf\u00e4lle: Freizeitaktivit\u00e4ten richten sich stark nach dem Wetter. Das hat Auswirkungen auf die Unfallzahlen.","og_url":"https:\/\/news.save.ch\/fr\/mehr-freizeitunfaelle-bei-sonnigem-wetter\/","og_site_name":"Save","article_published_time":"2016-09-27T08:08:56+00:00","og_image":[{"width":1200,"height":800,"url":"https:\/\/news.save.ch\/wp-content\/uploads\/2016\/12\/Mehr-Freizeitunfaelle-bei-sonnigem-Wetter_safety-plus-scaled-1.jpg","type":"image\/jpeg"}],"author":"admin","twitter_card":"summary_large_image","twitter_misc":{"\u00c9crit par":"admin","Dur\u00e9e de lecture estim\u00e9e":"2 minutes"},"schema":{"@context":"https:\/\/schema.org","@graph":[{"@type":"Article","@id":"https:\/\/news.save.ch\/mehr-freizeitunfaelle-bei-sonnigem-wetter\/#article","isPartOf":{"@id":"https:\/\/news.save.ch\/mehr-freizeitunfaelle-bei-sonnigem-wetter\/"},"author":{"name":"admin","@id":"https:\/\/news.save.ch\/de\/#\/schema\/person\/d49e199490bad7c70d64b9ab51142f2b"},"headline":"Mehr Freizeitunf\u00e4lle bei sonnigem Wetter","datePublished":"2016-09-27T08:08:56+00:00","mainEntityOfPage":{"@id":"https:\/\/news.save.ch\/mehr-freizeitunfaelle-bei-sonnigem-wetter\/"},"wordCount":404,"commentCount":0,"publisher":{"@id":"https:\/\/news.save.ch\/de\/#organization"},"image":{"@id":"https:\/\/news.save.ch\/mehr-freizeitunfaelle-bei-sonnigem-wetter\/#primaryimage"},"thumbnailUrl":"https:\/\/news.save.ch\/wp-content\/uploads\/2016\/12\/Mehr-Freizeitunfaelle-bei-sonnigem-Wetter_safety-plus-scaled-1.jpg","keywords":["Nichtberufsunf\u00e4lle","Sportunf\u00e4lle","SUVA"],"articleSection":["ALLGEMEIN"],"inLanguage":"fr-FR"},{"@type":"WebPage","@id":"https:\/\/news.save.ch\/mehr-freizeitunfaelle-bei-sonnigem-wetter\/","url":"https:\/\/news.save.ch\/mehr-freizeitunfaelle-bei-sonnigem-wetter\/","name":"Davantage d'accidents de loisirs par temps ensoleill\u00e9 - Save","isPartOf":{"@id":"https:\/\/news.save.ch\/de\/#website"},"primaryImageOfPage":{"@id":"https:\/\/news.save.ch\/mehr-freizeitunfaelle-bei-sonnigem-wetter\/#primaryimage"},"image":{"@id":"https:\/\/news.save.ch\/mehr-freizeitunfaelle-bei-sonnigem-wetter\/#primaryimage"},"thumbnailUrl":"https:\/\/news.save.ch\/wp-content\/uploads\/2016\/12\/Mehr-Freizeitunfaelle-bei-sonnigem-Wetter_safety-plus-scaled-1.jpg","datePublished":"2016-09-27T08:08:56+00:00","description":"Les accidents de loisirs : Les activit\u00e9s de loisirs d\u00e9pendent fortement des conditions m\u00e9t\u00e9orologiques. Cela a des cons\u00e9quences sur le nombre d'accidents.","breadcrumb":{"@id":"https:\/\/news.save.ch\/mehr-freizeitunfaelle-bei-sonnigem-wetter\/#breadcrumb"},"inLanguage":"fr-FR","potentialAction":[{"@type":"ReadAction","target":["https:\/\/news.save.ch\/mehr-freizeitunfaelle-bei-sonnigem-wetter\/"]}]},{"@type":"ImageObject","inLanguage":"fr-FR","@id":"https:\/\/news.save.ch\/mehr-freizeitunfaelle-bei-sonnigem-wetter\/#primaryimage","url":"https:\/\/news.save.ch\/wp-content\/uploads\/2016\/12\/Mehr-Freizeitunfaelle-bei-sonnigem-Wetter_safety-plus-scaled-1.jpg","contentUrl":"https:\/\/news.save.ch\/wp-content\/uploads\/2016\/12\/Mehr-Freizeitunfaelle-bei-sonnigem-Wetter_safety-plus-scaled-1.jpg","width":1200,"height":800,"caption":"Vor allem bei sch\u00f6nem Wetter steigen die Unfallzahlen."},{"@type":"BreadcrumbList","@id":"https:\/\/news.save.ch\/mehr-freizeitunfaelle-bei-sonnigem-wetter\/#breadcrumb","itemListElement":[{"@type":"ListItem","position":1,"name":"Home","item":"https:\/\/news.save.ch\/de\/"},{"@type":"ListItem","position":2,"name":"Mehr Freizeitunf\u00e4lle bei sonnigem Wetter"}]},{"@type":"WebSite","@id":"https:\/\/news.save.ch\/de\/#website","url":"https:\/\/news.save.ch\/de\/","name":"Save","description":"Revue suisse sp\u00e9cialis\u00e9e dans la s\u00e9curit\u00e9","publisher":{"@id":"https:\/\/news.save.ch\/de\/#organization"},"potentialAction":[{"@type":"SearchAction","target":{"@type":"EntryPoint","urlTemplate":"https:\/\/news.save.ch\/de\/?s={search_term_string}"},"query-input":{"@type":"PropertyValueSpecification","valueRequired":true,"valueName":"search_term_string"}}],"inLanguage":"fr-FR"},{"@type":"Organization","@id":"https:\/\/news.save.ch\/de\/#organization","name":"Forum sur la s\u00e9curit\u00e9","url":"https:\/\/news.save.ch\/de\/","logo":{"@type":"ImageObject","inLanguage":"fr-FR","@id":"https:\/\/news.save.ch\/de\/#\/schema\/logo\/image\/","url":"https:\/\/news.save.ch\/wp-content\/uploads\/2022\/06\/Logo_SF_2012.png","contentUrl":"https:\/\/news.save.ch\/wp-content\/uploads\/2022\/06\/Logo_SF_2012.png","width":1100,"height":91,"caption":"Sicherheitsforum"},"image":{"@id":"https:\/\/news.save.ch\/de\/#\/schema\/logo\/image\/"}},{"@type":"Person","@id":"https:\/\/news.save.ch\/de\/#\/schema\/person\/d49e199490bad7c70d64b9ab51142f2b","name":"admin","image":{"@type":"ImageObject","inLanguage":"fr-FR","@id":"https:\/\/secure.gravatar.com\/avatar\/ae2f4d718e6c49043e314ce431e7e645d646302a24a5ef5a8bc8e3f5a032e319?s=96&d=mm&r=g","url":"https:\/\/secure.gravatar.com\/avatar\/ae2f4d718e6c49043e314ce431e7e645d646302a24a5ef5a8bc8e3f5a032e319?s=96&d=mm&r=g","contentUrl":"https:\/\/secure.gravatar.com\/avatar\/ae2f4d718e6c49043e314ce431e7e645d646302a24a5ef5a8bc8e3f5a032e319?s=96&d=mm&r=g","caption":"admin"},"sameAs":["https:\/\/develop.organisator.galledia.ch"],"url":"https:\/\/news.save.ch\/fr\/author\/admin\/"}]}},"_links":{"self":[{"href":"https:\/\/news.save.ch\/fr\/wp-json\/wp\/v2\/posts\/1218","targetHints":{"allow":["GET"]}}],"collection":[{"href":"https:\/\/news.save.ch\/fr\/wp-json\/wp\/v2\/posts"}],"about":[{"href":"https:\/\/news.save.ch\/fr\/wp-json\/wp\/v2\/types\/post"}],"author":[{"embeddable":true,"href":"https:\/\/news.save.ch\/fr\/wp-json\/wp\/v2\/users\/1"}],"replies":[{"embeddable":true,"href":"https:\/\/news.save.ch\/fr\/wp-json\/wp\/v2\/comments?post=1218"}],"version-history":[{"count":0,"href":"https:\/\/news.save.ch\/fr\/wp-json\/wp\/v2\/posts\/1218\/revisions"}],"wp:featuredmedia":[{"embeddable":true,"href":"https:\/\/news.save.ch\/fr\/wp-json\/wp\/v2\/media\/16142"}],"wp:attachment":[{"href":"https:\/\/news.save.ch\/fr\/wp-json\/wp\/v2\/media?parent=1218"}],"wp:term":[{"taxonomy":"category","embeddable":true,"href":"https:\/\/news.save.ch\/fr\/wp-json\/wp\/v2\/categories?post=1218"},{"taxonomy":"post_tag","embeddable":true,"href":"https:\/\/news.save.ch\/fr\/wp-json\/wp\/v2\/tags?post=1218"}],"curies":[{"name":"wp","href":"https:\/\/api.w.org\/{rel}","templated":true}]}}