{"id":1225,"date":"2016-04-25T16:47:50","date_gmt":"2016-04-25T14:47:50","guid":{"rendered":"https:\/\/dev.sicherheitsforum.ch\/?p=1225"},"modified":"2023-03-14T08:57:20","modified_gmt":"2023-03-14T07:57:20","slug":"informationssicherheit-und-datenschutz-beim-e-patientendossier","status":null,"type":"post","link":"https:\/\/news.save.ch\/fr\/informationssicherheit-und-datenschutz-beim-e-patientendossier\/","title":{"rendered":"S\u00e9curit\u00e9 de l'information et protection des donn\u00e9es dans le dossier \u00e9lectronique du patient"},"content":{"rendered":"<p><img loading=\"lazy\" decoding=\"async\" class=\"alignnone wp-image-1226 size-medium\" src=\"https:\/\/news.save.ch\/wp-content\/uploads\/2016\/12\/Informationssicherheit-und-Datenschutz-beim-E-Patientendossier-it-security.jpg\" alt=\"s\u00e9curit\u00e9-information-et-confidentialit\u00e9-dans-le-dossier-patient-it-security\" width=\"680\" height=\"454\" srcset=\"https:\/\/news.save.ch\/wp-content\/uploads\/2016\/12\/Informationssicherheit-und-Datenschutz-beim-E-Patientendossier-it-security.jpg 850w, https:\/\/news.save.ch\/wp-content\/uploads\/2016\/12\/Informationssicherheit-und-Datenschutz-beim-E-Patientendossier-it-security-375x250.jpg 375w\" sizes=\"auto, (max-width: 680px) 100vw, 680px\" \/><\/p>\n<p>En juin 2015, la loi f\u00e9d\u00e9rale sur le dossier \u00e9lectronique du patient (LDEP) a \u00e9t\u00e9 adopt\u00e9e par les deux Chambres f\u00e9d\u00e9rales et devrait entrer en vigueur en 2017. Depuis lors, une certaine incertitude r\u00e8gne quant aux pr\u00e9paratifs que les prestataires doivent effectuer. Il y a beaucoup \u00e0 lire sur les d\u00e9fis op\u00e9rationnels et financiers. En revanche, la question de la s\u00e9curit\u00e9 et de la protection des donn\u00e9es reste quelque peu en arri\u00e8re-plan ; on a parfois l'impression que ces th\u00e8mes sont sciemment ignor\u00e9s.<\/p>\n<p><em>Qu'est-ce qui est important ?<\/em><br \/>\nImaginez que la m\u00e9dication prescrite ait \u00e9t\u00e9 modifi\u00e9e par erreur ou intentionnellement : Cela peut avoir des cons\u00e9quences fatales ! Si les donn\u00e9es ne sont pas disponibles en cas d'urgence, le traitement ne peut pas \u00eatre adapt\u00e9 \u00e0 la situation, ce qui serait \u00e9galement fatal. Enfin, l'authenticit\u00e9 des donn\u00e9es est importante : qui a saisi, modifi\u00e9, effac\u00e9, etc. les donn\u00e9es ? Cela est important pour la tra\u00e7abilit\u00e9 et les \u00e9ventuelles sanctions. Ces derniers temps, on constate une augmentation des cas de demandes de ran\u00e7on apr\u00e8s une infection par un \"ransomware\", y compris dans le secteur hospitalier. Les h\u00f4pitaux sont soumis au chantage ou subissent directement des dommages - il faut se d\u00e9fendre contre cela !<\/p>\n<p><em>Que faut-il pour cela ? <\/em><br \/>\nActuellement, la Haute \u00e9cole de Lucerne m\u00e8ne une \u00e9tude \u00e0 l'h\u00f4pital de Schwyz afin d'identifier les d\u00e9ficits et les risques \u00e9ventuels et de recommander des mesures pour les att\u00e9nuer. Les premiers r\u00e9sultats montrent que les petits h\u00f4pitaux en particulier n'ont pas les ressources des grandes cliniques centrales pour planifier la migration de mani\u00e8re isol\u00e9e. Pour ce faire, ils sont tributaires de prestataires de services externes. En tant qu'universit\u00e9, nous accompagnons cette d\u00e9marche par des \u00e9tudes et des expertises afin de contribuer \u00e0 la qualit\u00e9.<\/p>\n<p>Mais nous souhaitons \u00e9galement apporter notre contribution \u00e0 la formation des prestataires de services concern\u00e9s. Nous savons combien il est difficile pour les personnes travaillant dans le domaine de la sant\u00e9 de se familiariser avec cette mati\u00e8re nouvelle, \u00e9trang\u00e8re et complexe. Lors d'une conf\u00e9rence d'une journ\u00e9e qui se tiendra le mardi 14 juin 2016 au centre Dorfmatt de Rotkreuz (ZG), des experts de l'Office f\u00e9d\u00e9ral de la sant\u00e9 publique, des h\u00f4pitaux, des hautes \u00e9coles et des praticiens apporteront leur aide afin de pouvoir relever les d\u00e9fis \u00e0 venir. L'objectif principal de la Conf\u00e9rence sur la s\u00e9curit\u00e9 de l'information dans le domaine de la sant\u00e9 est donc que les utilisateurs, les fournisseurs, les patients et les d\u00e9cideurs apprennent \u00e0 mieux se parler. Ce n'est qu'ainsi qu'une mise en \u0153uvre pratique des dispositions l\u00e9gales sera possible. Vous trouverez de plus amples informations sur : <a title=\"Lien vers la page d&#039;accueil\" href=\"https:\/\/www.hslu.ch\/infosec-health\" target=\"_blank\" data-cke-saved-href=\"https:\/\/www.hslu.ch\/infosec-health\" rel=\"noopener\">www.hslu.ch\/infosec-health<\/a>.<\/p>\n<p><em>Dr. rer. nat. Peter E. Fischer, directeur du centre de comp\u00e9tences en s\u00e9curit\u00e9 de l'information, Haute \u00e9cole de Lucerne - Informatique<\/em><\/p>","protected":false},"excerpt":{"rendered":"<p>Im Juni 2015 wurde das Bundesgesetz zum elektronischen Patientendossier (EPDG) von beiden eidgen\u00f6ssischen R\u00e4ten verabschiedet, 2017 soll es in Kraft gesetzt werden. Seitdem herrscht eine gewisse Verunsicherung, was die Leistungstr\u00e4ger an Vorbereitung zu erbringen haben. \u00dcber die operativen und finanziellen Herausforderungen gibt es vieles zu lesen. Was dagegen etwas im Hintergrund bleibt, ist die Frage [&hellip;]<\/p>\n","protected":false},"author":1,"featured_media":1226,"comment_status":"open","ping_status":"open","sticky":false,"template":"","format":"standard","meta":{"_acf_changed":false,"pgc_sgb_lightbox_settings":"","footnotes":""},"categories":[3313],"tags":[96,62,63],"class_list":["post-1225","post","type-post","status-publish","format-standard","has-post-thumbnail","hentry","category-digitalisierung","tag-cyber-crime","tag-ict-sicherheit","tag-it-security"],"acf":[],"hkrextid":null,"publication":null,"issue":null,"workflow":null,"startPage":null,"spitzmarke":null,"_posts_by_tag_page_fields":{"widget_title":"","widget_tags":""},"_at_widget":"1","_yoast_wpseo_primary_category":"2","_yoast_wpseo_focuskw_text_input":"E-Patientendossier","_yoast_wpseo_opengraph-image":"https:\/\/news.save.ch\/wp-content\/uploads\/2016\/12\/Informationssicherheit-und-Datenschutz-beim-E-Patientendossier-it-security.jpg","_yoast_wpseo_opengraph-description":"Welche Massnahmen in Bezug auf Informationssicherheit des Patientendossiers schreibt das Gesetz vor? Wo liegen die Stolpersteine? Welche Erfahrungen aus der Praxis gibt es bereits? Informationssicherheit und Datenschutz sind Knackpunkte bei der Einf\u00fchrung des digitalen Datenverkehrs im Gesundheitswesen. Dazu kommt der zunehmende Kostendruck, dem die Leistungserbringer ausgesetzt sind. Vermittlungskompetenz zwischen Politik, Technik, Gesundheitswesen und Medizin wird wichtiger denn je.","_yoast_wpseo_opengraph-title":"Informationssicherheit und Datenschutz beim E-Patientendossier","enclosure":null,"_yoast_wpseo_twitter-title":null,"_yoast_wpseo_twitter-description":null,"_yoast_wpseo_twitter-image":null,"_wp_old_slug":null,"_yoast_wpseo_title":null,"_yoast_wpseo_canonical":null,"yoast_head":"<!-- This site is optimized with the Yoast SEO plugin v27.5 - https:\/\/yoast.com\/product\/yoast-seo-wordpress\/ -->\n<title>Informationssicherheit und Datenschutz beim E-Patientendossier - Save<\/title>\n<meta name=\"description\" content=\"Welche Massnahmen in Bezug auf Informationssicherheit des Patientendossiers schreibt das Gesetz vor?\" \/>\n<meta name=\"robots\" content=\"index, follow, max-snippet:-1, max-image-preview:large, max-video-preview:-1\" \/>\n<link rel=\"canonical\" href=\"https:\/\/news.save.ch\/fr\/informationssicherheit-und-datenschutz-beim-e-patientendossier\/\" \/>\n<meta property=\"og:locale\" content=\"fr_FR\" \/>\n<meta property=\"og:type\" content=\"article\" \/>\n<meta property=\"og:title\" content=\"Informationssicherheit und Datenschutz beim E-Patientendossier\" \/>\n<meta property=\"og:description\" content=\"Welche Massnahmen in Bezug auf Informationssicherheit des Patientendossiers schreibt das Gesetz vor? Wo liegen die Stolpersteine? Welche Erfahrungen aus der Praxis gibt es bereits? Informationssicherheit und Datenschutz sind Knackpunkte bei der Einf\u00fchrung des digitalen Datenverkehrs im Gesundheitswesen. Dazu kommt der zunehmende Kostendruck, dem die Leistungserbringer ausgesetzt sind. Vermittlungskompetenz zwischen Politik, Technik, Gesundheitswesen und Medizin wird wichtiger denn je.\" \/>\n<meta property=\"og:url\" content=\"https:\/\/news.save.ch\/fr\/informationssicherheit-und-datenschutz-beim-e-patientendossier\/\" \/>\n<meta property=\"og:site_name\" content=\"Save\" \/>\n<meta property=\"article:published_time\" content=\"2016-04-25T14:47:50+00:00\" \/>\n<meta property=\"article:modified_time\" content=\"2023-03-14T07:57:20+00:00\" \/>\n<meta property=\"og:image\" content=\"https:\/\/news.save.ch\/wp-content\/uploads\/2016\/12\/Informationssicherheit-und-Datenschutz-beim-E-Patientendossier-it-security.jpg\" \/>\n<meta name=\"author\" content=\"admin\" \/>\n<meta name=\"twitter:card\" content=\"summary_large_image\" \/>\n<meta name=\"twitter:label1\" content=\"\u00c9crit par\" \/>\n\t<meta name=\"twitter:data1\" content=\"admin\" \/>\n\t<meta name=\"twitter:label2\" content=\"Dur\u00e9e de lecture estim\u00e9e\" \/>\n\t<meta name=\"twitter:data2\" content=\"2 minutes\" \/>\n<script type=\"application\/ld+json\" class=\"yoast-schema-graph\">{\"@context\":\"https:\\\/\\\/schema.org\",\"@graph\":[{\"@type\":\"Article\",\"@id\":\"https:\\\/\\\/news.save.ch\\\/informationssicherheit-und-datenschutz-beim-e-patientendossier\\\/#article\",\"isPartOf\":{\"@id\":\"https:\\\/\\\/news.save.ch\\\/informationssicherheit-und-datenschutz-beim-e-patientendossier\\\/\"},\"author\":{\"name\":\"admin\",\"@id\":\"https:\\\/\\\/news.save.ch\\\/de\\\/#\\\/schema\\\/person\\\/d49e199490bad7c70d64b9ab51142f2b\"},\"headline\":\"Informationssicherheit und Datenschutz beim E-Patientendossier\",\"datePublished\":\"2016-04-25T14:47:50+00:00\",\"dateModified\":\"2023-03-14T07:57:20+00:00\",\"mainEntityOfPage\":{\"@id\":\"https:\\\/\\\/news.save.ch\\\/informationssicherheit-und-datenschutz-beim-e-patientendossier\\\/\"},\"wordCount\":381,\"commentCount\":0,\"publisher\":{\"@id\":\"https:\\\/\\\/news.save.ch\\\/de\\\/#organization\"},\"image\":{\"@id\":\"https:\\\/\\\/news.save.ch\\\/informationssicherheit-und-datenschutz-beim-e-patientendossier\\\/#primaryimage\"},\"thumbnailUrl\":\"https:\\\/\\\/news.save.ch\\\/wp-content\\\/uploads\\\/2016\\\/12\\\/Informationssicherheit-und-Datenschutz-beim-E-Patientendossier-it-security.jpg\",\"keywords\":[\"Cyber-Crime\",\"ICT-Sicherheit\",\"IT-SECURITY\"],\"articleSection\":[\"DIGITALISIERUNG\"],\"inLanguage\":\"fr-FR\"},{\"@type\":\"WebPage\",\"@id\":\"https:\\\/\\\/news.save.ch\\\/informationssicherheit-und-datenschutz-beim-e-patientendossier\\\/\",\"url\":\"https:\\\/\\\/news.save.ch\\\/informationssicherheit-und-datenschutz-beim-e-patientendossier\\\/\",\"name\":\"Informationssicherheit und Datenschutz beim E-Patientendossier - Save\",\"isPartOf\":{\"@id\":\"https:\\\/\\\/news.save.ch\\\/de\\\/#website\"},\"primaryImageOfPage\":{\"@id\":\"https:\\\/\\\/news.save.ch\\\/informationssicherheit-und-datenschutz-beim-e-patientendossier\\\/#primaryimage\"},\"image\":{\"@id\":\"https:\\\/\\\/news.save.ch\\\/informationssicherheit-und-datenschutz-beim-e-patientendossier\\\/#primaryimage\"},\"thumbnailUrl\":\"https:\\\/\\\/news.save.ch\\\/wp-content\\\/uploads\\\/2016\\\/12\\\/Informationssicherheit-und-Datenschutz-beim-E-Patientendossier-it-security.jpg\",\"datePublished\":\"2016-04-25T14:47:50+00:00\",\"dateModified\":\"2023-03-14T07:57:20+00:00\",\"description\":\"Welche Massnahmen in Bezug auf Informationssicherheit des Patientendossiers schreibt das Gesetz vor?\",\"breadcrumb\":{\"@id\":\"https:\\\/\\\/news.save.ch\\\/informationssicherheit-und-datenschutz-beim-e-patientendossier\\\/#breadcrumb\"},\"inLanguage\":\"fr-FR\",\"potentialAction\":[{\"@type\":\"ReadAction\",\"target\":[\"https:\\\/\\\/news.save.ch\\\/informationssicherheit-und-datenschutz-beim-e-patientendossier\\\/\"]}]},{\"@type\":\"ImageObject\",\"inLanguage\":\"fr-FR\",\"@id\":\"https:\\\/\\\/news.save.ch\\\/informationssicherheit-und-datenschutz-beim-e-patientendossier\\\/#primaryimage\",\"url\":\"https:\\\/\\\/news.save.ch\\\/wp-content\\\/uploads\\\/2016\\\/12\\\/Informationssicherheit-und-Datenschutz-beim-E-Patientendossier-it-security.jpg\",\"contentUrl\":\"https:\\\/\\\/news.save.ch\\\/wp-content\\\/uploads\\\/2016\\\/12\\\/Informationssicherheit-und-Datenschutz-beim-E-Patientendossier-it-security.jpg\",\"width\":850,\"height\":567},{\"@type\":\"BreadcrumbList\",\"@id\":\"https:\\\/\\\/news.save.ch\\\/informationssicherheit-und-datenschutz-beim-e-patientendossier\\\/#breadcrumb\",\"itemListElement\":[{\"@type\":\"ListItem\",\"position\":1,\"name\":\"Home\",\"item\":\"https:\\\/\\\/news.save.ch\\\/de\\\/\"},{\"@type\":\"ListItem\",\"position\":2,\"name\":\"Informationssicherheit und Datenschutz beim E-Patientendossier\"}]},{\"@type\":\"WebSite\",\"@id\":\"https:\\\/\\\/news.save.ch\\\/de\\\/#website\",\"url\":\"https:\\\/\\\/news.save.ch\\\/de\\\/\",\"name\":\"Save\",\"description\":\"Schweizer Fachzeitschrift f\u00fcr Sicherheit\",\"publisher\":{\"@id\":\"https:\\\/\\\/news.save.ch\\\/de\\\/#organization\"},\"potentialAction\":[{\"@type\":\"SearchAction\",\"target\":{\"@type\":\"EntryPoint\",\"urlTemplate\":\"https:\\\/\\\/news.save.ch\\\/de\\\/?s={search_term_string}\"},\"query-input\":{\"@type\":\"PropertyValueSpecification\",\"valueRequired\":true,\"valueName\":\"search_term_string\"}}],\"inLanguage\":\"fr-FR\"},{\"@type\":\"Organization\",\"@id\":\"https:\\\/\\\/news.save.ch\\\/de\\\/#organization\",\"name\":\"Sicherheitsforum\",\"url\":\"https:\\\/\\\/news.save.ch\\\/de\\\/\",\"logo\":{\"@type\":\"ImageObject\",\"inLanguage\":\"fr-FR\",\"@id\":\"https:\\\/\\\/news.save.ch\\\/de\\\/#\\\/schema\\\/logo\\\/image\\\/\",\"url\":\"https:\\\/\\\/news.save.ch\\\/wp-content\\\/uploads\\\/2022\\\/06\\\/Logo_SF_2012.png\",\"contentUrl\":\"https:\\\/\\\/news.save.ch\\\/wp-content\\\/uploads\\\/2022\\\/06\\\/Logo_SF_2012.png\",\"width\":1100,\"height\":91,\"caption\":\"Sicherheitsforum\"},\"image\":{\"@id\":\"https:\\\/\\\/news.save.ch\\\/de\\\/#\\\/schema\\\/logo\\\/image\\\/\"}},{\"@type\":\"Person\",\"@id\":\"https:\\\/\\\/news.save.ch\\\/de\\\/#\\\/schema\\\/person\\\/d49e199490bad7c70d64b9ab51142f2b\",\"name\":\"admin\",\"image\":{\"@type\":\"ImageObject\",\"inLanguage\":\"fr-FR\",\"@id\":\"https:\\\/\\\/secure.gravatar.com\\\/avatar\\\/ae2f4d718e6c49043e314ce431e7e645d646302a24a5ef5a8bc8e3f5a032e319?s=96&d=mm&r=g\",\"url\":\"https:\\\/\\\/secure.gravatar.com\\\/avatar\\\/ae2f4d718e6c49043e314ce431e7e645d646302a24a5ef5a8bc8e3f5a032e319?s=96&d=mm&r=g\",\"contentUrl\":\"https:\\\/\\\/secure.gravatar.com\\\/avatar\\\/ae2f4d718e6c49043e314ce431e7e645d646302a24a5ef5a8bc8e3f5a032e319?s=96&d=mm&r=g\",\"caption\":\"admin\"},\"sameAs\":[\"https:\\\/\\\/develop.organisator.galledia.ch\"],\"url\":\"https:\\\/\\\/news.save.ch\\\/fr\\\/author\\\/admin\\\/\"}]}<\/script>\n<!-- \/ Yoast SEO plugin. -->","yoast_head_json":{"title":"S\u00e9curit\u00e9 de l'information et protection des donn\u00e9es dans le dossier \u00e9lectronique du patient - Save","description":"Quelles sont les mesures prescrites par la loi en mati\u00e8re de s\u00e9curit\u00e9 des informations du dossier du patient ?","robots":{"index":"index","follow":"follow","max-snippet":"max-snippet:-1","max-image-preview":"max-image-preview:large","max-video-preview":"max-video-preview:-1"},"canonical":"https:\/\/news.save.ch\/fr\/informationssicherheit-und-datenschutz-beim-e-patientendossier\/","og_locale":"fr_FR","og_type":"article","og_title":"Informationssicherheit und Datenschutz beim E-Patientendossier","og_description":"Welche Massnahmen in Bezug auf Informationssicherheit des Patientendossiers schreibt das Gesetz vor? Wo liegen die Stolpersteine? Welche Erfahrungen aus der Praxis gibt es bereits? Informationssicherheit und Datenschutz sind Knackpunkte bei der Einf\u00fchrung des digitalen Datenverkehrs im Gesundheitswesen. Dazu kommt der zunehmende Kostendruck, dem die Leistungserbringer ausgesetzt sind. Vermittlungskompetenz zwischen Politik, Technik, Gesundheitswesen und Medizin wird wichtiger denn je.","og_url":"https:\/\/news.save.ch\/fr\/informationssicherheit-und-datenschutz-beim-e-patientendossier\/","og_site_name":"Save","article_published_time":"2016-04-25T14:47:50+00:00","article_modified_time":"2023-03-14T07:57:20+00:00","og_image":[{"url":"https:\/\/news.save.ch\/wp-content\/uploads\/2016\/12\/Informationssicherheit-und-Datenschutz-beim-E-Patientendossier-it-security.jpg","type":"","width":"","height":""}],"author":"admin","twitter_card":"summary_large_image","twitter_misc":{"\u00c9crit par":"admin","Dur\u00e9e de lecture estim\u00e9e":"2 minutes"},"schema":{"@context":"https:\/\/schema.org","@graph":[{"@type":"Article","@id":"https:\/\/news.save.ch\/informationssicherheit-und-datenschutz-beim-e-patientendossier\/#article","isPartOf":{"@id":"https:\/\/news.save.ch\/informationssicherheit-und-datenschutz-beim-e-patientendossier\/"},"author":{"name":"admin","@id":"https:\/\/news.save.ch\/de\/#\/schema\/person\/d49e199490bad7c70d64b9ab51142f2b"},"headline":"Informationssicherheit und Datenschutz beim E-Patientendossier","datePublished":"2016-04-25T14:47:50+00:00","dateModified":"2023-03-14T07:57:20+00:00","mainEntityOfPage":{"@id":"https:\/\/news.save.ch\/informationssicherheit-und-datenschutz-beim-e-patientendossier\/"},"wordCount":381,"commentCount":0,"publisher":{"@id":"https:\/\/news.save.ch\/de\/#organization"},"image":{"@id":"https:\/\/news.save.ch\/informationssicherheit-und-datenschutz-beim-e-patientendossier\/#primaryimage"},"thumbnailUrl":"https:\/\/news.save.ch\/wp-content\/uploads\/2016\/12\/Informationssicherheit-und-Datenschutz-beim-E-Patientendossier-it-security.jpg","keywords":["Cyber-Crime","ICT-Sicherheit","IT-SECURITY"],"articleSection":["DIGITALISIERUNG"],"inLanguage":"fr-FR"},{"@type":"WebPage","@id":"https:\/\/news.save.ch\/informationssicherheit-und-datenschutz-beim-e-patientendossier\/","url":"https:\/\/news.save.ch\/informationssicherheit-und-datenschutz-beim-e-patientendossier\/","name":"S\u00e9curit\u00e9 de l'information et protection des donn\u00e9es dans le dossier \u00e9lectronique du patient - Save","isPartOf":{"@id":"https:\/\/news.save.ch\/de\/#website"},"primaryImageOfPage":{"@id":"https:\/\/news.save.ch\/informationssicherheit-und-datenschutz-beim-e-patientendossier\/#primaryimage"},"image":{"@id":"https:\/\/news.save.ch\/informationssicherheit-und-datenschutz-beim-e-patientendossier\/#primaryimage"},"thumbnailUrl":"https:\/\/news.save.ch\/wp-content\/uploads\/2016\/12\/Informationssicherheit-und-Datenschutz-beim-E-Patientendossier-it-security.jpg","datePublished":"2016-04-25T14:47:50+00:00","dateModified":"2023-03-14T07:57:20+00:00","description":"Quelles sont les mesures prescrites par la loi en mati\u00e8re de s\u00e9curit\u00e9 des informations du dossier du patient ?","breadcrumb":{"@id":"https:\/\/news.save.ch\/informationssicherheit-und-datenschutz-beim-e-patientendossier\/#breadcrumb"},"inLanguage":"fr-FR","potentialAction":[{"@type":"ReadAction","target":["https:\/\/news.save.ch\/informationssicherheit-und-datenschutz-beim-e-patientendossier\/"]}]},{"@type":"ImageObject","inLanguage":"fr-FR","@id":"https:\/\/news.save.ch\/informationssicherheit-und-datenschutz-beim-e-patientendossier\/#primaryimage","url":"https:\/\/news.save.ch\/wp-content\/uploads\/2016\/12\/Informationssicherheit-und-Datenschutz-beim-E-Patientendossier-it-security.jpg","contentUrl":"https:\/\/news.save.ch\/wp-content\/uploads\/2016\/12\/Informationssicherheit-und-Datenschutz-beim-E-Patientendossier-it-security.jpg","width":850,"height":567},{"@type":"BreadcrumbList","@id":"https:\/\/news.save.ch\/informationssicherheit-und-datenschutz-beim-e-patientendossier\/#breadcrumb","itemListElement":[{"@type":"ListItem","position":1,"name":"Home","item":"https:\/\/news.save.ch\/de\/"},{"@type":"ListItem","position":2,"name":"Informationssicherheit und Datenschutz beim E-Patientendossier"}]},{"@type":"WebSite","@id":"https:\/\/news.save.ch\/de\/#website","url":"https:\/\/news.save.ch\/de\/","name":"Save","description":"Revue suisse sp\u00e9cialis\u00e9e dans la s\u00e9curit\u00e9","publisher":{"@id":"https:\/\/news.save.ch\/de\/#organization"},"potentialAction":[{"@type":"SearchAction","target":{"@type":"EntryPoint","urlTemplate":"https:\/\/news.save.ch\/de\/?s={search_term_string}"},"query-input":{"@type":"PropertyValueSpecification","valueRequired":true,"valueName":"search_term_string"}}],"inLanguage":"fr-FR"},{"@type":"Organization","@id":"https:\/\/news.save.ch\/de\/#organization","name":"Forum sur la s\u00e9curit\u00e9","url":"https:\/\/news.save.ch\/de\/","logo":{"@type":"ImageObject","inLanguage":"fr-FR","@id":"https:\/\/news.save.ch\/de\/#\/schema\/logo\/image\/","url":"https:\/\/news.save.ch\/wp-content\/uploads\/2022\/06\/Logo_SF_2012.png","contentUrl":"https:\/\/news.save.ch\/wp-content\/uploads\/2022\/06\/Logo_SF_2012.png","width":1100,"height":91,"caption":"Sicherheitsforum"},"image":{"@id":"https:\/\/news.save.ch\/de\/#\/schema\/logo\/image\/"}},{"@type":"Person","@id":"https:\/\/news.save.ch\/de\/#\/schema\/person\/d49e199490bad7c70d64b9ab51142f2b","name":"admin","image":{"@type":"ImageObject","inLanguage":"fr-FR","@id":"https:\/\/secure.gravatar.com\/avatar\/ae2f4d718e6c49043e314ce431e7e645d646302a24a5ef5a8bc8e3f5a032e319?s=96&d=mm&r=g","url":"https:\/\/secure.gravatar.com\/avatar\/ae2f4d718e6c49043e314ce431e7e645d646302a24a5ef5a8bc8e3f5a032e319?s=96&d=mm&r=g","contentUrl":"https:\/\/secure.gravatar.com\/avatar\/ae2f4d718e6c49043e314ce431e7e645d646302a24a5ef5a8bc8e3f5a032e319?s=96&d=mm&r=g","caption":"admin"},"sameAs":["https:\/\/develop.organisator.galledia.ch"],"url":"https:\/\/news.save.ch\/fr\/author\/admin\/"}]}},"_links":{"self":[{"href":"https:\/\/news.save.ch\/fr\/wp-json\/wp\/v2\/posts\/1225","targetHints":{"allow":["GET"]}}],"collection":[{"href":"https:\/\/news.save.ch\/fr\/wp-json\/wp\/v2\/posts"}],"about":[{"href":"https:\/\/news.save.ch\/fr\/wp-json\/wp\/v2\/types\/post"}],"author":[{"embeddable":true,"href":"https:\/\/news.save.ch\/fr\/wp-json\/wp\/v2\/users\/1"}],"replies":[{"embeddable":true,"href":"https:\/\/news.save.ch\/fr\/wp-json\/wp\/v2\/comments?post=1225"}],"version-history":[{"count":1,"href":"https:\/\/news.save.ch\/fr\/wp-json\/wp\/v2\/posts\/1225\/revisions"}],"predecessor-version":[{"id":17633,"href":"https:\/\/news.save.ch\/fr\/wp-json\/wp\/v2\/posts\/1225\/revisions\/17633"}],"wp:featuredmedia":[{"embeddable":true,"href":"https:\/\/news.save.ch\/fr\/wp-json\/wp\/v2\/media\/1226"}],"wp:attachment":[{"href":"https:\/\/news.save.ch\/fr\/wp-json\/wp\/v2\/media?parent=1225"}],"wp:term":[{"taxonomy":"category","embeddable":true,"href":"https:\/\/news.save.ch\/fr\/wp-json\/wp\/v2\/categories?post=1225"},{"taxonomy":"post_tag","embeddable":true,"href":"https:\/\/news.save.ch\/fr\/wp-json\/wp\/v2\/tags?post=1225"}],"curies":[{"name":"wp","href":"https:\/\/api.w.org\/{rel}","templated":true}]}}