{"id":12278,"date":"2021-07-08T09:17:39","date_gmt":"2021-07-08T07:17:39","guid":{"rendered":"https:\/\/news.save.ch\/?p=12278"},"modified":"2023-08-15T05:51:58","modified_gmt":"2023-08-15T03:51:58","slug":"bfh-verstaerkt-kompetenzen-bei-maschineller-intelligenz","status":null,"type":"post","link":"https:\/\/news.save.ch\/fr\/bfh-verstaerkt-kompetenzen-bei-maschineller-intelligenz\/","title":{"rendered":"La HESB renforce ses comp\u00e9tences en mati\u00e8re d'intelligence artificielle"},"content":{"rendered":"<figure id=\"attachment_12280\" aria-describedby=\"caption-attachment-12280\" style=\"width: 744px\" class=\"wp-caption alignnone\"><img loading=\"lazy\" decoding=\"async\" class=\"wp-image-12280 size-full\" src=\"https:\/\/news.save.ch\/wp-content\/uploads\/2021\/07\/machine_learning_pixabay.jpg\" alt=\"HESB\" width=\"744\" height=\"477\" srcset=\"https:\/\/news.save.ch\/wp-content\/uploads\/2021\/07\/machine_learning_pixabay.jpg 744w, https:\/\/news.save.ch\/wp-content\/uploads\/2021\/07\/machine_learning_pixabay-375x240.jpg 375w\" sizes=\"auto, (max-width: 744px) 100vw, 744px\" \/><figcaption id=\"caption-attachment-12280\" class=\"wp-caption-text\">\u00a9Pixabay<\/figcaption><\/figure>\n<p>Un nouveau groupe de recherche de la HESB se penche sur les comp\u00e9tences dans les domaines de la production automatique, de l'intelligence artificielle ainsi que sur la gestion de l'\"\u00e9thique num\u00e9rique\". L'\u00e9quipe veut s'occuper de tous les aspects importants du Machine Learning, \u00e0 commencer par la mise \u00e0 l'\u00e9chelle, la mod\u00e9lisation des donn\u00e9es, les tests, l'exploitation et la maintenance, comme l'indique la HESB dans un communiqu\u00e9.<\/p>\n<p>En collaboration avec l'industrie, des groupes de recherche universitaires et des organisations \u00e0 but non lucratif, les chercheurs d\u00e9veloppent des applications qui doivent offrir des fonctionnalit\u00e9s in\u00e9dites. Sont \u00e9galement cit\u00e9s des th\u00e8mes tels que la vision par ordinateur et l'inf\u00e9rence, par exemple des applications de texte intelligentes ainsi que divers syst\u00e8mes de recherche et de recommandation.<\/p>\n<p>Les projets en cours comprennent entre autres <a href=\"https:\/\/www.bfh.ch\/de\/forschung\/forschungsprojekte\/2021-288-996-826\/\" target=\"_blank\" rel=\"noopener\">D\u00e9tection du burnout par la linguistique informatique<\/a>. Dans ce projet sp\u00e9cial, les bases pour l'avenir des m\u00e9dias num\u00e9riques de la psychologie sont cr\u00e9\u00e9es. En outre, un <a href=\"https:\/\/www.bfh.ch\/de\/forschung\/referenzprojekte\/virtueller-rechercheanwalt\/\" target=\"_blank\" rel=\"noopener\">avocat de recherche virtuel<\/a>La nouvelle application de recherche, bas\u00e9e sur l'intelligence artificielle (IA) et les connaissances m\u00e9dicales, permet de trouver des juristes ainsi que des informations pertinentes dix fois plus rapidement et plus pr\u00e9cis\u00e9ment qu'auparavant.<\/p>\n<p><em>Source :\u00a0<a href=\"https:\/\/www.bfh.ch\/de\/forschung\/forschungsbereiche\/institute-for-data-applications-and-security-idas\/\" target=\"_blank\" rel=\"noopener\">bfh.idas<\/a><\/em><\/p>","protected":false},"excerpt":{"rendered":"<p>Eine neue Forschungsgruppe der BFH befasst sich mit den Kompetenzen in den Bereichen maschinelle Produktion, K\u00fcnstliche Intelligenz sowie mit dem Umgang mit der \u00abdigitalen Ethik\u00bb. Das Team will sich mit allen wichtigen Aspekten des Machine Learnings befassen, angefangen bei Skalierung, Datenmodellierung, \u00fcber Tests, bis hin zum Betrieb und Unterhalt,\u00a0wie die BFH in einer Mitteilung schreibt. [&hellip;]<\/p>\n","protected":false},"author":9,"featured_media":12280,"comment_status":"closed","ping_status":"closed","sticky":false,"template":"","format":"standard","meta":{"_acf_changed":false,"pgc_sgb_lightbox_settings":"","footnotes":""},"categories":[1],"tags":[1230,5459,5458,63,464,630],"class_list":["post-12278","post","type-post","status-publish","format-standard","has-post-thumbnail","hentry","category-allgemein","tag-bfh","tag-computer-vision","tag-forschungsgruppe","tag-it-security","tag-kuenstliche-intelligenz","tag-machine-learning"],"acf":[],"hkrextid":null,"publication":null,"issue":null,"workflow":null,"startPage":null,"spitzmarke":null,"_posts_by_tag_page_fields":{"widget_title":"","widget_tags":""},"_at_widget":"1","_yoast_wpseo_primary_category":"1","_yoast_wpseo_focuskw_text_input":null,"_yoast_wpseo_opengraph-image":null,"_yoast_wpseo_opengraph-description":null,"_yoast_wpseo_opengraph-title":null,"enclosure":null,"_yoast_wpseo_twitter-title":null,"_yoast_wpseo_twitter-description":null,"_yoast_wpseo_twitter-image":null,"_wp_old_slug":null,"_yoast_wpseo_title":null,"_yoast_wpseo_canonical":null,"yoast_head":"<!-- This site is optimized with the Yoast SEO plugin v27.4 - https:\/\/yoast.com\/product\/yoast-seo-wordpress\/ -->\n<title>BFH verst\u00e4rkt Kompetenzen bei Maschineller Intelligenz - Save<\/title>\n<meta name=\"description\" content=\"Eine neue Forschungsgruppe der BFH vereinigt Kompetenzen in den Bereichen maschineller Produktion und K\u00fcnstlicher Intelligenz. Ber\u00fccksichtigt werden sollen alle Aspekte der Skalierung und Modellierung des Machine Learnings.\" \/>\n<meta name=\"robots\" content=\"index, follow, max-snippet:-1, max-image-preview:large, max-video-preview:-1\" \/>\n<link rel=\"canonical\" href=\"https:\/\/news.save.ch\/fr\/bfh-verstaerkt-kompetenzen-bei-maschineller-intelligenz\/\" \/>\n<meta property=\"og:locale\" content=\"fr_FR\" \/>\n<meta property=\"og:type\" content=\"article\" \/>\n<meta property=\"og:title\" content=\"BFH verst\u00e4rkt Kompetenzen bei Maschineller Intelligenz - Save\" \/>\n<meta property=\"og:description\" content=\"Eine neue Forschungsgruppe der BFH vereinigt Kompetenzen in den Bereichen maschineller Produktion und K\u00fcnstlicher Intelligenz. Ber\u00fccksichtigt werden sollen alle Aspekte der Skalierung und Modellierung des Machine Learnings.\" \/>\n<meta property=\"og:url\" content=\"https:\/\/news.save.ch\/fr\/bfh-verstaerkt-kompetenzen-bei-maschineller-intelligenz\/\" \/>\n<meta property=\"og:site_name\" content=\"Save\" \/>\n<meta property=\"article:published_time\" content=\"2021-07-08T07:17:39+00:00\" \/>\n<meta property=\"article:modified_time\" content=\"2023-08-15T03:51:58+00:00\" \/>\n<meta property=\"og:image\" content=\"https:\/\/news.save.ch\/wp-content\/uploads\/2021\/07\/machine_learning_pixabay.jpg\" \/>\n\t<meta property=\"og:image:width\" content=\"744\" \/>\n\t<meta property=\"og:image:height\" content=\"477\" \/>\n\t<meta property=\"og:image:type\" content=\"image\/jpeg\" \/>\n<meta name=\"author\" content=\"Simon Gr\u00f6flin\" \/>\n<meta name=\"twitter:card\" content=\"summary_large_image\" \/>\n<meta name=\"twitter:label1\" content=\"\u00c9crit par\" \/>\n\t<meta name=\"twitter:data1\" content=\"Simon Gr\u00f6flin\" \/>\n\t<meta name=\"twitter:label2\" content=\"Dur\u00e9e de lecture estim\u00e9e\" \/>\n\t<meta name=\"twitter:data2\" content=\"2 minutes\" \/>\n<script type=\"application\/ld+json\" class=\"yoast-schema-graph\">{\"@context\":\"https:\\\/\\\/schema.org\",\"@graph\":[{\"@type\":\"Article\",\"@id\":\"https:\\\/\\\/news.save.ch\\\/bfh-verstaerkt-kompetenzen-bei-maschineller-intelligenz\\\/#article\",\"isPartOf\":{\"@id\":\"https:\\\/\\\/news.save.ch\\\/bfh-verstaerkt-kompetenzen-bei-maschineller-intelligenz\\\/\"},\"author\":{\"name\":\"Simon Gr\u00f6flin\",\"@id\":\"https:\\\/\\\/news.save.ch\\\/de\\\/#\\\/schema\\\/person\\\/ad4ef21102fd6125312409ac57d5296d\"},\"headline\":\"BFH verst\u00e4rkt Kompetenzen bei Maschineller Intelligenz\",\"datePublished\":\"2021-07-08T07:17:39+00:00\",\"dateModified\":\"2023-08-15T03:51:58+00:00\",\"mainEntityOfPage\":{\"@id\":\"https:\\\/\\\/news.save.ch\\\/bfh-verstaerkt-kompetenzen-bei-maschineller-intelligenz\\\/\"},\"wordCount\":162,\"publisher\":{\"@id\":\"https:\\\/\\\/news.save.ch\\\/de\\\/#organization\"},\"image\":{\"@id\":\"https:\\\/\\\/news.save.ch\\\/bfh-verstaerkt-kompetenzen-bei-maschineller-intelligenz\\\/#primaryimage\"},\"thumbnailUrl\":\"https:\\\/\\\/news.save.ch\\\/wp-content\\\/uploads\\\/2021\\\/07\\\/machine_learning_pixabay.jpg\",\"keywords\":[\"BFH\",\"Computer Vision\",\"Forschungsgruppe\",\"IT-SECURITY\",\"K\u00fcnstliche Intelligenz\",\"Machine Learning\"],\"articleSection\":[\"ALLGEMEIN\"],\"inLanguage\":\"fr-FR\"},{\"@type\":\"WebPage\",\"@id\":\"https:\\\/\\\/news.save.ch\\\/bfh-verstaerkt-kompetenzen-bei-maschineller-intelligenz\\\/\",\"url\":\"https:\\\/\\\/news.save.ch\\\/bfh-verstaerkt-kompetenzen-bei-maschineller-intelligenz\\\/\",\"name\":\"BFH verst\u00e4rkt Kompetenzen bei Maschineller Intelligenz - Save\",\"isPartOf\":{\"@id\":\"https:\\\/\\\/news.save.ch\\\/de\\\/#website\"},\"primaryImageOfPage\":{\"@id\":\"https:\\\/\\\/news.save.ch\\\/bfh-verstaerkt-kompetenzen-bei-maschineller-intelligenz\\\/#primaryimage\"},\"image\":{\"@id\":\"https:\\\/\\\/news.save.ch\\\/bfh-verstaerkt-kompetenzen-bei-maschineller-intelligenz\\\/#primaryimage\"},\"thumbnailUrl\":\"https:\\\/\\\/news.save.ch\\\/wp-content\\\/uploads\\\/2021\\\/07\\\/machine_learning_pixabay.jpg\",\"datePublished\":\"2021-07-08T07:17:39+00:00\",\"dateModified\":\"2023-08-15T03:51:58+00:00\",\"description\":\"Eine neue Forschungsgruppe der BFH vereinigt Kompetenzen in den Bereichen maschineller Produktion und K\u00fcnstlicher Intelligenz. Ber\u00fccksichtigt werden sollen alle Aspekte der Skalierung und Modellierung des Machine Learnings.\",\"breadcrumb\":{\"@id\":\"https:\\\/\\\/news.save.ch\\\/bfh-verstaerkt-kompetenzen-bei-maschineller-intelligenz\\\/#breadcrumb\"},\"inLanguage\":\"fr-FR\",\"potentialAction\":[{\"@type\":\"ReadAction\",\"target\":[\"https:\\\/\\\/news.save.ch\\\/bfh-verstaerkt-kompetenzen-bei-maschineller-intelligenz\\\/\"]}]},{\"@type\":\"ImageObject\",\"inLanguage\":\"fr-FR\",\"@id\":\"https:\\\/\\\/news.save.ch\\\/bfh-verstaerkt-kompetenzen-bei-maschineller-intelligenz\\\/#primaryimage\",\"url\":\"https:\\\/\\\/news.save.ch\\\/wp-content\\\/uploads\\\/2021\\\/07\\\/machine_learning_pixabay.jpg\",\"contentUrl\":\"https:\\\/\\\/news.save.ch\\\/wp-content\\\/uploads\\\/2021\\\/07\\\/machine_learning_pixabay.jpg\",\"width\":744,\"height\":477,\"caption\":\"\u00a9Pixabay\"},{\"@type\":\"BreadcrumbList\",\"@id\":\"https:\\\/\\\/news.save.ch\\\/bfh-verstaerkt-kompetenzen-bei-maschineller-intelligenz\\\/#breadcrumb\",\"itemListElement\":[{\"@type\":\"ListItem\",\"position\":1,\"name\":\"Home\",\"item\":\"https:\\\/\\\/news.save.ch\\\/de\\\/\"},{\"@type\":\"ListItem\",\"position\":2,\"name\":\"BFH verst\u00e4rkt Kompetenzen bei Maschineller Intelligenz\"}]},{\"@type\":\"WebSite\",\"@id\":\"https:\\\/\\\/news.save.ch\\\/de\\\/#website\",\"url\":\"https:\\\/\\\/news.save.ch\\\/de\\\/\",\"name\":\"Save\",\"description\":\"Schweizer Fachzeitschrift f\u00fcr Sicherheit\",\"publisher\":{\"@id\":\"https:\\\/\\\/news.save.ch\\\/de\\\/#organization\"},\"potentialAction\":[{\"@type\":\"SearchAction\",\"target\":{\"@type\":\"EntryPoint\",\"urlTemplate\":\"https:\\\/\\\/news.save.ch\\\/de\\\/?s={search_term_string}\"},\"query-input\":{\"@type\":\"PropertyValueSpecification\",\"valueRequired\":true,\"valueName\":\"search_term_string\"}}],\"inLanguage\":\"fr-FR\"},{\"@type\":\"Organization\",\"@id\":\"https:\\\/\\\/news.save.ch\\\/de\\\/#organization\",\"name\":\"Sicherheitsforum\",\"url\":\"https:\\\/\\\/news.save.ch\\\/de\\\/\",\"logo\":{\"@type\":\"ImageObject\",\"inLanguage\":\"fr-FR\",\"@id\":\"https:\\\/\\\/news.save.ch\\\/de\\\/#\\\/schema\\\/logo\\\/image\\\/\",\"url\":\"https:\\\/\\\/news.save.ch\\\/wp-content\\\/uploads\\\/2022\\\/06\\\/Logo_SF_2012.png\",\"contentUrl\":\"https:\\\/\\\/news.save.ch\\\/wp-content\\\/uploads\\\/2022\\\/06\\\/Logo_SF_2012.png\",\"width\":1100,\"height\":91,\"caption\":\"Sicherheitsforum\"},\"image\":{\"@id\":\"https:\\\/\\\/news.save.ch\\\/de\\\/#\\\/schema\\\/logo\\\/image\\\/\"}},{\"@type\":\"Person\",\"@id\":\"https:\\\/\\\/news.save.ch\\\/de\\\/#\\\/schema\\\/person\\\/ad4ef21102fd6125312409ac57d5296d\",\"name\":\"Simon Gr\u00f6flin\",\"image\":{\"@type\":\"ImageObject\",\"inLanguage\":\"fr-FR\",\"@id\":\"https:\\\/\\\/secure.gravatar.com\\\/avatar\\\/6ddceb80eb734354635539e0ea5140bb7c41e42de7c45c9a2ab9921b5d5c9a83?s=96&d=mm&r=g\",\"url\":\"https:\\\/\\\/secure.gravatar.com\\\/avatar\\\/6ddceb80eb734354635539e0ea5140bb7c41e42de7c45c9a2ab9921b5d5c9a83?s=96&d=mm&r=g\",\"contentUrl\":\"https:\\\/\\\/secure.gravatar.com\\\/avatar\\\/6ddceb80eb734354635539e0ea5140bb7c41e42de7c45c9a2ab9921b5d5c9a83?s=96&d=mm&r=g\",\"caption\":\"Simon Gr\u00f6flin\"},\"url\":\"https:\\\/\\\/news.save.ch\\\/fr\\\/author\\\/simon-groeflin\\\/\"}]}<\/script>\n<!-- \/ Yoast SEO plugin. -->","yoast_head_json":{"title":"La HESB renforce ses comp\u00e9tences en mati\u00e8re d'intelligence artificielle - Save","description":"Un nouveau groupe de recherche de la HESB r\u00e9unit des comp\u00e9tences dans les domaines de la production automatique et de l'intelligence artificielle. Tous les aspects de la mise \u00e0 l'\u00e9chelle et de la mod\u00e9lisation du Machine Learning seront pris en compte.","robots":{"index":"index","follow":"follow","max-snippet":"max-snippet:-1","max-image-preview":"max-image-preview:large","max-video-preview":"max-video-preview:-1"},"canonical":"https:\/\/news.save.ch\/fr\/bfh-verstaerkt-kompetenzen-bei-maschineller-intelligenz\/","og_locale":"fr_FR","og_type":"article","og_title":"BFH verst\u00e4rkt Kompetenzen bei Maschineller Intelligenz - Save","og_description":"Eine neue Forschungsgruppe der BFH vereinigt Kompetenzen in den Bereichen maschineller Produktion und K\u00fcnstlicher Intelligenz. Ber\u00fccksichtigt werden sollen alle Aspekte der Skalierung und Modellierung des Machine Learnings.","og_url":"https:\/\/news.save.ch\/fr\/bfh-verstaerkt-kompetenzen-bei-maschineller-intelligenz\/","og_site_name":"Save","article_published_time":"2021-07-08T07:17:39+00:00","article_modified_time":"2023-08-15T03:51:58+00:00","og_image":[{"width":744,"height":477,"url":"https:\/\/news.save.ch\/wp-content\/uploads\/2021\/07\/machine_learning_pixabay.jpg","type":"image\/jpeg"}],"author":"Simon Gr\u00f6flin","twitter_card":"summary_large_image","twitter_misc":{"\u00c9crit par":"Simon Gr\u00f6flin","Dur\u00e9e de lecture estim\u00e9e":"2 minutes"},"schema":{"@context":"https:\/\/schema.org","@graph":[{"@type":"Article","@id":"https:\/\/news.save.ch\/bfh-verstaerkt-kompetenzen-bei-maschineller-intelligenz\/#article","isPartOf":{"@id":"https:\/\/news.save.ch\/bfh-verstaerkt-kompetenzen-bei-maschineller-intelligenz\/"},"author":{"name":"Simon Gr\u00f6flin","@id":"https:\/\/news.save.ch\/de\/#\/schema\/person\/ad4ef21102fd6125312409ac57d5296d"},"headline":"BFH verst\u00e4rkt Kompetenzen bei Maschineller Intelligenz","datePublished":"2021-07-08T07:17:39+00:00","dateModified":"2023-08-15T03:51:58+00:00","mainEntityOfPage":{"@id":"https:\/\/news.save.ch\/bfh-verstaerkt-kompetenzen-bei-maschineller-intelligenz\/"},"wordCount":162,"publisher":{"@id":"https:\/\/news.save.ch\/de\/#organization"},"image":{"@id":"https:\/\/news.save.ch\/bfh-verstaerkt-kompetenzen-bei-maschineller-intelligenz\/#primaryimage"},"thumbnailUrl":"https:\/\/news.save.ch\/wp-content\/uploads\/2021\/07\/machine_learning_pixabay.jpg","keywords":["BFH","Computer Vision","Forschungsgruppe","IT-SECURITY","K\u00fcnstliche Intelligenz","Machine Learning"],"articleSection":["ALLGEMEIN"],"inLanguage":"fr-FR"},{"@type":"WebPage","@id":"https:\/\/news.save.ch\/bfh-verstaerkt-kompetenzen-bei-maschineller-intelligenz\/","url":"https:\/\/news.save.ch\/bfh-verstaerkt-kompetenzen-bei-maschineller-intelligenz\/","name":"La HESB renforce ses comp\u00e9tences en mati\u00e8re d'intelligence artificielle - Save","isPartOf":{"@id":"https:\/\/news.save.ch\/de\/#website"},"primaryImageOfPage":{"@id":"https:\/\/news.save.ch\/bfh-verstaerkt-kompetenzen-bei-maschineller-intelligenz\/#primaryimage"},"image":{"@id":"https:\/\/news.save.ch\/bfh-verstaerkt-kompetenzen-bei-maschineller-intelligenz\/#primaryimage"},"thumbnailUrl":"https:\/\/news.save.ch\/wp-content\/uploads\/2021\/07\/machine_learning_pixabay.jpg","datePublished":"2021-07-08T07:17:39+00:00","dateModified":"2023-08-15T03:51:58+00:00","description":"Un nouveau groupe de recherche de la HESB r\u00e9unit des comp\u00e9tences dans les domaines de la production automatique et de l'intelligence artificielle. Tous les aspects de la mise \u00e0 l'\u00e9chelle et de la mod\u00e9lisation du Machine Learning seront pris en compte.","breadcrumb":{"@id":"https:\/\/news.save.ch\/bfh-verstaerkt-kompetenzen-bei-maschineller-intelligenz\/#breadcrumb"},"inLanguage":"fr-FR","potentialAction":[{"@type":"ReadAction","target":["https:\/\/news.save.ch\/bfh-verstaerkt-kompetenzen-bei-maschineller-intelligenz\/"]}]},{"@type":"ImageObject","inLanguage":"fr-FR","@id":"https:\/\/news.save.ch\/bfh-verstaerkt-kompetenzen-bei-maschineller-intelligenz\/#primaryimage","url":"https:\/\/news.save.ch\/wp-content\/uploads\/2021\/07\/machine_learning_pixabay.jpg","contentUrl":"https:\/\/news.save.ch\/wp-content\/uploads\/2021\/07\/machine_learning_pixabay.jpg","width":744,"height":477,"caption":"\u00a9Pixabay"},{"@type":"BreadcrumbList","@id":"https:\/\/news.save.ch\/bfh-verstaerkt-kompetenzen-bei-maschineller-intelligenz\/#breadcrumb","itemListElement":[{"@type":"ListItem","position":1,"name":"Home","item":"https:\/\/news.save.ch\/de\/"},{"@type":"ListItem","position":2,"name":"BFH verst\u00e4rkt Kompetenzen bei Maschineller Intelligenz"}]},{"@type":"WebSite","@id":"https:\/\/news.save.ch\/de\/#website","url":"https:\/\/news.save.ch\/de\/","name":"Save","description":"Revue suisse sp\u00e9cialis\u00e9e dans la s\u00e9curit\u00e9","publisher":{"@id":"https:\/\/news.save.ch\/de\/#organization"},"potentialAction":[{"@type":"SearchAction","target":{"@type":"EntryPoint","urlTemplate":"https:\/\/news.save.ch\/de\/?s={search_term_string}"},"query-input":{"@type":"PropertyValueSpecification","valueRequired":true,"valueName":"search_term_string"}}],"inLanguage":"fr-FR"},{"@type":"Organization","@id":"https:\/\/news.save.ch\/de\/#organization","name":"Forum sur la s\u00e9curit\u00e9","url":"https:\/\/news.save.ch\/de\/","logo":{"@type":"ImageObject","inLanguage":"fr-FR","@id":"https:\/\/news.save.ch\/de\/#\/schema\/logo\/image\/","url":"https:\/\/news.save.ch\/wp-content\/uploads\/2022\/06\/Logo_SF_2012.png","contentUrl":"https:\/\/news.save.ch\/wp-content\/uploads\/2022\/06\/Logo_SF_2012.png","width":1100,"height":91,"caption":"Sicherheitsforum"},"image":{"@id":"https:\/\/news.save.ch\/de\/#\/schema\/logo\/image\/"}},{"@type":"Person","@id":"https:\/\/news.save.ch\/de\/#\/schema\/person\/ad4ef21102fd6125312409ac57d5296d","name":"Simon Gr\u00f6flin","image":{"@type":"ImageObject","inLanguage":"fr-FR","@id":"https:\/\/secure.gravatar.com\/avatar\/6ddceb80eb734354635539e0ea5140bb7c41e42de7c45c9a2ab9921b5d5c9a83?s=96&d=mm&r=g","url":"https:\/\/secure.gravatar.com\/avatar\/6ddceb80eb734354635539e0ea5140bb7c41e42de7c45c9a2ab9921b5d5c9a83?s=96&d=mm&r=g","contentUrl":"https:\/\/secure.gravatar.com\/avatar\/6ddceb80eb734354635539e0ea5140bb7c41e42de7c45c9a2ab9921b5d5c9a83?s=96&d=mm&r=g","caption":"Simon Gr\u00f6flin"},"url":"https:\/\/news.save.ch\/fr\/author\/simon-groeflin\/"}]}},"_links":{"self":[{"href":"https:\/\/news.save.ch\/fr\/wp-json\/wp\/v2\/posts\/12278","targetHints":{"allow":["GET"]}}],"collection":[{"href":"https:\/\/news.save.ch\/fr\/wp-json\/wp\/v2\/posts"}],"about":[{"href":"https:\/\/news.save.ch\/fr\/wp-json\/wp\/v2\/types\/post"}],"author":[{"embeddable":true,"href":"https:\/\/news.save.ch\/fr\/wp-json\/wp\/v2\/users\/9"}],"replies":[{"embeddable":true,"href":"https:\/\/news.save.ch\/fr\/wp-json\/wp\/v2\/comments?post=12278"}],"version-history":[{"count":3,"href":"https:\/\/news.save.ch\/fr\/wp-json\/wp\/v2\/posts\/12278\/revisions"}],"predecessor-version":[{"id":21785,"href":"https:\/\/news.save.ch\/fr\/wp-json\/wp\/v2\/posts\/12278\/revisions\/21785"}],"wp:featuredmedia":[{"embeddable":true,"href":"https:\/\/news.save.ch\/fr\/wp-json\/wp\/v2\/media\/12280"}],"wp:attachment":[{"href":"https:\/\/news.save.ch\/fr\/wp-json\/wp\/v2\/media?parent=12278"}],"wp:term":[{"taxonomy":"category","embeddable":true,"href":"https:\/\/news.save.ch\/fr\/wp-json\/wp\/v2\/categories?post=12278"},{"taxonomy":"post_tag","embeddable":true,"href":"https:\/\/news.save.ch\/fr\/wp-json\/wp\/v2\/tags?post=12278"}],"curies":[{"name":"wp","href":"https:\/\/api.w.org\/{rel}","templated":true}]}}