{"id":12292,"date":"2021-07-12T08:38:12","date_gmt":"2021-07-12T06:38:12","guid":{"rendered":"https:\/\/news.save.ch\/?p=12292"},"modified":"2023-07-16T19:08:10","modified_gmt":"2023-07-16T17:08:10","slug":"ransomware-angriff-bei-comparis-strafuntersuchung-laeuft","status":null,"type":"post","link":"https:\/\/news.save.ch\/fr\/ransomware-angriff-bei-comparis-strafuntersuchung-laeuft\/","title":{"rendered":"Attaque de ransomware chez Comparis - enqu\u00eate p\u00e9nale en cours"},"content":{"rendered":"<p>Mercredi matin, plusieurs syst\u00e8mes informatiques de Comparis ont \u00e9t\u00e9 bloqu\u00e9s, comme l'indique le portail de comparaison dans un communiqu\u00e9. Entre-temps, le site Comparis.ch est \u00e0 nouveau disponible normalement. Les bases de donn\u00e9es ne devraient pas non plus \u00eatre affect\u00e9es par l'incident, selon les informations disponibles.<\/p>\n<p>Les premi\u00e8res investigations ont montr\u00e9 que les auteurs ont pu acc\u00e9der \u00e0 certaines donn\u00e9es importantes pour les clients de la soci\u00e9t\u00e9 s\u0153ur Credaris, dont les syst\u00e8mes sont en partie exploit\u00e9s dans l'environnement serveur. Un \u00e9ventuel vol de donn\u00e9es fait actuellement l'objet d'investigations suppl\u00e9mentaires. Credaris informera directement les clients \u00e9ventuellement concern\u00e9s. Les deux portails auraient d\u00e9j\u00e0 fait appel aux autorit\u00e9s de poursuite p\u00e9nale et l'on travaille en \u00e9troite collaboration avec les sp\u00e9cialistes de la cybercriminalit\u00e9. Une plainte contre inconnu a \u00e9t\u00e9 d\u00e9pos\u00e9e.<\/p>\n<blockquote class=\"twitter-tweet\" data-width=\"550\" data-dnt=\"true\">\n<p lang=\"de\" dir=\"ltr\"><a href=\"https:\/\/twitter.com\/Comparis?ref_src=twsrc%5Etfw\">@Comparis<\/a>  est \u00e0 nouveau en ligne depuis hier soir - apr\u00e8s une <a href=\"https:\/\/twitter.com\/hashtag\/Ransomware?src=hash&amp;ref_src=twsrc%5Etfw\">#Ransomware<\/a> - attaque, 90% de nos services sont de nouveau op\u00e9rationnels. Nous tenons \u00e0 nous excuser aupr\u00e8s de nos utilisateurs et utilisatrices pour les d\u00e9sagr\u00e9ments occasionn\u00e9s.<\/p>\n<p>- comparis.ch (@Comparis) <a href=\"https:\/\/twitter.com\/Comparis\/status\/1413397785685250050?ref_src=twsrc%5Etfw\">juillet 9, 2021<\/a><\/p><\/blockquote>\n<p><script async src=\"https:\/\/platform.twitter.com\/widgets.js\" charset=\"utf-8\"><\/script><\/p>\n<p>Le travail de r\u00e9tablissement des sous-syst\u00e8mes serait encore en cours. L'accessibilit\u00e9 via e-mail et hotline clients pourrait encore \u00eatre limit\u00e9e, comme l'\u00e9crit Comparis.<\/p>\n<p>Source : Comparis<\/p>","protected":false},"excerpt":{"rendered":"<p>Am Mittwochmorgen wurden verschiedene IT-Systeme von Comparis blockiert, wie das Vergleichsportal in einer Mitteilung schreibt. Inzwischen ist die Webseite Comparis.ch wieder normal verf\u00fcgbar. Auch Datenbanken sollen nach dem Kenntnisstand nicht von dem Vorfall betroffen sein. Die ersten Untersuchungen h\u00e4tten gezeigt, dass die T\u00e4terschaft sich Zugang zu gewissen kundenrelevanten Daten der Schwestergesellschaft Credaris verschaffen konnten, deren [&hellip;]<\/p>\n","protected":false},"author":9,"featured_media":5865,"comment_status":"closed","ping_status":"closed","sticky":false,"template":"","format":"standard","meta":{"_acf_changed":false,"pgc_sgb_lightbox_settings":"","footnotes":""},"categories":[1,3313],"tags":[1231,1232,1321,5446,63,3466,376],"class_list":["post-12292","post","type-post","status-publish","format-standard","has-post-thumbnail","hentry","category-allgemein","category-digitalisierung","tag-comparis","tag-credaris","tag-cybercrime","tag-datendiebstahl","tag-it-security","tag-it-systeme","tag-ransomware"],"acf":[],"hkrextid":null,"publication":null,"issue":null,"workflow":null,"startPage":null,"spitzmarke":null,"_posts_by_tag_page_fields":{"widget_title":"","widget_tags":""},"_at_widget":"1","_yoast_wpseo_primary_category":"1","_yoast_wpseo_focuskw_text_input":null,"_yoast_wpseo_opengraph-image":null,"_yoast_wpseo_opengraph-description":null,"_yoast_wpseo_opengraph-title":null,"enclosure":null,"_yoast_wpseo_twitter-title":null,"_yoast_wpseo_twitter-description":null,"_yoast_wpseo_twitter-image":null,"_wp_old_slug":null,"_yoast_wpseo_title":null,"_yoast_wpseo_canonical":null,"yoast_head":"<!-- This site is optimized with the Yoast SEO plugin v27.5 - https:\/\/yoast.com\/product\/yoast-seo-wordpress\/ -->\n<title>Ransomware-Angriff bei Comparis \u2013 Strafuntersuchung l\u00e4uft - Save<\/title>\n<meta name=\"description\" content=\"Das Vergleichsportal Comparis wurde letzten Mittwoch Angriff einer Cyberattacke. Kundendaten waren laut eigenen Angaben keine betroffen. Die IT-Systeme wurden heruntergefahren und man arbeite bereits mit der Polizei an den Untersuchungen.\" \/>\n<meta name=\"robots\" content=\"index, follow, max-snippet:-1, max-image-preview:large, max-video-preview:-1\" \/>\n<link rel=\"canonical\" href=\"https:\/\/news.save.ch\/fr\/ransomware-angriff-bei-comparis-strafuntersuchung-laeuft\/\" \/>\n<meta property=\"og:locale\" content=\"fr_FR\" \/>\n<meta property=\"og:type\" content=\"article\" \/>\n<meta property=\"og:title\" content=\"Ransomware-Angriff bei Comparis \u2013 Strafuntersuchung l\u00e4uft - Save\" \/>\n<meta property=\"og:description\" content=\"Das Vergleichsportal Comparis wurde letzten Mittwoch Angriff einer Cyberattacke. Kundendaten waren laut eigenen Angaben keine betroffen. Die IT-Systeme wurden heruntergefahren und man arbeite bereits mit der Polizei an den Untersuchungen.\" \/>\n<meta property=\"og:url\" content=\"https:\/\/news.save.ch\/fr\/ransomware-angriff-bei-comparis-strafuntersuchung-laeuft\/\" \/>\n<meta property=\"og:site_name\" content=\"Save\" \/>\n<meta property=\"article:published_time\" content=\"2021-07-12T06:38:12+00:00\" \/>\n<meta property=\"article:modified_time\" content=\"2023-07-16T17:08:10+00:00\" \/>\n<meta property=\"og:image\" content=\"https:\/\/news.save.ch\/wp-content\/uploads\/2018\/01\/Depositphotos_121463448_l-2015-scaled.jpg\" \/>\n\t<meta property=\"og:image:width\" content=\"1400\" \/>\n\t<meta property=\"og:image:height\" content=\"980\" \/>\n\t<meta property=\"og:image:type\" content=\"image\/jpeg\" \/>\n<meta name=\"author\" content=\"Simon Gr\u00f6flin\" \/>\n<meta name=\"twitter:card\" content=\"summary_large_image\" \/>\n<meta name=\"twitter:label1\" content=\"\u00c9crit par\" \/>\n\t<meta name=\"twitter:data1\" content=\"Simon Gr\u00f6flin\" \/>\n\t<meta name=\"twitter:label2\" content=\"Dur\u00e9e de lecture estim\u00e9e\" \/>\n\t<meta name=\"twitter:data2\" content=\"1 minute\" \/>\n<script type=\"application\/ld+json\" class=\"yoast-schema-graph\">{\"@context\":\"https:\\\/\\\/schema.org\",\"@graph\":[{\"@type\":\"Article\",\"@id\":\"https:\\\/\\\/news.save.ch\\\/ransomware-angriff-bei-comparis-strafuntersuchung-laeuft\\\/#article\",\"isPartOf\":{\"@id\":\"https:\\\/\\\/news.save.ch\\\/ransomware-angriff-bei-comparis-strafuntersuchung-laeuft\\\/\"},\"author\":{\"name\":\"Simon Gr\u00f6flin\",\"@id\":\"https:\\\/\\\/news.save.ch\\\/de\\\/#\\\/schema\\\/person\\\/ad4ef21102fd6125312409ac57d5296d\"},\"headline\":\"Ransomware-Angriff bei Comparis \u2013 Strafuntersuchung l\u00e4uft\",\"datePublished\":\"2021-07-12T06:38:12+00:00\",\"dateModified\":\"2023-07-16T17:08:10+00:00\",\"mainEntityOfPage\":{\"@id\":\"https:\\\/\\\/news.save.ch\\\/ransomware-angriff-bei-comparis-strafuntersuchung-laeuft\\\/\"},\"wordCount\":173,\"publisher\":{\"@id\":\"https:\\\/\\\/news.save.ch\\\/de\\\/#organization\"},\"image\":{\"@id\":\"https:\\\/\\\/news.save.ch\\\/ransomware-angriff-bei-comparis-strafuntersuchung-laeuft\\\/#primaryimage\"},\"thumbnailUrl\":\"https:\\\/\\\/news.save.ch\\\/wp-content\\\/uploads\\\/2018\\\/01\\\/Depositphotos_121463448_l-2015-scaled.jpg\",\"keywords\":[\"Comparis\",\"Credaris\",\"Cybercrime\",\"Datendiebstahl\",\"IT-SECURITY\",\"IT-Systeme\",\"Ransomware\"],\"articleSection\":[\"ALLGEMEIN\",\"DIGITALISIERUNG\"],\"inLanguage\":\"fr-FR\"},{\"@type\":\"WebPage\",\"@id\":\"https:\\\/\\\/news.save.ch\\\/ransomware-angriff-bei-comparis-strafuntersuchung-laeuft\\\/\",\"url\":\"https:\\\/\\\/news.save.ch\\\/ransomware-angriff-bei-comparis-strafuntersuchung-laeuft\\\/\",\"name\":\"Ransomware-Angriff bei Comparis \u2013 Strafuntersuchung l\u00e4uft - Save\",\"isPartOf\":{\"@id\":\"https:\\\/\\\/news.save.ch\\\/de\\\/#website\"},\"primaryImageOfPage\":{\"@id\":\"https:\\\/\\\/news.save.ch\\\/ransomware-angriff-bei-comparis-strafuntersuchung-laeuft\\\/#primaryimage\"},\"image\":{\"@id\":\"https:\\\/\\\/news.save.ch\\\/ransomware-angriff-bei-comparis-strafuntersuchung-laeuft\\\/#primaryimage\"},\"thumbnailUrl\":\"https:\\\/\\\/news.save.ch\\\/wp-content\\\/uploads\\\/2018\\\/01\\\/Depositphotos_121463448_l-2015-scaled.jpg\",\"datePublished\":\"2021-07-12T06:38:12+00:00\",\"dateModified\":\"2023-07-16T17:08:10+00:00\",\"description\":\"Das Vergleichsportal Comparis wurde letzten Mittwoch Angriff einer Cyberattacke. Kundendaten waren laut eigenen Angaben keine betroffen. Die IT-Systeme wurden heruntergefahren und man arbeite bereits mit der Polizei an den Untersuchungen.\",\"breadcrumb\":{\"@id\":\"https:\\\/\\\/news.save.ch\\\/ransomware-angriff-bei-comparis-strafuntersuchung-laeuft\\\/#breadcrumb\"},\"inLanguage\":\"fr-FR\",\"potentialAction\":[{\"@type\":\"ReadAction\",\"target\":[\"https:\\\/\\\/news.save.ch\\\/ransomware-angriff-bei-comparis-strafuntersuchung-laeuft\\\/\"]}]},{\"@type\":\"ImageObject\",\"inLanguage\":\"fr-FR\",\"@id\":\"https:\\\/\\\/news.save.ch\\\/ransomware-angriff-bei-comparis-strafuntersuchung-laeuft\\\/#primaryimage\",\"url\":\"https:\\\/\\\/news.save.ch\\\/wp-content\\\/uploads\\\/2018\\\/01\\\/Depositphotos_121463448_l-2015-scaled.jpg\",\"contentUrl\":\"https:\\\/\\\/news.save.ch\\\/wp-content\\\/uploads\\\/2018\\\/01\\\/Depositphotos_121463448_l-2015-scaled.jpg\",\"width\":1400,\"height\":980,\"caption\":\"depositphotos\"},{\"@type\":\"BreadcrumbList\",\"@id\":\"https:\\\/\\\/news.save.ch\\\/ransomware-angriff-bei-comparis-strafuntersuchung-laeuft\\\/#breadcrumb\",\"itemListElement\":[{\"@type\":\"ListItem\",\"position\":1,\"name\":\"Home\",\"item\":\"https:\\\/\\\/news.save.ch\\\/de\\\/\"},{\"@type\":\"ListItem\",\"position\":2,\"name\":\"Ransomware-Angriff bei Comparis \u2013 Strafuntersuchung l\u00e4uft\"}]},{\"@type\":\"WebSite\",\"@id\":\"https:\\\/\\\/news.save.ch\\\/de\\\/#website\",\"url\":\"https:\\\/\\\/news.save.ch\\\/de\\\/\",\"name\":\"Save\",\"description\":\"Schweizer Fachzeitschrift f\u00fcr Sicherheit\",\"publisher\":{\"@id\":\"https:\\\/\\\/news.save.ch\\\/de\\\/#organization\"},\"potentialAction\":[{\"@type\":\"SearchAction\",\"target\":{\"@type\":\"EntryPoint\",\"urlTemplate\":\"https:\\\/\\\/news.save.ch\\\/de\\\/?s={search_term_string}\"},\"query-input\":{\"@type\":\"PropertyValueSpecification\",\"valueRequired\":true,\"valueName\":\"search_term_string\"}}],\"inLanguage\":\"fr-FR\"},{\"@type\":\"Organization\",\"@id\":\"https:\\\/\\\/news.save.ch\\\/de\\\/#organization\",\"name\":\"Sicherheitsforum\",\"url\":\"https:\\\/\\\/news.save.ch\\\/de\\\/\",\"logo\":{\"@type\":\"ImageObject\",\"inLanguage\":\"fr-FR\",\"@id\":\"https:\\\/\\\/news.save.ch\\\/de\\\/#\\\/schema\\\/logo\\\/image\\\/\",\"url\":\"https:\\\/\\\/news.save.ch\\\/wp-content\\\/uploads\\\/2022\\\/06\\\/Logo_SF_2012.png\",\"contentUrl\":\"https:\\\/\\\/news.save.ch\\\/wp-content\\\/uploads\\\/2022\\\/06\\\/Logo_SF_2012.png\",\"width\":1100,\"height\":91,\"caption\":\"Sicherheitsforum\"},\"image\":{\"@id\":\"https:\\\/\\\/news.save.ch\\\/de\\\/#\\\/schema\\\/logo\\\/image\\\/\"}},{\"@type\":\"Person\",\"@id\":\"https:\\\/\\\/news.save.ch\\\/de\\\/#\\\/schema\\\/person\\\/ad4ef21102fd6125312409ac57d5296d\",\"name\":\"Simon Gr\u00f6flin\",\"image\":{\"@type\":\"ImageObject\",\"inLanguage\":\"fr-FR\",\"@id\":\"https:\\\/\\\/secure.gravatar.com\\\/avatar\\\/6ddceb80eb734354635539e0ea5140bb7c41e42de7c45c9a2ab9921b5d5c9a83?s=96&d=mm&r=g\",\"url\":\"https:\\\/\\\/secure.gravatar.com\\\/avatar\\\/6ddceb80eb734354635539e0ea5140bb7c41e42de7c45c9a2ab9921b5d5c9a83?s=96&d=mm&r=g\",\"contentUrl\":\"https:\\\/\\\/secure.gravatar.com\\\/avatar\\\/6ddceb80eb734354635539e0ea5140bb7c41e42de7c45c9a2ab9921b5d5c9a83?s=96&d=mm&r=g\",\"caption\":\"Simon Gr\u00f6flin\"},\"url\":\"https:\\\/\\\/news.save.ch\\\/fr\\\/author\\\/simon-groeflin\\\/\"}]}<\/script>\n<!-- \/ Yoast SEO plugin. -->","yoast_head_json":{"title":"Attaque de ransomware chez Comparis - Enqu\u00eate p\u00e9nale en cours - Save","description":"Mercredi dernier, le portail de comparaison Comparis a \u00e9t\u00e9 victime d'une cyberattaque. Selon ses propres informations, aucune donn\u00e9e client n'a \u00e9t\u00e9 touch\u00e9e. Les syst\u00e8mes informatiques ont \u00e9t\u00e9 arr\u00eat\u00e9s et l'entreprise travaille d\u00e9j\u00e0 avec la police sur l'enqu\u00eate.","robots":{"index":"index","follow":"follow","max-snippet":"max-snippet:-1","max-image-preview":"max-image-preview:large","max-video-preview":"max-video-preview:-1"},"canonical":"https:\/\/news.save.ch\/fr\/ransomware-angriff-bei-comparis-strafuntersuchung-laeuft\/","og_locale":"fr_FR","og_type":"article","og_title":"Ransomware-Angriff bei Comparis \u2013 Strafuntersuchung l\u00e4uft - Save","og_description":"Das Vergleichsportal Comparis wurde letzten Mittwoch Angriff einer Cyberattacke. Kundendaten waren laut eigenen Angaben keine betroffen. Die IT-Systeme wurden heruntergefahren und man arbeite bereits mit der Polizei an den Untersuchungen.","og_url":"https:\/\/news.save.ch\/fr\/ransomware-angriff-bei-comparis-strafuntersuchung-laeuft\/","og_site_name":"Save","article_published_time":"2021-07-12T06:38:12+00:00","article_modified_time":"2023-07-16T17:08:10+00:00","og_image":[{"width":1400,"height":980,"url":"https:\/\/news.save.ch\/wp-content\/uploads\/2018\/01\/Depositphotos_121463448_l-2015-scaled.jpg","type":"image\/jpeg"}],"author":"Simon Gr\u00f6flin","twitter_card":"summary_large_image","twitter_misc":{"\u00c9crit par":"Simon Gr\u00f6flin","Dur\u00e9e de lecture estim\u00e9e":"1 minute"},"schema":{"@context":"https:\/\/schema.org","@graph":[{"@type":"Article","@id":"https:\/\/news.save.ch\/ransomware-angriff-bei-comparis-strafuntersuchung-laeuft\/#article","isPartOf":{"@id":"https:\/\/news.save.ch\/ransomware-angriff-bei-comparis-strafuntersuchung-laeuft\/"},"author":{"name":"Simon Gr\u00f6flin","@id":"https:\/\/news.save.ch\/de\/#\/schema\/person\/ad4ef21102fd6125312409ac57d5296d"},"headline":"Ransomware-Angriff bei Comparis \u2013 Strafuntersuchung l\u00e4uft","datePublished":"2021-07-12T06:38:12+00:00","dateModified":"2023-07-16T17:08:10+00:00","mainEntityOfPage":{"@id":"https:\/\/news.save.ch\/ransomware-angriff-bei-comparis-strafuntersuchung-laeuft\/"},"wordCount":173,"publisher":{"@id":"https:\/\/news.save.ch\/de\/#organization"},"image":{"@id":"https:\/\/news.save.ch\/ransomware-angriff-bei-comparis-strafuntersuchung-laeuft\/#primaryimage"},"thumbnailUrl":"https:\/\/news.save.ch\/wp-content\/uploads\/2018\/01\/Depositphotos_121463448_l-2015-scaled.jpg","keywords":["Comparis","Credaris","Cybercrime","Datendiebstahl","IT-SECURITY","IT-Systeme","Ransomware"],"articleSection":["ALLGEMEIN","DIGITALISIERUNG"],"inLanguage":"fr-FR"},{"@type":"WebPage","@id":"https:\/\/news.save.ch\/ransomware-angriff-bei-comparis-strafuntersuchung-laeuft\/","url":"https:\/\/news.save.ch\/ransomware-angriff-bei-comparis-strafuntersuchung-laeuft\/","name":"Attaque de ransomware chez Comparis - Enqu\u00eate p\u00e9nale en cours - Save","isPartOf":{"@id":"https:\/\/news.save.ch\/de\/#website"},"primaryImageOfPage":{"@id":"https:\/\/news.save.ch\/ransomware-angriff-bei-comparis-strafuntersuchung-laeuft\/#primaryimage"},"image":{"@id":"https:\/\/news.save.ch\/ransomware-angriff-bei-comparis-strafuntersuchung-laeuft\/#primaryimage"},"thumbnailUrl":"https:\/\/news.save.ch\/wp-content\/uploads\/2018\/01\/Depositphotos_121463448_l-2015-scaled.jpg","datePublished":"2021-07-12T06:38:12+00:00","dateModified":"2023-07-16T17:08:10+00:00","description":"Mercredi dernier, le portail de comparaison Comparis a \u00e9t\u00e9 victime d'une cyberattaque. Selon ses propres informations, aucune donn\u00e9e client n'a \u00e9t\u00e9 touch\u00e9e. Les syst\u00e8mes informatiques ont \u00e9t\u00e9 arr\u00eat\u00e9s et l'entreprise travaille d\u00e9j\u00e0 avec la police sur l'enqu\u00eate.","breadcrumb":{"@id":"https:\/\/news.save.ch\/ransomware-angriff-bei-comparis-strafuntersuchung-laeuft\/#breadcrumb"},"inLanguage":"fr-FR","potentialAction":[{"@type":"ReadAction","target":["https:\/\/news.save.ch\/ransomware-angriff-bei-comparis-strafuntersuchung-laeuft\/"]}]},{"@type":"ImageObject","inLanguage":"fr-FR","@id":"https:\/\/news.save.ch\/ransomware-angriff-bei-comparis-strafuntersuchung-laeuft\/#primaryimage","url":"https:\/\/news.save.ch\/wp-content\/uploads\/2018\/01\/Depositphotos_121463448_l-2015-scaled.jpg","contentUrl":"https:\/\/news.save.ch\/wp-content\/uploads\/2018\/01\/Depositphotos_121463448_l-2015-scaled.jpg","width":1400,"height":980,"caption":"depositphotos"},{"@type":"BreadcrumbList","@id":"https:\/\/news.save.ch\/ransomware-angriff-bei-comparis-strafuntersuchung-laeuft\/#breadcrumb","itemListElement":[{"@type":"ListItem","position":1,"name":"Home","item":"https:\/\/news.save.ch\/de\/"},{"@type":"ListItem","position":2,"name":"Ransomware-Angriff bei Comparis \u2013 Strafuntersuchung l\u00e4uft"}]},{"@type":"WebSite","@id":"https:\/\/news.save.ch\/de\/#website","url":"https:\/\/news.save.ch\/de\/","name":"Save","description":"Revue suisse sp\u00e9cialis\u00e9e dans la s\u00e9curit\u00e9","publisher":{"@id":"https:\/\/news.save.ch\/de\/#organization"},"potentialAction":[{"@type":"SearchAction","target":{"@type":"EntryPoint","urlTemplate":"https:\/\/news.save.ch\/de\/?s={search_term_string}"},"query-input":{"@type":"PropertyValueSpecification","valueRequired":true,"valueName":"search_term_string"}}],"inLanguage":"fr-FR"},{"@type":"Organization","@id":"https:\/\/news.save.ch\/de\/#organization","name":"Forum sur la s\u00e9curit\u00e9","url":"https:\/\/news.save.ch\/de\/","logo":{"@type":"ImageObject","inLanguage":"fr-FR","@id":"https:\/\/news.save.ch\/de\/#\/schema\/logo\/image\/","url":"https:\/\/news.save.ch\/wp-content\/uploads\/2022\/06\/Logo_SF_2012.png","contentUrl":"https:\/\/news.save.ch\/wp-content\/uploads\/2022\/06\/Logo_SF_2012.png","width":1100,"height":91,"caption":"Sicherheitsforum"},"image":{"@id":"https:\/\/news.save.ch\/de\/#\/schema\/logo\/image\/"}},{"@type":"Person","@id":"https:\/\/news.save.ch\/de\/#\/schema\/person\/ad4ef21102fd6125312409ac57d5296d","name":"Simon Gr\u00f6flin","image":{"@type":"ImageObject","inLanguage":"fr-FR","@id":"https:\/\/secure.gravatar.com\/avatar\/6ddceb80eb734354635539e0ea5140bb7c41e42de7c45c9a2ab9921b5d5c9a83?s=96&d=mm&r=g","url":"https:\/\/secure.gravatar.com\/avatar\/6ddceb80eb734354635539e0ea5140bb7c41e42de7c45c9a2ab9921b5d5c9a83?s=96&d=mm&r=g","contentUrl":"https:\/\/secure.gravatar.com\/avatar\/6ddceb80eb734354635539e0ea5140bb7c41e42de7c45c9a2ab9921b5d5c9a83?s=96&d=mm&r=g","caption":"Simon Gr\u00f6flin"},"url":"https:\/\/news.save.ch\/fr\/author\/simon-groeflin\/"}]}},"_links":{"self":[{"href":"https:\/\/news.save.ch\/fr\/wp-json\/wp\/v2\/posts\/12292","targetHints":{"allow":["GET"]}}],"collection":[{"href":"https:\/\/news.save.ch\/fr\/wp-json\/wp\/v2\/posts"}],"about":[{"href":"https:\/\/news.save.ch\/fr\/wp-json\/wp\/v2\/types\/post"}],"author":[{"embeddable":true,"href":"https:\/\/news.save.ch\/fr\/wp-json\/wp\/v2\/users\/9"}],"replies":[{"embeddable":true,"href":"https:\/\/news.save.ch\/fr\/wp-json\/wp\/v2\/comments?post=12292"}],"version-history":[{"count":2,"href":"https:\/\/news.save.ch\/fr\/wp-json\/wp\/v2\/posts\/12292\/revisions"}],"predecessor-version":[{"id":20973,"href":"https:\/\/news.save.ch\/fr\/wp-json\/wp\/v2\/posts\/12292\/revisions\/20973"}],"wp:featuredmedia":[{"embeddable":true,"href":"https:\/\/news.save.ch\/fr\/wp-json\/wp\/v2\/media\/5865"}],"wp:attachment":[{"href":"https:\/\/news.save.ch\/fr\/wp-json\/wp\/v2\/media?parent=12292"}],"wp:term":[{"taxonomy":"category","embeddable":true,"href":"https:\/\/news.save.ch\/fr\/wp-json\/wp\/v2\/categories?post=12292"},{"taxonomy":"post_tag","embeddable":true,"href":"https:\/\/news.save.ch\/fr\/wp-json\/wp\/v2\/tags?post=12292"}],"curies":[{"name":"wp","href":"https:\/\/api.w.org\/{rel}","templated":true}]}}