{"id":12299,"date":"2021-07-13T08:49:20","date_gmt":"2021-07-13T06:49:20","guid":{"rendered":"https:\/\/news.save.ch\/?p=12299"},"modified":"2023-07-16T19:05:07","modified_gmt":"2023-07-16T17:05:07","slug":"sicherheit-von-batterien-neues-deutsches-testzentrum","status":null,"type":"post","link":"https:\/\/news.save.ch\/fr\/sicherheit-von-batterien-neues-deutsches-testzentrum\/","title":{"rendered":"S\u00e9curit\u00e9 des batteries : Nouveau centre d'essai allemand"},"content":{"rendered":"<p><img loading=\"lazy\" decoding=\"async\" class=\"alignnone wp-image-12301 size-full\" src=\"https:\/\/news.save.ch\/wp-content\/uploads\/2021\/07\/Battery_cells_teaser.jpg\" alt=\"Centre de test de batteries\" width=\"960\" height=\"640\" srcset=\"https:\/\/news.save.ch\/wp-content\/uploads\/2021\/07\/Battery_cells_teaser.jpg 960w, https:\/\/news.save.ch\/wp-content\/uploads\/2021\/07\/Battery_cells_teaser-375x250.jpg 375w\" sizes=\"auto, (max-width: 960px) 100vw, 960px\" \/><br \/>\n<em><span style=\"font-size: 14px;\">\u00a9Pixabay<\/span><\/em><\/p>\n<p>Les accumulateurs d'\u00e9nergie \u00e9lectrique alimentent en \u00e9lectricit\u00e9 aussi bien les voitures \u00e9lectriques, les v\u00e9los \u00e9lectriques que les smartphones.  Avec un nouveau centre d'essai \u00e0 Berlin de l'Institut f\u00e9d\u00e9ral allemand de recherche et d'essais sur les mat\u00e9riaux (BAM), l'institut f\u00e9d\u00e9ral et les institutions scientifiques coop\u00e9rantes veulent mettre davantage l'accent sur la s\u00e9curit\u00e9 des batteries. Par exemple, ce que l'on appelle un emballement peut d\u00e9clencher une r\u00e9action en cha\u00eene, suivie de temp\u00e9ratures extr\u00eamement \u00e9lev\u00e9es et d'incendies.<\/p>\n<p>\"Nous soumettons des cellules individuelles, des batteries enti\u00e8res ou des appareils fonctionnant sur batterie \u00e0 des contraintes m\u00e9caniques, thermiques ou \u00e9lectriques cibl\u00e9es. \u00c0 partir des donn\u00e9es recueillies par des m\u00e9thodes multisensorielles et d'imagerie, nous en tirons des conclusions pour l'\u00e9valuation de la s\u00e9curit\u00e9 et l'\u00e9tat de la s\u00e9curit\u00e9\", explique la directrice, le Dr Anita Schmidt.<\/p>\n<p>Les installations de test permettent par exemple de charger de mani\u00e8re cyclique des batteries avec des taux de charge \u00e9lev\u00e9s et de simuler ainsi un vieillissement acc\u00e9l\u00e9r\u00e9. Ces connaissances sont surtout importantes pour l'avenir, car les sc\u00e9narios de seconde vie sont de plus en plus demand\u00e9s. A l'avenir, il sera par exemple possible de recycler les batteries usag\u00e9es des voitures \u00e9lectriques afin de les utiliser par exemple dans des installations photovolta\u00efques, dans les m\u00e9nages priv\u00e9s ou comme grands accumulateurs stationnaires.<\/p>\n<p>Des recherches sur les mat\u00e9riaux \u00e9nerg\u00e9tiques sont \u00e9galement men\u00e9es dans les laboratoires sp\u00e9cialis\u00e9s. Ainsi, les batteries sodium-ion pourraient un jour remplacer la mati\u00e8re premi\u00e8re lithium ainsi que des composants comme le cuivre ou le cobalt. Un grand banc d'essai pour batteries sur le terrain d'essai de la s\u00e9curit\u00e9 technique de la BAM doit en outre tenir compte des grandes installations de stockage.<\/p>\n<p><em>Source : BAM Office f\u00e9d\u00e9ral d'essais et de tests des mat\u00e9riaux<\/em><\/p>\n<div class=\"mceTemp\"><\/div>","protected":false},"excerpt":{"rendered":"<p>\u00a9Pixabay Elektrische Energiespeicher versorgen sowohl E-Autos, Elektror\u00e4der als auch Smartphones mit Strom.\u00a0\u00a0Mit einem neuen Testzentrum in Berlin der deutschen Bundesanastalt f\u00fcr Materialforschung und -pr\u00fcfung (BAM) will die Bundesanstalt mit kooperierenden Einrichtungen aus der Wissenschaft die Sicherheit der Batterien st\u00e4rker in den Fokus r\u00fccken. Beispielsweise kann ein so genannter Runaway eine Kettenreaktion, gefolgt von extrem hohen [&hellip;]<\/p>\n","protected":false},"author":9,"featured_media":12301,"comment_status":"closed","ping_status":"closed","sticky":false,"template":"","format":"standard","meta":{"_acf_changed":false,"pgc_sgb_lightbox_settings":"","footnotes":""},"categories":[1],"tags":[1738,1212,1213,5443,5445,310,5444],"class_list":["post-12299","post","type-post","status-publish","format-standard","has-post-thumbnail","hentry","category-allgemein","tag-batterien","tag-batteriespeicher","tag-e-autos","tag-elektrische-energiespeicher","tag-energiematerialien","tag-sicherheit","tag-testzentrum"],"acf":[],"hkrextid":null,"publication":null,"issue":null,"workflow":null,"startPage":null,"spitzmarke":null,"_posts_by_tag_page_fields":{"widget_title":"","widget_tags":""},"_at_widget":"1","_yoast_wpseo_primary_category":"","_yoast_wpseo_focuskw_text_input":null,"_yoast_wpseo_opengraph-image":null,"_yoast_wpseo_opengraph-description":null,"_yoast_wpseo_opengraph-title":null,"enclosure":null,"_yoast_wpseo_twitter-title":null,"_yoast_wpseo_twitter-description":null,"_yoast_wpseo_twitter-image":null,"_wp_old_slug":null,"_yoast_wpseo_title":null,"_yoast_wpseo_canonical":null,"yoast_head":"<!-- This site is optimized with the Yoast SEO plugin v27.5 - https:\/\/yoast.com\/product\/yoast-seo-wordpress\/ -->\n<title>Sicherheit von Batterien: Neues deutsches Testzentrum - Save<\/title>\n<meta name=\"description\" content=\"Lithium-Ionen-Energiespeicher sind eine Schl\u00fcsseltechnologie f\u00fcr die E-Mobilit\u00e4t. Daher hat das deutsche Bundesamt f\u00fcr Materialforschung und -pr\u00fcfung (BAM) im Stammsitz Berlin ein neues Batterietestzentrum er\u00f6ffnet. Im Fokus stehen Untersuchungen zur Sicherheit und zu nachhaltigen Batteriematerialien.\" \/>\n<meta name=\"robots\" content=\"index, follow, max-snippet:-1, max-image-preview:large, max-video-preview:-1\" \/>\n<link rel=\"canonical\" href=\"https:\/\/news.save.ch\/fr\/sicherheit-von-batterien-neues-deutsches-testzentrum\/\" \/>\n<meta property=\"og:locale\" content=\"fr_FR\" \/>\n<meta property=\"og:type\" content=\"article\" \/>\n<meta property=\"og:title\" content=\"Sicherheit von Batterien: Neues deutsches Testzentrum - Save\" \/>\n<meta property=\"og:description\" content=\"Lithium-Ionen-Energiespeicher sind eine Schl\u00fcsseltechnologie f\u00fcr die E-Mobilit\u00e4t. Daher hat das deutsche Bundesamt f\u00fcr Materialforschung und -pr\u00fcfung (BAM) im Stammsitz Berlin ein neues Batterietestzentrum er\u00f6ffnet. Im Fokus stehen Untersuchungen zur Sicherheit und zu nachhaltigen Batteriematerialien.\" \/>\n<meta property=\"og:url\" content=\"https:\/\/news.save.ch\/fr\/sicherheit-von-batterien-neues-deutsches-testzentrum\/\" \/>\n<meta property=\"og:site_name\" content=\"Save\" \/>\n<meta property=\"article:published_time\" content=\"2021-07-13T06:49:20+00:00\" \/>\n<meta property=\"article:modified_time\" content=\"2023-07-16T17:05:07+00:00\" \/>\n<meta property=\"og:image\" content=\"https:\/\/news.save.ch\/wp-content\/uploads\/2021\/07\/Battery_cells_teaser.jpg\" \/>\n\t<meta property=\"og:image:width\" content=\"960\" \/>\n\t<meta property=\"og:image:height\" content=\"640\" \/>\n\t<meta property=\"og:image:type\" content=\"image\/jpeg\" \/>\n<meta name=\"author\" content=\"Simon Gr\u00f6flin\" \/>\n<meta name=\"twitter:card\" content=\"summary_large_image\" \/>\n<meta name=\"twitter:label1\" content=\"\u00c9crit par\" \/>\n\t<meta name=\"twitter:data1\" content=\"Simon Gr\u00f6flin\" \/>\n\t<meta name=\"twitter:label2\" content=\"Dur\u00e9e de lecture estim\u00e9e\" \/>\n\t<meta name=\"twitter:data2\" content=\"2 minutes\" \/>\n<script type=\"application\/ld+json\" class=\"yoast-schema-graph\">{\"@context\":\"https:\\\/\\\/schema.org\",\"@graph\":[{\"@type\":\"Article\",\"@id\":\"https:\\\/\\\/news.save.ch\\\/sicherheit-von-batterien-neues-deutsches-testzentrum\\\/#article\",\"isPartOf\":{\"@id\":\"https:\\\/\\\/news.save.ch\\\/sicherheit-von-batterien-neues-deutsches-testzentrum\\\/\"},\"author\":{\"name\":\"Simon Gr\u00f6flin\",\"@id\":\"https:\\\/\\\/news.save.ch\\\/de\\\/#\\\/schema\\\/person\\\/ad4ef21102fd6125312409ac57d5296d\"},\"headline\":\"Sicherheit von Batterien: Neues deutsches Testzentrum\",\"datePublished\":\"2021-07-13T06:49:20+00:00\",\"dateModified\":\"2023-07-16T17:05:07+00:00\",\"mainEntityOfPage\":{\"@id\":\"https:\\\/\\\/news.save.ch\\\/sicherheit-von-batterien-neues-deutsches-testzentrum\\\/\"},\"wordCount\":230,\"publisher\":{\"@id\":\"https:\\\/\\\/news.save.ch\\\/de\\\/#organization\"},\"image\":{\"@id\":\"https:\\\/\\\/news.save.ch\\\/sicherheit-von-batterien-neues-deutsches-testzentrum\\\/#primaryimage\"},\"thumbnailUrl\":\"https:\\\/\\\/news.save.ch\\\/wp-content\\\/uploads\\\/2021\\\/07\\\/Battery_cells_teaser.jpg\",\"keywords\":[\"Batterien\",\"Batteriespeicher\",\"E-Autos\",\"Elektrische Energiespeicher\",\"Energiematerialien\",\"Sicherheit\",\"Testzentrum\"],\"articleSection\":[\"ALLGEMEIN\"],\"inLanguage\":\"fr-FR\"},{\"@type\":\"WebPage\",\"@id\":\"https:\\\/\\\/news.save.ch\\\/sicherheit-von-batterien-neues-deutsches-testzentrum\\\/\",\"url\":\"https:\\\/\\\/news.save.ch\\\/sicherheit-von-batterien-neues-deutsches-testzentrum\\\/\",\"name\":\"Sicherheit von Batterien: Neues deutsches Testzentrum - Save\",\"isPartOf\":{\"@id\":\"https:\\\/\\\/news.save.ch\\\/de\\\/#website\"},\"primaryImageOfPage\":{\"@id\":\"https:\\\/\\\/news.save.ch\\\/sicherheit-von-batterien-neues-deutsches-testzentrum\\\/#primaryimage\"},\"image\":{\"@id\":\"https:\\\/\\\/news.save.ch\\\/sicherheit-von-batterien-neues-deutsches-testzentrum\\\/#primaryimage\"},\"thumbnailUrl\":\"https:\\\/\\\/news.save.ch\\\/wp-content\\\/uploads\\\/2021\\\/07\\\/Battery_cells_teaser.jpg\",\"datePublished\":\"2021-07-13T06:49:20+00:00\",\"dateModified\":\"2023-07-16T17:05:07+00:00\",\"description\":\"Lithium-Ionen-Energiespeicher sind eine Schl\u00fcsseltechnologie f\u00fcr die E-Mobilit\u00e4t. Daher hat das deutsche Bundesamt f\u00fcr Materialforschung und -pr\u00fcfung (BAM) im Stammsitz Berlin ein neues Batterietestzentrum er\u00f6ffnet. Im Fokus stehen Untersuchungen zur Sicherheit und zu nachhaltigen Batteriematerialien.\",\"breadcrumb\":{\"@id\":\"https:\\\/\\\/news.save.ch\\\/sicherheit-von-batterien-neues-deutsches-testzentrum\\\/#breadcrumb\"},\"inLanguage\":\"fr-FR\",\"potentialAction\":[{\"@type\":\"ReadAction\",\"target\":[\"https:\\\/\\\/news.save.ch\\\/sicherheit-von-batterien-neues-deutsches-testzentrum\\\/\"]}]},{\"@type\":\"ImageObject\",\"inLanguage\":\"fr-FR\",\"@id\":\"https:\\\/\\\/news.save.ch\\\/sicherheit-von-batterien-neues-deutsches-testzentrum\\\/#primaryimage\",\"url\":\"https:\\\/\\\/news.save.ch\\\/wp-content\\\/uploads\\\/2021\\\/07\\\/Battery_cells_teaser.jpg\",\"contentUrl\":\"https:\\\/\\\/news.save.ch\\\/wp-content\\\/uploads\\\/2021\\\/07\\\/Battery_cells_teaser.jpg\",\"width\":960,\"height\":640,\"caption\":\"\u00a9Pixabay\"},{\"@type\":\"BreadcrumbList\",\"@id\":\"https:\\\/\\\/news.save.ch\\\/sicherheit-von-batterien-neues-deutsches-testzentrum\\\/#breadcrumb\",\"itemListElement\":[{\"@type\":\"ListItem\",\"position\":1,\"name\":\"Home\",\"item\":\"https:\\\/\\\/news.save.ch\\\/de\\\/\"},{\"@type\":\"ListItem\",\"position\":2,\"name\":\"Sicherheit von Batterien: Neues deutsches Testzentrum\"}]},{\"@type\":\"WebSite\",\"@id\":\"https:\\\/\\\/news.save.ch\\\/de\\\/#website\",\"url\":\"https:\\\/\\\/news.save.ch\\\/de\\\/\",\"name\":\"Save\",\"description\":\"Schweizer Fachzeitschrift f\u00fcr Sicherheit\",\"publisher\":{\"@id\":\"https:\\\/\\\/news.save.ch\\\/de\\\/#organization\"},\"potentialAction\":[{\"@type\":\"SearchAction\",\"target\":{\"@type\":\"EntryPoint\",\"urlTemplate\":\"https:\\\/\\\/news.save.ch\\\/de\\\/?s={search_term_string}\"},\"query-input\":{\"@type\":\"PropertyValueSpecification\",\"valueRequired\":true,\"valueName\":\"search_term_string\"}}],\"inLanguage\":\"fr-FR\"},{\"@type\":\"Organization\",\"@id\":\"https:\\\/\\\/news.save.ch\\\/de\\\/#organization\",\"name\":\"Sicherheitsforum\",\"url\":\"https:\\\/\\\/news.save.ch\\\/de\\\/\",\"logo\":{\"@type\":\"ImageObject\",\"inLanguage\":\"fr-FR\",\"@id\":\"https:\\\/\\\/news.save.ch\\\/de\\\/#\\\/schema\\\/logo\\\/image\\\/\",\"url\":\"https:\\\/\\\/news.save.ch\\\/wp-content\\\/uploads\\\/2022\\\/06\\\/Logo_SF_2012.png\",\"contentUrl\":\"https:\\\/\\\/news.save.ch\\\/wp-content\\\/uploads\\\/2022\\\/06\\\/Logo_SF_2012.png\",\"width\":1100,\"height\":91,\"caption\":\"Sicherheitsforum\"},\"image\":{\"@id\":\"https:\\\/\\\/news.save.ch\\\/de\\\/#\\\/schema\\\/logo\\\/image\\\/\"}},{\"@type\":\"Person\",\"@id\":\"https:\\\/\\\/news.save.ch\\\/de\\\/#\\\/schema\\\/person\\\/ad4ef21102fd6125312409ac57d5296d\",\"name\":\"Simon Gr\u00f6flin\",\"image\":{\"@type\":\"ImageObject\",\"inLanguage\":\"fr-FR\",\"@id\":\"https:\\\/\\\/secure.gravatar.com\\\/avatar\\\/6ddceb80eb734354635539e0ea5140bb7c41e42de7c45c9a2ab9921b5d5c9a83?s=96&d=mm&r=g\",\"url\":\"https:\\\/\\\/secure.gravatar.com\\\/avatar\\\/6ddceb80eb734354635539e0ea5140bb7c41e42de7c45c9a2ab9921b5d5c9a83?s=96&d=mm&r=g\",\"contentUrl\":\"https:\\\/\\\/secure.gravatar.com\\\/avatar\\\/6ddceb80eb734354635539e0ea5140bb7c41e42de7c45c9a2ab9921b5d5c9a83?s=96&d=mm&r=g\",\"caption\":\"Simon Gr\u00f6flin\"},\"url\":\"https:\\\/\\\/news.save.ch\\\/fr\\\/author\\\/simon-groeflin\\\/\"}]}<\/script>\n<!-- \/ Yoast SEO plugin. -->","yoast_head_json":{"title":"S\u00e9curit\u00e9 des batteries : Nouveau centre d'essai allemand - Save","description":"Les accumulateurs d'\u00e9nergie lithium-ion sont une technologie cl\u00e9 pour l'e-mobilit\u00e9. C'est pourquoi l'Office f\u00e9d\u00e9ral allemand de la recherche et des essais sur les mat\u00e9riaux (BAM) a ouvert un nouveau centre de test de batteries \u00e0 son si\u00e8ge de Berlin. L'accent est mis sur les \u00e9tudes relatives \u00e0 la s\u00e9curit\u00e9 et aux mat\u00e9riaux durables des batteries.","robots":{"index":"index","follow":"follow","max-snippet":"max-snippet:-1","max-image-preview":"max-image-preview:large","max-video-preview":"max-video-preview:-1"},"canonical":"https:\/\/news.save.ch\/fr\/sicherheit-von-batterien-neues-deutsches-testzentrum\/","og_locale":"fr_FR","og_type":"article","og_title":"Sicherheit von Batterien: Neues deutsches Testzentrum - Save","og_description":"Lithium-Ionen-Energiespeicher sind eine Schl\u00fcsseltechnologie f\u00fcr die E-Mobilit\u00e4t. Daher hat das deutsche Bundesamt f\u00fcr Materialforschung und -pr\u00fcfung (BAM) im Stammsitz Berlin ein neues Batterietestzentrum er\u00f6ffnet. Im Fokus stehen Untersuchungen zur Sicherheit und zu nachhaltigen Batteriematerialien.","og_url":"https:\/\/news.save.ch\/fr\/sicherheit-von-batterien-neues-deutsches-testzentrum\/","og_site_name":"Save","article_published_time":"2021-07-13T06:49:20+00:00","article_modified_time":"2023-07-16T17:05:07+00:00","og_image":[{"width":960,"height":640,"url":"https:\/\/news.save.ch\/wp-content\/uploads\/2021\/07\/Battery_cells_teaser.jpg","type":"image\/jpeg"}],"author":"Simon Gr\u00f6flin","twitter_card":"summary_large_image","twitter_misc":{"\u00c9crit par":"Simon Gr\u00f6flin","Dur\u00e9e de lecture estim\u00e9e":"2 minutes"},"schema":{"@context":"https:\/\/schema.org","@graph":[{"@type":"Article","@id":"https:\/\/news.save.ch\/sicherheit-von-batterien-neues-deutsches-testzentrum\/#article","isPartOf":{"@id":"https:\/\/news.save.ch\/sicherheit-von-batterien-neues-deutsches-testzentrum\/"},"author":{"name":"Simon Gr\u00f6flin","@id":"https:\/\/news.save.ch\/de\/#\/schema\/person\/ad4ef21102fd6125312409ac57d5296d"},"headline":"Sicherheit von Batterien: Neues deutsches Testzentrum","datePublished":"2021-07-13T06:49:20+00:00","dateModified":"2023-07-16T17:05:07+00:00","mainEntityOfPage":{"@id":"https:\/\/news.save.ch\/sicherheit-von-batterien-neues-deutsches-testzentrum\/"},"wordCount":230,"publisher":{"@id":"https:\/\/news.save.ch\/de\/#organization"},"image":{"@id":"https:\/\/news.save.ch\/sicherheit-von-batterien-neues-deutsches-testzentrum\/#primaryimage"},"thumbnailUrl":"https:\/\/news.save.ch\/wp-content\/uploads\/2021\/07\/Battery_cells_teaser.jpg","keywords":["Batterien","Batteriespeicher","E-Autos","Elektrische Energiespeicher","Energiematerialien","Sicherheit","Testzentrum"],"articleSection":["ALLGEMEIN"],"inLanguage":"fr-FR"},{"@type":"WebPage","@id":"https:\/\/news.save.ch\/sicherheit-von-batterien-neues-deutsches-testzentrum\/","url":"https:\/\/news.save.ch\/sicherheit-von-batterien-neues-deutsches-testzentrum\/","name":"S\u00e9curit\u00e9 des batteries : Nouveau centre d'essai allemand - Save","isPartOf":{"@id":"https:\/\/news.save.ch\/de\/#website"},"primaryImageOfPage":{"@id":"https:\/\/news.save.ch\/sicherheit-von-batterien-neues-deutsches-testzentrum\/#primaryimage"},"image":{"@id":"https:\/\/news.save.ch\/sicherheit-von-batterien-neues-deutsches-testzentrum\/#primaryimage"},"thumbnailUrl":"https:\/\/news.save.ch\/wp-content\/uploads\/2021\/07\/Battery_cells_teaser.jpg","datePublished":"2021-07-13T06:49:20+00:00","dateModified":"2023-07-16T17:05:07+00:00","description":"Les accumulateurs d'\u00e9nergie lithium-ion sont une technologie cl\u00e9 pour l'e-mobilit\u00e9. C'est pourquoi l'Office f\u00e9d\u00e9ral allemand de la recherche et des essais sur les mat\u00e9riaux (BAM) a ouvert un nouveau centre de test de batteries \u00e0 son si\u00e8ge de Berlin. L'accent est mis sur les \u00e9tudes relatives \u00e0 la s\u00e9curit\u00e9 et aux mat\u00e9riaux durables des batteries.","breadcrumb":{"@id":"https:\/\/news.save.ch\/sicherheit-von-batterien-neues-deutsches-testzentrum\/#breadcrumb"},"inLanguage":"fr-FR","potentialAction":[{"@type":"ReadAction","target":["https:\/\/news.save.ch\/sicherheit-von-batterien-neues-deutsches-testzentrum\/"]}]},{"@type":"ImageObject","inLanguage":"fr-FR","@id":"https:\/\/news.save.ch\/sicherheit-von-batterien-neues-deutsches-testzentrum\/#primaryimage","url":"https:\/\/news.save.ch\/wp-content\/uploads\/2021\/07\/Battery_cells_teaser.jpg","contentUrl":"https:\/\/news.save.ch\/wp-content\/uploads\/2021\/07\/Battery_cells_teaser.jpg","width":960,"height":640,"caption":"\u00a9Pixabay"},{"@type":"BreadcrumbList","@id":"https:\/\/news.save.ch\/sicherheit-von-batterien-neues-deutsches-testzentrum\/#breadcrumb","itemListElement":[{"@type":"ListItem","position":1,"name":"Home","item":"https:\/\/news.save.ch\/de\/"},{"@type":"ListItem","position":2,"name":"Sicherheit von Batterien: Neues deutsches Testzentrum"}]},{"@type":"WebSite","@id":"https:\/\/news.save.ch\/de\/#website","url":"https:\/\/news.save.ch\/de\/","name":"Save","description":"Revue suisse sp\u00e9cialis\u00e9e dans la s\u00e9curit\u00e9","publisher":{"@id":"https:\/\/news.save.ch\/de\/#organization"},"potentialAction":[{"@type":"SearchAction","target":{"@type":"EntryPoint","urlTemplate":"https:\/\/news.save.ch\/de\/?s={search_term_string}"},"query-input":{"@type":"PropertyValueSpecification","valueRequired":true,"valueName":"search_term_string"}}],"inLanguage":"fr-FR"},{"@type":"Organization","@id":"https:\/\/news.save.ch\/de\/#organization","name":"Forum sur la s\u00e9curit\u00e9","url":"https:\/\/news.save.ch\/de\/","logo":{"@type":"ImageObject","inLanguage":"fr-FR","@id":"https:\/\/news.save.ch\/de\/#\/schema\/logo\/image\/","url":"https:\/\/news.save.ch\/wp-content\/uploads\/2022\/06\/Logo_SF_2012.png","contentUrl":"https:\/\/news.save.ch\/wp-content\/uploads\/2022\/06\/Logo_SF_2012.png","width":1100,"height":91,"caption":"Sicherheitsforum"},"image":{"@id":"https:\/\/news.save.ch\/de\/#\/schema\/logo\/image\/"}},{"@type":"Person","@id":"https:\/\/news.save.ch\/de\/#\/schema\/person\/ad4ef21102fd6125312409ac57d5296d","name":"Simon Gr\u00f6flin","image":{"@type":"ImageObject","inLanguage":"fr-FR","@id":"https:\/\/secure.gravatar.com\/avatar\/6ddceb80eb734354635539e0ea5140bb7c41e42de7c45c9a2ab9921b5d5c9a83?s=96&d=mm&r=g","url":"https:\/\/secure.gravatar.com\/avatar\/6ddceb80eb734354635539e0ea5140bb7c41e42de7c45c9a2ab9921b5d5c9a83?s=96&d=mm&r=g","contentUrl":"https:\/\/secure.gravatar.com\/avatar\/6ddceb80eb734354635539e0ea5140bb7c41e42de7c45c9a2ab9921b5d5c9a83?s=96&d=mm&r=g","caption":"Simon Gr\u00f6flin"},"url":"https:\/\/news.save.ch\/fr\/author\/simon-groeflin\/"}]}},"_links":{"self":[{"href":"https:\/\/news.save.ch\/fr\/wp-json\/wp\/v2\/posts\/12299","targetHints":{"allow":["GET"]}}],"collection":[{"href":"https:\/\/news.save.ch\/fr\/wp-json\/wp\/v2\/posts"}],"about":[{"href":"https:\/\/news.save.ch\/fr\/wp-json\/wp\/v2\/types\/post"}],"author":[{"embeddable":true,"href":"https:\/\/news.save.ch\/fr\/wp-json\/wp\/v2\/users\/9"}],"replies":[{"embeddable":true,"href":"https:\/\/news.save.ch\/fr\/wp-json\/wp\/v2\/comments?post=12299"}],"version-history":[{"count":2,"href":"https:\/\/news.save.ch\/fr\/wp-json\/wp\/v2\/posts\/12299\/revisions"}],"predecessor-version":[{"id":20972,"href":"https:\/\/news.save.ch\/fr\/wp-json\/wp\/v2\/posts\/12299\/revisions\/20972"}],"wp:featuredmedia":[{"embeddable":true,"href":"https:\/\/news.save.ch\/fr\/wp-json\/wp\/v2\/media\/12301"}],"wp:attachment":[{"href":"https:\/\/news.save.ch\/fr\/wp-json\/wp\/v2\/media?parent=12299"}],"wp:term":[{"taxonomy":"category","embeddable":true,"href":"https:\/\/news.save.ch\/fr\/wp-json\/wp\/v2\/categories?post=12299"},{"taxonomy":"post_tag","embeddable":true,"href":"https:\/\/news.save.ch\/fr\/wp-json\/wp\/v2\/tags?post=12299"}],"curies":[{"name":"wp","href":"https:\/\/api.w.org\/{rel}","templated":true}]}}