{"id":1240,"date":"2016-10-04T10:27:34","date_gmt":"2016-10-04T08:27:34","guid":{"rendered":"http:\/\/dev.safety-plus.ch\/?p=1240"},"modified":"2016-10-04T10:27:34","modified_gmt":"2016-10-04T08:27:34","slug":"lernendenbarometer-2016-von-berufslehre-ueberzeugt","status":null,"type":"post","link":"https:\/\/news.save.ch\/fr\/lernendenbarometer-2016-von-berufslehre-ueberzeugt\/","title":{"rendered":"Barom\u00e8tre des apprentis 2016 : convaincus par l'apprentissage professionnel"},"content":{"rendered":"<figure id=\"attachment_1241\" aria-describedby=\"caption-attachment-1241\" style=\"width: 680px\" class=\"wp-caption alignnone\"><img loading=\"lazy\" decoding=\"async\" class=\"wp-image-1241 size-medium\" src=\"http:\/\/develop.safety-plus.ch\/wp-content\/uploads\/2016\/12\/Lernendenbarometer-2016-von-Berufslehre-ueberzeugt_safety-plus.jpg\" width=\"680\" height=\"453\" \/><figcaption id=\"caption-attachment-1241\" class=\"wp-caption-text\">La satisfaction des apprentis a globalement augment\u00e9.<\/figcaption><\/figure>\n<p>Le barom\u00e8tre des apprentis 2016 du portail en ligne des places d'apprentissage <a href=\"https:\/\/www.yousty.ch\/\" target=\"_blank\" rel=\"noreferrer noopener\" data-cke-saved-href=\"https:\/\/www.yousty.ch\/\">yousti.ch<\/a>\u00a0montre que : Plus de 80% des apprentis en Suisse feraient \u00e0 nouveau un apprentissage s'ils devaient \u00e0 nouveau prendre une d\u00e9cision. 81% de ces apprentis indiquent \u00e0 nouveau qu'ils sont mieux arm\u00e9s pour le monde du travail avec un dipl\u00f4me d'apprentissage qu'avec un dipl\u00f4me universitaire.<\/p>\n<p>Au total, 4'356 personnes ont r\u00e9pondu \u00e0 l'appel de Yousty AG et ont particip\u00e9 entre le 26 mai et le 21 juin 2016 \u00e0 la grande enqu\u00eate en ligne sur la satisfaction des apprentis en Suisse al\u00e9manique. Sur une \u00e9chelle de 1 \u00e0 10 (satisfaction maximale), les jeunes ont \u00e9valu\u00e9 la satisfaction de leur place d'apprentissage \u00e0 7,2 en moyenne. Par rapport aux r\u00e9sultats de l'ann\u00e9e derni\u00e8re, la satisfaction est pass\u00e9e d'une valeur de 6,9 \u00e0 une valeur de 7,2.<\/p>\n<p><strong>L'ambiance de travail reste la plus importante <\/strong><\/p>\n<p>Pour la satisfaction au travail, l'ambiance de travail est le facteur le plus pertinent avec une valeur de 8.9. Suivent de pr\u00e8s les activit\u00e9s int\u00e9ressantes pour les apprentis (8.6) et le fait d'\u00eatre trait\u00e9 comme un collaborateur \u00e9quivalent dans l'entreprise (8.5). Il est \u00e9galement particuli\u00e8rement r\u00e9jouissant de constater que le salaire (3.1) n'a qu'une influence marginale sur le choix du m\u00e9tier, respectivement sur la satisfaction. Urs Casty, fondateur et directeur de Yousty AG, est confiant quant \u00e0 ces r\u00e9sultats : \"Les apprentis d'aujourd'hui croient en la formation professionnelle duale. Ils choisissent leur place d'apprentissage par int\u00e9r\u00eat pour l'activit\u00e9 et non pour l'argent. Cela montre que les places d'apprentissage sont une v\u00e9ritable alternative au gymnase, m\u00eame pour les bons \u00e9l\u00e8ves\".<\/p>\n<figure id=\"attachment_1242\" aria-describedby=\"caption-attachment-1242\" style=\"width: 1344px\" class=\"wp-caption alignnone\"><a href=\"http:\/\/develop.safety-plus.ch\/wp-content\/uploads\/2016\/12\/Lernendenbarometer-2016-von-Berufslehre-u\u0308berzeugt_safety-plus-2.jpg\"><img loading=\"lazy\" decoding=\"async\" class=\"size-full wp-image-1242\" src=\"http:\/\/develop.safety-plus.ch\/wp-content\/uploads\/2016\/12\/Lernendenbarometer-2016-von-Berufslehre-u\u0308berzeugt_safety-plus-2.jpg\" alt=\"\" width=\"1344\" height=\"905\" \/><\/a><figcaption id=\"caption-attachment-1242\" class=\"wp-caption-text\">Le facteur de satisfaction le plus important est l'ambiance de travail.<\/figcaption><\/figure>\n<p><strong>Berne et B\u00e2le-Campagne en t\u00eate<\/strong><\/p>\n<p>Les apprentis les plus satisfaits suivent leur formation dans les cantons de Berne (7,2) et de B\u00e2le-Campagne (7,2), suivis de B\u00e2le-Ville (7,1) et de Zoug (7,0). Zoug a perdu 3 places par rapport \u00e0 l'ann\u00e9e derni\u00e8re, tandis que Berne en a gagn\u00e9 une. Le canton de Zurich a \u00e9galement d\u00fb c\u00e9der sa troisi\u00e8me place de l'ann\u00e9e derni\u00e8re et est tomb\u00e9 \u00e0 la 5e place.<\/p>\n<p><strong>Les banques et les sciences de la vie sont populaires <\/strong><\/p>\n<p>Les banques et les assurances ainsi que les sciences de la vie (chimie, biologie, physique et pharmacie) forment les apprentis les plus satisfaits avec une valeur de 7.6. La branche IT, communication et Internet suit de pr\u00e8s (7.5) et la m\u00e9daille de bronze revient cette ann\u00e9e \u00e0 la branche \u00e9lectronique (7.3), qui a fortement gagn\u00e9 en satisfaction par rapport \u00e0 l'ann\u00e9e derni\u00e8re.<\/p>\n<p><strong>Les PME ont du retard \u00e0 rattraper <\/strong><\/p>\n<p>Si l'on r\u00e9partit la satisfaction dans les entreprises en fonction de leur taille, on constate que les apprentis sont plus nombreux \u00e0 \u00eatre satisfaits : Plus l'entreprise compte de collaborateurs, plus les apprentis sont satisfaits. Il ressort des r\u00e9sultats que plus la taille de l'entreprise est importante, plus la satisfaction des apprentis vis-\u00e0-vis de leurs formateurs est \u00e9lev\u00e9e. Selon le barom\u00e8tre des apprenti-e-s 2016, ce sont surtout les facteurs suivants qui ont une influence positive sur la satisfaction : \u00e9galit\u00e9 de traitement en tant que collaborateur, bonne ambiance de travail et moins de situations de stress r\u00e9currentes. Pour Domenica Mauch, responsable de projet chez Yousty AG, il est clair que \"la pression sur les PME est grande. Pourtant, elles ont le devoir de soutenir au mieux les apprentis pendant leur formation professionnelle. Les deux premiers facteurs cit\u00e9s pour une augmentation de la satisfaction peuvent - si ce n'est doivent - \u00e9galement \u00eatre mis en \u0153uvre dans les petites entreprises. Peut-\u00eatre verrons-nous d\u00e9j\u00e0 le succ\u00e8s dans le barom\u00e8tre des apprentis 2017 by yousty.ch\".<\/p>","protected":false},"excerpt":{"rendered":"<p>Der Lernendenbarometer 2016 des Online-Lehrstellenportals yousti.ch\u00a0zeigt: \u00dcber 80% der Lernenden in der Schweiz w\u00fcrden wieder eine Berufslehre absolvieren, wenn sie nochmals entscheiden m\u00fcssten. 81% dieser Lernenden geben wiederum an, mit einem Lehrabschluss besser f\u00fcr die Arbeitswelt ger\u00fcstet zu sein, als mit einem Universit\u00e4tsabschluss. Insgesamt sind 4\u2019356 dem Aufruf der Yousty AG gefolgt und haben zwischen [&hellip;]<\/p>\n","protected":false},"author":1,"featured_media":1241,"comment_status":"open","ping_status":"open","sticky":false,"template":"","format":"standard","meta":{"_acf_changed":false,"pgc_sgb_lightbox_settings":"","footnotes":""},"categories":[1],"tags":[183,293],"class_list":["post-1240","post","type-post","status-publish","format-standard","has-post-thumbnail","hentry","category-allgemein","tag-arbeitsplatzgestaltung","tag-aus-weiterbildung"],"acf":[],"hkrextid":null,"publication":null,"issue":null,"workflow":null,"startPage":null,"spitzmarke":null,"_posts_by_tag_page_fields":{"widget_title":"","widget_tags":""},"_at_widget":"1","_yoast_wpseo_primary_category":"1","_yoast_wpseo_focuskw_text_input":"Lernendenbarometer","_yoast_wpseo_opengraph-image":null,"_yoast_wpseo_opengraph-description":null,"_yoast_wpseo_opengraph-title":null,"enclosure":null,"_yoast_wpseo_twitter-title":null,"_yoast_wpseo_twitter-description":null,"_yoast_wpseo_twitter-image":null,"_wp_old_slug":null,"_yoast_wpseo_title":null,"_yoast_wpseo_canonical":null,"yoast_head":"<!-- This site is optimized with the Yoast SEO plugin v27.5 - https:\/\/yoast.com\/product\/yoast-seo-wordpress\/ -->\n<title>Lernendenbarometer 2016: von Berufslehre \u00fcberzeugt - Save<\/title>\n<meta name=\"description\" content=\"Der Lernendenbarometer 2016 zeigt, dass das duale Berufsbildungsmodell in der Schweiz von den Lernenden gesch\u00e4tzt wird.\" \/>\n<meta name=\"robots\" content=\"index, follow, max-snippet:-1, max-image-preview:large, max-video-preview:-1\" \/>\n<link rel=\"canonical\" href=\"https:\/\/news.save.ch\/fr\/lernendenbarometer-2016-von-berufslehre-ueberzeugt\/\" \/>\n<meta property=\"og:locale\" content=\"fr_FR\" \/>\n<meta property=\"og:type\" content=\"article\" \/>\n<meta property=\"og:title\" content=\"Lernendenbarometer 2016: von Berufslehre \u00fcberzeugt - Save\" \/>\n<meta property=\"og:description\" content=\"Der Lernendenbarometer 2016 zeigt, dass das duale Berufsbildungsmodell in der Schweiz von den Lernenden gesch\u00e4tzt wird.\" \/>\n<meta property=\"og:url\" content=\"https:\/\/news.save.ch\/fr\/lernendenbarometer-2016-von-berufslehre-ueberzeugt\/\" \/>\n<meta property=\"og:site_name\" content=\"Save\" \/>\n<meta property=\"article:published_time\" content=\"2016-10-04T08:27:34+00:00\" \/>\n<meta property=\"og:image\" content=\"https:\/\/news.save.ch\/wp-content\/uploads\/2016\/12\/Lernendenbarometer-2016-von-Berufslehre-ueberzeugt_safety-plus-scaled-1.jpg\" \/>\n\t<meta property=\"og:image:width\" content=\"1200\" \/>\n\t<meta property=\"og:image:height\" content=\"801\" \/>\n\t<meta property=\"og:image:type\" content=\"image\/jpeg\" \/>\n<meta name=\"author\" content=\"admin\" \/>\n<meta name=\"twitter:card\" content=\"summary_large_image\" \/>\n<meta name=\"twitter:label1\" content=\"\u00c9crit par\" \/>\n\t<meta name=\"twitter:data1\" content=\"admin\" \/>\n\t<meta name=\"twitter:label2\" content=\"Dur\u00e9e de lecture estim\u00e9e\" \/>\n\t<meta name=\"twitter:data2\" content=\"3 minutes\" \/>\n<script type=\"application\/ld+json\" class=\"yoast-schema-graph\">{\"@context\":\"https:\\\/\\\/schema.org\",\"@graph\":[{\"@type\":\"Article\",\"@id\":\"https:\\\/\\\/news.save.ch\\\/lernendenbarometer-2016-von-berufslehre-ueberzeugt\\\/#article\",\"isPartOf\":{\"@id\":\"https:\\\/\\\/news.save.ch\\\/lernendenbarometer-2016-von-berufslehre-ueberzeugt\\\/\"},\"author\":{\"name\":\"admin\",\"@id\":\"https:\\\/\\\/news.save.ch\\\/de\\\/#\\\/schema\\\/person\\\/d49e199490bad7c70d64b9ab51142f2b\"},\"headline\":\"Lernendenbarometer 2016: von Berufslehre \u00fcberzeugt\",\"datePublished\":\"2016-10-04T08:27:34+00:00\",\"mainEntityOfPage\":{\"@id\":\"https:\\\/\\\/news.save.ch\\\/lernendenbarometer-2016-von-berufslehre-ueberzeugt\\\/\"},\"wordCount\":513,\"commentCount\":2,\"publisher\":{\"@id\":\"https:\\\/\\\/news.save.ch\\\/de\\\/#organization\"},\"image\":{\"@id\":\"https:\\\/\\\/news.save.ch\\\/lernendenbarometer-2016-von-berufslehre-ueberzeugt\\\/#primaryimage\"},\"thumbnailUrl\":\"https:\\\/\\\/news.save.ch\\\/wp-content\\\/uploads\\\/2016\\\/12\\\/Lernendenbarometer-2016-von-Berufslehre-ueberzeugt_safety-plus-scaled-1.jpg\",\"keywords\":[\"Arbeitsplatzgestaltung\",\"Aus- &amp; Weiterbildung\"],\"articleSection\":[\"ALLGEMEIN\"],\"inLanguage\":\"fr-FR\"},{\"@type\":\"WebPage\",\"@id\":\"https:\\\/\\\/news.save.ch\\\/lernendenbarometer-2016-von-berufslehre-ueberzeugt\\\/\",\"url\":\"https:\\\/\\\/news.save.ch\\\/lernendenbarometer-2016-von-berufslehre-ueberzeugt\\\/\",\"name\":\"Lernendenbarometer 2016: von Berufslehre \u00fcberzeugt - Save\",\"isPartOf\":{\"@id\":\"https:\\\/\\\/news.save.ch\\\/de\\\/#website\"},\"primaryImageOfPage\":{\"@id\":\"https:\\\/\\\/news.save.ch\\\/lernendenbarometer-2016-von-berufslehre-ueberzeugt\\\/#primaryimage\"},\"image\":{\"@id\":\"https:\\\/\\\/news.save.ch\\\/lernendenbarometer-2016-von-berufslehre-ueberzeugt\\\/#primaryimage\"},\"thumbnailUrl\":\"https:\\\/\\\/news.save.ch\\\/wp-content\\\/uploads\\\/2016\\\/12\\\/Lernendenbarometer-2016-von-Berufslehre-ueberzeugt_safety-plus-scaled-1.jpg\",\"datePublished\":\"2016-10-04T08:27:34+00:00\",\"description\":\"Der Lernendenbarometer 2016 zeigt, dass das duale Berufsbildungsmodell in der Schweiz von den Lernenden gesch\u00e4tzt wird.\",\"breadcrumb\":{\"@id\":\"https:\\\/\\\/news.save.ch\\\/lernendenbarometer-2016-von-berufslehre-ueberzeugt\\\/#breadcrumb\"},\"inLanguage\":\"fr-FR\",\"potentialAction\":[{\"@type\":\"ReadAction\",\"target\":[\"https:\\\/\\\/news.save.ch\\\/lernendenbarometer-2016-von-berufslehre-ueberzeugt\\\/\"]}]},{\"@type\":\"ImageObject\",\"inLanguage\":\"fr-FR\",\"@id\":\"https:\\\/\\\/news.save.ch\\\/lernendenbarometer-2016-von-berufslehre-ueberzeugt\\\/#primaryimage\",\"url\":\"https:\\\/\\\/news.save.ch\\\/wp-content\\\/uploads\\\/2016\\\/12\\\/Lernendenbarometer-2016-von-Berufslehre-ueberzeugt_safety-plus-scaled-1.jpg\",\"contentUrl\":\"https:\\\/\\\/news.save.ch\\\/wp-content\\\/uploads\\\/2016\\\/12\\\/Lernendenbarometer-2016-von-Berufslehre-ueberzeugt_safety-plus-scaled-1.jpg\",\"width\":1200,\"height\":801,\"caption\":\"Die Zufriedenheit der Lehrlinge ist insgesamt gestiegen.\"},{\"@type\":\"BreadcrumbList\",\"@id\":\"https:\\\/\\\/news.save.ch\\\/lernendenbarometer-2016-von-berufslehre-ueberzeugt\\\/#breadcrumb\",\"itemListElement\":[{\"@type\":\"ListItem\",\"position\":1,\"name\":\"Home\",\"item\":\"https:\\\/\\\/news.save.ch\\\/de\\\/\"},{\"@type\":\"ListItem\",\"position\":2,\"name\":\"Lernendenbarometer 2016: von Berufslehre \u00fcberzeugt\"}]},{\"@type\":\"WebSite\",\"@id\":\"https:\\\/\\\/news.save.ch\\\/de\\\/#website\",\"url\":\"https:\\\/\\\/news.save.ch\\\/de\\\/\",\"name\":\"Save\",\"description\":\"Schweizer Fachzeitschrift f\u00fcr Sicherheit\",\"publisher\":{\"@id\":\"https:\\\/\\\/news.save.ch\\\/de\\\/#organization\"},\"potentialAction\":[{\"@type\":\"SearchAction\",\"target\":{\"@type\":\"EntryPoint\",\"urlTemplate\":\"https:\\\/\\\/news.save.ch\\\/de\\\/?s={search_term_string}\"},\"query-input\":{\"@type\":\"PropertyValueSpecification\",\"valueRequired\":true,\"valueName\":\"search_term_string\"}}],\"inLanguage\":\"fr-FR\"},{\"@type\":\"Organization\",\"@id\":\"https:\\\/\\\/news.save.ch\\\/de\\\/#organization\",\"name\":\"Sicherheitsforum\",\"url\":\"https:\\\/\\\/news.save.ch\\\/de\\\/\",\"logo\":{\"@type\":\"ImageObject\",\"inLanguage\":\"fr-FR\",\"@id\":\"https:\\\/\\\/news.save.ch\\\/de\\\/#\\\/schema\\\/logo\\\/image\\\/\",\"url\":\"https:\\\/\\\/news.save.ch\\\/wp-content\\\/uploads\\\/2022\\\/06\\\/Logo_SF_2012.png\",\"contentUrl\":\"https:\\\/\\\/news.save.ch\\\/wp-content\\\/uploads\\\/2022\\\/06\\\/Logo_SF_2012.png\",\"width\":1100,\"height\":91,\"caption\":\"Sicherheitsforum\"},\"image\":{\"@id\":\"https:\\\/\\\/news.save.ch\\\/de\\\/#\\\/schema\\\/logo\\\/image\\\/\"}},{\"@type\":\"Person\",\"@id\":\"https:\\\/\\\/news.save.ch\\\/de\\\/#\\\/schema\\\/person\\\/d49e199490bad7c70d64b9ab51142f2b\",\"name\":\"admin\",\"image\":{\"@type\":\"ImageObject\",\"inLanguage\":\"fr-FR\",\"@id\":\"https:\\\/\\\/secure.gravatar.com\\\/avatar\\\/ae2f4d718e6c49043e314ce431e7e645d646302a24a5ef5a8bc8e3f5a032e319?s=96&d=mm&r=g\",\"url\":\"https:\\\/\\\/secure.gravatar.com\\\/avatar\\\/ae2f4d718e6c49043e314ce431e7e645d646302a24a5ef5a8bc8e3f5a032e319?s=96&d=mm&r=g\",\"contentUrl\":\"https:\\\/\\\/secure.gravatar.com\\\/avatar\\\/ae2f4d718e6c49043e314ce431e7e645d646302a24a5ef5a8bc8e3f5a032e319?s=96&d=mm&r=g\",\"caption\":\"admin\"},\"sameAs\":[\"https:\\\/\\\/develop.organisator.galledia.ch\"],\"url\":\"https:\\\/\\\/news.save.ch\\\/fr\\\/author\\\/admin\\\/\"}]}<\/script>\n<!-- \/ Yoast SEO plugin. -->","yoast_head_json":{"title":"Barom\u00e8tre des apprentis 2016 : convaincus par l'apprentissage - Save","description":"Le barom\u00e8tre des apprentis 2016 montre que le mod\u00e8le dual de formation professionnelle en Suisse est appr\u00e9ci\u00e9 par les apprentis.","robots":{"index":"index","follow":"follow","max-snippet":"max-snippet:-1","max-image-preview":"max-image-preview:large","max-video-preview":"max-video-preview:-1"},"canonical":"https:\/\/news.save.ch\/fr\/lernendenbarometer-2016-von-berufslehre-ueberzeugt\/","og_locale":"fr_FR","og_type":"article","og_title":"Lernendenbarometer 2016: von Berufslehre \u00fcberzeugt - Save","og_description":"Der Lernendenbarometer 2016 zeigt, dass das duale Berufsbildungsmodell in der Schweiz von den Lernenden gesch\u00e4tzt wird.","og_url":"https:\/\/news.save.ch\/fr\/lernendenbarometer-2016-von-berufslehre-ueberzeugt\/","og_site_name":"Save","article_published_time":"2016-10-04T08:27:34+00:00","og_image":[{"width":1200,"height":801,"url":"https:\/\/news.save.ch\/wp-content\/uploads\/2016\/12\/Lernendenbarometer-2016-von-Berufslehre-ueberzeugt_safety-plus-scaled-1.jpg","type":"image\/jpeg"}],"author":"admin","twitter_card":"summary_large_image","twitter_misc":{"\u00c9crit par":"admin","Dur\u00e9e de lecture estim\u00e9e":"3 minutes"},"schema":{"@context":"https:\/\/schema.org","@graph":[{"@type":"Article","@id":"https:\/\/news.save.ch\/lernendenbarometer-2016-von-berufslehre-ueberzeugt\/#article","isPartOf":{"@id":"https:\/\/news.save.ch\/lernendenbarometer-2016-von-berufslehre-ueberzeugt\/"},"author":{"name":"admin","@id":"https:\/\/news.save.ch\/de\/#\/schema\/person\/d49e199490bad7c70d64b9ab51142f2b"},"headline":"Lernendenbarometer 2016: von Berufslehre \u00fcberzeugt","datePublished":"2016-10-04T08:27:34+00:00","mainEntityOfPage":{"@id":"https:\/\/news.save.ch\/lernendenbarometer-2016-von-berufslehre-ueberzeugt\/"},"wordCount":513,"commentCount":2,"publisher":{"@id":"https:\/\/news.save.ch\/de\/#organization"},"image":{"@id":"https:\/\/news.save.ch\/lernendenbarometer-2016-von-berufslehre-ueberzeugt\/#primaryimage"},"thumbnailUrl":"https:\/\/news.save.ch\/wp-content\/uploads\/2016\/12\/Lernendenbarometer-2016-von-Berufslehre-ueberzeugt_safety-plus-scaled-1.jpg","keywords":["Arbeitsplatzgestaltung","Aus- &amp; Weiterbildung"],"articleSection":["ALLGEMEIN"],"inLanguage":"fr-FR"},{"@type":"WebPage","@id":"https:\/\/news.save.ch\/lernendenbarometer-2016-von-berufslehre-ueberzeugt\/","url":"https:\/\/news.save.ch\/lernendenbarometer-2016-von-berufslehre-ueberzeugt\/","name":"Barom\u00e8tre des apprentis 2016 : convaincus par l'apprentissage - Save","isPartOf":{"@id":"https:\/\/news.save.ch\/de\/#website"},"primaryImageOfPage":{"@id":"https:\/\/news.save.ch\/lernendenbarometer-2016-von-berufslehre-ueberzeugt\/#primaryimage"},"image":{"@id":"https:\/\/news.save.ch\/lernendenbarometer-2016-von-berufslehre-ueberzeugt\/#primaryimage"},"thumbnailUrl":"https:\/\/news.save.ch\/wp-content\/uploads\/2016\/12\/Lernendenbarometer-2016-von-Berufslehre-ueberzeugt_safety-plus-scaled-1.jpg","datePublished":"2016-10-04T08:27:34+00:00","description":"Le barom\u00e8tre des apprentis 2016 montre que le mod\u00e8le dual de formation professionnelle en Suisse est appr\u00e9ci\u00e9 par les apprentis.","breadcrumb":{"@id":"https:\/\/news.save.ch\/lernendenbarometer-2016-von-berufslehre-ueberzeugt\/#breadcrumb"},"inLanguage":"fr-FR","potentialAction":[{"@type":"ReadAction","target":["https:\/\/news.save.ch\/lernendenbarometer-2016-von-berufslehre-ueberzeugt\/"]}]},{"@type":"ImageObject","inLanguage":"fr-FR","@id":"https:\/\/news.save.ch\/lernendenbarometer-2016-von-berufslehre-ueberzeugt\/#primaryimage","url":"https:\/\/news.save.ch\/wp-content\/uploads\/2016\/12\/Lernendenbarometer-2016-von-Berufslehre-ueberzeugt_safety-plus-scaled-1.jpg","contentUrl":"https:\/\/news.save.ch\/wp-content\/uploads\/2016\/12\/Lernendenbarometer-2016-von-Berufslehre-ueberzeugt_safety-plus-scaled-1.jpg","width":1200,"height":801,"caption":"Die Zufriedenheit der Lehrlinge ist insgesamt gestiegen."},{"@type":"BreadcrumbList","@id":"https:\/\/news.save.ch\/lernendenbarometer-2016-von-berufslehre-ueberzeugt\/#breadcrumb","itemListElement":[{"@type":"ListItem","position":1,"name":"Home","item":"https:\/\/news.save.ch\/de\/"},{"@type":"ListItem","position":2,"name":"Lernendenbarometer 2016: von Berufslehre \u00fcberzeugt"}]},{"@type":"WebSite","@id":"https:\/\/news.save.ch\/de\/#website","url":"https:\/\/news.save.ch\/de\/","name":"Save","description":"Revue suisse sp\u00e9cialis\u00e9e dans la s\u00e9curit\u00e9","publisher":{"@id":"https:\/\/news.save.ch\/de\/#organization"},"potentialAction":[{"@type":"SearchAction","target":{"@type":"EntryPoint","urlTemplate":"https:\/\/news.save.ch\/de\/?s={search_term_string}"},"query-input":{"@type":"PropertyValueSpecification","valueRequired":true,"valueName":"search_term_string"}}],"inLanguage":"fr-FR"},{"@type":"Organization","@id":"https:\/\/news.save.ch\/de\/#organization","name":"Forum sur la s\u00e9curit\u00e9","url":"https:\/\/news.save.ch\/de\/","logo":{"@type":"ImageObject","inLanguage":"fr-FR","@id":"https:\/\/news.save.ch\/de\/#\/schema\/logo\/image\/","url":"https:\/\/news.save.ch\/wp-content\/uploads\/2022\/06\/Logo_SF_2012.png","contentUrl":"https:\/\/news.save.ch\/wp-content\/uploads\/2022\/06\/Logo_SF_2012.png","width":1100,"height":91,"caption":"Sicherheitsforum"},"image":{"@id":"https:\/\/news.save.ch\/de\/#\/schema\/logo\/image\/"}},{"@type":"Person","@id":"https:\/\/news.save.ch\/de\/#\/schema\/person\/d49e199490bad7c70d64b9ab51142f2b","name":"admin","image":{"@type":"ImageObject","inLanguage":"fr-FR","@id":"https:\/\/secure.gravatar.com\/avatar\/ae2f4d718e6c49043e314ce431e7e645d646302a24a5ef5a8bc8e3f5a032e319?s=96&d=mm&r=g","url":"https:\/\/secure.gravatar.com\/avatar\/ae2f4d718e6c49043e314ce431e7e645d646302a24a5ef5a8bc8e3f5a032e319?s=96&d=mm&r=g","contentUrl":"https:\/\/secure.gravatar.com\/avatar\/ae2f4d718e6c49043e314ce431e7e645d646302a24a5ef5a8bc8e3f5a032e319?s=96&d=mm&r=g","caption":"admin"},"sameAs":["https:\/\/develop.organisator.galledia.ch"],"url":"https:\/\/news.save.ch\/fr\/author\/admin\/"}]}},"_links":{"self":[{"href":"https:\/\/news.save.ch\/fr\/wp-json\/wp\/v2\/posts\/1240","targetHints":{"allow":["GET"]}}],"collection":[{"href":"https:\/\/news.save.ch\/fr\/wp-json\/wp\/v2\/posts"}],"about":[{"href":"https:\/\/news.save.ch\/fr\/wp-json\/wp\/v2\/types\/post"}],"author":[{"embeddable":true,"href":"https:\/\/news.save.ch\/fr\/wp-json\/wp\/v2\/users\/1"}],"replies":[{"embeddable":true,"href":"https:\/\/news.save.ch\/fr\/wp-json\/wp\/v2\/comments?post=1240"}],"version-history":[{"count":0,"href":"https:\/\/news.save.ch\/fr\/wp-json\/wp\/v2\/posts\/1240\/revisions"}],"wp:featuredmedia":[{"embeddable":true,"href":"https:\/\/news.save.ch\/fr\/wp-json\/wp\/v2\/media\/1241"}],"wp:attachment":[{"href":"https:\/\/news.save.ch\/fr\/wp-json\/wp\/v2\/media?parent=1240"}],"wp:term":[{"taxonomy":"category","embeddable":true,"href":"https:\/\/news.save.ch\/fr\/wp-json\/wp\/v2\/categories?post=1240"},{"taxonomy":"post_tag","embeddable":true,"href":"https:\/\/news.save.ch\/fr\/wp-json\/wp\/v2\/tags?post=1240"}],"curies":[{"name":"wp","href":"https:\/\/api.w.org\/{rel}","templated":true}]}}