{"id":12509,"date":"2021-08-23T08:31:42","date_gmt":"2021-08-23T06:31:42","guid":{"rendered":"https:\/\/news.save.ch\/?p=12509"},"modified":"2023-07-15T16:47:03","modified_gmt":"2023-07-15T14:47:03","slug":"contact-tracing-betreiber-der-app-social-pass-setzen-empfehlungen-des-edoeb-um","status":null,"type":"post","link":"https:\/\/news.save.ch\/fr\/contact-tracing-betreiber-der-app-social-pass-setzen-empfehlungen-des-edoeb-um\/","title":{"rendered":"Contact Tracing : les exploitants de l'application Social Pass mettent en \u0153uvre les recommandations d'Edoeb"},"content":{"rendered":"<figure id=\"attachment_12511\" aria-describedby=\"caption-attachment-12511\" style=\"width: 676px\" class=\"wp-caption alignnone\"><img loading=\"lazy\" decoding=\"async\" class=\"wp-image-12511 size-full\" src=\"https:\/\/news.save.ch\/wp-content\/uploads\/2021\/08\/SocialPass.jpg\" alt=\"Application de tra\u00e7age de contacts\" width=\"676\" height=\"548\" srcset=\"https:\/\/news.save.ch\/wp-content\/uploads\/2021\/08\/SocialPass.jpg 676w, https:\/\/news.save.ch\/wp-content\/uploads\/2021\/08\/SocialPass-370x300.jpg 370w\" sizes=\"auto, (max-width: 676px) 100vw, 676px\" \/><figcaption id=\"caption-attachment-12511\" class=\"wp-caption-text\">Capture d'\u00e9cran Google Play Store<\/figcaption><\/figure>\n<p>L'application Social Pass est utilis\u00e9e par des \u00e9tablissements d'accueil dans toute la Suisse et sert \u00e0 effectuer le \"contact tracing\" obligatoire pour lutter contre le Covid-19. Elle se compose de trois \u00e9l\u00e9ments de syst\u00e8me : \"Social Pass\", \"Social Scan\" et une base de donn\u00e9es centrale : avec l'application mobile Social Pass (disponible pour Android et iOS), les clients saisissent leurs donn\u00e9es de contact sur leur smartphone. Lors d'une visite au restaurant, ils scannent le code QR de l'\u00e9tablissement. Les donn\u00e9es de contact enrichies par les indications de l'\u00e9tablissement sont ensuite automatiquement envoy\u00e9es et enregistr\u00e9es dans une base de donn\u00e9es centrale.<\/p>\n<h2>Des n\u00e9gociations d'une longueur inhabituelle<\/h2>\n<p>En plus de la <a href=\"https:\/\/news.save.ch\/fr\/social-pass-begrenzung-der-abfragemoeglichkeiten-gefordert\/\" target=\"_blank\" rel=\"noopener\">Constatation de lacunes organisationnelles et techniques<\/a> un examen des faits effectu\u00e9 par le Pr\u00e9pos\u00e9 f\u00e9d\u00e9ral \u00e0 la protection des donn\u00e9es et \u00e0 la transparence (PFPDT) a montr\u00e9 que les exploitants priv\u00e9s ont accord\u00e9 aux autorit\u00e9s sanitaires des cantons de Vaud et du Valais un acc\u00e8s direct \u00e0 la banque de donn\u00e9es centrale et l'ont mise \u00e0 disposition pour presque n'importe quelle consultation de donn\u00e9es personnelles, malgr\u00e9 l'absence de motifs justificatifs, violant ainsi \u00e9galement le principe de proportionnalit\u00e9. Selon les m\u00e9dias, les possibilit\u00e9s de consultation accord\u00e9es dans le canton du Valais auraient conduit \u00e0 des traitements de donn\u00e9es personnelles contraires \u00e0 la finalit\u00e9. Sur recommandation d'Edoeb, les exploitants ont entre-temps reconnu ces lacunes, encore contest\u00e9es en avril 2021, et y ont rem\u00e9di\u00e9 selon leurs propres indications.<\/p>\n<p>D'autres recommandations concernaient l'exhaustivit\u00e9 des informations fournies aux utilisateurs, l'exportation des num\u00e9ros de t\u00e9l\u00e9phone vers les Etats-Unis dans le cadre de la v\u00e9rification des num\u00e9ros, ainsi que la configuration de la plateforme Microsoft Azure, sur laquelle se trouve la base de donn\u00e9es centrale. Ces recommandations n'ont \u00e9t\u00e9 que partiellement reconnues et seulement partiellement mises en \u0153uvre. L'Edoeb se r\u00e9serve le droit de proc\u00e9der \u00e0 des contr\u00f4les ult\u00e9rieurs et, le cas \u00e9ch\u00e9ant, de d\u00e9poser une plainte aupr\u00e8s du Tribunal administratif f\u00e9d\u00e9ral.<\/p>\n<p><em>Source : Edoeb<\/em><\/p>\n<p>&nbsp;<\/p>","protected":false},"excerpt":{"rendered":"<p>Die Applikation Social Pass wird von Gastbetrieben in der ganzen Schweiz verwendet und dient der Durchf\u00fchrung des zur Covid-19-Bek\u00e4mpfung obligatorischen \u00abContact Tracings\u00bb. Sie besteht aus den drei Systemkomponenten \u00abSocial Pass\u00bb, \u00abSocial Scan\u00bb und einer zentralen Datenbank: Mit der Mobile App Social Pass (verf\u00fcgbar f\u00fcr Android und iOS) erfassen Kundinnen und Kunden ihre Kontaktdaten auf ihrem [&hellip;]<\/p>\n","protected":false},"author":9,"featured_media":12511,"comment_status":"closed","ping_status":"closed","sticky":false,"template":"","format":"standard","meta":{"_acf_changed":false,"pgc_sgb_lightbox_settings":"","footnotes":""},"categories":[1],"tags":[5337,5338,847,5336,94],"class_list":["post-12509","post","type-post","status-publish","format-standard","has-post-thumbnail","hentry","category-allgemein","tag-contact-tracing","tag-eidgenoessischer-datenschutz-und-oeffentlichkeitsbeauftragter","tag-qr-code","tag-social-pass","tag-zentrale-datenbank"],"acf":[],"hkrextid":null,"publication":null,"issue":null,"workflow":null,"startPage":null,"spitzmarke":null,"_posts_by_tag_page_fields":{"widget_title":"","widget_tags":""},"_at_widget":"1","_yoast_wpseo_primary_category":"","_yoast_wpseo_focuskw_text_input":null,"_yoast_wpseo_opengraph-image":null,"_yoast_wpseo_opengraph-description":null,"_yoast_wpseo_opengraph-title":null,"enclosure":null,"_yoast_wpseo_twitter-title":null,"_yoast_wpseo_twitter-description":null,"_yoast_wpseo_twitter-image":null,"_wp_old_slug":null,"_yoast_wpseo_title":null,"_yoast_wpseo_canonical":null,"yoast_head":"<!-- This site is optimized with the Yoast SEO plugin v27.5 - https:\/\/yoast.com\/product\/yoast-seo-wordpress\/ -->\n<title>Contact Tracing: Betreiber der App Social Pass setzen Empfehlungen des Edoeb um - Save<\/title>\n<meta name=\"description\" content=\"Wie aus einem Schlussbericht hervorgeht, haben die Betreiber der Contact-Tracing-App Social Pass nach \u00abz\u00e4hen Verhandlungen\u00bb die zentralen Empfehlungen des Edoeb nach anf\u00e4nglicher Bestreitung angenommen und umgesetzt.\" \/>\n<meta name=\"robots\" content=\"index, follow, max-snippet:-1, max-image-preview:large, max-video-preview:-1\" \/>\n<link rel=\"canonical\" href=\"https:\/\/news.save.ch\/fr\/contact-tracing-betreiber-der-app-social-pass-setzen-empfehlungen-des-edoeb-um\/\" \/>\n<meta property=\"og:locale\" content=\"fr_FR\" \/>\n<meta property=\"og:type\" content=\"article\" \/>\n<meta property=\"og:title\" content=\"Contact Tracing: Betreiber der App Social Pass setzen Empfehlungen des Edoeb um - Save\" \/>\n<meta property=\"og:description\" content=\"Wie aus einem Schlussbericht hervorgeht, haben die Betreiber der Contact-Tracing-App Social Pass nach \u00abz\u00e4hen Verhandlungen\u00bb die zentralen Empfehlungen des Edoeb nach anf\u00e4nglicher Bestreitung angenommen und umgesetzt.\" \/>\n<meta property=\"og:url\" content=\"https:\/\/news.save.ch\/fr\/contact-tracing-betreiber-der-app-social-pass-setzen-empfehlungen-des-edoeb-um\/\" \/>\n<meta property=\"og:site_name\" content=\"Save\" \/>\n<meta property=\"article:published_time\" content=\"2021-08-23T06:31:42+00:00\" \/>\n<meta property=\"article:modified_time\" content=\"2023-07-15T14:47:03+00:00\" \/>\n<meta property=\"og:image\" content=\"https:\/\/news.save.ch\/wp-content\/uploads\/2021\/08\/SocialPass.jpg\" \/>\n\t<meta property=\"og:image:width\" content=\"676\" \/>\n\t<meta property=\"og:image:height\" content=\"548\" \/>\n\t<meta property=\"og:image:type\" content=\"image\/jpeg\" \/>\n<meta name=\"author\" content=\"Simon Gr\u00f6flin\" \/>\n<meta name=\"twitter:card\" content=\"summary_large_image\" \/>\n<meta name=\"twitter:label1\" content=\"\u00c9crit par\" \/>\n\t<meta name=\"twitter:data1\" content=\"Simon Gr\u00f6flin\" \/>\n\t<meta name=\"twitter:label2\" content=\"Dur\u00e9e de lecture estim\u00e9e\" \/>\n\t<meta name=\"twitter:data2\" content=\"2 minutes\" \/>\n<script type=\"application\/ld+json\" class=\"yoast-schema-graph\">{\"@context\":\"https:\\\/\\\/schema.org\",\"@graph\":[{\"@type\":\"Article\",\"@id\":\"https:\\\/\\\/news.save.ch\\\/contact-tracing-betreiber-der-app-social-pass-setzen-empfehlungen-des-edoeb-um\\\/#article\",\"isPartOf\":{\"@id\":\"https:\\\/\\\/news.save.ch\\\/contact-tracing-betreiber-der-app-social-pass-setzen-empfehlungen-des-edoeb-um\\\/\"},\"author\":{\"name\":\"Simon Gr\u00f6flin\",\"@id\":\"https:\\\/\\\/news.save.ch\\\/de\\\/#\\\/schema\\\/person\\\/ad4ef21102fd6125312409ac57d5296d\"},\"headline\":\"Contact Tracing: Betreiber der App Social Pass setzen Empfehlungen des Edoeb um\",\"datePublished\":\"2021-08-23T06:31:42+00:00\",\"dateModified\":\"2023-07-15T14:47:03+00:00\",\"mainEntityOfPage\":{\"@id\":\"https:\\\/\\\/news.save.ch\\\/contact-tracing-betreiber-der-app-social-pass-setzen-empfehlungen-des-edoeb-um\\\/\"},\"wordCount\":292,\"publisher\":{\"@id\":\"https:\\\/\\\/news.save.ch\\\/de\\\/#organization\"},\"image\":{\"@id\":\"https:\\\/\\\/news.save.ch\\\/contact-tracing-betreiber-der-app-social-pass-setzen-empfehlungen-des-edoeb-um\\\/#primaryimage\"},\"thumbnailUrl\":\"https:\\\/\\\/news.save.ch\\\/wp-content\\\/uploads\\\/2021\\\/08\\\/SocialPass.jpg\",\"keywords\":[\"Contact Tracing\",\"Eidgen\u00f6ssischer Datenschutz- und \u00d6ffentlichkeitsbeauftragter\",\"QR-Code\",\"Social Pass\",\"zentrale Datenbank\"],\"articleSection\":[\"ALLGEMEIN\"],\"inLanguage\":\"fr-FR\"},{\"@type\":\"WebPage\",\"@id\":\"https:\\\/\\\/news.save.ch\\\/contact-tracing-betreiber-der-app-social-pass-setzen-empfehlungen-des-edoeb-um\\\/\",\"url\":\"https:\\\/\\\/news.save.ch\\\/contact-tracing-betreiber-der-app-social-pass-setzen-empfehlungen-des-edoeb-um\\\/\",\"name\":\"Contact Tracing: Betreiber der App Social Pass setzen Empfehlungen des Edoeb um - Save\",\"isPartOf\":{\"@id\":\"https:\\\/\\\/news.save.ch\\\/de\\\/#website\"},\"primaryImageOfPage\":{\"@id\":\"https:\\\/\\\/news.save.ch\\\/contact-tracing-betreiber-der-app-social-pass-setzen-empfehlungen-des-edoeb-um\\\/#primaryimage\"},\"image\":{\"@id\":\"https:\\\/\\\/news.save.ch\\\/contact-tracing-betreiber-der-app-social-pass-setzen-empfehlungen-des-edoeb-um\\\/#primaryimage\"},\"thumbnailUrl\":\"https:\\\/\\\/news.save.ch\\\/wp-content\\\/uploads\\\/2021\\\/08\\\/SocialPass.jpg\",\"datePublished\":\"2021-08-23T06:31:42+00:00\",\"dateModified\":\"2023-07-15T14:47:03+00:00\",\"description\":\"Wie aus einem Schlussbericht hervorgeht, haben die Betreiber der Contact-Tracing-App Social Pass nach \u00abz\u00e4hen Verhandlungen\u00bb die zentralen Empfehlungen des Edoeb nach anf\u00e4nglicher Bestreitung angenommen und umgesetzt.\",\"breadcrumb\":{\"@id\":\"https:\\\/\\\/news.save.ch\\\/contact-tracing-betreiber-der-app-social-pass-setzen-empfehlungen-des-edoeb-um\\\/#breadcrumb\"},\"inLanguage\":\"fr-FR\",\"potentialAction\":[{\"@type\":\"ReadAction\",\"target\":[\"https:\\\/\\\/news.save.ch\\\/contact-tracing-betreiber-der-app-social-pass-setzen-empfehlungen-des-edoeb-um\\\/\"]}]},{\"@type\":\"ImageObject\",\"inLanguage\":\"fr-FR\",\"@id\":\"https:\\\/\\\/news.save.ch\\\/contact-tracing-betreiber-der-app-social-pass-setzen-empfehlungen-des-edoeb-um\\\/#primaryimage\",\"url\":\"https:\\\/\\\/news.save.ch\\\/wp-content\\\/uploads\\\/2021\\\/08\\\/SocialPass.jpg\",\"contentUrl\":\"https:\\\/\\\/news.save.ch\\\/wp-content\\\/uploads\\\/2021\\\/08\\\/SocialPass.jpg\",\"width\":676,\"height\":548,\"caption\":\"Screenshot Google Play Store\"},{\"@type\":\"BreadcrumbList\",\"@id\":\"https:\\\/\\\/news.save.ch\\\/contact-tracing-betreiber-der-app-social-pass-setzen-empfehlungen-des-edoeb-um\\\/#breadcrumb\",\"itemListElement\":[{\"@type\":\"ListItem\",\"position\":1,\"name\":\"Home\",\"item\":\"https:\\\/\\\/news.save.ch\\\/de\\\/\"},{\"@type\":\"ListItem\",\"position\":2,\"name\":\"Contact Tracing: Betreiber der App Social Pass setzen Empfehlungen des Edoeb um\"}]},{\"@type\":\"WebSite\",\"@id\":\"https:\\\/\\\/news.save.ch\\\/de\\\/#website\",\"url\":\"https:\\\/\\\/news.save.ch\\\/de\\\/\",\"name\":\"Save\",\"description\":\"Schweizer Fachzeitschrift f\u00fcr Sicherheit\",\"publisher\":{\"@id\":\"https:\\\/\\\/news.save.ch\\\/de\\\/#organization\"},\"potentialAction\":[{\"@type\":\"SearchAction\",\"target\":{\"@type\":\"EntryPoint\",\"urlTemplate\":\"https:\\\/\\\/news.save.ch\\\/de\\\/?s={search_term_string}\"},\"query-input\":{\"@type\":\"PropertyValueSpecification\",\"valueRequired\":true,\"valueName\":\"search_term_string\"}}],\"inLanguage\":\"fr-FR\"},{\"@type\":\"Organization\",\"@id\":\"https:\\\/\\\/news.save.ch\\\/de\\\/#organization\",\"name\":\"Sicherheitsforum\",\"url\":\"https:\\\/\\\/news.save.ch\\\/de\\\/\",\"logo\":{\"@type\":\"ImageObject\",\"inLanguage\":\"fr-FR\",\"@id\":\"https:\\\/\\\/news.save.ch\\\/de\\\/#\\\/schema\\\/logo\\\/image\\\/\",\"url\":\"https:\\\/\\\/news.save.ch\\\/wp-content\\\/uploads\\\/2022\\\/06\\\/Logo_SF_2012.png\",\"contentUrl\":\"https:\\\/\\\/news.save.ch\\\/wp-content\\\/uploads\\\/2022\\\/06\\\/Logo_SF_2012.png\",\"width\":1100,\"height\":91,\"caption\":\"Sicherheitsforum\"},\"image\":{\"@id\":\"https:\\\/\\\/news.save.ch\\\/de\\\/#\\\/schema\\\/logo\\\/image\\\/\"}},{\"@type\":\"Person\",\"@id\":\"https:\\\/\\\/news.save.ch\\\/de\\\/#\\\/schema\\\/person\\\/ad4ef21102fd6125312409ac57d5296d\",\"name\":\"Simon Gr\u00f6flin\",\"image\":{\"@type\":\"ImageObject\",\"inLanguage\":\"fr-FR\",\"@id\":\"https:\\\/\\\/secure.gravatar.com\\\/avatar\\\/6ddceb80eb734354635539e0ea5140bb7c41e42de7c45c9a2ab9921b5d5c9a83?s=96&d=mm&r=g\",\"url\":\"https:\\\/\\\/secure.gravatar.com\\\/avatar\\\/6ddceb80eb734354635539e0ea5140bb7c41e42de7c45c9a2ab9921b5d5c9a83?s=96&d=mm&r=g\",\"contentUrl\":\"https:\\\/\\\/secure.gravatar.com\\\/avatar\\\/6ddceb80eb734354635539e0ea5140bb7c41e42de7c45c9a2ab9921b5d5c9a83?s=96&d=mm&r=g\",\"caption\":\"Simon Gr\u00f6flin\"},\"url\":\"https:\\\/\\\/news.save.ch\\\/fr\\\/author\\\/simon-groeflin\\\/\"}]}<\/script>\n<!-- \/ Yoast SEO plugin. -->","yoast_head_json":{"title":"Contact Tracing : Les op\u00e9rateurs de l'application Social Pass mettent en \u0153uvre les recommandations d'Edoeb - Save","description":"Comme il ressort d'un rapport final, les exploitants de l'application de tra\u00e7age de contacts Social Pass ont, apr\u00e8s \"d'\u00e2pres n\u00e9gociations\", accept\u00e9 et mis en \u0153uvre les principales recommandations d'Edoeb, apr\u00e8s les avoir initialement contest\u00e9es.","robots":{"index":"index","follow":"follow","max-snippet":"max-snippet:-1","max-image-preview":"max-image-preview:large","max-video-preview":"max-video-preview:-1"},"canonical":"https:\/\/news.save.ch\/fr\/contact-tracing-betreiber-der-app-social-pass-setzen-empfehlungen-des-edoeb-um\/","og_locale":"fr_FR","og_type":"article","og_title":"Contact Tracing: Betreiber der App Social Pass setzen Empfehlungen des Edoeb um - Save","og_description":"Wie aus einem Schlussbericht hervorgeht, haben die Betreiber der Contact-Tracing-App Social Pass nach \u00abz\u00e4hen Verhandlungen\u00bb die zentralen Empfehlungen des Edoeb nach anf\u00e4nglicher Bestreitung angenommen und umgesetzt.","og_url":"https:\/\/news.save.ch\/fr\/contact-tracing-betreiber-der-app-social-pass-setzen-empfehlungen-des-edoeb-um\/","og_site_name":"Save","article_published_time":"2021-08-23T06:31:42+00:00","article_modified_time":"2023-07-15T14:47:03+00:00","og_image":[{"width":676,"height":548,"url":"https:\/\/news.save.ch\/wp-content\/uploads\/2021\/08\/SocialPass.jpg","type":"image\/jpeg"}],"author":"Simon Gr\u00f6flin","twitter_card":"summary_large_image","twitter_misc":{"\u00c9crit par":"Simon Gr\u00f6flin","Dur\u00e9e de lecture estim\u00e9e":"2 minutes"},"schema":{"@context":"https:\/\/schema.org","@graph":[{"@type":"Article","@id":"https:\/\/news.save.ch\/contact-tracing-betreiber-der-app-social-pass-setzen-empfehlungen-des-edoeb-um\/#article","isPartOf":{"@id":"https:\/\/news.save.ch\/contact-tracing-betreiber-der-app-social-pass-setzen-empfehlungen-des-edoeb-um\/"},"author":{"name":"Simon Gr\u00f6flin","@id":"https:\/\/news.save.ch\/de\/#\/schema\/person\/ad4ef21102fd6125312409ac57d5296d"},"headline":"Contact Tracing: Betreiber der App Social Pass setzen Empfehlungen des Edoeb um","datePublished":"2021-08-23T06:31:42+00:00","dateModified":"2023-07-15T14:47:03+00:00","mainEntityOfPage":{"@id":"https:\/\/news.save.ch\/contact-tracing-betreiber-der-app-social-pass-setzen-empfehlungen-des-edoeb-um\/"},"wordCount":292,"publisher":{"@id":"https:\/\/news.save.ch\/de\/#organization"},"image":{"@id":"https:\/\/news.save.ch\/contact-tracing-betreiber-der-app-social-pass-setzen-empfehlungen-des-edoeb-um\/#primaryimage"},"thumbnailUrl":"https:\/\/news.save.ch\/wp-content\/uploads\/2021\/08\/SocialPass.jpg","keywords":["Contact Tracing","Eidgen\u00f6ssischer Datenschutz- und \u00d6ffentlichkeitsbeauftragter","QR-Code","Social Pass","zentrale Datenbank"],"articleSection":["ALLGEMEIN"],"inLanguage":"fr-FR"},{"@type":"WebPage","@id":"https:\/\/news.save.ch\/contact-tracing-betreiber-der-app-social-pass-setzen-empfehlungen-des-edoeb-um\/","url":"https:\/\/news.save.ch\/contact-tracing-betreiber-der-app-social-pass-setzen-empfehlungen-des-edoeb-um\/","name":"Contact Tracing : Les op\u00e9rateurs de l'application Social Pass mettent en \u0153uvre les recommandations d'Edoeb - Save","isPartOf":{"@id":"https:\/\/news.save.ch\/de\/#website"},"primaryImageOfPage":{"@id":"https:\/\/news.save.ch\/contact-tracing-betreiber-der-app-social-pass-setzen-empfehlungen-des-edoeb-um\/#primaryimage"},"image":{"@id":"https:\/\/news.save.ch\/contact-tracing-betreiber-der-app-social-pass-setzen-empfehlungen-des-edoeb-um\/#primaryimage"},"thumbnailUrl":"https:\/\/news.save.ch\/wp-content\/uploads\/2021\/08\/SocialPass.jpg","datePublished":"2021-08-23T06:31:42+00:00","dateModified":"2023-07-15T14:47:03+00:00","description":"Comme il ressort d'un rapport final, les exploitants de l'application de tra\u00e7age de contacts Social Pass ont, apr\u00e8s \"d'\u00e2pres n\u00e9gociations\", accept\u00e9 et mis en \u0153uvre les principales recommandations d'Edoeb, apr\u00e8s les avoir initialement contest\u00e9es.","breadcrumb":{"@id":"https:\/\/news.save.ch\/contact-tracing-betreiber-der-app-social-pass-setzen-empfehlungen-des-edoeb-um\/#breadcrumb"},"inLanguage":"fr-FR","potentialAction":[{"@type":"ReadAction","target":["https:\/\/news.save.ch\/contact-tracing-betreiber-der-app-social-pass-setzen-empfehlungen-des-edoeb-um\/"]}]},{"@type":"ImageObject","inLanguage":"fr-FR","@id":"https:\/\/news.save.ch\/contact-tracing-betreiber-der-app-social-pass-setzen-empfehlungen-des-edoeb-um\/#primaryimage","url":"https:\/\/news.save.ch\/wp-content\/uploads\/2021\/08\/SocialPass.jpg","contentUrl":"https:\/\/news.save.ch\/wp-content\/uploads\/2021\/08\/SocialPass.jpg","width":676,"height":548,"caption":"Screenshot Google Play Store"},{"@type":"BreadcrumbList","@id":"https:\/\/news.save.ch\/contact-tracing-betreiber-der-app-social-pass-setzen-empfehlungen-des-edoeb-um\/#breadcrumb","itemListElement":[{"@type":"ListItem","position":1,"name":"Home","item":"https:\/\/news.save.ch\/de\/"},{"@type":"ListItem","position":2,"name":"Contact Tracing: Betreiber der App Social Pass setzen Empfehlungen des Edoeb um"}]},{"@type":"WebSite","@id":"https:\/\/news.save.ch\/de\/#website","url":"https:\/\/news.save.ch\/de\/","name":"Save","description":"Revue suisse sp\u00e9cialis\u00e9e dans la s\u00e9curit\u00e9","publisher":{"@id":"https:\/\/news.save.ch\/de\/#organization"},"potentialAction":[{"@type":"SearchAction","target":{"@type":"EntryPoint","urlTemplate":"https:\/\/news.save.ch\/de\/?s={search_term_string}"},"query-input":{"@type":"PropertyValueSpecification","valueRequired":true,"valueName":"search_term_string"}}],"inLanguage":"fr-FR"},{"@type":"Organization","@id":"https:\/\/news.save.ch\/de\/#organization","name":"Forum sur la s\u00e9curit\u00e9","url":"https:\/\/news.save.ch\/de\/","logo":{"@type":"ImageObject","inLanguage":"fr-FR","@id":"https:\/\/news.save.ch\/de\/#\/schema\/logo\/image\/","url":"https:\/\/news.save.ch\/wp-content\/uploads\/2022\/06\/Logo_SF_2012.png","contentUrl":"https:\/\/news.save.ch\/wp-content\/uploads\/2022\/06\/Logo_SF_2012.png","width":1100,"height":91,"caption":"Sicherheitsforum"},"image":{"@id":"https:\/\/news.save.ch\/de\/#\/schema\/logo\/image\/"}},{"@type":"Person","@id":"https:\/\/news.save.ch\/de\/#\/schema\/person\/ad4ef21102fd6125312409ac57d5296d","name":"Simon Gr\u00f6flin","image":{"@type":"ImageObject","inLanguage":"fr-FR","@id":"https:\/\/secure.gravatar.com\/avatar\/6ddceb80eb734354635539e0ea5140bb7c41e42de7c45c9a2ab9921b5d5c9a83?s=96&d=mm&r=g","url":"https:\/\/secure.gravatar.com\/avatar\/6ddceb80eb734354635539e0ea5140bb7c41e42de7c45c9a2ab9921b5d5c9a83?s=96&d=mm&r=g","contentUrl":"https:\/\/secure.gravatar.com\/avatar\/6ddceb80eb734354635539e0ea5140bb7c41e42de7c45c9a2ab9921b5d5c9a83?s=96&d=mm&r=g","caption":"Simon Gr\u00f6flin"},"url":"https:\/\/news.save.ch\/fr\/author\/simon-groeflin\/"}]}},"_links":{"self":[{"href":"https:\/\/news.save.ch\/fr\/wp-json\/wp\/v2\/posts\/12509","targetHints":{"allow":["GET"]}}],"collection":[{"href":"https:\/\/news.save.ch\/fr\/wp-json\/wp\/v2\/posts"}],"about":[{"href":"https:\/\/news.save.ch\/fr\/wp-json\/wp\/v2\/types\/post"}],"author":[{"embeddable":true,"href":"https:\/\/news.save.ch\/fr\/wp-json\/wp\/v2\/users\/9"}],"replies":[{"embeddable":true,"href":"https:\/\/news.save.ch\/fr\/wp-json\/wp\/v2\/comments?post=12509"}],"version-history":[{"count":1,"href":"https:\/\/news.save.ch\/fr\/wp-json\/wp\/v2\/posts\/12509\/revisions"}],"predecessor-version":[{"id":20908,"href":"https:\/\/news.save.ch\/fr\/wp-json\/wp\/v2\/posts\/12509\/revisions\/20908"}],"wp:featuredmedia":[{"embeddable":true,"href":"https:\/\/news.save.ch\/fr\/wp-json\/wp\/v2\/media\/12511"}],"wp:attachment":[{"href":"https:\/\/news.save.ch\/fr\/wp-json\/wp\/v2\/media?parent=12509"}],"wp:term":[{"taxonomy":"category","embeddable":true,"href":"https:\/\/news.save.ch\/fr\/wp-json\/wp\/v2\/categories?post=12509"},{"taxonomy":"post_tag","embeddable":true,"href":"https:\/\/news.save.ch\/fr\/wp-json\/wp\/v2\/tags?post=12509"}],"curies":[{"name":"wp","href":"https:\/\/api.w.org\/{rel}","templated":true}]}}