{"id":12527,"date":"2021-08-30T08:59:31","date_gmt":"2021-08-30T06:59:31","guid":{"rendered":"https:\/\/news.save.ch\/?p=12527"},"modified":"2023-07-15T16:27:21","modified_gmt":"2023-07-15T14:27:21","slug":"kanton-zug-lanciert-cybersecurity-offensive","status":null,"type":"post","link":"https:\/\/news.save.ch\/fr\/kanton-zug-lanciert-cybersecurity-offensive\/","title":{"rendered":"Le canton de Zoug lance une offensive de cybers\u00e9curit\u00e9"},"content":{"rendered":"<figure id=\"attachment_12530\" aria-describedby=\"caption-attachment-12530\" style=\"width: 960px\" class=\"wp-caption alignnone\"><img loading=\"lazy\" decoding=\"async\" class=\"wp-image-12530 size-full\" src=\"https:\/\/news.save.ch\/wp-content\/uploads\/2021\/08\/Kanton_Zug_teaser.jpg\" alt=\"Institut national de test de cybers\u00e9curit\u00e9\" width=\"960\" height=\"719\" srcset=\"https:\/\/news.save.ch\/wp-content\/uploads\/2021\/08\/Kanton_Zug_teaser.jpg 960w, https:\/\/news.save.ch\/wp-content\/uploads\/2021\/08\/Kanton_Zug_teaser-375x281.jpg 375w\" sizes=\"auto, (max-width: 960px) 100vw, 960px\" \/><figcaption id=\"caption-attachment-12530\" class=\"wp-caption-text\">\u00a9Pixabay<\/figcaption><\/figure>\n<p>Le canton de Zoug investit <a href=\"https:\/\/www.zg.ch\/behoerden\/finanzdirektion\/direktionssekretariat\/aktuell\/zuger-regierungsrat-lanciert-cybersecurity-offensive\" target=\"_blank\" rel=\"noopener\">selon un communiqu\u00e9<\/a> 7,55 millions de francs dans la cybers\u00e9curit\u00e9 nationale. L'Institut national de test pour la cybers\u00e9curit\u00e9 (NTC) devrait voir le jour dans le canton. Le Conseil d'Etat veut \u00e9galement demander un cr\u00e9dit de 1,4 million de francs pour la mise en place d'un point d'information et de contact central en mati\u00e8re de cybers\u00e9curit\u00e9 pour les petites et moyennes entreprises.<\/p>\n<h2>Comp\u00e9tences de base pour se d\u00e9fendre contre les cybermenaces<\/h2>\n<p>\"La cr\u00e9ation d'un institut de test ind\u00e9pendant et bien \u00e9quip\u00e9 pour la cybers\u00e9curit\u00e9 ainsi qu'un point central d'information et de contact sont des piliers importants pour se d\u00e9fendre contre les dangers du cyberespace\", d\u00e9clare le directeur financier Heinz T\u00e4nnler. L'introduction de ransomware et le cryptage subs\u00e9quent de donn\u00e9es pr\u00e9cieuses pour extorquer une ran\u00e7on, ainsi que les portes d\u00e9rob\u00e9es cach\u00e9es dans les logiciels ou le mat\u00e9riel informatique pour obtenir ill\u00e9galement des donn\u00e9es, constituent une grande menace, selon T\u00e4nnler.<\/p>\n<p>Selon le communiqu\u00e9, les t\u00e2ches principales des institutions comprennent par exemple le contr\u00f4le des composants en r\u00e9seau. Le NTC met en place en Suisse (canton de Zoug) les capacit\u00e9s n\u00e9cessaires pour que la s\u00e9curit\u00e9 et la fiabilit\u00e9 des composants cyberphysiques puissent \u00eatre examin\u00e9es \"de mani\u00e8re ind\u00e9pendante et approfondie\". Pour ce faire, une infrastructure de test et de recherche propre sera mise en place et une \u00e9troite collaboration avec d'autres hautes \u00e9coles, des fournisseurs priv\u00e9s de tests de s\u00e9curit\u00e9 et des centres de test internationaux sera recherch\u00e9e.<\/p>\n<p><em>Source : Canton de Zoug<\/em><\/p>","protected":false},"excerpt":{"rendered":"<p>Der Kanton Zug investiert laut einer Mitteilung 7,55 Millionen Franken in die Nationale Cyber Security. Entstehen soll in dem Kanton das Nationale Testinstitut f\u00fcr Cybersicherheit (NTC). Ein weiterer Kredit in der H\u00f6he von 1,4 Millionen Franken will der Regierungsrat f\u00fcr den Aufbau einer zentralen Cybersicherheits-Informations- und -Anlaufstelle zugunsten kleinerer und mittlerer Unternehmen\u00a0beantragen. Grundkompetenzen zur Abwehr [&hellip;]<\/p>\n","protected":false},"author":9,"featured_media":12530,"comment_status":"closed","ping_status":"closed","sticky":false,"template":"","format":"standard","meta":{"_acf_changed":false,"pgc_sgb_lightbox_settings":"","footnotes":""},"categories":[1,3313],"tags":[657,5326,5327,63,1262,5325,1263,376],"class_list":["post-12527","post","type-post","status-publish","format-standard","has-post-thumbnail","hentry","category-allgemein","category-digitalisierung","tag-cyber-security","tag-cybersicherheits-informations-und-anlaufstelle","tag-hintertueren-cyber-physische","tag-it-security","tag-kanton-zug","tag-nationales-testinstitut-fuer-cybersicherheit","tag-ntc","tag-ransomware"],"acf":[],"hkrextid":null,"publication":null,"issue":null,"workflow":null,"startPage":null,"spitzmarke":null,"_posts_by_tag_page_fields":{"widget_title":"","widget_tags":""},"_at_widget":"1","_yoast_wpseo_primary_category":"1","_yoast_wpseo_focuskw_text_input":null,"_yoast_wpseo_opengraph-image":null,"_yoast_wpseo_opengraph-description":null,"_yoast_wpseo_opengraph-title":null,"enclosure":null,"_yoast_wpseo_twitter-title":null,"_yoast_wpseo_twitter-description":null,"_yoast_wpseo_twitter-image":null,"_wp_old_slug":null,"_yoast_wpseo_title":null,"_yoast_wpseo_canonical":null,"yoast_head":"<!-- This site is optimized with the Yoast SEO plugin v27.4 - https:\/\/yoast.com\/product\/yoast-seo-wordpress\/ -->\n<title>Kanton Zug lanciert Cybersecurity-Offensive - Save<\/title>\n<meta name=\"description\" content=\"Im Kanton Zug soll ein Nationales Testinstitut f\u00fcr Cybersicherheit NTC aufgebaut werden. Der Regierungsrat will den Aufbau des Instituts mit 7,55 Millionen Franken unterst\u00fctzen.\" \/>\n<meta name=\"robots\" content=\"index, follow, max-snippet:-1, max-image-preview:large, max-video-preview:-1\" \/>\n<link rel=\"canonical\" href=\"https:\/\/news.save.ch\/fr\/kanton-zug-lanciert-cybersecurity-offensive\/\" \/>\n<meta property=\"og:locale\" content=\"fr_FR\" \/>\n<meta property=\"og:type\" content=\"article\" \/>\n<meta property=\"og:title\" content=\"Kanton Zug lanciert Cybersecurity-Offensive - Save\" \/>\n<meta property=\"og:description\" content=\"Im Kanton Zug soll ein Nationales Testinstitut f\u00fcr Cybersicherheit NTC aufgebaut werden. Der Regierungsrat will den Aufbau des Instituts mit 7,55 Millionen Franken unterst\u00fctzen.\" \/>\n<meta property=\"og:url\" content=\"https:\/\/news.save.ch\/fr\/kanton-zug-lanciert-cybersecurity-offensive\/\" \/>\n<meta property=\"og:site_name\" content=\"Save\" \/>\n<meta property=\"article:published_time\" content=\"2021-08-30T06:59:31+00:00\" \/>\n<meta property=\"article:modified_time\" content=\"2023-07-15T14:27:21+00:00\" \/>\n<meta property=\"og:image\" content=\"https:\/\/news.save.ch\/wp-content\/uploads\/2021\/08\/Kanton_Zug_teaser.jpg\" \/>\n\t<meta property=\"og:image:width\" content=\"960\" \/>\n\t<meta property=\"og:image:height\" content=\"719\" \/>\n\t<meta property=\"og:image:type\" content=\"image\/jpeg\" \/>\n<meta name=\"author\" content=\"Simon Gr\u00f6flin\" \/>\n<meta name=\"twitter:card\" content=\"summary_large_image\" \/>\n<meta name=\"twitter:label1\" content=\"\u00c9crit par\" \/>\n\t<meta name=\"twitter:data1\" content=\"Simon Gr\u00f6flin\" \/>\n\t<meta name=\"twitter:label2\" content=\"Dur\u00e9e de lecture estim\u00e9e\" \/>\n\t<meta name=\"twitter:data2\" content=\"2 minutes\" \/>\n<script type=\"application\/ld+json\" class=\"yoast-schema-graph\">{\"@context\":\"https:\\\/\\\/schema.org\",\"@graph\":[{\"@type\":\"Article\",\"@id\":\"https:\\\/\\\/news.save.ch\\\/kanton-zug-lanciert-cybersecurity-offensive\\\/#article\",\"isPartOf\":{\"@id\":\"https:\\\/\\\/news.save.ch\\\/kanton-zug-lanciert-cybersecurity-offensive\\\/\"},\"author\":{\"name\":\"Simon Gr\u00f6flin\",\"@id\":\"https:\\\/\\\/news.save.ch\\\/de\\\/#\\\/schema\\\/person\\\/ad4ef21102fd6125312409ac57d5296d\"},\"headline\":\"Kanton Zug lanciert Cybersecurity-Offensive\",\"datePublished\":\"2021-08-30T06:59:31+00:00\",\"dateModified\":\"2023-07-15T14:27:21+00:00\",\"mainEntityOfPage\":{\"@id\":\"https:\\\/\\\/news.save.ch\\\/kanton-zug-lanciert-cybersecurity-offensive\\\/\"},\"wordCount\":212,\"publisher\":{\"@id\":\"https:\\\/\\\/news.save.ch\\\/de\\\/#organization\"},\"image\":{\"@id\":\"https:\\\/\\\/news.save.ch\\\/kanton-zug-lanciert-cybersecurity-offensive\\\/#primaryimage\"},\"thumbnailUrl\":\"https:\\\/\\\/news.save.ch\\\/wp-content\\\/uploads\\\/2021\\\/08\\\/Kanton_Zug_teaser.jpg\",\"keywords\":[\"Cyber-Security\",\"Cybersicherheits-Informations- und -Anlaufstelle\",\"Hintert\u00fcren cyber-physische\",\"IT-SECURITY\",\"Kanton Zug\",\"Nationales Testinstitut f\u00fcr Cybersicherheit\",\"NTC\",\"Ransomware\"],\"articleSection\":[\"ALLGEMEIN\",\"DIGITALISIERUNG\"],\"inLanguage\":\"fr-FR\"},{\"@type\":\"WebPage\",\"@id\":\"https:\\\/\\\/news.save.ch\\\/kanton-zug-lanciert-cybersecurity-offensive\\\/\",\"url\":\"https:\\\/\\\/news.save.ch\\\/kanton-zug-lanciert-cybersecurity-offensive\\\/\",\"name\":\"Kanton Zug lanciert Cybersecurity-Offensive - Save\",\"isPartOf\":{\"@id\":\"https:\\\/\\\/news.save.ch\\\/de\\\/#website\"},\"primaryImageOfPage\":{\"@id\":\"https:\\\/\\\/news.save.ch\\\/kanton-zug-lanciert-cybersecurity-offensive\\\/#primaryimage\"},\"image\":{\"@id\":\"https:\\\/\\\/news.save.ch\\\/kanton-zug-lanciert-cybersecurity-offensive\\\/#primaryimage\"},\"thumbnailUrl\":\"https:\\\/\\\/news.save.ch\\\/wp-content\\\/uploads\\\/2021\\\/08\\\/Kanton_Zug_teaser.jpg\",\"datePublished\":\"2021-08-30T06:59:31+00:00\",\"dateModified\":\"2023-07-15T14:27:21+00:00\",\"description\":\"Im Kanton Zug soll ein Nationales Testinstitut f\u00fcr Cybersicherheit NTC aufgebaut werden. Der Regierungsrat will den Aufbau des Instituts mit 7,55 Millionen Franken unterst\u00fctzen.\",\"breadcrumb\":{\"@id\":\"https:\\\/\\\/news.save.ch\\\/kanton-zug-lanciert-cybersecurity-offensive\\\/#breadcrumb\"},\"inLanguage\":\"fr-FR\",\"potentialAction\":[{\"@type\":\"ReadAction\",\"target\":[\"https:\\\/\\\/news.save.ch\\\/kanton-zug-lanciert-cybersecurity-offensive\\\/\"]}]},{\"@type\":\"ImageObject\",\"inLanguage\":\"fr-FR\",\"@id\":\"https:\\\/\\\/news.save.ch\\\/kanton-zug-lanciert-cybersecurity-offensive\\\/#primaryimage\",\"url\":\"https:\\\/\\\/news.save.ch\\\/wp-content\\\/uploads\\\/2021\\\/08\\\/Kanton_Zug_teaser.jpg\",\"contentUrl\":\"https:\\\/\\\/news.save.ch\\\/wp-content\\\/uploads\\\/2021\\\/08\\\/Kanton_Zug_teaser.jpg\",\"width\":960,\"height\":719,\"caption\":\"\u00a9Pixabay\"},{\"@type\":\"BreadcrumbList\",\"@id\":\"https:\\\/\\\/news.save.ch\\\/kanton-zug-lanciert-cybersecurity-offensive\\\/#breadcrumb\",\"itemListElement\":[{\"@type\":\"ListItem\",\"position\":1,\"name\":\"Home\",\"item\":\"https:\\\/\\\/news.save.ch\\\/de\\\/\"},{\"@type\":\"ListItem\",\"position\":2,\"name\":\"Kanton Zug lanciert Cybersecurity-Offensive\"}]},{\"@type\":\"WebSite\",\"@id\":\"https:\\\/\\\/news.save.ch\\\/de\\\/#website\",\"url\":\"https:\\\/\\\/news.save.ch\\\/de\\\/\",\"name\":\"Save\",\"description\":\"Schweizer Fachzeitschrift f\u00fcr Sicherheit\",\"publisher\":{\"@id\":\"https:\\\/\\\/news.save.ch\\\/de\\\/#organization\"},\"potentialAction\":[{\"@type\":\"SearchAction\",\"target\":{\"@type\":\"EntryPoint\",\"urlTemplate\":\"https:\\\/\\\/news.save.ch\\\/de\\\/?s={search_term_string}\"},\"query-input\":{\"@type\":\"PropertyValueSpecification\",\"valueRequired\":true,\"valueName\":\"search_term_string\"}}],\"inLanguage\":\"fr-FR\"},{\"@type\":\"Organization\",\"@id\":\"https:\\\/\\\/news.save.ch\\\/de\\\/#organization\",\"name\":\"Sicherheitsforum\",\"url\":\"https:\\\/\\\/news.save.ch\\\/de\\\/\",\"logo\":{\"@type\":\"ImageObject\",\"inLanguage\":\"fr-FR\",\"@id\":\"https:\\\/\\\/news.save.ch\\\/de\\\/#\\\/schema\\\/logo\\\/image\\\/\",\"url\":\"https:\\\/\\\/news.save.ch\\\/wp-content\\\/uploads\\\/2022\\\/06\\\/Logo_SF_2012.png\",\"contentUrl\":\"https:\\\/\\\/news.save.ch\\\/wp-content\\\/uploads\\\/2022\\\/06\\\/Logo_SF_2012.png\",\"width\":1100,\"height\":91,\"caption\":\"Sicherheitsforum\"},\"image\":{\"@id\":\"https:\\\/\\\/news.save.ch\\\/de\\\/#\\\/schema\\\/logo\\\/image\\\/\"}},{\"@type\":\"Person\",\"@id\":\"https:\\\/\\\/news.save.ch\\\/de\\\/#\\\/schema\\\/person\\\/ad4ef21102fd6125312409ac57d5296d\",\"name\":\"Simon Gr\u00f6flin\",\"image\":{\"@type\":\"ImageObject\",\"inLanguage\":\"fr-FR\",\"@id\":\"https:\\\/\\\/secure.gravatar.com\\\/avatar\\\/6ddceb80eb734354635539e0ea5140bb7c41e42de7c45c9a2ab9921b5d5c9a83?s=96&d=mm&r=g\",\"url\":\"https:\\\/\\\/secure.gravatar.com\\\/avatar\\\/6ddceb80eb734354635539e0ea5140bb7c41e42de7c45c9a2ab9921b5d5c9a83?s=96&d=mm&r=g\",\"contentUrl\":\"https:\\\/\\\/secure.gravatar.com\\\/avatar\\\/6ddceb80eb734354635539e0ea5140bb7c41e42de7c45c9a2ab9921b5d5c9a83?s=96&d=mm&r=g\",\"caption\":\"Simon Gr\u00f6flin\"},\"url\":\"https:\\\/\\\/news.save.ch\\\/fr\\\/author\\\/simon-groeflin\\\/\"}]}<\/script>\n<!-- \/ Yoast SEO plugin. -->","yoast_head_json":{"title":"Le canton de Zoug lance une offensive de cybers\u00e9curit\u00e9 - Save","description":"Un institut national de test pour la cybers\u00e9curit\u00e9 NTC doit \u00eatre cr\u00e9\u00e9 dans le canton de Zoug. Le Conseil d'Etat veut soutenir la cr\u00e9ation de cet institut \u00e0 hauteur de 7,55 millions de francs.","robots":{"index":"index","follow":"follow","max-snippet":"max-snippet:-1","max-image-preview":"max-image-preview:large","max-video-preview":"max-video-preview:-1"},"canonical":"https:\/\/news.save.ch\/fr\/kanton-zug-lanciert-cybersecurity-offensive\/","og_locale":"fr_FR","og_type":"article","og_title":"Kanton Zug lanciert Cybersecurity-Offensive - Save","og_description":"Im Kanton Zug soll ein Nationales Testinstitut f\u00fcr Cybersicherheit NTC aufgebaut werden. Der Regierungsrat will den Aufbau des Instituts mit 7,55 Millionen Franken unterst\u00fctzen.","og_url":"https:\/\/news.save.ch\/fr\/kanton-zug-lanciert-cybersecurity-offensive\/","og_site_name":"Save","article_published_time":"2021-08-30T06:59:31+00:00","article_modified_time":"2023-07-15T14:27:21+00:00","og_image":[{"width":960,"height":719,"url":"https:\/\/news.save.ch\/wp-content\/uploads\/2021\/08\/Kanton_Zug_teaser.jpg","type":"image\/jpeg"}],"author":"Simon Gr\u00f6flin","twitter_card":"summary_large_image","twitter_misc":{"\u00c9crit par":"Simon Gr\u00f6flin","Dur\u00e9e de lecture estim\u00e9e":"2 minutes"},"schema":{"@context":"https:\/\/schema.org","@graph":[{"@type":"Article","@id":"https:\/\/news.save.ch\/kanton-zug-lanciert-cybersecurity-offensive\/#article","isPartOf":{"@id":"https:\/\/news.save.ch\/kanton-zug-lanciert-cybersecurity-offensive\/"},"author":{"name":"Simon Gr\u00f6flin","@id":"https:\/\/news.save.ch\/de\/#\/schema\/person\/ad4ef21102fd6125312409ac57d5296d"},"headline":"Kanton Zug lanciert Cybersecurity-Offensive","datePublished":"2021-08-30T06:59:31+00:00","dateModified":"2023-07-15T14:27:21+00:00","mainEntityOfPage":{"@id":"https:\/\/news.save.ch\/kanton-zug-lanciert-cybersecurity-offensive\/"},"wordCount":212,"publisher":{"@id":"https:\/\/news.save.ch\/de\/#organization"},"image":{"@id":"https:\/\/news.save.ch\/kanton-zug-lanciert-cybersecurity-offensive\/#primaryimage"},"thumbnailUrl":"https:\/\/news.save.ch\/wp-content\/uploads\/2021\/08\/Kanton_Zug_teaser.jpg","keywords":["Cyber-Security","Cybersicherheits-Informations- und -Anlaufstelle","Hintert\u00fcren cyber-physische","IT-SECURITY","Kanton Zug","Nationales Testinstitut f\u00fcr Cybersicherheit","NTC","Ransomware"],"articleSection":["ALLGEMEIN","DIGITALISIERUNG"],"inLanguage":"fr-FR"},{"@type":"WebPage","@id":"https:\/\/news.save.ch\/kanton-zug-lanciert-cybersecurity-offensive\/","url":"https:\/\/news.save.ch\/kanton-zug-lanciert-cybersecurity-offensive\/","name":"Le canton de Zoug lance une offensive de cybers\u00e9curit\u00e9 - Save","isPartOf":{"@id":"https:\/\/news.save.ch\/de\/#website"},"primaryImageOfPage":{"@id":"https:\/\/news.save.ch\/kanton-zug-lanciert-cybersecurity-offensive\/#primaryimage"},"image":{"@id":"https:\/\/news.save.ch\/kanton-zug-lanciert-cybersecurity-offensive\/#primaryimage"},"thumbnailUrl":"https:\/\/news.save.ch\/wp-content\/uploads\/2021\/08\/Kanton_Zug_teaser.jpg","datePublished":"2021-08-30T06:59:31+00:00","dateModified":"2023-07-15T14:27:21+00:00","description":"Un institut national de test pour la cybers\u00e9curit\u00e9 NTC doit \u00eatre cr\u00e9\u00e9 dans le canton de Zoug. Le Conseil d'Etat veut soutenir la cr\u00e9ation de cet institut \u00e0 hauteur de 7,55 millions de francs.","breadcrumb":{"@id":"https:\/\/news.save.ch\/kanton-zug-lanciert-cybersecurity-offensive\/#breadcrumb"},"inLanguage":"fr-FR","potentialAction":[{"@type":"ReadAction","target":["https:\/\/news.save.ch\/kanton-zug-lanciert-cybersecurity-offensive\/"]}]},{"@type":"ImageObject","inLanguage":"fr-FR","@id":"https:\/\/news.save.ch\/kanton-zug-lanciert-cybersecurity-offensive\/#primaryimage","url":"https:\/\/news.save.ch\/wp-content\/uploads\/2021\/08\/Kanton_Zug_teaser.jpg","contentUrl":"https:\/\/news.save.ch\/wp-content\/uploads\/2021\/08\/Kanton_Zug_teaser.jpg","width":960,"height":719,"caption":"\u00a9Pixabay"},{"@type":"BreadcrumbList","@id":"https:\/\/news.save.ch\/kanton-zug-lanciert-cybersecurity-offensive\/#breadcrumb","itemListElement":[{"@type":"ListItem","position":1,"name":"Home","item":"https:\/\/news.save.ch\/de\/"},{"@type":"ListItem","position":2,"name":"Kanton Zug lanciert Cybersecurity-Offensive"}]},{"@type":"WebSite","@id":"https:\/\/news.save.ch\/de\/#website","url":"https:\/\/news.save.ch\/de\/","name":"Save","description":"Revue suisse sp\u00e9cialis\u00e9e dans la s\u00e9curit\u00e9","publisher":{"@id":"https:\/\/news.save.ch\/de\/#organization"},"potentialAction":[{"@type":"SearchAction","target":{"@type":"EntryPoint","urlTemplate":"https:\/\/news.save.ch\/de\/?s={search_term_string}"},"query-input":{"@type":"PropertyValueSpecification","valueRequired":true,"valueName":"search_term_string"}}],"inLanguage":"fr-FR"},{"@type":"Organization","@id":"https:\/\/news.save.ch\/de\/#organization","name":"Forum sur la s\u00e9curit\u00e9","url":"https:\/\/news.save.ch\/de\/","logo":{"@type":"ImageObject","inLanguage":"fr-FR","@id":"https:\/\/news.save.ch\/de\/#\/schema\/logo\/image\/","url":"https:\/\/news.save.ch\/wp-content\/uploads\/2022\/06\/Logo_SF_2012.png","contentUrl":"https:\/\/news.save.ch\/wp-content\/uploads\/2022\/06\/Logo_SF_2012.png","width":1100,"height":91,"caption":"Sicherheitsforum"},"image":{"@id":"https:\/\/news.save.ch\/de\/#\/schema\/logo\/image\/"}},{"@type":"Person","@id":"https:\/\/news.save.ch\/de\/#\/schema\/person\/ad4ef21102fd6125312409ac57d5296d","name":"Simon Gr\u00f6flin","image":{"@type":"ImageObject","inLanguage":"fr-FR","@id":"https:\/\/secure.gravatar.com\/avatar\/6ddceb80eb734354635539e0ea5140bb7c41e42de7c45c9a2ab9921b5d5c9a83?s=96&d=mm&r=g","url":"https:\/\/secure.gravatar.com\/avatar\/6ddceb80eb734354635539e0ea5140bb7c41e42de7c45c9a2ab9921b5d5c9a83?s=96&d=mm&r=g","contentUrl":"https:\/\/secure.gravatar.com\/avatar\/6ddceb80eb734354635539e0ea5140bb7c41e42de7c45c9a2ab9921b5d5c9a83?s=96&d=mm&r=g","caption":"Simon Gr\u00f6flin"},"url":"https:\/\/news.save.ch\/fr\/author\/simon-groeflin\/"}]}},"_links":{"self":[{"href":"https:\/\/news.save.ch\/fr\/wp-json\/wp\/v2\/posts\/12527","targetHints":{"allow":["GET"]}}],"collection":[{"href":"https:\/\/news.save.ch\/fr\/wp-json\/wp\/v2\/posts"}],"about":[{"href":"https:\/\/news.save.ch\/fr\/wp-json\/wp\/v2\/types\/post"}],"author":[{"embeddable":true,"href":"https:\/\/news.save.ch\/fr\/wp-json\/wp\/v2\/users\/9"}],"replies":[{"embeddable":true,"href":"https:\/\/news.save.ch\/fr\/wp-json\/wp\/v2\/comments?post=12527"}],"version-history":[{"count":4,"href":"https:\/\/news.save.ch\/fr\/wp-json\/wp\/v2\/posts\/12527\/revisions"}],"predecessor-version":[{"id":20903,"href":"https:\/\/news.save.ch\/fr\/wp-json\/wp\/v2\/posts\/12527\/revisions\/20903"}],"wp:featuredmedia":[{"embeddable":true,"href":"https:\/\/news.save.ch\/fr\/wp-json\/wp\/v2\/media\/12530"}],"wp:attachment":[{"href":"https:\/\/news.save.ch\/fr\/wp-json\/wp\/v2\/media?parent=12527"}],"wp:term":[{"taxonomy":"category","embeddable":true,"href":"https:\/\/news.save.ch\/fr\/wp-json\/wp\/v2\/categories?post=12527"},{"taxonomy":"post_tag","embeddable":true,"href":"https:\/\/news.save.ch\/fr\/wp-json\/wp\/v2\/tags?post=12527"}],"curies":[{"name":"wp","href":"https:\/\/api.w.org\/{rel}","templated":true}]}}