{"id":12558,"date":"2021-09-02T09:04:08","date_gmt":"2021-09-02T07:04:08","guid":{"rendered":"https:\/\/news.save.ch\/?p=12558"},"modified":"2023-07-14T22:54:44","modified_gmt":"2023-07-14T20:54:44","slug":"bundesrat-verstaerkt-cyberabwehr-in-der-armee","status":null,"type":"post","link":"https:\/\/news.save.ch\/fr\/bundesrat-verstaerkt-cyberabwehr-in-der-armee\/","title":{"rendered":"Le Conseil f\u00e9d\u00e9ral renforce la cyberd\u00e9fense dans l'arm\u00e9e"},"content":{"rendered":"<figure id=\"attachment_8996\" aria-describedby=\"caption-attachment-8996\" style=\"width: 1400px\" class=\"wp-caption alignnone\"><img loading=\"lazy\" decoding=\"async\" class=\"wp-image-8996 size-full\" src=\"https:\/\/news.save.ch\/wp-content\/uploads\/2019\/11\/Depositphotos_194190330_l-2015-scaled.jpg\" alt=\"S\u00e9curit\u00e9 de fonctionnement\" width=\"1400\" height=\"935\" srcset=\"https:\/\/news.save.ch\/wp-content\/uploads\/2019\/11\/Depositphotos_194190330_l-2015-scaled.jpg 1400w, https:\/\/news.save.ch\/wp-content\/uploads\/2019\/11\/Depositphotos_194190330_l-2015-375x250.jpg 375w\" sizes=\"auto, (max-width: 1400px) 100vw, 1400px\" \/><figcaption id=\"caption-attachment-8996\" class=\"wp-caption-text\">\u00a9 depositphotos, stevanovicigor<\/figcaption><\/figure>\n<p>Lors d'une s\u00e9ance, le Conseil f\u00e9d\u00e9ral a d\u00e9cid\u00e9 de renforcer la cyberd\u00e9fense au sein de l'arm\u00e9e. Le commandement Cyber doit \u00eatre d\u00e9velopp\u00e9 d\u00e8s le d\u00e9but de l'ann\u00e9e 2024, compte tenu de la situation actuelle en mati\u00e8re de menaces. Cette \u00e9volution pose des exigences \u00e9lev\u00e9es \u00e0 une architecture informatique uniforme et oblige \u00e0 standardiser les applications informatiques, selon un communiqu\u00e9 du Conseil f\u00e9d\u00e9ral.<\/p>\n<p>L'unit\u00e9 sp\u00e9ciale fournira les capacit\u00e9s militaires cl\u00e9s dans les domaines de la connaissance de la situation, de la cyberd\u00e9fense, des prestations TIC, de l'aide au commandement, de la cryptologie et de la guerre \u00e9lectronique. Les effectifs seront renforc\u00e9s en cons\u00e9quence au cours des prochaines ann\u00e9es. Il est notamment pr\u00e9vu de cr\u00e9er un bataillon cybern\u00e9tique et un \u00e9tat-major sp\u00e9cialis\u00e9 cybern\u00e9tique au 1er janvier 2022. La formation au sein de l'arm\u00e9e sera compl\u00e9t\u00e9e par des partenaires externes.<\/p>\n<h2>Cr\u00e9ation d'une autorit\u00e9 de l'aviation militaire<\/h2>\n<p>Le Conseil f\u00e9d\u00e9ral a en outre propos\u00e9 de cr\u00e9er les bases l\u00e9gales pour une autorit\u00e9 de l'aviation militaire par le biais d'une modification de la loi. Cette autorit\u00e9 doit am\u00e9liorer la s\u00e9curit\u00e9 d'exploitation des Forces a\u00e9riennes dans l'accomplissement de leurs t\u00e2ches dans l'espace a\u00e9rien utilis\u00e9 conjointement par les civils et les militaires. La surveillance et la r\u00e9gulation de l'aviation militaire devraient ainsi \u00eatre mieux garanties.<\/p>\n<h2>Le soutien aux manifestations civiles est renforc\u00e9<\/h2>\n<p>Dans le cadre de la r\u00e9vision de la loi militaire, le Conseil f\u00e9d\u00e9ral veut \u00e9galement renforcer le soutien de l'arm\u00e9e aux manifestations civiles. Cela permettrait d'augmenter la flexibilit\u00e9 et les disponibilit\u00e9s en engageant \u00e9galement des recrues en formation de base et pas seulement des militaires en service long ou en cours de r\u00e9p\u00e9tition.<\/p>\n<p><em>Source : le Conseil f\u00e9d\u00e9ral<\/em><\/p>\n<div class=\"mceTemp\"><\/div>","protected":false},"excerpt":{"rendered":"<p>Der Bundesrat hat an einer Sitzung eine Verst\u00e4rkung der Cyberabwehr in der Armee beschlossen. Das Kommando Cyber soll angesichts aktueller Bedrohungslagen bereits auf Anfang 2024 weiterentwickelt werden. Die Entwicklung stelle hohe Anforderungen an eine einheitliche IT-Architektur und zwinge zu standardisierten IT-Anwendungen, wie es in einer Mitteilung beim Bundesrat heisst. Die Spezialeinheit werde die milit\u00e4rischen Schl\u00fcsself\u00e4higkeiten [&hellip;]<\/p>\n","protected":false},"author":9,"featured_media":3294,"comment_status":"closed","ping_status":"closed","sticky":false,"template":"","format":"standard","meta":{"_acf_changed":false,"pgc_sgb_lightbox_settings":"","footnotes":""},"categories":[1],"tags":[5310,1168,1270,5308,5309,922,5311],"class_list":["post-12558","post","type-post","status-publish","format-standard","has-post-thumbnail","hentry","category-allgemein","tag-betriebssicherheit","tag-cyber","tag-cyberabwehr","tag-it-architektur","tag-militaerluftfahrtbehoerde","tag-vbs","tag-zivile-anlaesse"],"acf":[],"hkrextid":null,"publication":null,"issue":null,"workflow":null,"startPage":null,"spitzmarke":null,"_posts_by_tag_page_fields":{"widget_title":"","widget_tags":""},"_at_widget":"1","_yoast_wpseo_primary_category":"","_yoast_wpseo_focuskw_text_input":null,"_yoast_wpseo_opengraph-image":null,"_yoast_wpseo_opengraph-description":null,"_yoast_wpseo_opengraph-title":null,"enclosure":null,"_yoast_wpseo_twitter-title":null,"_yoast_wpseo_twitter-description":null,"_yoast_wpseo_twitter-image":null,"_wp_old_slug":null,"_yoast_wpseo_title":null,"_yoast_wpseo_canonical":null,"yoast_head":"<!-- This site is optimized with the Yoast SEO plugin v27.4 - https:\/\/yoast.com\/product\/yoast-seo-wordpress\/ -->\n<title>Bundesrat verst\u00e4rkt Cyberabwehr in der Armee - Save<\/title>\n<meta name=\"description\" content=\"Der Bundesrat will ein Kommando Cyber schaffen und die Milizbest\u00e4nde in diesem Bereich ausbauen. Darunter fallen sollen unter anderem auch die Betriebssicherheit der Luftwaffe.\" \/>\n<meta name=\"robots\" content=\"index, follow, max-snippet:-1, max-image-preview:large, max-video-preview:-1\" \/>\n<link rel=\"canonical\" href=\"https:\/\/news.save.ch\/fr\/bundesrat-verstaerkt-cyberabwehr-in-der-armee\/\" \/>\n<meta property=\"og:locale\" content=\"fr_FR\" \/>\n<meta property=\"og:type\" content=\"article\" \/>\n<meta property=\"og:title\" content=\"Bundesrat verst\u00e4rkt Cyberabwehr in der Armee - Save\" \/>\n<meta property=\"og:description\" content=\"Der Bundesrat will ein Kommando Cyber schaffen und die Milizbest\u00e4nde in diesem Bereich ausbauen. Darunter fallen sollen unter anderem auch die Betriebssicherheit der Luftwaffe.\" \/>\n<meta property=\"og:url\" content=\"https:\/\/news.save.ch\/fr\/bundesrat-verstaerkt-cyberabwehr-in-der-armee\/\" \/>\n<meta property=\"og:site_name\" content=\"Save\" \/>\n<meta property=\"article:published_time\" content=\"2021-09-02T07:04:08+00:00\" \/>\n<meta property=\"article:modified_time\" content=\"2023-07-14T20:54:44+00:00\" \/>\n<meta property=\"og:image\" content=\"https:\/\/news.save.ch\/wp-content\/uploads\/2016\/12\/Cyber-Angriffe-als-Service-aus-dem-Darknet-sf-sicherheitsforum.jpg\" \/>\n\t<meta property=\"og:image:width\" content=\"1060\" \/>\n\t<meta property=\"og:image:height\" content=\"679\" \/>\n\t<meta property=\"og:image:type\" content=\"image\/jpeg\" \/>\n<meta name=\"author\" content=\"Simon Gr\u00f6flin\" \/>\n<meta name=\"twitter:card\" content=\"summary_large_image\" \/>\n<meta name=\"twitter:label1\" content=\"\u00c9crit par\" \/>\n\t<meta name=\"twitter:data1\" content=\"Simon Gr\u00f6flin\" \/>\n\t<meta name=\"twitter:label2\" content=\"Dur\u00e9e de lecture estim\u00e9e\" \/>\n\t<meta name=\"twitter:data2\" content=\"2 minutes\" \/>\n<script type=\"application\/ld+json\" class=\"yoast-schema-graph\">{\"@context\":\"https:\\\/\\\/schema.org\",\"@graph\":[{\"@type\":\"Article\",\"@id\":\"https:\\\/\\\/news.save.ch\\\/bundesrat-verstaerkt-cyberabwehr-in-der-armee\\\/#article\",\"isPartOf\":{\"@id\":\"https:\\\/\\\/news.save.ch\\\/bundesrat-verstaerkt-cyberabwehr-in-der-armee\\\/\"},\"author\":{\"name\":\"Simon Gr\u00f6flin\",\"@id\":\"https:\\\/\\\/news.save.ch\\\/de\\\/#\\\/schema\\\/person\\\/ad4ef21102fd6125312409ac57d5296d\"},\"headline\":\"Bundesrat verst\u00e4rkt Cyberabwehr in der Armee\",\"datePublished\":\"2021-09-02T07:04:08+00:00\",\"dateModified\":\"2023-07-14T20:54:44+00:00\",\"mainEntityOfPage\":{\"@id\":\"https:\\\/\\\/news.save.ch\\\/bundesrat-verstaerkt-cyberabwehr-in-der-armee\\\/\"},\"wordCount\":247,\"publisher\":{\"@id\":\"https:\\\/\\\/news.save.ch\\\/de\\\/#organization\"},\"image\":{\"@id\":\"https:\\\/\\\/news.save.ch\\\/bundesrat-verstaerkt-cyberabwehr-in-der-armee\\\/#primaryimage\"},\"thumbnailUrl\":\"https:\\\/\\\/news.save.ch\\\/wp-content\\\/uploads\\\/2016\\\/12\\\/Cyber-Angriffe-als-Service-aus-dem-Darknet-sf-sicherheitsforum.jpg\",\"keywords\":[\"Betriebssicherheit\",\"cyber\",\"Cyberabwehr\",\"IT-Architektur\",\"Milit\u00e4rluftfahrtbeh\u00f6rde\",\"VBS\",\"zivile Anl\u00e4sse\"],\"articleSection\":[\"ALLGEMEIN\"],\"inLanguage\":\"fr-FR\"},{\"@type\":\"WebPage\",\"@id\":\"https:\\\/\\\/news.save.ch\\\/bundesrat-verstaerkt-cyberabwehr-in-der-armee\\\/\",\"url\":\"https:\\\/\\\/news.save.ch\\\/bundesrat-verstaerkt-cyberabwehr-in-der-armee\\\/\",\"name\":\"Bundesrat verst\u00e4rkt Cyberabwehr in der Armee - Save\",\"isPartOf\":{\"@id\":\"https:\\\/\\\/news.save.ch\\\/de\\\/#website\"},\"primaryImageOfPage\":{\"@id\":\"https:\\\/\\\/news.save.ch\\\/bundesrat-verstaerkt-cyberabwehr-in-der-armee\\\/#primaryimage\"},\"image\":{\"@id\":\"https:\\\/\\\/news.save.ch\\\/bundesrat-verstaerkt-cyberabwehr-in-der-armee\\\/#primaryimage\"},\"thumbnailUrl\":\"https:\\\/\\\/news.save.ch\\\/wp-content\\\/uploads\\\/2016\\\/12\\\/Cyber-Angriffe-als-Service-aus-dem-Darknet-sf-sicherheitsforum.jpg\",\"datePublished\":\"2021-09-02T07:04:08+00:00\",\"dateModified\":\"2023-07-14T20:54:44+00:00\",\"description\":\"Der Bundesrat will ein Kommando Cyber schaffen und die Milizbest\u00e4nde in diesem Bereich ausbauen. Darunter fallen sollen unter anderem auch die Betriebssicherheit der Luftwaffe.\",\"breadcrumb\":{\"@id\":\"https:\\\/\\\/news.save.ch\\\/bundesrat-verstaerkt-cyberabwehr-in-der-armee\\\/#breadcrumb\"},\"inLanguage\":\"fr-FR\",\"potentialAction\":[{\"@type\":\"ReadAction\",\"target\":[\"https:\\\/\\\/news.save.ch\\\/bundesrat-verstaerkt-cyberabwehr-in-der-armee\\\/\"]}]},{\"@type\":\"ImageObject\",\"inLanguage\":\"fr-FR\",\"@id\":\"https:\\\/\\\/news.save.ch\\\/bundesrat-verstaerkt-cyberabwehr-in-der-armee\\\/#primaryimage\",\"url\":\"https:\\\/\\\/news.save.ch\\\/wp-content\\\/uploads\\\/2016\\\/12\\\/Cyber-Angriffe-als-Service-aus-dem-Darknet-sf-sicherheitsforum.jpg\",\"contentUrl\":\"https:\\\/\\\/news.save.ch\\\/wp-content\\\/uploads\\\/2016\\\/12\\\/Cyber-Angriffe-als-Service-aus-dem-Darknet-sf-sicherheitsforum.jpg\",\"width\":1060,\"height\":679,\"caption\":\"Cyber-Angriffe als Service aus dem Darknet\"},{\"@type\":\"BreadcrumbList\",\"@id\":\"https:\\\/\\\/news.save.ch\\\/bundesrat-verstaerkt-cyberabwehr-in-der-armee\\\/#breadcrumb\",\"itemListElement\":[{\"@type\":\"ListItem\",\"position\":1,\"name\":\"Home\",\"item\":\"https:\\\/\\\/news.save.ch\\\/de\\\/\"},{\"@type\":\"ListItem\",\"position\":2,\"name\":\"Bundesrat verst\u00e4rkt Cyberabwehr in der Armee\"}]},{\"@type\":\"WebSite\",\"@id\":\"https:\\\/\\\/news.save.ch\\\/de\\\/#website\",\"url\":\"https:\\\/\\\/news.save.ch\\\/de\\\/\",\"name\":\"Save\",\"description\":\"Schweizer Fachzeitschrift f\u00fcr Sicherheit\",\"publisher\":{\"@id\":\"https:\\\/\\\/news.save.ch\\\/de\\\/#organization\"},\"potentialAction\":[{\"@type\":\"SearchAction\",\"target\":{\"@type\":\"EntryPoint\",\"urlTemplate\":\"https:\\\/\\\/news.save.ch\\\/de\\\/?s={search_term_string}\"},\"query-input\":{\"@type\":\"PropertyValueSpecification\",\"valueRequired\":true,\"valueName\":\"search_term_string\"}}],\"inLanguage\":\"fr-FR\"},{\"@type\":\"Organization\",\"@id\":\"https:\\\/\\\/news.save.ch\\\/de\\\/#organization\",\"name\":\"Sicherheitsforum\",\"url\":\"https:\\\/\\\/news.save.ch\\\/de\\\/\",\"logo\":{\"@type\":\"ImageObject\",\"inLanguage\":\"fr-FR\",\"@id\":\"https:\\\/\\\/news.save.ch\\\/de\\\/#\\\/schema\\\/logo\\\/image\\\/\",\"url\":\"https:\\\/\\\/news.save.ch\\\/wp-content\\\/uploads\\\/2022\\\/06\\\/Logo_SF_2012.png\",\"contentUrl\":\"https:\\\/\\\/news.save.ch\\\/wp-content\\\/uploads\\\/2022\\\/06\\\/Logo_SF_2012.png\",\"width\":1100,\"height\":91,\"caption\":\"Sicherheitsforum\"},\"image\":{\"@id\":\"https:\\\/\\\/news.save.ch\\\/de\\\/#\\\/schema\\\/logo\\\/image\\\/\"}},{\"@type\":\"Person\",\"@id\":\"https:\\\/\\\/news.save.ch\\\/de\\\/#\\\/schema\\\/person\\\/ad4ef21102fd6125312409ac57d5296d\",\"name\":\"Simon Gr\u00f6flin\",\"image\":{\"@type\":\"ImageObject\",\"inLanguage\":\"fr-FR\",\"@id\":\"https:\\\/\\\/secure.gravatar.com\\\/avatar\\\/6ddceb80eb734354635539e0ea5140bb7c41e42de7c45c9a2ab9921b5d5c9a83?s=96&d=mm&r=g\",\"url\":\"https:\\\/\\\/secure.gravatar.com\\\/avatar\\\/6ddceb80eb734354635539e0ea5140bb7c41e42de7c45c9a2ab9921b5d5c9a83?s=96&d=mm&r=g\",\"contentUrl\":\"https:\\\/\\\/secure.gravatar.com\\\/avatar\\\/6ddceb80eb734354635539e0ea5140bb7c41e42de7c45c9a2ab9921b5d5c9a83?s=96&d=mm&r=g\",\"caption\":\"Simon Gr\u00f6flin\"},\"url\":\"https:\\\/\\\/news.save.ch\\\/fr\\\/author\\\/simon-groeflin\\\/\"}]}<\/script>\n<!-- \/ Yoast SEO plugin. -->","yoast_head_json":{"title":"Le Conseil f\u00e9d\u00e9ral renforce la cyberd\u00e9fense dans l'arm\u00e9e - Save","description":"Le Conseil f\u00e9d\u00e9ral veut cr\u00e9er un commandement Cyber et d\u00e9velopper les effectifs de milice dans ce domaine. La s\u00e9curit\u00e9 op\u00e9rationnelle des Forces a\u00e9riennes devrait notamment en faire partie.","robots":{"index":"index","follow":"follow","max-snippet":"max-snippet:-1","max-image-preview":"max-image-preview:large","max-video-preview":"max-video-preview:-1"},"canonical":"https:\/\/news.save.ch\/fr\/bundesrat-verstaerkt-cyberabwehr-in-der-armee\/","og_locale":"fr_FR","og_type":"article","og_title":"Bundesrat verst\u00e4rkt Cyberabwehr in der Armee - Save","og_description":"Der Bundesrat will ein Kommando Cyber schaffen und die Milizbest\u00e4nde in diesem Bereich ausbauen. Darunter fallen sollen unter anderem auch die Betriebssicherheit der Luftwaffe.","og_url":"https:\/\/news.save.ch\/fr\/bundesrat-verstaerkt-cyberabwehr-in-der-armee\/","og_site_name":"Save","article_published_time":"2021-09-02T07:04:08+00:00","article_modified_time":"2023-07-14T20:54:44+00:00","og_image":[{"width":1060,"height":679,"url":"https:\/\/news.save.ch\/wp-content\/uploads\/2016\/12\/Cyber-Angriffe-als-Service-aus-dem-Darknet-sf-sicherheitsforum.jpg","type":"image\/jpeg"}],"author":"Simon Gr\u00f6flin","twitter_card":"summary_large_image","twitter_misc":{"\u00c9crit par":"Simon Gr\u00f6flin","Dur\u00e9e de lecture estim\u00e9e":"2 minutes"},"schema":{"@context":"https:\/\/schema.org","@graph":[{"@type":"Article","@id":"https:\/\/news.save.ch\/bundesrat-verstaerkt-cyberabwehr-in-der-armee\/#article","isPartOf":{"@id":"https:\/\/news.save.ch\/bundesrat-verstaerkt-cyberabwehr-in-der-armee\/"},"author":{"name":"Simon Gr\u00f6flin","@id":"https:\/\/news.save.ch\/de\/#\/schema\/person\/ad4ef21102fd6125312409ac57d5296d"},"headline":"Bundesrat verst\u00e4rkt Cyberabwehr in der Armee","datePublished":"2021-09-02T07:04:08+00:00","dateModified":"2023-07-14T20:54:44+00:00","mainEntityOfPage":{"@id":"https:\/\/news.save.ch\/bundesrat-verstaerkt-cyberabwehr-in-der-armee\/"},"wordCount":247,"publisher":{"@id":"https:\/\/news.save.ch\/de\/#organization"},"image":{"@id":"https:\/\/news.save.ch\/bundesrat-verstaerkt-cyberabwehr-in-der-armee\/#primaryimage"},"thumbnailUrl":"https:\/\/news.save.ch\/wp-content\/uploads\/2016\/12\/Cyber-Angriffe-als-Service-aus-dem-Darknet-sf-sicherheitsforum.jpg","keywords":["Betriebssicherheit","cyber","Cyberabwehr","IT-Architektur","Milit\u00e4rluftfahrtbeh\u00f6rde","VBS","zivile Anl\u00e4sse"],"articleSection":["ALLGEMEIN"],"inLanguage":"fr-FR"},{"@type":"WebPage","@id":"https:\/\/news.save.ch\/bundesrat-verstaerkt-cyberabwehr-in-der-armee\/","url":"https:\/\/news.save.ch\/bundesrat-verstaerkt-cyberabwehr-in-der-armee\/","name":"Le Conseil f\u00e9d\u00e9ral renforce la cyberd\u00e9fense dans l'arm\u00e9e - Save","isPartOf":{"@id":"https:\/\/news.save.ch\/de\/#website"},"primaryImageOfPage":{"@id":"https:\/\/news.save.ch\/bundesrat-verstaerkt-cyberabwehr-in-der-armee\/#primaryimage"},"image":{"@id":"https:\/\/news.save.ch\/bundesrat-verstaerkt-cyberabwehr-in-der-armee\/#primaryimage"},"thumbnailUrl":"https:\/\/news.save.ch\/wp-content\/uploads\/2016\/12\/Cyber-Angriffe-als-Service-aus-dem-Darknet-sf-sicherheitsforum.jpg","datePublished":"2021-09-02T07:04:08+00:00","dateModified":"2023-07-14T20:54:44+00:00","description":"Le Conseil f\u00e9d\u00e9ral veut cr\u00e9er un commandement Cyber et d\u00e9velopper les effectifs de milice dans ce domaine. La s\u00e9curit\u00e9 op\u00e9rationnelle des Forces a\u00e9riennes devrait notamment en faire partie.","breadcrumb":{"@id":"https:\/\/news.save.ch\/bundesrat-verstaerkt-cyberabwehr-in-der-armee\/#breadcrumb"},"inLanguage":"fr-FR","potentialAction":[{"@type":"ReadAction","target":["https:\/\/news.save.ch\/bundesrat-verstaerkt-cyberabwehr-in-der-armee\/"]}]},{"@type":"ImageObject","inLanguage":"fr-FR","@id":"https:\/\/news.save.ch\/bundesrat-verstaerkt-cyberabwehr-in-der-armee\/#primaryimage","url":"https:\/\/news.save.ch\/wp-content\/uploads\/2016\/12\/Cyber-Angriffe-als-Service-aus-dem-Darknet-sf-sicherheitsforum.jpg","contentUrl":"https:\/\/news.save.ch\/wp-content\/uploads\/2016\/12\/Cyber-Angriffe-als-Service-aus-dem-Darknet-sf-sicherheitsforum.jpg","width":1060,"height":679,"caption":"Cyber-Angriffe als Service aus dem Darknet"},{"@type":"BreadcrumbList","@id":"https:\/\/news.save.ch\/bundesrat-verstaerkt-cyberabwehr-in-der-armee\/#breadcrumb","itemListElement":[{"@type":"ListItem","position":1,"name":"Home","item":"https:\/\/news.save.ch\/de\/"},{"@type":"ListItem","position":2,"name":"Bundesrat verst\u00e4rkt Cyberabwehr in der Armee"}]},{"@type":"WebSite","@id":"https:\/\/news.save.ch\/de\/#website","url":"https:\/\/news.save.ch\/de\/","name":"Save","description":"Revue suisse sp\u00e9cialis\u00e9e dans la s\u00e9curit\u00e9","publisher":{"@id":"https:\/\/news.save.ch\/de\/#organization"},"potentialAction":[{"@type":"SearchAction","target":{"@type":"EntryPoint","urlTemplate":"https:\/\/news.save.ch\/de\/?s={search_term_string}"},"query-input":{"@type":"PropertyValueSpecification","valueRequired":true,"valueName":"search_term_string"}}],"inLanguage":"fr-FR"},{"@type":"Organization","@id":"https:\/\/news.save.ch\/de\/#organization","name":"Forum sur la s\u00e9curit\u00e9","url":"https:\/\/news.save.ch\/de\/","logo":{"@type":"ImageObject","inLanguage":"fr-FR","@id":"https:\/\/news.save.ch\/de\/#\/schema\/logo\/image\/","url":"https:\/\/news.save.ch\/wp-content\/uploads\/2022\/06\/Logo_SF_2012.png","contentUrl":"https:\/\/news.save.ch\/wp-content\/uploads\/2022\/06\/Logo_SF_2012.png","width":1100,"height":91,"caption":"Sicherheitsforum"},"image":{"@id":"https:\/\/news.save.ch\/de\/#\/schema\/logo\/image\/"}},{"@type":"Person","@id":"https:\/\/news.save.ch\/de\/#\/schema\/person\/ad4ef21102fd6125312409ac57d5296d","name":"Simon Gr\u00f6flin","image":{"@type":"ImageObject","inLanguage":"fr-FR","@id":"https:\/\/secure.gravatar.com\/avatar\/6ddceb80eb734354635539e0ea5140bb7c41e42de7c45c9a2ab9921b5d5c9a83?s=96&d=mm&r=g","url":"https:\/\/secure.gravatar.com\/avatar\/6ddceb80eb734354635539e0ea5140bb7c41e42de7c45c9a2ab9921b5d5c9a83?s=96&d=mm&r=g","contentUrl":"https:\/\/secure.gravatar.com\/avatar\/6ddceb80eb734354635539e0ea5140bb7c41e42de7c45c9a2ab9921b5d5c9a83?s=96&d=mm&r=g","caption":"Simon Gr\u00f6flin"},"url":"https:\/\/news.save.ch\/fr\/author\/simon-groeflin\/"}]}},"_links":{"self":[{"href":"https:\/\/news.save.ch\/fr\/wp-json\/wp\/v2\/posts\/12558","targetHints":{"allow":["GET"]}}],"collection":[{"href":"https:\/\/news.save.ch\/fr\/wp-json\/wp\/v2\/posts"}],"about":[{"href":"https:\/\/news.save.ch\/fr\/wp-json\/wp\/v2\/types\/post"}],"author":[{"embeddable":true,"href":"https:\/\/news.save.ch\/fr\/wp-json\/wp\/v2\/users\/9"}],"replies":[{"embeddable":true,"href":"https:\/\/news.save.ch\/fr\/wp-json\/wp\/v2\/comments?post=12558"}],"version-history":[{"count":2,"href":"https:\/\/news.save.ch\/fr\/wp-json\/wp\/v2\/posts\/12558\/revisions"}],"predecessor-version":[{"id":20893,"href":"https:\/\/news.save.ch\/fr\/wp-json\/wp\/v2\/posts\/12558\/revisions\/20893"}],"wp:featuredmedia":[{"embeddable":true,"href":"https:\/\/news.save.ch\/fr\/wp-json\/wp\/v2\/media\/3294"}],"wp:attachment":[{"href":"https:\/\/news.save.ch\/fr\/wp-json\/wp\/v2\/media?parent=12558"}],"wp:term":[{"taxonomy":"category","embeddable":true,"href":"https:\/\/news.save.ch\/fr\/wp-json\/wp\/v2\/categories?post=12558"},{"taxonomy":"post_tag","embeddable":true,"href":"https:\/\/news.save.ch\/fr\/wp-json\/wp\/v2\/tags?post=12558"}],"curies":[{"name":"wp","href":"https:\/\/api.w.org\/{rel}","templated":true}]}}