{"id":126,"date":"2015-04-18T13:13:54","date_gmt":"2015-04-18T11:13:54","guid":{"rendered":"https:\/\/dev.sicherheitsforum.ch\/?p=126"},"modified":"2015-04-18T13:13:54","modified_gmt":"2015-04-18T11:13:54","slug":"baselbieter-setzen-vermehrt-auf-private-sicherheitsfirmen","status":null,"type":"post","link":"https:\/\/news.save.ch\/fr\/baselbieter-setzen-vermehrt-auf-private-sicherheitsfirmen\/","title":{"rendered":"B\u00e2le-Campagne mise de plus en plus sur les entreprises de s\u00e9curit\u00e9 priv\u00e9es"},"content":{"rendered":"<figure id=\"attachment_127\" aria-describedby=\"caption-attachment-127\" style=\"width: 680px\" class=\"wp-caption alignnone\"><img loading=\"lazy\" decoding=\"async\" class=\"size-medium wp-image-127\" src=\"https:\/\/sicherheitsforum.ch\/wp-content\/uploads\/2016\/12\/Baselbieter-setzen-vermehrt-auf-private-Sicherheitsfirmen__sicherheitsforum.jpg\" alt=\"A B\u00e2le-Campagne, on fait de plus en plus appel \u00e0 des entreprises de s\u00e9curit\u00e9 priv\u00e9es.\" width=\"680\" height=\"997\" \/><figcaption id=\"caption-attachment-127\" class=\"wp-caption-text\">A B\u00e2le-Campagne, on fait de plus en plus appel \u00e0 des entreprises de s\u00e9curit\u00e9 priv\u00e9es.<\/figcaption><\/figure>\n<p>Une vague de privatisation se r\u00e9pand dans le secteur de la police. S'appuyant sur la nouvelle loi sur la police du canton de B\u00e2le-Campagne, plus de 80 communes devaient d\u00e9cider avant fin f\u00e9vrier qui serait \u00e0 l'avenir charg\u00e9 de faire r\u00e9gner l'ordre et la tranquillit\u00e9 sur leur territoire. La nouvelle loi pr\u00e9voit une stricte s\u00e9paration entre les services de police communaux et cantonaux. Concr\u00e8tement, cela signifie que les communes organisent (et paient) elles-m\u00eames le travail 24 heures sur 24 ou qu'elles b\u00e9n\u00e9ficient \u00e9galement de l'aide du canton ? La commune doit indemniser un \u00e9ventuel contrat de prestations avec la police cantonale par un montant forfaitaire calcul\u00e9 en fonction du nombre d'habitants.<\/p>\n<p>Il s'av\u00e8re aujourd'hui que les communes de B\u00e2le-Campagne, grandes ou petites, confient parfois les t\u00e2ches de police \u00e0 des entreprises de s\u00e9curit\u00e9 priv\u00e9es. La raison : les \u00e9conomies sont \u00e0 l'ordre du jour. C'est le cas de la commune de M\u00fcnchenstein, qui compte environ 12 000 habitants et qui, avec ses 8000 emplois, est \u00e9galement un important lieu de travail et d'activit\u00e9 \u00e9conomique de la r\u00e9gion. Le pr\u00e9sident de la commune a expliqu\u00e9 \u00e0 la t\u00e9l\u00e9vision suisse qu'il d\u00e9pensait entre 5000 et 10 000 francs de moins par an en faisant appel \u00e0 des entreprises de s\u00e9curit\u00e9 priv\u00e9es.<\/p>\n<p>Comme ailleurs, la police communale de M\u00fcnchenstein ne peut pas offrir de service 24 heures sur 24. C'est pourquoi, dans le pass\u00e9, des prestations suppl\u00e9mentaires ont \u00e9t\u00e9 prises en charge par la police cantonale. Mais cela a un co\u00fbt, surtout depuis que le canton travaille avec un nouveau mod\u00e8le de financement qui, selon M\u00fcnchenstein, entra\u00eene des d\u00e9penses suppl\u00e9mentaires massives. C'est pourquoi la commune renonce depuis fin mars aux prestations de la police cantonale.<\/p>\n<p>Si le t\u00e9l\u00e9phone sonne au poste de police de M\u00fcnchenstein, il se peut que le citoyen soit automatiquement transf\u00e9r\u00e9 \u00e0 une entreprise de s\u00e9curit\u00e9 mandat\u00e9e. Pour l'instant, \u00e0 titre d'essai, jusqu'\u00e0 fin mars 2016, comme on le dit. Ensuite, les habitants de M\u00fcnchenstein tireront un bilan et \u00e9valueront si la \"privatisation partielle\" de la police a fait ses preuves. <em>(rs)<\/em><\/p>\n<p><em>(\u00c9dit\u00e9 le 23.4.2015)<\/em><\/p>","protected":false},"excerpt":{"rendered":"<p>Im Polizeiwesen macht sich eine Privatisierungswelle breit. Gest\u00fctzt auf das neue Polizeigesetz des Kantons Basel-Landschaft mussten dort \u00fcber 80 Gemeinden bis Ende Februar entscheiden, wer in Zukunft auf ihrem Territorium f\u00fcr Ruhe und Ordnung sorgen soll. Das neue Gesetz sieht eine strikte Trennung zwischen den kommunalen und den kantonalen Polizeidiensten vor. Konkret bedeutet das: Organisieren [&hellip;]<\/p>\n","protected":false},"author":1,"featured_media":127,"comment_status":"open","ping_status":"open","sticky":false,"template":"","format":"standard","meta":{"_acf_changed":false,"pgc_sgb_lightbox_settings":"","footnotes":""},"categories":[1],"tags":[69,102,103,104],"class_list":["post-126","post","type-post","status-publish","format-standard","has-post-thumbnail","hentry","category-allgemein","tag-justiz-polizei","tag-polizeigesetz-kanton-basel-land","tag-private-sicherheitsfirma","tag-ruhe-und-ordnung"],"acf":[],"hkrextid":null,"publication":null,"issue":null,"workflow":null,"startPage":null,"spitzmarke":null,"_posts_by_tag_page_fields":{"widget_title":"","widget_tags":""},"_at_widget":"1","_yoast_wpseo_primary_category":"1","_yoast_wpseo_focuskw_text_input":"private Sicherheitsfirma","_yoast_wpseo_opengraph-image":"https:\/\/sicherheitsforum.ch\/wp-content\/uploads\/2016\/12\/Baselbieter-setzen-vermehrt-auf-private-Sicherheitsfirmen__sicherheitsforum.jpg","_yoast_wpseo_opengraph-description":"In Baselland weichen verschiedene Gemeinden auf private Sicherheitsfirmen aus, um f\u00fcr Ruhe und Ordnung zu sorgen.","_yoast_wpseo_opengraph-title":"Baselbieter setzen vermehrt auf private Sicherheitsfirmen","enclosure":null,"_yoast_wpseo_twitter-title":null,"_yoast_wpseo_twitter-description":null,"_yoast_wpseo_twitter-image":null,"_wp_old_slug":null,"_yoast_wpseo_title":null,"_yoast_wpseo_canonical":null,"yoast_head":"<!-- This site is optimized with the Yoast SEO plugin v27.4 - https:\/\/yoast.com\/product\/yoast-seo-wordpress\/ -->\n<title>Baselbieter setzen vermehrt auf private Sicherheitsfirmen - Save<\/title>\n<meta name=\"description\" content=\"In Baselland weichen verschiedene Gemeinden auf private Sicherheitsfirmen aus, um f\u00fcr Ruhe und Ordnung zu sorgen.\" \/>\n<meta name=\"robots\" content=\"index, follow, max-snippet:-1, max-image-preview:large, max-video-preview:-1\" \/>\n<link rel=\"canonical\" href=\"https:\/\/news.save.ch\/fr\/baselbieter-setzen-vermehrt-auf-private-sicherheitsfirmen\/\" \/>\n<meta property=\"og:locale\" content=\"fr_FR\" \/>\n<meta property=\"og:type\" content=\"article\" \/>\n<meta property=\"og:title\" content=\"Baselbieter setzen vermehrt auf private Sicherheitsfirmen\" \/>\n<meta property=\"og:description\" content=\"In Baselland weichen verschiedene Gemeinden auf private Sicherheitsfirmen aus, um f\u00fcr Ruhe und Ordnung zu sorgen.\" \/>\n<meta property=\"og:url\" content=\"https:\/\/news.save.ch\/fr\/baselbieter-setzen-vermehrt-auf-private-sicherheitsfirmen\/\" \/>\n<meta property=\"og:site_name\" content=\"Save\" \/>\n<meta property=\"article:published_time\" content=\"2015-04-18T11:13:54+00:00\" \/>\n<meta property=\"og:image\" content=\"https:\/\/sicherheitsforum.ch\/wp-content\/uploads\/2016\/12\/Baselbieter-setzen-vermehrt-auf-private-Sicherheitsfirmen__sicherheitsforum.jpg\" \/>\n<meta name=\"author\" content=\"admin\" \/>\n<meta name=\"twitter:card\" content=\"summary_large_image\" \/>\n<meta name=\"twitter:label1\" content=\"\u00c9crit par\" \/>\n\t<meta name=\"twitter:data1\" content=\"admin\" \/>\n\t<meta name=\"twitter:label2\" content=\"Dur\u00e9e de lecture estim\u00e9e\" \/>\n\t<meta name=\"twitter:data2\" content=\"1 minute\" \/>\n<script type=\"application\/ld+json\" class=\"yoast-schema-graph\">{\"@context\":\"https:\\\/\\\/schema.org\",\"@graph\":[{\"@type\":\"Article\",\"@id\":\"https:\\\/\\\/news.save.ch\\\/baselbieter-setzen-vermehrt-auf-private-sicherheitsfirmen\\\/#article\",\"isPartOf\":{\"@id\":\"https:\\\/\\\/news.save.ch\\\/baselbieter-setzen-vermehrt-auf-private-sicherheitsfirmen\\\/\"},\"author\":{\"name\":\"admin\",\"@id\":\"https:\\\/\\\/news.save.ch\\\/de\\\/#\\\/schema\\\/person\\\/d49e199490bad7c70d64b9ab51142f2b\"},\"headline\":\"Baselbieter setzen vermehrt auf private Sicherheitsfirmen\",\"datePublished\":\"2015-04-18T11:13:54+00:00\",\"mainEntityOfPage\":{\"@id\":\"https:\\\/\\\/news.save.ch\\\/baselbieter-setzen-vermehrt-auf-private-sicherheitsfirmen\\\/\"},\"wordCount\":294,\"commentCount\":0,\"publisher\":{\"@id\":\"https:\\\/\\\/news.save.ch\\\/de\\\/#organization\"},\"image\":{\"@id\":\"https:\\\/\\\/news.save.ch\\\/baselbieter-setzen-vermehrt-auf-private-sicherheitsfirmen\\\/#primaryimage\"},\"thumbnailUrl\":\"https:\\\/\\\/news.save.ch\\\/wp-content\\\/uploads\\\/2016\\\/12\\\/Baselbieter-setzen-vermehrt-auf-private-Sicherheitsfirmen__sicherheitsforum-scaled.jpg\",\"keywords\":[\"Justiz &amp; Polizei\",\"Polizeigesetz Kanton Basel-Land\",\"Private Sicherheitsfirma\",\"Ruhe und Ordnung\"],\"articleSection\":[\"ALLGEMEIN\"],\"inLanguage\":\"fr-FR\"},{\"@type\":\"WebPage\",\"@id\":\"https:\\\/\\\/news.save.ch\\\/baselbieter-setzen-vermehrt-auf-private-sicherheitsfirmen\\\/\",\"url\":\"https:\\\/\\\/news.save.ch\\\/baselbieter-setzen-vermehrt-auf-private-sicherheitsfirmen\\\/\",\"name\":\"Baselbieter setzen vermehrt auf private Sicherheitsfirmen - Save\",\"isPartOf\":{\"@id\":\"https:\\\/\\\/news.save.ch\\\/de\\\/#website\"},\"primaryImageOfPage\":{\"@id\":\"https:\\\/\\\/news.save.ch\\\/baselbieter-setzen-vermehrt-auf-private-sicherheitsfirmen\\\/#primaryimage\"},\"image\":{\"@id\":\"https:\\\/\\\/news.save.ch\\\/baselbieter-setzen-vermehrt-auf-private-sicherheitsfirmen\\\/#primaryimage\"},\"thumbnailUrl\":\"https:\\\/\\\/news.save.ch\\\/wp-content\\\/uploads\\\/2016\\\/12\\\/Baselbieter-setzen-vermehrt-auf-private-Sicherheitsfirmen__sicherheitsforum-scaled.jpg\",\"datePublished\":\"2015-04-18T11:13:54+00:00\",\"description\":\"In Baselland weichen verschiedene Gemeinden auf private Sicherheitsfirmen aus, um f\u00fcr Ruhe und Ordnung zu sorgen.\",\"breadcrumb\":{\"@id\":\"https:\\\/\\\/news.save.ch\\\/baselbieter-setzen-vermehrt-auf-private-sicherheitsfirmen\\\/#breadcrumb\"},\"inLanguage\":\"fr-FR\",\"potentialAction\":[{\"@type\":\"ReadAction\",\"target\":[\"https:\\\/\\\/news.save.ch\\\/baselbieter-setzen-vermehrt-auf-private-sicherheitsfirmen\\\/\"]}]},{\"@type\":\"ImageObject\",\"inLanguage\":\"fr-FR\",\"@id\":\"https:\\\/\\\/news.save.ch\\\/baselbieter-setzen-vermehrt-auf-private-sicherheitsfirmen\\\/#primaryimage\",\"url\":\"https:\\\/\\\/news.save.ch\\\/wp-content\\\/uploads\\\/2016\\\/12\\\/Baselbieter-setzen-vermehrt-auf-private-Sicherheitsfirmen__sicherheitsforum-scaled.jpg\",\"contentUrl\":\"https:\\\/\\\/news.save.ch\\\/wp-content\\\/uploads\\\/2016\\\/12\\\/Baselbieter-setzen-vermehrt-auf-private-Sicherheitsfirmen__sicherheitsforum-scaled.jpg\",\"width\":955,\"height\":1400,\"caption\":\"In Baselland kommen vermehrt private Sicherheitsfirmen zum Einsatz.\"},{\"@type\":\"BreadcrumbList\",\"@id\":\"https:\\\/\\\/news.save.ch\\\/baselbieter-setzen-vermehrt-auf-private-sicherheitsfirmen\\\/#breadcrumb\",\"itemListElement\":[{\"@type\":\"ListItem\",\"position\":1,\"name\":\"Home\",\"item\":\"https:\\\/\\\/news.save.ch\\\/de\\\/\"},{\"@type\":\"ListItem\",\"position\":2,\"name\":\"Baselbieter setzen vermehrt auf private Sicherheitsfirmen\"}]},{\"@type\":\"WebSite\",\"@id\":\"https:\\\/\\\/news.save.ch\\\/de\\\/#website\",\"url\":\"https:\\\/\\\/news.save.ch\\\/de\\\/\",\"name\":\"Save\",\"description\":\"Schweizer Fachzeitschrift f\u00fcr Sicherheit\",\"publisher\":{\"@id\":\"https:\\\/\\\/news.save.ch\\\/de\\\/#organization\"},\"potentialAction\":[{\"@type\":\"SearchAction\",\"target\":{\"@type\":\"EntryPoint\",\"urlTemplate\":\"https:\\\/\\\/news.save.ch\\\/de\\\/?s={search_term_string}\"},\"query-input\":{\"@type\":\"PropertyValueSpecification\",\"valueRequired\":true,\"valueName\":\"search_term_string\"}}],\"inLanguage\":\"fr-FR\"},{\"@type\":\"Organization\",\"@id\":\"https:\\\/\\\/news.save.ch\\\/de\\\/#organization\",\"name\":\"Sicherheitsforum\",\"url\":\"https:\\\/\\\/news.save.ch\\\/de\\\/\",\"logo\":{\"@type\":\"ImageObject\",\"inLanguage\":\"fr-FR\",\"@id\":\"https:\\\/\\\/news.save.ch\\\/de\\\/#\\\/schema\\\/logo\\\/image\\\/\",\"url\":\"https:\\\/\\\/news.save.ch\\\/wp-content\\\/uploads\\\/2022\\\/06\\\/Logo_SF_2012.png\",\"contentUrl\":\"https:\\\/\\\/news.save.ch\\\/wp-content\\\/uploads\\\/2022\\\/06\\\/Logo_SF_2012.png\",\"width\":1100,\"height\":91,\"caption\":\"Sicherheitsforum\"},\"image\":{\"@id\":\"https:\\\/\\\/news.save.ch\\\/de\\\/#\\\/schema\\\/logo\\\/image\\\/\"}},{\"@type\":\"Person\",\"@id\":\"https:\\\/\\\/news.save.ch\\\/de\\\/#\\\/schema\\\/person\\\/d49e199490bad7c70d64b9ab51142f2b\",\"name\":\"admin\",\"image\":{\"@type\":\"ImageObject\",\"inLanguage\":\"fr-FR\",\"@id\":\"https:\\\/\\\/secure.gravatar.com\\\/avatar\\\/ae2f4d718e6c49043e314ce431e7e645d646302a24a5ef5a8bc8e3f5a032e319?s=96&d=mm&r=g\",\"url\":\"https:\\\/\\\/secure.gravatar.com\\\/avatar\\\/ae2f4d718e6c49043e314ce431e7e645d646302a24a5ef5a8bc8e3f5a032e319?s=96&d=mm&r=g\",\"contentUrl\":\"https:\\\/\\\/secure.gravatar.com\\\/avatar\\\/ae2f4d718e6c49043e314ce431e7e645d646302a24a5ef5a8bc8e3f5a032e319?s=96&d=mm&r=g\",\"caption\":\"admin\"},\"sameAs\":[\"https:\\\/\\\/develop.organisator.galledia.ch\"],\"url\":\"https:\\\/\\\/news.save.ch\\\/fr\\\/author\\\/admin\\\/\"}]}<\/script>\n<!-- \/ Yoast SEO plugin. -->","yoast_head_json":{"title":"B\u00e2le-Campagne mise de plus en plus sur les entreprises de s\u00e9curit\u00e9 priv\u00e9es - Save","description":"A B\u00e2le-Campagne, plusieurs communes se tournent vers des entreprises de s\u00e9curit\u00e9 priv\u00e9es pour assurer la tranquillit\u00e9 et l'ordre.","robots":{"index":"index","follow":"follow","max-snippet":"max-snippet:-1","max-image-preview":"max-image-preview:large","max-video-preview":"max-video-preview:-1"},"canonical":"https:\/\/news.save.ch\/fr\/baselbieter-setzen-vermehrt-auf-private-sicherheitsfirmen\/","og_locale":"fr_FR","og_type":"article","og_title":"Baselbieter setzen vermehrt auf private Sicherheitsfirmen","og_description":"In Baselland weichen verschiedene Gemeinden auf private Sicherheitsfirmen aus, um f\u00fcr Ruhe und Ordnung zu sorgen.","og_url":"https:\/\/news.save.ch\/fr\/baselbieter-setzen-vermehrt-auf-private-sicherheitsfirmen\/","og_site_name":"Save","article_published_time":"2015-04-18T11:13:54+00:00","og_image":[{"url":"https:\/\/sicherheitsforum.ch\/wp-content\/uploads\/2016\/12\/Baselbieter-setzen-vermehrt-auf-private-Sicherheitsfirmen__sicherheitsforum.jpg","type":"","width":"","height":""}],"author":"admin","twitter_card":"summary_large_image","twitter_misc":{"\u00c9crit par":"admin","Dur\u00e9e de lecture estim\u00e9e":"1 minute"},"schema":{"@context":"https:\/\/schema.org","@graph":[{"@type":"Article","@id":"https:\/\/news.save.ch\/baselbieter-setzen-vermehrt-auf-private-sicherheitsfirmen\/#article","isPartOf":{"@id":"https:\/\/news.save.ch\/baselbieter-setzen-vermehrt-auf-private-sicherheitsfirmen\/"},"author":{"name":"admin","@id":"https:\/\/news.save.ch\/de\/#\/schema\/person\/d49e199490bad7c70d64b9ab51142f2b"},"headline":"Baselbieter setzen vermehrt auf private Sicherheitsfirmen","datePublished":"2015-04-18T11:13:54+00:00","mainEntityOfPage":{"@id":"https:\/\/news.save.ch\/baselbieter-setzen-vermehrt-auf-private-sicherheitsfirmen\/"},"wordCount":294,"commentCount":0,"publisher":{"@id":"https:\/\/news.save.ch\/de\/#organization"},"image":{"@id":"https:\/\/news.save.ch\/baselbieter-setzen-vermehrt-auf-private-sicherheitsfirmen\/#primaryimage"},"thumbnailUrl":"https:\/\/news.save.ch\/wp-content\/uploads\/2016\/12\/Baselbieter-setzen-vermehrt-auf-private-Sicherheitsfirmen__sicherheitsforum-scaled.jpg","keywords":["Justiz &amp; Polizei","Polizeigesetz Kanton Basel-Land","Private Sicherheitsfirma","Ruhe und Ordnung"],"articleSection":["ALLGEMEIN"],"inLanguage":"fr-FR"},{"@type":"WebPage","@id":"https:\/\/news.save.ch\/baselbieter-setzen-vermehrt-auf-private-sicherheitsfirmen\/","url":"https:\/\/news.save.ch\/baselbieter-setzen-vermehrt-auf-private-sicherheitsfirmen\/","name":"B\u00e2le-Campagne mise de plus en plus sur les entreprises de s\u00e9curit\u00e9 priv\u00e9es - Save","isPartOf":{"@id":"https:\/\/news.save.ch\/de\/#website"},"primaryImageOfPage":{"@id":"https:\/\/news.save.ch\/baselbieter-setzen-vermehrt-auf-private-sicherheitsfirmen\/#primaryimage"},"image":{"@id":"https:\/\/news.save.ch\/baselbieter-setzen-vermehrt-auf-private-sicherheitsfirmen\/#primaryimage"},"thumbnailUrl":"https:\/\/news.save.ch\/wp-content\/uploads\/2016\/12\/Baselbieter-setzen-vermehrt-auf-private-Sicherheitsfirmen__sicherheitsforum-scaled.jpg","datePublished":"2015-04-18T11:13:54+00:00","description":"A B\u00e2le-Campagne, plusieurs communes se tournent vers des entreprises de s\u00e9curit\u00e9 priv\u00e9es pour assurer la tranquillit\u00e9 et l'ordre.","breadcrumb":{"@id":"https:\/\/news.save.ch\/baselbieter-setzen-vermehrt-auf-private-sicherheitsfirmen\/#breadcrumb"},"inLanguage":"fr-FR","potentialAction":[{"@type":"ReadAction","target":["https:\/\/news.save.ch\/baselbieter-setzen-vermehrt-auf-private-sicherheitsfirmen\/"]}]},{"@type":"ImageObject","inLanguage":"fr-FR","@id":"https:\/\/news.save.ch\/baselbieter-setzen-vermehrt-auf-private-sicherheitsfirmen\/#primaryimage","url":"https:\/\/news.save.ch\/wp-content\/uploads\/2016\/12\/Baselbieter-setzen-vermehrt-auf-private-Sicherheitsfirmen__sicherheitsforum-scaled.jpg","contentUrl":"https:\/\/news.save.ch\/wp-content\/uploads\/2016\/12\/Baselbieter-setzen-vermehrt-auf-private-Sicherheitsfirmen__sicherheitsforum-scaled.jpg","width":955,"height":1400,"caption":"In Baselland kommen vermehrt private Sicherheitsfirmen zum Einsatz."},{"@type":"BreadcrumbList","@id":"https:\/\/news.save.ch\/baselbieter-setzen-vermehrt-auf-private-sicherheitsfirmen\/#breadcrumb","itemListElement":[{"@type":"ListItem","position":1,"name":"Home","item":"https:\/\/news.save.ch\/de\/"},{"@type":"ListItem","position":2,"name":"Baselbieter setzen vermehrt auf private Sicherheitsfirmen"}]},{"@type":"WebSite","@id":"https:\/\/news.save.ch\/de\/#website","url":"https:\/\/news.save.ch\/de\/","name":"Save","description":"Revue suisse sp\u00e9cialis\u00e9e dans la s\u00e9curit\u00e9","publisher":{"@id":"https:\/\/news.save.ch\/de\/#organization"},"potentialAction":[{"@type":"SearchAction","target":{"@type":"EntryPoint","urlTemplate":"https:\/\/news.save.ch\/de\/?s={search_term_string}"},"query-input":{"@type":"PropertyValueSpecification","valueRequired":true,"valueName":"search_term_string"}}],"inLanguage":"fr-FR"},{"@type":"Organization","@id":"https:\/\/news.save.ch\/de\/#organization","name":"Forum sur la s\u00e9curit\u00e9","url":"https:\/\/news.save.ch\/de\/","logo":{"@type":"ImageObject","inLanguage":"fr-FR","@id":"https:\/\/news.save.ch\/de\/#\/schema\/logo\/image\/","url":"https:\/\/news.save.ch\/wp-content\/uploads\/2022\/06\/Logo_SF_2012.png","contentUrl":"https:\/\/news.save.ch\/wp-content\/uploads\/2022\/06\/Logo_SF_2012.png","width":1100,"height":91,"caption":"Sicherheitsforum"},"image":{"@id":"https:\/\/news.save.ch\/de\/#\/schema\/logo\/image\/"}},{"@type":"Person","@id":"https:\/\/news.save.ch\/de\/#\/schema\/person\/d49e199490bad7c70d64b9ab51142f2b","name":"admin","image":{"@type":"ImageObject","inLanguage":"fr-FR","@id":"https:\/\/secure.gravatar.com\/avatar\/ae2f4d718e6c49043e314ce431e7e645d646302a24a5ef5a8bc8e3f5a032e319?s=96&d=mm&r=g","url":"https:\/\/secure.gravatar.com\/avatar\/ae2f4d718e6c49043e314ce431e7e645d646302a24a5ef5a8bc8e3f5a032e319?s=96&d=mm&r=g","contentUrl":"https:\/\/secure.gravatar.com\/avatar\/ae2f4d718e6c49043e314ce431e7e645d646302a24a5ef5a8bc8e3f5a032e319?s=96&d=mm&r=g","caption":"admin"},"sameAs":["https:\/\/develop.organisator.galledia.ch"],"url":"https:\/\/news.save.ch\/fr\/author\/admin\/"}]}},"_links":{"self":[{"href":"https:\/\/news.save.ch\/fr\/wp-json\/wp\/v2\/posts\/126","targetHints":{"allow":["GET"]}}],"collection":[{"href":"https:\/\/news.save.ch\/fr\/wp-json\/wp\/v2\/posts"}],"about":[{"href":"https:\/\/news.save.ch\/fr\/wp-json\/wp\/v2\/types\/post"}],"author":[{"embeddable":true,"href":"https:\/\/news.save.ch\/fr\/wp-json\/wp\/v2\/users\/1"}],"replies":[{"embeddable":true,"href":"https:\/\/news.save.ch\/fr\/wp-json\/wp\/v2\/comments?post=126"}],"version-history":[{"count":0,"href":"https:\/\/news.save.ch\/fr\/wp-json\/wp\/v2\/posts\/126\/revisions"}],"wp:featuredmedia":[{"embeddable":true,"href":"https:\/\/news.save.ch\/fr\/wp-json\/wp\/v2\/media\/127"}],"wp:attachment":[{"href":"https:\/\/news.save.ch\/fr\/wp-json\/wp\/v2\/media?parent=126"}],"wp:term":[{"taxonomy":"category","embeddable":true,"href":"https:\/\/news.save.ch\/fr\/wp-json\/wp\/v2\/categories?post=126"},{"taxonomy":"post_tag","embeddable":true,"href":"https:\/\/news.save.ch\/fr\/wp-json\/wp\/v2\/tags?post=126"}],"curies":[{"name":"wp","href":"https:\/\/api.w.org\/{rel}","templated":true}]}}