{"id":12811,"date":"2021-10-18T08:50:27","date_gmt":"2021-10-18T06:50:27","guid":{"rendered":"https:\/\/news.save.ch\/?p=12811"},"modified":"2023-07-13T14:09:49","modified_gmt":"2023-07-13T12:09:49","slug":"kanton-freiburg-will-vorerst-kein-e-voting","status":null,"type":"post","link":"https:\/\/news.save.ch\/fr\/kanton-freiburg-will-vorerst-kein-e-voting\/","title":{"rendered":"Le canton de Fribourg ne veut pas de vote \u00e9lectronique pour l'instant"},"content":{"rendered":"<figure id=\"attachment_12814\" aria-describedby=\"caption-attachment-12814\" style=\"width: 796px\" class=\"wp-caption alignnone\"><img loading=\"lazy\" decoding=\"async\" class=\"wp-image-12814 size-full\" src=\"https:\/\/news.save.ch\/wp-content\/uploads\/2021\/10\/Kant_Freiburg.jpg\" alt=\"Vote \u00e9lectronique\" width=\"796\" height=\"550\" srcset=\"https:\/\/news.save.ch\/wp-content\/uploads\/2021\/10\/Kant_Freiburg.jpg 796w, https:\/\/news.save.ch\/wp-content\/uploads\/2021\/10\/Kant_Freiburg-375x259.jpg 375w\" sizes=\"auto, (max-width: 796px) 100vw, 796px\" \/><figcaption id=\"caption-attachment-12814\" class=\"wp-caption-text\">2018 \u00c9tat de Fribourg<\/figcaption><\/figure>\n<p>Le canton de Fribourg veut toujours attendre avant d'introduire le vote \u00e9lectronique, comme l'\u00e9crit le Conseil de la sant\u00e9 publique du canton dans un communiqu\u00e9. La complexit\u00e9 technique et administrative du projet ayant consid\u00e9rablement augment\u00e9, des ressources humaines et financi\u00e8res suppl\u00e9mentaires seraient n\u00e9cessaires pour le canton. Comme l'\u00e9crit le Conseil d'\u00c9tat, il pr\u00e9f\u00e8re actuellement consacrer les moyens disponibles pour la num\u00e9risation \u00e0 d'autres prestations administratives, par exemple \u00e0 la collaboration des communes dans le domaine de la num\u00e9risation.<\/p>\n<p>Il est toutefois convaincu que le vote \u00e9lectronique r\u00e9pond \u00e0 un besoin de la population et que ce canal de vote deviendra t\u00f4t ou tard une \"n\u00e9cessit\u00e9 pour une d\u00e9mocratie moderne\". Comme l'\u00e9crit le Conseil d'Etat, les exigences en termes de ressources humaines et financi\u00e8res suppl\u00e9mentaires ont consid\u00e9rablement augment\u00e9, selon un communiqu\u00e9.<\/p>\n<p>Source : Canton de Fribourg<\/p>","protected":false},"excerpt":{"rendered":"<p>Der Kanton Freiburg will mit der Einf\u00fchrung des E-Votings nach wie vor zuwarten, wie der Saatsrat des Kantons in einer Mitteilung schreibt. Da die technische und administrative Komplexit\u00e4t des Projekts erheblich zugenommen habe, w\u00e4ren f\u00fcr den Kanton zus\u00e4tzliche personelle und finanzielle Ressourcen erforderlich. Wie der Staatsrat schreibt, ziehe er es vor, die zur Verf\u00fcgung stehenden [&hellip;]<\/p>\n","protected":false},"author":9,"featured_media":12814,"comment_status":"closed","ping_status":"closed","sticky":false,"template":"","format":"standard","meta":{"_acf_changed":false,"pgc_sgb_lightbox_settings":"","footnotes":""},"categories":[1],"tags":[159,383,1293,5203,5204],"class_list":["post-12811","post","type-post","status-publish","format-standard","has-post-thumbnail","hentry","category-allgemein","tag-digitalisierung","tag-e-voting","tag-kanton-freiburg","tag-staatsrat","tag-verwaltungsdienstleistungen"],"acf":[],"hkrextid":null,"publication":null,"issue":null,"workflow":null,"startPage":null,"spitzmarke":null,"_posts_by_tag_page_fields":{"widget_title":"","widget_tags":""},"_at_widget":"1","_yoast_wpseo_primary_category":"","_yoast_wpseo_focuskw_text_input":null,"_yoast_wpseo_opengraph-image":null,"_yoast_wpseo_opengraph-description":null,"_yoast_wpseo_opengraph-title":null,"enclosure":null,"_yoast_wpseo_twitter-title":null,"_yoast_wpseo_twitter-description":null,"_yoast_wpseo_twitter-image":null,"_wp_old_slug":null,"_yoast_wpseo_title":null,"_yoast_wpseo_canonical":null,"yoast_head":"<!-- This site is optimized with the Yoast SEO plugin v27.4 - https:\/\/yoast.com\/product\/yoast-seo-wordpress\/ -->\n<title>Kanton Freiburg will vorerst kein E-Voting - Save<\/title>\n<meta name=\"description\" content=\"Der Kanton Freiburg m\u00f6chte erst 2022 wieder ein E-Voting-Projekt aufnehmen. Dass jedoch E-Voting einem Bed\u00fcrfnis der Bev\u00f6lkerung entspreche, sei klar.\" \/>\n<meta name=\"robots\" content=\"index, follow, max-snippet:-1, max-image-preview:large, max-video-preview:-1\" \/>\n<link rel=\"canonical\" href=\"https:\/\/news.save.ch\/fr\/kanton-freiburg-will-vorerst-kein-e-voting\/\" \/>\n<meta property=\"og:locale\" content=\"fr_FR\" \/>\n<meta property=\"og:type\" content=\"article\" \/>\n<meta property=\"og:title\" content=\"Kanton Freiburg will vorerst kein E-Voting - Save\" \/>\n<meta property=\"og:description\" content=\"Der Kanton Freiburg m\u00f6chte erst 2022 wieder ein E-Voting-Projekt aufnehmen. Dass jedoch E-Voting einem Bed\u00fcrfnis der Bev\u00f6lkerung entspreche, sei klar.\" \/>\n<meta property=\"og:url\" content=\"https:\/\/news.save.ch\/fr\/kanton-freiburg-will-vorerst-kein-e-voting\/\" \/>\n<meta property=\"og:site_name\" content=\"Save\" \/>\n<meta property=\"article:published_time\" content=\"2021-10-18T06:50:27+00:00\" \/>\n<meta property=\"article:modified_time\" content=\"2023-07-13T12:09:49+00:00\" \/>\n<meta property=\"og:image\" content=\"https:\/\/news.save.ch\/wp-content\/uploads\/2021\/10\/Kant_Freiburg.jpg\" \/>\n\t<meta property=\"og:image:width\" content=\"796\" \/>\n\t<meta property=\"og:image:height\" content=\"550\" \/>\n\t<meta property=\"og:image:type\" content=\"image\/jpeg\" \/>\n<meta name=\"author\" content=\"Simon Gr\u00f6flin\" \/>\n<meta name=\"twitter:card\" content=\"summary_large_image\" \/>\n<meta name=\"twitter:label1\" content=\"\u00c9crit par\" \/>\n\t<meta name=\"twitter:data1\" content=\"Simon Gr\u00f6flin\" \/>\n\t<meta name=\"twitter:label2\" content=\"Dur\u00e9e de lecture estim\u00e9e\" \/>\n\t<meta name=\"twitter:data2\" content=\"1 minute\" \/>\n<script type=\"application\/ld+json\" class=\"yoast-schema-graph\">{\"@context\":\"https:\\\/\\\/schema.org\",\"@graph\":[{\"@type\":\"Article\",\"@id\":\"https:\\\/\\\/news.save.ch\\\/kanton-freiburg-will-vorerst-kein-e-voting\\\/#article\",\"isPartOf\":{\"@id\":\"https:\\\/\\\/news.save.ch\\\/kanton-freiburg-will-vorerst-kein-e-voting\\\/\"},\"author\":{\"name\":\"Simon Gr\u00f6flin\",\"@id\":\"https:\\\/\\\/news.save.ch\\\/de\\\/#\\\/schema\\\/person\\\/ad4ef21102fd6125312409ac57d5296d\"},\"headline\":\"Kanton Freiburg will vorerst kein E-Voting\",\"datePublished\":\"2021-10-18T06:50:27+00:00\",\"dateModified\":\"2023-07-13T12:09:49+00:00\",\"mainEntityOfPage\":{\"@id\":\"https:\\\/\\\/news.save.ch\\\/kanton-freiburg-will-vorerst-kein-e-voting\\\/\"},\"wordCount\":153,\"publisher\":{\"@id\":\"https:\\\/\\\/news.save.ch\\\/de\\\/#organization\"},\"image\":{\"@id\":\"https:\\\/\\\/news.save.ch\\\/kanton-freiburg-will-vorerst-kein-e-voting\\\/#primaryimage\"},\"thumbnailUrl\":\"https:\\\/\\\/news.save.ch\\\/wp-content\\\/uploads\\\/2021\\\/10\\\/Kant_Freiburg.jpg\",\"keywords\":[\"Digitalisierung\",\"E-Voting\",\"Kanton Freiburg\",\"Staatsrat\",\"Verwaltungsdienstleistungen\"],\"articleSection\":[\"ALLGEMEIN\"],\"inLanguage\":\"fr-FR\"},{\"@type\":\"WebPage\",\"@id\":\"https:\\\/\\\/news.save.ch\\\/kanton-freiburg-will-vorerst-kein-e-voting\\\/\",\"url\":\"https:\\\/\\\/news.save.ch\\\/kanton-freiburg-will-vorerst-kein-e-voting\\\/\",\"name\":\"Kanton Freiburg will vorerst kein E-Voting - Save\",\"isPartOf\":{\"@id\":\"https:\\\/\\\/news.save.ch\\\/de\\\/#website\"},\"primaryImageOfPage\":{\"@id\":\"https:\\\/\\\/news.save.ch\\\/kanton-freiburg-will-vorerst-kein-e-voting\\\/#primaryimage\"},\"image\":{\"@id\":\"https:\\\/\\\/news.save.ch\\\/kanton-freiburg-will-vorerst-kein-e-voting\\\/#primaryimage\"},\"thumbnailUrl\":\"https:\\\/\\\/news.save.ch\\\/wp-content\\\/uploads\\\/2021\\\/10\\\/Kant_Freiburg.jpg\",\"datePublished\":\"2021-10-18T06:50:27+00:00\",\"dateModified\":\"2023-07-13T12:09:49+00:00\",\"description\":\"Der Kanton Freiburg m\u00f6chte erst 2022 wieder ein E-Voting-Projekt aufnehmen. Dass jedoch E-Voting einem Bed\u00fcrfnis der Bev\u00f6lkerung entspreche, sei klar.\",\"breadcrumb\":{\"@id\":\"https:\\\/\\\/news.save.ch\\\/kanton-freiburg-will-vorerst-kein-e-voting\\\/#breadcrumb\"},\"inLanguage\":\"fr-FR\",\"potentialAction\":[{\"@type\":\"ReadAction\",\"target\":[\"https:\\\/\\\/news.save.ch\\\/kanton-freiburg-will-vorerst-kein-e-voting\\\/\"]}]},{\"@type\":\"ImageObject\",\"inLanguage\":\"fr-FR\",\"@id\":\"https:\\\/\\\/news.save.ch\\\/kanton-freiburg-will-vorerst-kein-e-voting\\\/#primaryimage\",\"url\":\"https:\\\/\\\/news.save.ch\\\/wp-content\\\/uploads\\\/2021\\\/10\\\/Kant_Freiburg.jpg\",\"contentUrl\":\"https:\\\/\\\/news.save.ch\\\/wp-content\\\/uploads\\\/2021\\\/10\\\/Kant_Freiburg.jpg\",\"width\":796,\"height\":550,\"caption\":\"\u00a9 2018 Etat de Fribourg\"},{\"@type\":\"BreadcrumbList\",\"@id\":\"https:\\\/\\\/news.save.ch\\\/kanton-freiburg-will-vorerst-kein-e-voting\\\/#breadcrumb\",\"itemListElement\":[{\"@type\":\"ListItem\",\"position\":1,\"name\":\"Home\",\"item\":\"https:\\\/\\\/news.save.ch\\\/de\\\/\"},{\"@type\":\"ListItem\",\"position\":2,\"name\":\"Kanton Freiburg will vorerst kein E-Voting\"}]},{\"@type\":\"WebSite\",\"@id\":\"https:\\\/\\\/news.save.ch\\\/de\\\/#website\",\"url\":\"https:\\\/\\\/news.save.ch\\\/de\\\/\",\"name\":\"Save\",\"description\":\"Schweizer Fachzeitschrift f\u00fcr Sicherheit\",\"publisher\":{\"@id\":\"https:\\\/\\\/news.save.ch\\\/de\\\/#organization\"},\"potentialAction\":[{\"@type\":\"SearchAction\",\"target\":{\"@type\":\"EntryPoint\",\"urlTemplate\":\"https:\\\/\\\/news.save.ch\\\/de\\\/?s={search_term_string}\"},\"query-input\":{\"@type\":\"PropertyValueSpecification\",\"valueRequired\":true,\"valueName\":\"search_term_string\"}}],\"inLanguage\":\"fr-FR\"},{\"@type\":\"Organization\",\"@id\":\"https:\\\/\\\/news.save.ch\\\/de\\\/#organization\",\"name\":\"Sicherheitsforum\",\"url\":\"https:\\\/\\\/news.save.ch\\\/de\\\/\",\"logo\":{\"@type\":\"ImageObject\",\"inLanguage\":\"fr-FR\",\"@id\":\"https:\\\/\\\/news.save.ch\\\/de\\\/#\\\/schema\\\/logo\\\/image\\\/\",\"url\":\"https:\\\/\\\/news.save.ch\\\/wp-content\\\/uploads\\\/2022\\\/06\\\/Logo_SF_2012.png\",\"contentUrl\":\"https:\\\/\\\/news.save.ch\\\/wp-content\\\/uploads\\\/2022\\\/06\\\/Logo_SF_2012.png\",\"width\":1100,\"height\":91,\"caption\":\"Sicherheitsforum\"},\"image\":{\"@id\":\"https:\\\/\\\/news.save.ch\\\/de\\\/#\\\/schema\\\/logo\\\/image\\\/\"}},{\"@type\":\"Person\",\"@id\":\"https:\\\/\\\/news.save.ch\\\/de\\\/#\\\/schema\\\/person\\\/ad4ef21102fd6125312409ac57d5296d\",\"name\":\"Simon Gr\u00f6flin\",\"image\":{\"@type\":\"ImageObject\",\"inLanguage\":\"fr-FR\",\"@id\":\"https:\\\/\\\/secure.gravatar.com\\\/avatar\\\/6ddceb80eb734354635539e0ea5140bb7c41e42de7c45c9a2ab9921b5d5c9a83?s=96&d=mm&r=g\",\"url\":\"https:\\\/\\\/secure.gravatar.com\\\/avatar\\\/6ddceb80eb734354635539e0ea5140bb7c41e42de7c45c9a2ab9921b5d5c9a83?s=96&d=mm&r=g\",\"contentUrl\":\"https:\\\/\\\/secure.gravatar.com\\\/avatar\\\/6ddceb80eb734354635539e0ea5140bb7c41e42de7c45c9a2ab9921b5d5c9a83?s=96&d=mm&r=g\",\"caption\":\"Simon Gr\u00f6flin\"},\"url\":\"https:\\\/\\\/news.save.ch\\\/fr\\\/author\\\/simon-groeflin\\\/\"}]}<\/script>\n<!-- \/ Yoast SEO plugin. -->","yoast_head_json":{"title":"Le canton de Fribourg ne veut pas d'e-voting pour le moment - Save","description":"Le canton de Fribourg ne souhaite pas reprendre un projet de vote \u00e9lectronique avant 2022. Il est cependant clair que le vote \u00e9lectronique r\u00e9pond \u00e0 un besoin de la population.","robots":{"index":"index","follow":"follow","max-snippet":"max-snippet:-1","max-image-preview":"max-image-preview:large","max-video-preview":"max-video-preview:-1"},"canonical":"https:\/\/news.save.ch\/fr\/kanton-freiburg-will-vorerst-kein-e-voting\/","og_locale":"fr_FR","og_type":"article","og_title":"Kanton Freiburg will vorerst kein E-Voting - Save","og_description":"Der Kanton Freiburg m\u00f6chte erst 2022 wieder ein E-Voting-Projekt aufnehmen. Dass jedoch E-Voting einem Bed\u00fcrfnis der Bev\u00f6lkerung entspreche, sei klar.","og_url":"https:\/\/news.save.ch\/fr\/kanton-freiburg-will-vorerst-kein-e-voting\/","og_site_name":"Save","article_published_time":"2021-10-18T06:50:27+00:00","article_modified_time":"2023-07-13T12:09:49+00:00","og_image":[{"width":796,"height":550,"url":"https:\/\/news.save.ch\/wp-content\/uploads\/2021\/10\/Kant_Freiburg.jpg","type":"image\/jpeg"}],"author":"Simon Gr\u00f6flin","twitter_card":"summary_large_image","twitter_misc":{"\u00c9crit par":"Simon Gr\u00f6flin","Dur\u00e9e de lecture estim\u00e9e":"1 minute"},"schema":{"@context":"https:\/\/schema.org","@graph":[{"@type":"Article","@id":"https:\/\/news.save.ch\/kanton-freiburg-will-vorerst-kein-e-voting\/#article","isPartOf":{"@id":"https:\/\/news.save.ch\/kanton-freiburg-will-vorerst-kein-e-voting\/"},"author":{"name":"Simon Gr\u00f6flin","@id":"https:\/\/news.save.ch\/de\/#\/schema\/person\/ad4ef21102fd6125312409ac57d5296d"},"headline":"Kanton Freiburg will vorerst kein E-Voting","datePublished":"2021-10-18T06:50:27+00:00","dateModified":"2023-07-13T12:09:49+00:00","mainEntityOfPage":{"@id":"https:\/\/news.save.ch\/kanton-freiburg-will-vorerst-kein-e-voting\/"},"wordCount":153,"publisher":{"@id":"https:\/\/news.save.ch\/de\/#organization"},"image":{"@id":"https:\/\/news.save.ch\/kanton-freiburg-will-vorerst-kein-e-voting\/#primaryimage"},"thumbnailUrl":"https:\/\/news.save.ch\/wp-content\/uploads\/2021\/10\/Kant_Freiburg.jpg","keywords":["Digitalisierung","E-Voting","Kanton Freiburg","Staatsrat","Verwaltungsdienstleistungen"],"articleSection":["ALLGEMEIN"],"inLanguage":"fr-FR"},{"@type":"WebPage","@id":"https:\/\/news.save.ch\/kanton-freiburg-will-vorerst-kein-e-voting\/","url":"https:\/\/news.save.ch\/kanton-freiburg-will-vorerst-kein-e-voting\/","name":"Le canton de Fribourg ne veut pas d'e-voting pour le moment - Save","isPartOf":{"@id":"https:\/\/news.save.ch\/de\/#website"},"primaryImageOfPage":{"@id":"https:\/\/news.save.ch\/kanton-freiburg-will-vorerst-kein-e-voting\/#primaryimage"},"image":{"@id":"https:\/\/news.save.ch\/kanton-freiburg-will-vorerst-kein-e-voting\/#primaryimage"},"thumbnailUrl":"https:\/\/news.save.ch\/wp-content\/uploads\/2021\/10\/Kant_Freiburg.jpg","datePublished":"2021-10-18T06:50:27+00:00","dateModified":"2023-07-13T12:09:49+00:00","description":"Le canton de Fribourg ne souhaite pas reprendre un projet de vote \u00e9lectronique avant 2022. Il est cependant clair que le vote \u00e9lectronique r\u00e9pond \u00e0 un besoin de la population.","breadcrumb":{"@id":"https:\/\/news.save.ch\/kanton-freiburg-will-vorerst-kein-e-voting\/#breadcrumb"},"inLanguage":"fr-FR","potentialAction":[{"@type":"ReadAction","target":["https:\/\/news.save.ch\/kanton-freiburg-will-vorerst-kein-e-voting\/"]}]},{"@type":"ImageObject","inLanguage":"fr-FR","@id":"https:\/\/news.save.ch\/kanton-freiburg-will-vorerst-kein-e-voting\/#primaryimage","url":"https:\/\/news.save.ch\/wp-content\/uploads\/2021\/10\/Kant_Freiburg.jpg","contentUrl":"https:\/\/news.save.ch\/wp-content\/uploads\/2021\/10\/Kant_Freiburg.jpg","width":796,"height":550,"caption":"\u00a9 2018 Etat de Fribourg"},{"@type":"BreadcrumbList","@id":"https:\/\/news.save.ch\/kanton-freiburg-will-vorerst-kein-e-voting\/#breadcrumb","itemListElement":[{"@type":"ListItem","position":1,"name":"Home","item":"https:\/\/news.save.ch\/de\/"},{"@type":"ListItem","position":2,"name":"Kanton Freiburg will vorerst kein E-Voting"}]},{"@type":"WebSite","@id":"https:\/\/news.save.ch\/de\/#website","url":"https:\/\/news.save.ch\/de\/","name":"Save","description":"Revue suisse sp\u00e9cialis\u00e9e dans la s\u00e9curit\u00e9","publisher":{"@id":"https:\/\/news.save.ch\/de\/#organization"},"potentialAction":[{"@type":"SearchAction","target":{"@type":"EntryPoint","urlTemplate":"https:\/\/news.save.ch\/de\/?s={search_term_string}"},"query-input":{"@type":"PropertyValueSpecification","valueRequired":true,"valueName":"search_term_string"}}],"inLanguage":"fr-FR"},{"@type":"Organization","@id":"https:\/\/news.save.ch\/de\/#organization","name":"Forum sur la s\u00e9curit\u00e9","url":"https:\/\/news.save.ch\/de\/","logo":{"@type":"ImageObject","inLanguage":"fr-FR","@id":"https:\/\/news.save.ch\/de\/#\/schema\/logo\/image\/","url":"https:\/\/news.save.ch\/wp-content\/uploads\/2022\/06\/Logo_SF_2012.png","contentUrl":"https:\/\/news.save.ch\/wp-content\/uploads\/2022\/06\/Logo_SF_2012.png","width":1100,"height":91,"caption":"Sicherheitsforum"},"image":{"@id":"https:\/\/news.save.ch\/de\/#\/schema\/logo\/image\/"}},{"@type":"Person","@id":"https:\/\/news.save.ch\/de\/#\/schema\/person\/ad4ef21102fd6125312409ac57d5296d","name":"Simon Gr\u00f6flin","image":{"@type":"ImageObject","inLanguage":"fr-FR","@id":"https:\/\/secure.gravatar.com\/avatar\/6ddceb80eb734354635539e0ea5140bb7c41e42de7c45c9a2ab9921b5d5c9a83?s=96&d=mm&r=g","url":"https:\/\/secure.gravatar.com\/avatar\/6ddceb80eb734354635539e0ea5140bb7c41e42de7c45c9a2ab9921b5d5c9a83?s=96&d=mm&r=g","contentUrl":"https:\/\/secure.gravatar.com\/avatar\/6ddceb80eb734354635539e0ea5140bb7c41e42de7c45c9a2ab9921b5d5c9a83?s=96&d=mm&r=g","caption":"Simon Gr\u00f6flin"},"url":"https:\/\/news.save.ch\/fr\/author\/simon-groeflin\/"}]}},"_links":{"self":[{"href":"https:\/\/news.save.ch\/fr\/wp-json\/wp\/v2\/posts\/12811","targetHints":{"allow":["GET"]}}],"collection":[{"href":"https:\/\/news.save.ch\/fr\/wp-json\/wp\/v2\/posts"}],"about":[{"href":"https:\/\/news.save.ch\/fr\/wp-json\/wp\/v2\/types\/post"}],"author":[{"embeddable":true,"href":"https:\/\/news.save.ch\/fr\/wp-json\/wp\/v2\/users\/9"}],"replies":[{"embeddable":true,"href":"https:\/\/news.save.ch\/fr\/wp-json\/wp\/v2\/comments?post=12811"}],"version-history":[{"count":1,"href":"https:\/\/news.save.ch\/fr\/wp-json\/wp\/v2\/posts\/12811\/revisions"}],"predecessor-version":[{"id":20821,"href":"https:\/\/news.save.ch\/fr\/wp-json\/wp\/v2\/posts\/12811\/revisions\/20821"}],"wp:featuredmedia":[{"embeddable":true,"href":"https:\/\/news.save.ch\/fr\/wp-json\/wp\/v2\/media\/12814"}],"wp:attachment":[{"href":"https:\/\/news.save.ch\/fr\/wp-json\/wp\/v2\/media?parent=12811"}],"wp:term":[{"taxonomy":"category","embeddable":true,"href":"https:\/\/news.save.ch\/fr\/wp-json\/wp\/v2\/categories?post=12811"},{"taxonomy":"post_tag","embeddable":true,"href":"https:\/\/news.save.ch\/fr\/wp-json\/wp\/v2\/tags?post=12811"}],"curies":[{"name":"wp","href":"https:\/\/api.w.org\/{rel}","templated":true}]}}