{"id":12864,"date":"2021-10-29T10:52:12","date_gmt":"2021-10-29T08:52:12","guid":{"rendered":"https:\/\/news.save.ch\/?p=12864"},"modified":"2023-07-13T13:05:40","modified_gmt":"2023-07-13T11:05:40","slug":"schweizer-kriegsdenkmaeler-auf-swisstopo","status":null,"type":"post","link":"https:\/\/news.save.ch\/fr\/schweizer-kriegsdenkmaeler-auf-swisstopo\/","title":{"rendered":"Monuments de guerre suisses sur Swisstopo"},"content":{"rendered":"<figure id=\"attachment_12866\" aria-describedby=\"caption-attachment-12866\" style=\"width: 546px\" class=\"wp-caption alignnone\"><img loading=\"lazy\" decoding=\"async\" class=\"wp-image-12866 size-full\" src=\"https:\/\/news.save.ch\/wp-content\/uploads\/2021\/10\/Swisstopo_teaser.png\" alt=\"Arm\u00e9e suisse\" width=\"546\" height=\"343\" srcset=\"https:\/\/news.save.ch\/wp-content\/uploads\/2021\/10\/Swisstopo_teaser.png 546w, https:\/\/news.save.ch\/wp-content\/uploads\/2021\/10\/Swisstopo_teaser-375x236.png 375w\" sizes=\"auto, (max-width: 546px) 100vw, 546px\" \/><figcaption id=\"caption-attachment-12866\" class=\"wp-caption-text\">Image : Capture d'\u00e9cran\/Swisstopo<\/figcaption><\/figure>\n<p>En de nombreux endroits de Suisse, on trouve de nombreuses sculptures, ob\u00e9lisques et plaques comm\u00e9moratives qui rappellent les combats du temps de l'ancienne Conf\u00e9d\u00e9ration, les guerres europ\u00e9ennes ou la pr\u00e9sence de l'arm\u00e9e. Seuls quelques-uns sont connus, comme le monument Forch \u00e0 K\u00fcsnacht ou le monument du Lion \u00e0 Lucerne. Mais la plupart des signes comm\u00e9moratifs sont discrets et se trouvent au bord des chemins ou accroch\u00e9s aux murs des maisons.<\/p>\n<p>Un inventaire rassemble pour la premi\u00e8re fois ces monuments et leur donne une visibilit\u00e9 globale. Les monuments qui se r\u00e9f\u00e8rent aux anciennes batailles f\u00e9d\u00e9rales ou aux services actifs de l'arm\u00e9e ont \u00e9t\u00e9 repr\u00e9sent\u00e9s et class\u00e9s par cat\u00e9gories. Mais les monuments comm\u00e9moratifs \u00e0 la m\u00e9moire des formations militaires, des personnalit\u00e9s de l'histoire militaire ou des accidents de l'arm\u00e9e sont \u00e9galement r\u00e9pertori\u00e9s. Pr\u00e8s de 300 monuments rappellent en outre la pr\u00e9sence de troupes \u00e9trang\u00e8res en Suisse.<\/p>\n<p>L'inventaire est <a href=\"https:\/\/www.vtg.admin.ch\/de\/die-schweizer-armee\/geschichte-der-schweizer-armee\/inventario.html\" target=\"_blank\" rel=\"noopener\">sur le site de l'Arm\u00e9e suisse<\/a> ont \u00e9t\u00e9 publi\u00e9s. Les monuments sont class\u00e9s par cat\u00e9gories et photographi\u00e9s. Un bref rapport contextualise et explique l'inventaire. L'Office f\u00e9d\u00e9ral de topographie <a href=\"https:\/\/bit.ly\/3nDoOyz\" target=\"_blank\" rel=\"noopener\">Swisstopo<\/a> a en outre report\u00e9 les monuments sous forme de couche sur la carte nationale.<\/p>\n<p>L'inventaire des monuments de l'arm\u00e9e et des monuments aux morts est li\u00e9 au lieu de comm\u00e9moration pour les d\u00e9funts de l'arm\u00e9e. Celui-ci verra le jour dans les prochaines ann\u00e9es pr\u00e8s du Centre d'instruction de l'arm\u00e9e de Lucerne (CIAL). Dans ce contexte, l'inventaire deviendra \u00e9galement un espace virtuel de comm\u00e9moration et de remerciement pour les militaires ayant servi en faveur de la s\u00e9curit\u00e9 et de la libert\u00e9 de la Suisse.<\/p>\n<p><em>Source : Le Conseil f\u00e9d\u00e9ral<\/em><\/p>","protected":false},"excerpt":{"rendered":"<p>Vielerorts in der Schweiz finden sich zahlreiche Skulpturen, Obelisken und Gedenktafeln, die an Gefechte zur Zeit der Alten Eidgenossenschaft, an europ\u00e4ische Kriege oder die Pr\u00e4senz der Armee erinnern. Bekannt sind nur wenige davon, wie beispielsweise das Forchdenkmal in K\u00fcsnacht oder das L\u00f6wendenkmal in Luzern. Die meisten Erinnerungszeichen stehen aber unscheinbar an Wegr\u00e4ndern oder h\u00e4ngen an [&hellip;]<\/p>\n","protected":false},"author":9,"featured_media":12866,"comment_status":"closed","ping_status":"closed","sticky":false,"template":"","format":"standard","meta":{"_acf_changed":false,"pgc_sgb_lightbox_settings":"","footnotes":""},"categories":[1,67],"tags":[5176,1301,5177,5175,5178,1173,1346,310],"class_list":["post-12864","post","type-post","status-publish","format-standard","has-post-thumbnail","hentry","category-allgemein","category-brandschutz","tag-denkmaeler","tag-denkmalschutz","tag-erinnerungszeichen","tag-inventar","tag-kriegsgeschichte","tag-militaer","tag-schweizer-armee","tag-sicherheit"],"acf":[],"hkrextid":null,"publication":null,"issue":null,"workflow":null,"startPage":null,"spitzmarke":null,"_posts_by_tag_page_fields":{"widget_title":"","widget_tags":""},"_at_widget":"1","_yoast_wpseo_primary_category":"1","_yoast_wpseo_focuskw_text_input":null,"_yoast_wpseo_opengraph-image":null,"_yoast_wpseo_opengraph-description":null,"_yoast_wpseo_opengraph-title":null,"enclosure":null,"_yoast_wpseo_twitter-title":null,"_yoast_wpseo_twitter-description":null,"_yoast_wpseo_twitter-image":null,"_wp_old_slug":null,"_yoast_wpseo_title":null,"_yoast_wpseo_canonical":null,"yoast_head":"<!-- This site is optimized with the Yoast SEO plugin v27.5 - https:\/\/yoast.com\/product\/yoast-seo-wordpress\/ -->\n<title>Schweizer Kriegsdenkm\u00e4ler auf Swisstopo - Save<\/title>\n<meta name=\"description\" content=\"Die Schweizer Armee hat ein Inventar der in der Schweiz bestehenden Armee- und Kriegsdenkm\u00e4ler erstellt und online publiziert. Das Verzeichnis schafft in digitaler Form einen \u00dcberblick \u00fcber rund 900 Erinnerungszeichen.\u00a0\" \/>\n<meta name=\"robots\" content=\"index, follow, max-snippet:-1, max-image-preview:large, max-video-preview:-1\" \/>\n<link rel=\"canonical\" href=\"https:\/\/news.save.ch\/fr\/schweizer-kriegsdenkmaeler-auf-swisstopo\/\" \/>\n<meta property=\"og:locale\" content=\"fr_FR\" \/>\n<meta property=\"og:type\" content=\"article\" \/>\n<meta property=\"og:title\" content=\"Schweizer Kriegsdenkm\u00e4ler auf Swisstopo - Save\" \/>\n<meta property=\"og:description\" content=\"Die Schweizer Armee hat ein Inventar der in der Schweiz bestehenden Armee- und Kriegsdenkm\u00e4ler erstellt und online publiziert. Das Verzeichnis schafft in digitaler Form einen \u00dcberblick \u00fcber rund 900 Erinnerungszeichen.\u00a0\" \/>\n<meta property=\"og:url\" content=\"https:\/\/news.save.ch\/fr\/schweizer-kriegsdenkmaeler-auf-swisstopo\/\" \/>\n<meta property=\"og:site_name\" content=\"Save\" \/>\n<meta property=\"article:published_time\" content=\"2021-10-29T08:52:12+00:00\" \/>\n<meta property=\"article:modified_time\" content=\"2023-07-13T11:05:40+00:00\" \/>\n<meta property=\"og:image\" content=\"https:\/\/news.save.ch\/wp-content\/uploads\/2021\/10\/Swisstopo_teaser.png\" \/>\n\t<meta property=\"og:image:width\" content=\"546\" \/>\n\t<meta property=\"og:image:height\" content=\"343\" \/>\n\t<meta property=\"og:image:type\" content=\"image\/png\" \/>\n<meta name=\"author\" content=\"Simon Gr\u00f6flin\" \/>\n<meta name=\"twitter:card\" content=\"summary_large_image\" \/>\n<meta name=\"twitter:label1\" content=\"\u00c9crit par\" \/>\n\t<meta name=\"twitter:data1\" content=\"Simon Gr\u00f6flin\" \/>\n\t<meta name=\"twitter:label2\" content=\"Dur\u00e9e de lecture estim\u00e9e\" \/>\n\t<meta name=\"twitter:data2\" content=\"2 minutes\" \/>\n<script type=\"application\/ld+json\" class=\"yoast-schema-graph\">{\"@context\":\"https:\\\/\\\/schema.org\",\"@graph\":[{\"@type\":\"Article\",\"@id\":\"https:\\\/\\\/news.save.ch\\\/schweizer-kriegsdenkmaeler-auf-swisstopo\\\/#article\",\"isPartOf\":{\"@id\":\"https:\\\/\\\/news.save.ch\\\/schweizer-kriegsdenkmaeler-auf-swisstopo\\\/\"},\"author\":{\"name\":\"Simon Gr\u00f6flin\",\"@id\":\"https:\\\/\\\/news.save.ch\\\/de\\\/#\\\/schema\\\/person\\\/ad4ef21102fd6125312409ac57d5296d\"},\"headline\":\"Schweizer Kriegsdenkm\u00e4ler auf Swisstopo\",\"datePublished\":\"2021-10-29T08:52:12+00:00\",\"dateModified\":\"2023-07-13T11:05:40+00:00\",\"mainEntityOfPage\":{\"@id\":\"https:\\\/\\\/news.save.ch\\\/schweizer-kriegsdenkmaeler-auf-swisstopo\\\/\"},\"wordCount\":259,\"publisher\":{\"@id\":\"https:\\\/\\\/news.save.ch\\\/de\\\/#organization\"},\"image\":{\"@id\":\"https:\\\/\\\/news.save.ch\\\/schweizer-kriegsdenkmaeler-auf-swisstopo\\\/#primaryimage\"},\"thumbnailUrl\":\"https:\\\/\\\/news.save.ch\\\/wp-content\\\/uploads\\\/2021\\\/10\\\/Swisstopo_teaser.png\",\"keywords\":[\"Denkm\u00e4ler\",\"Denkmalschutz\",\"Erinnerungszeichen\",\"Inventar\",\"Kriegsgeschichte\",\"Milit\u00e4r\",\"Schweizer Armee\",\"Sicherheit\"],\"articleSection\":[\"ALLGEMEIN\",\"BRANDSCHUTZ\"],\"inLanguage\":\"fr-FR\"},{\"@type\":\"WebPage\",\"@id\":\"https:\\\/\\\/news.save.ch\\\/schweizer-kriegsdenkmaeler-auf-swisstopo\\\/\",\"url\":\"https:\\\/\\\/news.save.ch\\\/schweizer-kriegsdenkmaeler-auf-swisstopo\\\/\",\"name\":\"Schweizer Kriegsdenkm\u00e4ler auf Swisstopo - Save\",\"isPartOf\":{\"@id\":\"https:\\\/\\\/news.save.ch\\\/de\\\/#website\"},\"primaryImageOfPage\":{\"@id\":\"https:\\\/\\\/news.save.ch\\\/schweizer-kriegsdenkmaeler-auf-swisstopo\\\/#primaryimage\"},\"image\":{\"@id\":\"https:\\\/\\\/news.save.ch\\\/schweizer-kriegsdenkmaeler-auf-swisstopo\\\/#primaryimage\"},\"thumbnailUrl\":\"https:\\\/\\\/news.save.ch\\\/wp-content\\\/uploads\\\/2021\\\/10\\\/Swisstopo_teaser.png\",\"datePublished\":\"2021-10-29T08:52:12+00:00\",\"dateModified\":\"2023-07-13T11:05:40+00:00\",\"description\":\"Die Schweizer Armee hat ein Inventar der in der Schweiz bestehenden Armee- und Kriegsdenkm\u00e4ler erstellt und online publiziert. Das Verzeichnis schafft in digitaler Form einen \u00dcberblick \u00fcber rund 900 Erinnerungszeichen.\u00a0\",\"breadcrumb\":{\"@id\":\"https:\\\/\\\/news.save.ch\\\/schweizer-kriegsdenkmaeler-auf-swisstopo\\\/#breadcrumb\"},\"inLanguage\":\"fr-FR\",\"potentialAction\":[{\"@type\":\"ReadAction\",\"target\":[\"https:\\\/\\\/news.save.ch\\\/schweizer-kriegsdenkmaeler-auf-swisstopo\\\/\"]}]},{\"@type\":\"ImageObject\",\"inLanguage\":\"fr-FR\",\"@id\":\"https:\\\/\\\/news.save.ch\\\/schweizer-kriegsdenkmaeler-auf-swisstopo\\\/#primaryimage\",\"url\":\"https:\\\/\\\/news.save.ch\\\/wp-content\\\/uploads\\\/2021\\\/10\\\/Swisstopo_teaser.png\",\"contentUrl\":\"https:\\\/\\\/news.save.ch\\\/wp-content\\\/uploads\\\/2021\\\/10\\\/Swisstopo_teaser.png\",\"width\":546,\"height\":343,\"caption\":\"Bild: Screenshot\\\/Swisstopo\"},{\"@type\":\"BreadcrumbList\",\"@id\":\"https:\\\/\\\/news.save.ch\\\/schweizer-kriegsdenkmaeler-auf-swisstopo\\\/#breadcrumb\",\"itemListElement\":[{\"@type\":\"ListItem\",\"position\":1,\"name\":\"Home\",\"item\":\"https:\\\/\\\/news.save.ch\\\/de\\\/\"},{\"@type\":\"ListItem\",\"position\":2,\"name\":\"Schweizer Kriegsdenkm\u00e4ler auf Swisstopo\"}]},{\"@type\":\"WebSite\",\"@id\":\"https:\\\/\\\/news.save.ch\\\/de\\\/#website\",\"url\":\"https:\\\/\\\/news.save.ch\\\/de\\\/\",\"name\":\"Save\",\"description\":\"Schweizer Fachzeitschrift f\u00fcr Sicherheit\",\"publisher\":{\"@id\":\"https:\\\/\\\/news.save.ch\\\/de\\\/#organization\"},\"potentialAction\":[{\"@type\":\"SearchAction\",\"target\":{\"@type\":\"EntryPoint\",\"urlTemplate\":\"https:\\\/\\\/news.save.ch\\\/de\\\/?s={search_term_string}\"},\"query-input\":{\"@type\":\"PropertyValueSpecification\",\"valueRequired\":true,\"valueName\":\"search_term_string\"}}],\"inLanguage\":\"fr-FR\"},{\"@type\":\"Organization\",\"@id\":\"https:\\\/\\\/news.save.ch\\\/de\\\/#organization\",\"name\":\"Sicherheitsforum\",\"url\":\"https:\\\/\\\/news.save.ch\\\/de\\\/\",\"logo\":{\"@type\":\"ImageObject\",\"inLanguage\":\"fr-FR\",\"@id\":\"https:\\\/\\\/news.save.ch\\\/de\\\/#\\\/schema\\\/logo\\\/image\\\/\",\"url\":\"https:\\\/\\\/news.save.ch\\\/wp-content\\\/uploads\\\/2022\\\/06\\\/Logo_SF_2012.png\",\"contentUrl\":\"https:\\\/\\\/news.save.ch\\\/wp-content\\\/uploads\\\/2022\\\/06\\\/Logo_SF_2012.png\",\"width\":1100,\"height\":91,\"caption\":\"Sicherheitsforum\"},\"image\":{\"@id\":\"https:\\\/\\\/news.save.ch\\\/de\\\/#\\\/schema\\\/logo\\\/image\\\/\"}},{\"@type\":\"Person\",\"@id\":\"https:\\\/\\\/news.save.ch\\\/de\\\/#\\\/schema\\\/person\\\/ad4ef21102fd6125312409ac57d5296d\",\"name\":\"Simon Gr\u00f6flin\",\"image\":{\"@type\":\"ImageObject\",\"inLanguage\":\"fr-FR\",\"@id\":\"https:\\\/\\\/secure.gravatar.com\\\/avatar\\\/6ddceb80eb734354635539e0ea5140bb7c41e42de7c45c9a2ab9921b5d5c9a83?s=96&d=mm&r=g\",\"url\":\"https:\\\/\\\/secure.gravatar.com\\\/avatar\\\/6ddceb80eb734354635539e0ea5140bb7c41e42de7c45c9a2ab9921b5d5c9a83?s=96&d=mm&r=g\",\"contentUrl\":\"https:\\\/\\\/secure.gravatar.com\\\/avatar\\\/6ddceb80eb734354635539e0ea5140bb7c41e42de7c45c9a2ab9921b5d5c9a83?s=96&d=mm&r=g\",\"caption\":\"Simon Gr\u00f6flin\"},\"url\":\"https:\\\/\\\/news.save.ch\\\/fr\\\/author\\\/simon-groeflin\\\/\"}]}<\/script>\n<!-- \/ Yoast SEO plugin. -->","yoast_head_json":{"title":"Monuments de guerre suisses sur Swisstopo - Save","description":"L'arm\u00e9e suisse a \u00e9tabli un inventaire des monuments de l'arm\u00e9e et des monuments de guerre existant en Suisse et l'a publi\u00e9 en ligne. Sous forme num\u00e9rique, cet inventaire donne une vue d'ensemble de quelque 900 signes de m\u00e9moire.\u00a0","robots":{"index":"index","follow":"follow","max-snippet":"max-snippet:-1","max-image-preview":"max-image-preview:large","max-video-preview":"max-video-preview:-1"},"canonical":"https:\/\/news.save.ch\/fr\/schweizer-kriegsdenkmaeler-auf-swisstopo\/","og_locale":"fr_FR","og_type":"article","og_title":"Schweizer Kriegsdenkm\u00e4ler auf Swisstopo - Save","og_description":"Die Schweizer Armee hat ein Inventar der in der Schweiz bestehenden Armee- und Kriegsdenkm\u00e4ler erstellt und online publiziert. Das Verzeichnis schafft in digitaler Form einen \u00dcberblick \u00fcber rund 900 Erinnerungszeichen.\u00a0","og_url":"https:\/\/news.save.ch\/fr\/schweizer-kriegsdenkmaeler-auf-swisstopo\/","og_site_name":"Save","article_published_time":"2021-10-29T08:52:12+00:00","article_modified_time":"2023-07-13T11:05:40+00:00","og_image":[{"width":546,"height":343,"url":"https:\/\/news.save.ch\/wp-content\/uploads\/2021\/10\/Swisstopo_teaser.png","type":"image\/png"}],"author":"Simon Gr\u00f6flin","twitter_card":"summary_large_image","twitter_misc":{"\u00c9crit par":"Simon Gr\u00f6flin","Dur\u00e9e de lecture estim\u00e9e":"2 minutes"},"schema":{"@context":"https:\/\/schema.org","@graph":[{"@type":"Article","@id":"https:\/\/news.save.ch\/schweizer-kriegsdenkmaeler-auf-swisstopo\/#article","isPartOf":{"@id":"https:\/\/news.save.ch\/schweizer-kriegsdenkmaeler-auf-swisstopo\/"},"author":{"name":"Simon Gr\u00f6flin","@id":"https:\/\/news.save.ch\/de\/#\/schema\/person\/ad4ef21102fd6125312409ac57d5296d"},"headline":"Schweizer Kriegsdenkm\u00e4ler auf Swisstopo","datePublished":"2021-10-29T08:52:12+00:00","dateModified":"2023-07-13T11:05:40+00:00","mainEntityOfPage":{"@id":"https:\/\/news.save.ch\/schweizer-kriegsdenkmaeler-auf-swisstopo\/"},"wordCount":259,"publisher":{"@id":"https:\/\/news.save.ch\/de\/#organization"},"image":{"@id":"https:\/\/news.save.ch\/schweizer-kriegsdenkmaeler-auf-swisstopo\/#primaryimage"},"thumbnailUrl":"https:\/\/news.save.ch\/wp-content\/uploads\/2021\/10\/Swisstopo_teaser.png","keywords":["Denkm\u00e4ler","Denkmalschutz","Erinnerungszeichen","Inventar","Kriegsgeschichte","Milit\u00e4r","Schweizer Armee","Sicherheit"],"articleSection":["ALLGEMEIN","BRANDSCHUTZ"],"inLanguage":"fr-FR"},{"@type":"WebPage","@id":"https:\/\/news.save.ch\/schweizer-kriegsdenkmaeler-auf-swisstopo\/","url":"https:\/\/news.save.ch\/schweizer-kriegsdenkmaeler-auf-swisstopo\/","name":"Monuments de guerre suisses sur Swisstopo - Save","isPartOf":{"@id":"https:\/\/news.save.ch\/de\/#website"},"primaryImageOfPage":{"@id":"https:\/\/news.save.ch\/schweizer-kriegsdenkmaeler-auf-swisstopo\/#primaryimage"},"image":{"@id":"https:\/\/news.save.ch\/schweizer-kriegsdenkmaeler-auf-swisstopo\/#primaryimage"},"thumbnailUrl":"https:\/\/news.save.ch\/wp-content\/uploads\/2021\/10\/Swisstopo_teaser.png","datePublished":"2021-10-29T08:52:12+00:00","dateModified":"2023-07-13T11:05:40+00:00","description":"L'arm\u00e9e suisse a \u00e9tabli un inventaire des monuments de l'arm\u00e9e et des monuments de guerre existant en Suisse et l'a publi\u00e9 en ligne. Sous forme num\u00e9rique, cet inventaire donne une vue d'ensemble de quelque 900 signes de m\u00e9moire.\u00a0","breadcrumb":{"@id":"https:\/\/news.save.ch\/schweizer-kriegsdenkmaeler-auf-swisstopo\/#breadcrumb"},"inLanguage":"fr-FR","potentialAction":[{"@type":"ReadAction","target":["https:\/\/news.save.ch\/schweizer-kriegsdenkmaeler-auf-swisstopo\/"]}]},{"@type":"ImageObject","inLanguage":"fr-FR","@id":"https:\/\/news.save.ch\/schweizer-kriegsdenkmaeler-auf-swisstopo\/#primaryimage","url":"https:\/\/news.save.ch\/wp-content\/uploads\/2021\/10\/Swisstopo_teaser.png","contentUrl":"https:\/\/news.save.ch\/wp-content\/uploads\/2021\/10\/Swisstopo_teaser.png","width":546,"height":343,"caption":"Bild: Screenshot\/Swisstopo"},{"@type":"BreadcrumbList","@id":"https:\/\/news.save.ch\/schweizer-kriegsdenkmaeler-auf-swisstopo\/#breadcrumb","itemListElement":[{"@type":"ListItem","position":1,"name":"Home","item":"https:\/\/news.save.ch\/de\/"},{"@type":"ListItem","position":2,"name":"Schweizer Kriegsdenkm\u00e4ler auf Swisstopo"}]},{"@type":"WebSite","@id":"https:\/\/news.save.ch\/de\/#website","url":"https:\/\/news.save.ch\/de\/","name":"Save","description":"Revue suisse sp\u00e9cialis\u00e9e dans la s\u00e9curit\u00e9","publisher":{"@id":"https:\/\/news.save.ch\/de\/#organization"},"potentialAction":[{"@type":"SearchAction","target":{"@type":"EntryPoint","urlTemplate":"https:\/\/news.save.ch\/de\/?s={search_term_string}"},"query-input":{"@type":"PropertyValueSpecification","valueRequired":true,"valueName":"search_term_string"}}],"inLanguage":"fr-FR"},{"@type":"Organization","@id":"https:\/\/news.save.ch\/de\/#organization","name":"Forum sur la s\u00e9curit\u00e9","url":"https:\/\/news.save.ch\/de\/","logo":{"@type":"ImageObject","inLanguage":"fr-FR","@id":"https:\/\/news.save.ch\/de\/#\/schema\/logo\/image\/","url":"https:\/\/news.save.ch\/wp-content\/uploads\/2022\/06\/Logo_SF_2012.png","contentUrl":"https:\/\/news.save.ch\/wp-content\/uploads\/2022\/06\/Logo_SF_2012.png","width":1100,"height":91,"caption":"Sicherheitsforum"},"image":{"@id":"https:\/\/news.save.ch\/de\/#\/schema\/logo\/image\/"}},{"@type":"Person","@id":"https:\/\/news.save.ch\/de\/#\/schema\/person\/ad4ef21102fd6125312409ac57d5296d","name":"Simon Gr\u00f6flin","image":{"@type":"ImageObject","inLanguage":"fr-FR","@id":"https:\/\/secure.gravatar.com\/avatar\/6ddceb80eb734354635539e0ea5140bb7c41e42de7c45c9a2ab9921b5d5c9a83?s=96&d=mm&r=g","url":"https:\/\/secure.gravatar.com\/avatar\/6ddceb80eb734354635539e0ea5140bb7c41e42de7c45c9a2ab9921b5d5c9a83?s=96&d=mm&r=g","contentUrl":"https:\/\/secure.gravatar.com\/avatar\/6ddceb80eb734354635539e0ea5140bb7c41e42de7c45c9a2ab9921b5d5c9a83?s=96&d=mm&r=g","caption":"Simon Gr\u00f6flin"},"url":"https:\/\/news.save.ch\/fr\/author\/simon-groeflin\/"}]}},"_links":{"self":[{"href":"https:\/\/news.save.ch\/fr\/wp-json\/wp\/v2\/posts\/12864","targetHints":{"allow":["GET"]}}],"collection":[{"href":"https:\/\/news.save.ch\/fr\/wp-json\/wp\/v2\/posts"}],"about":[{"href":"https:\/\/news.save.ch\/fr\/wp-json\/wp\/v2\/types\/post"}],"author":[{"embeddable":true,"href":"https:\/\/news.save.ch\/fr\/wp-json\/wp\/v2\/users\/9"}],"replies":[{"embeddable":true,"href":"https:\/\/news.save.ch\/fr\/wp-json\/wp\/v2\/comments?post=12864"}],"version-history":[{"count":2,"href":"https:\/\/news.save.ch\/fr\/wp-json\/wp\/v2\/posts\/12864\/revisions"}],"predecessor-version":[{"id":20803,"href":"https:\/\/news.save.ch\/fr\/wp-json\/wp\/v2\/posts\/12864\/revisions\/20803"}],"wp:featuredmedia":[{"embeddable":true,"href":"https:\/\/news.save.ch\/fr\/wp-json\/wp\/v2\/media\/12866"}],"wp:attachment":[{"href":"https:\/\/news.save.ch\/fr\/wp-json\/wp\/v2\/media?parent=12864"}],"wp:term":[{"taxonomy":"category","embeddable":true,"href":"https:\/\/news.save.ch\/fr\/wp-json\/wp\/v2\/categories?post=12864"},{"taxonomy":"post_tag","embeddable":true,"href":"https:\/\/news.save.ch\/fr\/wp-json\/wp\/v2\/tags?post=12864"}],"curies":[{"name":"wp","href":"https:\/\/api.w.org\/{rel}","templated":true}]}}