{"id":1289,"date":"2016-11-16T11:10:12","date_gmt":"2016-11-16T10:10:12","guid":{"rendered":"http:\/\/dev.safety-plus.ch\/?p=1289"},"modified":"2023-03-14T09:01:07","modified_gmt":"2023-03-14T08:01:07","slug":"katar-arbeitsschutz-auf-wm-baustellen-wird-verbessert","status":null,"type":"post","link":"https:\/\/news.save.ch\/fr\/katar-arbeitsschutz-auf-wm-baustellen-wird-verbessert\/","title":{"rendered":"Qatar : la protection du travail sur les chantiers de la Coupe du monde sera am\u00e9lior\u00e9e"},"content":{"rendered":"<figure id=\"attachment_1290\" aria-describedby=\"caption-attachment-1290\" style=\"width: 680px\" class=\"wp-caption alignnone\"><img loading=\"lazy\" decoding=\"async\" class=\"wp-image-1290 size-medium\" src=\"http:\/\/develop.safety-plus.ch\/wp-content\/uploads\/2016\/12\/Katar-Arbeitsschutz-auf-WM-Baustellen-wird-verbessert_safety-plus.jpg\" width=\"680\" height=\"454\" srcset=\"https:\/\/news.save.ch\/wp-content\/uploads\/2016\/12\/Katar-Arbeitsschutz-auf-WM-Baustellen-wird-verbessert_safety-plus.jpg 1000w, https:\/\/news.save.ch\/wp-content\/uploads\/2016\/12\/Katar-Arbeitsschutz-auf-WM-Baustellen-wird-verbessert_safety-plus-680x454.jpg 680w, https:\/\/news.save.ch\/wp-content\/uploads\/2016\/12\/Katar-Arbeitsschutz-auf-WM-Baustellen-wird-verbessert_safety-plus-768x512.jpg 768w, https:\/\/news.save.ch\/wp-content\/uploads\/2016\/12\/Katar-Arbeitsschutz-auf-WM-Baustellen-wird-verbessert_safety-plus-18x12.jpg 18w, https:\/\/news.save.ch\/wp-content\/uploads\/2016\/12\/Katar-Arbeitsschutz-auf-WM-Baustellen-wird-verbessert_safety-plus-375x250.jpg 375w, https:\/\/news.save.ch\/wp-content\/uploads\/2016\/12\/Katar-Arbeitsschutz-auf-WM-Baustellen-wird-verbessert_safety-plus-525x350.jpg 525w\" sizes=\"auto, (max-width: 680px) 100vw, 680px\" \/><figcaption id=\"caption-attachment-1290\" class=\"wp-caption-text\">Construction du stade Khalifa \u00e0 Doha : les conditions de travail doivent \u00eatre am\u00e9lior\u00e9es<\/figcaption><\/figure>\n<p>Apr\u00e8s environ six mois de n\u00e9gociations, l'IBB a conclu un accord de coop\u00e9ration avec l'organe de planification qatari pour des inspections communes du travail. Les inspecteurs auront acc\u00e8s aux chantiers et aux logements des ouvriers. Cela devrait permettre d'am\u00e9liorer \u00e0 l'avenir la s\u00e9curit\u00e9 sur les chantiers. C'est ce qu'annonce le syndicat Unia, qui est membre de l'IBB.<\/p>\n<p><strong>Les syndicats participent au contr\u00f4le<\/strong><\/p>\n<p>L'IBB formera des inspecteurs qataris et \u00e9valuera le respect des conditions de travail standard obligatoires sur les chantiers. La sant\u00e9 et la s\u00e9curit\u00e9 des travailleurs seront ainsi garanties. \"Cet accord est une avanc\u00e9e importante, car les syndicats sont d\u00e9sormais directement impliqu\u00e9s. Nous pouvons ainsi nous engager sur place pour d\u00e9fendre les droits des travailleurs\", explique Rita Schiavi, responsable de la campagne Qatar chez Unia.<\/p>\n<p><strong>La pression internationale a port\u00e9 ses fruits<\/strong><\/p>\n<p>Cette \u00e9volution positive est le r\u00e9sultat de la pression croissante exerc\u00e9e sur la FIFA et les pays organisateurs pour qu'ils prennent au s\u00e9rieux la sant\u00e9 et la s\u00e9curit\u00e9 des travailleurs. Unia et BHI ont d\u00e9nonc\u00e9 \u00e0 plusieurs reprises les conditions inhumaines qui r\u00e8gnent sur les chantiers qataris de la Coupe du monde.<\/p>\n<p><em>Source : Unia<\/em><\/p>","protected":false},"excerpt":{"rendered":"<p>Die BHI hat sich nach rund sechsmonatigen Verhandlungen mit dem katarischen Planungsgremium auf eine Zusammenarbeit f\u00fcr gemeinsame Arbeitsinspektionen geeinigt. Die Inspekteure werden Zugang zu den Baustellen und Unterk\u00fcnften der Arbeiter haben. Damit sollen zuk\u00fcnftig die Sicherheit auf den Baustellen verbessert werden. Dies meldet die Gewerkschaft Unia, die Mitglied bei der BHI ist. Gewerkschaften kontrollieren mit [&hellip;]<\/p>\n","protected":false},"author":1,"featured_media":1290,"comment_status":"open","ping_status":"open","sticky":false,"template":"","format":"standard","meta":{"_acf_changed":false,"pgc_sgb_lightbox_settings":"","footnotes":""},"categories":[1,3314],"tags":[172,292],"class_list":["post-1289","post","type-post","status-publish","format-standard","has-post-thumbnail","hentry","category-allgemein","category-health-safety","tag-arbeitssicherheit","tag-sportveranstaltung"],"acf":[],"hkrextid":null,"publication":null,"issue":null,"workflow":null,"startPage":null,"spitzmarke":null,"_posts_by_tag_page_fields":{"widget_title":"","widget_tags":""},"_at_widget":"1","_yoast_wpseo_primary_category":"5","_yoast_wpseo_focuskw_text_input":"Arbeitsschutz","_yoast_wpseo_opengraph-image":null,"_yoast_wpseo_opengraph-description":null,"_yoast_wpseo_opengraph-title":null,"enclosure":null,"_yoast_wpseo_twitter-title":null,"_yoast_wpseo_twitter-description":null,"_yoast_wpseo_twitter-image":null,"_wp_old_slug":null,"_yoast_wpseo_title":null,"_yoast_wpseo_canonical":null,"yoast_head":"<!-- This site is optimized with the Yoast SEO plugin v27.4 - https:\/\/yoast.com\/product\/yoast-seo-wordpress\/ -->\n<title>Katar: Arbeitsschutz auf WM-Baustellen wird verbessert - Save<\/title>\n<meta name=\"description\" content=\"Arbeitsschutz: Die Arbeitsbedingungen von Tausenden Besch\u00e4ftigten auf den Baustellen f\u00fcr die Fussball-WM 2022 in Katar sollen verbessert werden.\" \/>\n<meta name=\"robots\" content=\"index, follow, max-snippet:-1, max-image-preview:large, max-video-preview:-1\" \/>\n<link rel=\"canonical\" href=\"https:\/\/news.save.ch\/fr\/katar-arbeitsschutz-auf-wm-baustellen-wird-verbessert\/\" \/>\n<meta property=\"og:locale\" content=\"fr_FR\" \/>\n<meta property=\"og:type\" content=\"article\" \/>\n<meta property=\"og:title\" content=\"Katar: Arbeitsschutz auf WM-Baustellen wird verbessert - Save\" \/>\n<meta property=\"og:description\" content=\"Arbeitsschutz: Die Arbeitsbedingungen von Tausenden Besch\u00e4ftigten auf den Baustellen f\u00fcr die Fussball-WM 2022 in Katar sollen verbessert werden.\" \/>\n<meta property=\"og:url\" content=\"https:\/\/news.save.ch\/fr\/katar-arbeitsschutz-auf-wm-baustellen-wird-verbessert\/\" \/>\n<meta property=\"og:site_name\" content=\"Save\" \/>\n<meta property=\"article:published_time\" content=\"2016-11-16T10:10:12+00:00\" \/>\n<meta property=\"article:modified_time\" content=\"2023-03-14T08:01:07+00:00\" \/>\n<meta property=\"og:image\" content=\"https:\/\/news.save.ch\/wp-content\/uploads\/2016\/12\/Katar-Arbeitsschutz-auf-WM-Baustellen-wird-verbessert_safety-plus.jpg\" \/>\n\t<meta property=\"og:image:width\" content=\"1000\" \/>\n\t<meta property=\"og:image:height\" content=\"667\" \/>\n\t<meta property=\"og:image:type\" content=\"image\/jpeg\" \/>\n<meta name=\"author\" content=\"admin\" \/>\n<meta name=\"twitter:card\" content=\"summary_large_image\" \/>\n<meta name=\"twitter:label1\" content=\"\u00c9crit par\" \/>\n\t<meta name=\"twitter:data1\" content=\"admin\" \/>\n\t<meta name=\"twitter:label2\" content=\"Dur\u00e9e de lecture estim\u00e9e\" \/>\n\t<meta name=\"twitter:data2\" content=\"1 minute\" \/>\n<script type=\"application\/ld+json\" class=\"yoast-schema-graph\">{\"@context\":\"https:\\\/\\\/schema.org\",\"@graph\":[{\"@type\":\"Article\",\"@id\":\"https:\\\/\\\/news.save.ch\\\/katar-arbeitsschutz-auf-wm-baustellen-wird-verbessert\\\/#article\",\"isPartOf\":{\"@id\":\"https:\\\/\\\/news.save.ch\\\/katar-arbeitsschutz-auf-wm-baustellen-wird-verbessert\\\/\"},\"author\":{\"name\":\"admin\",\"@id\":\"https:\\\/\\\/news.save.ch\\\/de\\\/#\\\/schema\\\/person\\\/d49e199490bad7c70d64b9ab51142f2b\"},\"headline\":\"Katar: Arbeitsschutz auf WM-Baustellen wird verbessert\",\"datePublished\":\"2016-11-16T10:10:12+00:00\",\"dateModified\":\"2023-03-14T08:01:07+00:00\",\"mainEntityOfPage\":{\"@id\":\"https:\\\/\\\/news.save.ch\\\/katar-arbeitsschutz-auf-wm-baustellen-wird-verbessert\\\/\"},\"wordCount\":191,\"commentCount\":0,\"publisher\":{\"@id\":\"https:\\\/\\\/news.save.ch\\\/de\\\/#organization\"},\"image\":{\"@id\":\"https:\\\/\\\/news.save.ch\\\/katar-arbeitsschutz-auf-wm-baustellen-wird-verbessert\\\/#primaryimage\"},\"thumbnailUrl\":\"https:\\\/\\\/news.save.ch\\\/wp-content\\\/uploads\\\/2016\\\/12\\\/Katar-Arbeitsschutz-auf-WM-Baustellen-wird-verbessert_safety-plus.jpg\",\"keywords\":[\"Arbeitssicherheit\",\"Sportveranstaltung\"],\"articleSection\":[\"ALLGEMEIN\",\"HEALTH &amp; SAFETY\"],\"inLanguage\":\"fr-FR\"},{\"@type\":\"WebPage\",\"@id\":\"https:\\\/\\\/news.save.ch\\\/katar-arbeitsschutz-auf-wm-baustellen-wird-verbessert\\\/\",\"url\":\"https:\\\/\\\/news.save.ch\\\/katar-arbeitsschutz-auf-wm-baustellen-wird-verbessert\\\/\",\"name\":\"Katar: Arbeitsschutz auf WM-Baustellen wird verbessert - Save\",\"isPartOf\":{\"@id\":\"https:\\\/\\\/news.save.ch\\\/de\\\/#website\"},\"primaryImageOfPage\":{\"@id\":\"https:\\\/\\\/news.save.ch\\\/katar-arbeitsschutz-auf-wm-baustellen-wird-verbessert\\\/#primaryimage\"},\"image\":{\"@id\":\"https:\\\/\\\/news.save.ch\\\/katar-arbeitsschutz-auf-wm-baustellen-wird-verbessert\\\/#primaryimage\"},\"thumbnailUrl\":\"https:\\\/\\\/news.save.ch\\\/wp-content\\\/uploads\\\/2016\\\/12\\\/Katar-Arbeitsschutz-auf-WM-Baustellen-wird-verbessert_safety-plus.jpg\",\"datePublished\":\"2016-11-16T10:10:12+00:00\",\"dateModified\":\"2023-03-14T08:01:07+00:00\",\"description\":\"Arbeitsschutz: Die Arbeitsbedingungen von Tausenden Besch\u00e4ftigten auf den Baustellen f\u00fcr die Fussball-WM 2022 in Katar sollen verbessert werden.\",\"breadcrumb\":{\"@id\":\"https:\\\/\\\/news.save.ch\\\/katar-arbeitsschutz-auf-wm-baustellen-wird-verbessert\\\/#breadcrumb\"},\"inLanguage\":\"fr-FR\",\"potentialAction\":[{\"@type\":\"ReadAction\",\"target\":[\"https:\\\/\\\/news.save.ch\\\/katar-arbeitsschutz-auf-wm-baustellen-wird-verbessert\\\/\"]}]},{\"@type\":\"ImageObject\",\"inLanguage\":\"fr-FR\",\"@id\":\"https:\\\/\\\/news.save.ch\\\/katar-arbeitsschutz-auf-wm-baustellen-wird-verbessert\\\/#primaryimage\",\"url\":\"https:\\\/\\\/news.save.ch\\\/wp-content\\\/uploads\\\/2016\\\/12\\\/Katar-Arbeitsschutz-auf-WM-Baustellen-wird-verbessert_safety-plus.jpg\",\"contentUrl\":\"https:\\\/\\\/news.save.ch\\\/wp-content\\\/uploads\\\/2016\\\/12\\\/Katar-Arbeitsschutz-auf-WM-Baustellen-wird-verbessert_safety-plus.jpg\",\"width\":1000,\"height\":667,\"caption\":\"Bau des Khalifa-Stadiums in Doha: Die Arbeitsbedingungen sollen verbessert werden\"},{\"@type\":\"BreadcrumbList\",\"@id\":\"https:\\\/\\\/news.save.ch\\\/katar-arbeitsschutz-auf-wm-baustellen-wird-verbessert\\\/#breadcrumb\",\"itemListElement\":[{\"@type\":\"ListItem\",\"position\":1,\"name\":\"Home\",\"item\":\"https:\\\/\\\/news.save.ch\\\/de\\\/\"},{\"@type\":\"ListItem\",\"position\":2,\"name\":\"Katar: Arbeitsschutz auf WM-Baustellen wird verbessert\"}]},{\"@type\":\"WebSite\",\"@id\":\"https:\\\/\\\/news.save.ch\\\/de\\\/#website\",\"url\":\"https:\\\/\\\/news.save.ch\\\/de\\\/\",\"name\":\"Save\",\"description\":\"Schweizer Fachzeitschrift f\u00fcr Sicherheit\",\"publisher\":{\"@id\":\"https:\\\/\\\/news.save.ch\\\/de\\\/#organization\"},\"potentialAction\":[{\"@type\":\"SearchAction\",\"target\":{\"@type\":\"EntryPoint\",\"urlTemplate\":\"https:\\\/\\\/news.save.ch\\\/de\\\/?s={search_term_string}\"},\"query-input\":{\"@type\":\"PropertyValueSpecification\",\"valueRequired\":true,\"valueName\":\"search_term_string\"}}],\"inLanguage\":\"fr-FR\"},{\"@type\":\"Organization\",\"@id\":\"https:\\\/\\\/news.save.ch\\\/de\\\/#organization\",\"name\":\"Sicherheitsforum\",\"url\":\"https:\\\/\\\/news.save.ch\\\/de\\\/\",\"logo\":{\"@type\":\"ImageObject\",\"inLanguage\":\"fr-FR\",\"@id\":\"https:\\\/\\\/news.save.ch\\\/de\\\/#\\\/schema\\\/logo\\\/image\\\/\",\"url\":\"https:\\\/\\\/news.save.ch\\\/wp-content\\\/uploads\\\/2022\\\/06\\\/Logo_SF_2012.png\",\"contentUrl\":\"https:\\\/\\\/news.save.ch\\\/wp-content\\\/uploads\\\/2022\\\/06\\\/Logo_SF_2012.png\",\"width\":1100,\"height\":91,\"caption\":\"Sicherheitsforum\"},\"image\":{\"@id\":\"https:\\\/\\\/news.save.ch\\\/de\\\/#\\\/schema\\\/logo\\\/image\\\/\"}},{\"@type\":\"Person\",\"@id\":\"https:\\\/\\\/news.save.ch\\\/de\\\/#\\\/schema\\\/person\\\/d49e199490bad7c70d64b9ab51142f2b\",\"name\":\"admin\",\"image\":{\"@type\":\"ImageObject\",\"inLanguage\":\"fr-FR\",\"@id\":\"https:\\\/\\\/secure.gravatar.com\\\/avatar\\\/ae2f4d718e6c49043e314ce431e7e645d646302a24a5ef5a8bc8e3f5a032e319?s=96&d=mm&r=g\",\"url\":\"https:\\\/\\\/secure.gravatar.com\\\/avatar\\\/ae2f4d718e6c49043e314ce431e7e645d646302a24a5ef5a8bc8e3f5a032e319?s=96&d=mm&r=g\",\"contentUrl\":\"https:\\\/\\\/secure.gravatar.com\\\/avatar\\\/ae2f4d718e6c49043e314ce431e7e645d646302a24a5ef5a8bc8e3f5a032e319?s=96&d=mm&r=g\",\"caption\":\"admin\"},\"sameAs\":[\"https:\\\/\\\/develop.organisator.galledia.ch\"],\"url\":\"https:\\\/\\\/news.save.ch\\\/fr\\\/author\\\/admin\\\/\"}]}<\/script>\n<!-- \/ Yoast SEO plugin. -->","yoast_head_json":{"title":"Qatar : la protection du travail sur les chantiers de la Coupe du monde sera am\u00e9lior\u00e9e - Save","description":"Protection du travail : Les conditions de travail de milliers d'employ\u00e9s sur les chantiers de la Coupe du monde de football 2022 au Qatar doivent \u00eatre am\u00e9lior\u00e9es.","robots":{"index":"index","follow":"follow","max-snippet":"max-snippet:-1","max-image-preview":"max-image-preview:large","max-video-preview":"max-video-preview:-1"},"canonical":"https:\/\/news.save.ch\/fr\/katar-arbeitsschutz-auf-wm-baustellen-wird-verbessert\/","og_locale":"fr_FR","og_type":"article","og_title":"Katar: Arbeitsschutz auf WM-Baustellen wird verbessert - Save","og_description":"Arbeitsschutz: Die Arbeitsbedingungen von Tausenden Besch\u00e4ftigten auf den Baustellen f\u00fcr die Fussball-WM 2022 in Katar sollen verbessert werden.","og_url":"https:\/\/news.save.ch\/fr\/katar-arbeitsschutz-auf-wm-baustellen-wird-verbessert\/","og_site_name":"Save","article_published_time":"2016-11-16T10:10:12+00:00","article_modified_time":"2023-03-14T08:01:07+00:00","og_image":[{"width":1000,"height":667,"url":"https:\/\/news.save.ch\/wp-content\/uploads\/2016\/12\/Katar-Arbeitsschutz-auf-WM-Baustellen-wird-verbessert_safety-plus.jpg","type":"image\/jpeg"}],"author":"admin","twitter_card":"summary_large_image","twitter_misc":{"\u00c9crit par":"admin","Dur\u00e9e de lecture estim\u00e9e":"1 minute"},"schema":{"@context":"https:\/\/schema.org","@graph":[{"@type":"Article","@id":"https:\/\/news.save.ch\/katar-arbeitsschutz-auf-wm-baustellen-wird-verbessert\/#article","isPartOf":{"@id":"https:\/\/news.save.ch\/katar-arbeitsschutz-auf-wm-baustellen-wird-verbessert\/"},"author":{"name":"admin","@id":"https:\/\/news.save.ch\/de\/#\/schema\/person\/d49e199490bad7c70d64b9ab51142f2b"},"headline":"Katar: Arbeitsschutz auf WM-Baustellen wird verbessert","datePublished":"2016-11-16T10:10:12+00:00","dateModified":"2023-03-14T08:01:07+00:00","mainEntityOfPage":{"@id":"https:\/\/news.save.ch\/katar-arbeitsschutz-auf-wm-baustellen-wird-verbessert\/"},"wordCount":191,"commentCount":0,"publisher":{"@id":"https:\/\/news.save.ch\/de\/#organization"},"image":{"@id":"https:\/\/news.save.ch\/katar-arbeitsschutz-auf-wm-baustellen-wird-verbessert\/#primaryimage"},"thumbnailUrl":"https:\/\/news.save.ch\/wp-content\/uploads\/2016\/12\/Katar-Arbeitsschutz-auf-WM-Baustellen-wird-verbessert_safety-plus.jpg","keywords":["Arbeitssicherheit","Sportveranstaltung"],"articleSection":["ALLGEMEIN","HEALTH &amp; SAFETY"],"inLanguage":"fr-FR"},{"@type":"WebPage","@id":"https:\/\/news.save.ch\/katar-arbeitsschutz-auf-wm-baustellen-wird-verbessert\/","url":"https:\/\/news.save.ch\/katar-arbeitsschutz-auf-wm-baustellen-wird-verbessert\/","name":"Qatar : la protection du travail sur les chantiers de la Coupe du monde sera am\u00e9lior\u00e9e - Save","isPartOf":{"@id":"https:\/\/news.save.ch\/de\/#website"},"primaryImageOfPage":{"@id":"https:\/\/news.save.ch\/katar-arbeitsschutz-auf-wm-baustellen-wird-verbessert\/#primaryimage"},"image":{"@id":"https:\/\/news.save.ch\/katar-arbeitsschutz-auf-wm-baustellen-wird-verbessert\/#primaryimage"},"thumbnailUrl":"https:\/\/news.save.ch\/wp-content\/uploads\/2016\/12\/Katar-Arbeitsschutz-auf-WM-Baustellen-wird-verbessert_safety-plus.jpg","datePublished":"2016-11-16T10:10:12+00:00","dateModified":"2023-03-14T08:01:07+00:00","description":"Protection du travail : Les conditions de travail de milliers d'employ\u00e9s sur les chantiers de la Coupe du monde de football 2022 au Qatar doivent \u00eatre am\u00e9lior\u00e9es.","breadcrumb":{"@id":"https:\/\/news.save.ch\/katar-arbeitsschutz-auf-wm-baustellen-wird-verbessert\/#breadcrumb"},"inLanguage":"fr-FR","potentialAction":[{"@type":"ReadAction","target":["https:\/\/news.save.ch\/katar-arbeitsschutz-auf-wm-baustellen-wird-verbessert\/"]}]},{"@type":"ImageObject","inLanguage":"fr-FR","@id":"https:\/\/news.save.ch\/katar-arbeitsschutz-auf-wm-baustellen-wird-verbessert\/#primaryimage","url":"https:\/\/news.save.ch\/wp-content\/uploads\/2016\/12\/Katar-Arbeitsschutz-auf-WM-Baustellen-wird-verbessert_safety-plus.jpg","contentUrl":"https:\/\/news.save.ch\/wp-content\/uploads\/2016\/12\/Katar-Arbeitsschutz-auf-WM-Baustellen-wird-verbessert_safety-plus.jpg","width":1000,"height":667,"caption":"Bau des Khalifa-Stadiums in Doha: Die Arbeitsbedingungen sollen verbessert werden"},{"@type":"BreadcrumbList","@id":"https:\/\/news.save.ch\/katar-arbeitsschutz-auf-wm-baustellen-wird-verbessert\/#breadcrumb","itemListElement":[{"@type":"ListItem","position":1,"name":"Home","item":"https:\/\/news.save.ch\/de\/"},{"@type":"ListItem","position":2,"name":"Katar: Arbeitsschutz auf WM-Baustellen wird verbessert"}]},{"@type":"WebSite","@id":"https:\/\/news.save.ch\/de\/#website","url":"https:\/\/news.save.ch\/de\/","name":"Save","description":"Revue suisse sp\u00e9cialis\u00e9e dans la s\u00e9curit\u00e9","publisher":{"@id":"https:\/\/news.save.ch\/de\/#organization"},"potentialAction":[{"@type":"SearchAction","target":{"@type":"EntryPoint","urlTemplate":"https:\/\/news.save.ch\/de\/?s={search_term_string}"},"query-input":{"@type":"PropertyValueSpecification","valueRequired":true,"valueName":"search_term_string"}}],"inLanguage":"fr-FR"},{"@type":"Organization","@id":"https:\/\/news.save.ch\/de\/#organization","name":"Forum sur la s\u00e9curit\u00e9","url":"https:\/\/news.save.ch\/de\/","logo":{"@type":"ImageObject","inLanguage":"fr-FR","@id":"https:\/\/news.save.ch\/de\/#\/schema\/logo\/image\/","url":"https:\/\/news.save.ch\/wp-content\/uploads\/2022\/06\/Logo_SF_2012.png","contentUrl":"https:\/\/news.save.ch\/wp-content\/uploads\/2022\/06\/Logo_SF_2012.png","width":1100,"height":91,"caption":"Sicherheitsforum"},"image":{"@id":"https:\/\/news.save.ch\/de\/#\/schema\/logo\/image\/"}},{"@type":"Person","@id":"https:\/\/news.save.ch\/de\/#\/schema\/person\/d49e199490bad7c70d64b9ab51142f2b","name":"admin","image":{"@type":"ImageObject","inLanguage":"fr-FR","@id":"https:\/\/secure.gravatar.com\/avatar\/ae2f4d718e6c49043e314ce431e7e645d646302a24a5ef5a8bc8e3f5a032e319?s=96&d=mm&r=g","url":"https:\/\/secure.gravatar.com\/avatar\/ae2f4d718e6c49043e314ce431e7e645d646302a24a5ef5a8bc8e3f5a032e319?s=96&d=mm&r=g","contentUrl":"https:\/\/secure.gravatar.com\/avatar\/ae2f4d718e6c49043e314ce431e7e645d646302a24a5ef5a8bc8e3f5a032e319?s=96&d=mm&r=g","caption":"admin"},"sameAs":["https:\/\/develop.organisator.galledia.ch"],"url":"https:\/\/news.save.ch\/fr\/author\/admin\/"}]}},"_links":{"self":[{"href":"https:\/\/news.save.ch\/fr\/wp-json\/wp\/v2\/posts\/1289","targetHints":{"allow":["GET"]}}],"collection":[{"href":"https:\/\/news.save.ch\/fr\/wp-json\/wp\/v2\/posts"}],"about":[{"href":"https:\/\/news.save.ch\/fr\/wp-json\/wp\/v2\/types\/post"}],"author":[{"embeddable":true,"href":"https:\/\/news.save.ch\/fr\/wp-json\/wp\/v2\/users\/1"}],"replies":[{"embeddable":true,"href":"https:\/\/news.save.ch\/fr\/wp-json\/wp\/v2\/comments?post=1289"}],"version-history":[{"count":1,"href":"https:\/\/news.save.ch\/fr\/wp-json\/wp\/v2\/posts\/1289\/revisions"}],"predecessor-version":[{"id":18350,"href":"https:\/\/news.save.ch\/fr\/wp-json\/wp\/v2\/posts\/1289\/revisions\/18350"}],"wp:featuredmedia":[{"embeddable":true,"href":"https:\/\/news.save.ch\/fr\/wp-json\/wp\/v2\/media\/1290"}],"wp:attachment":[{"href":"https:\/\/news.save.ch\/fr\/wp-json\/wp\/v2\/media?parent=1289"}],"wp:term":[{"taxonomy":"category","embeddable":true,"href":"https:\/\/news.save.ch\/fr\/wp-json\/wp\/v2\/categories?post=1289"},{"taxonomy":"post_tag","embeddable":true,"href":"https:\/\/news.save.ch\/fr\/wp-json\/wp\/v2\/tags?post=1289"}],"curies":[{"name":"wp","href":"https:\/\/api.w.org\/{rel}","templated":true}]}}