{"id":129,"date":"2015-04-20T13:16:40","date_gmt":"2015-04-20T11:16:40","guid":{"rendered":"https:\/\/dev.sicherheitsforum.ch\/?p=129"},"modified":"2015-04-20T13:16:40","modified_gmt":"2015-04-20T11:16:40","slug":"bsv-erste-erfahrungen","status":null,"type":"post","link":"https:\/\/news.save.ch\/fr\/bsv-erste-erfahrungen\/","title":{"rendered":"OFAS : premi\u00e8res exp\u00e9riences"},"content":{"rendered":"<p><img loading=\"lazy\" decoding=\"async\" class=\"alignnone size-medium wp-image-130\" src=\"https:\/\/sicherheitsforum.ch\/wp-content\/uploads\/2016\/12\/BSV-Erste-Erfahrungen_sicherheitsforum.jpg\" alt=\"Pompier combattant un incendie ravageur avec de grandes flammes\" width=\"680\" height=\"453\" \/><\/p>\n<p>Les prescriptions de protection incendie de l'Association des \u00e9tablissements cantonaux d'assurance incendie (AEAI), en bref BSV 2015, en vigueur dans toute la Suisse depuis le d\u00e9but de l'ann\u00e9e, peuvent \u00eatre examin\u00e9es pour la premi\u00e8re fois de mani\u00e8re critique quant \u00e0 leur efficacit\u00e9 sur la base des planifications de projets actuelles. Quels ont \u00e9t\u00e9 les effets des adaptations des exigences de protection incendie ? Comment cela se passe-t-il dans la mise en \u0153uvre ? Quelles sont les valeurs empiriques fournies par les autorit\u00e9s, les architectes, les planificateurs de la protection incendie, les installateurs et les ma\u00eetres d'ouvrage ? Et les exp\u00e9riences des diff\u00e9rents acteurs se recoupent-elles ?<\/p>\n<p>Le site <a title=\"Lien vers l&#039;\u00e9v\u00e9nement\" href=\"https:\/\/www.save.ch\" target=\"_blank\" data-cke-saved-href=\"https:\/\/www.save.ch\" rel=\"noopener\">Congr\u00e8s sur la protection contre l'incendie du 3 juin 2015 <\/a>\u00e0 Zurich fournit des r\u00e9ponses. Par rapport \u00e0 l'ancienne r\u00e9glementation, les BSV 2015 mettent particuli\u00e8rement l'accent sur les points suivants : d'une part, l'optimisation du rapport co\u00fbt-efficacit\u00e9 et, d'autre part, la lib\u00e9ralisation de la protection contre les incendies sans perte de la protection des personnes.<br \/>\nLors de la conf\u00e9rence de l'Assurance immobili\u00e8re du canton de Zurich, la mise en \u0153uvre des nouvelles prescriptions sera illustr\u00e9e par des exemples concrets : Les projets de la tour de bureaux \"Andreasturm\" \u00e0 Zurich Oerlikon, de l'h\u00f4pital Limmattal, de l'h\u00f4pital p\u00e9diatrique de Zurich et de \"The Circle\" \u00e0 l'a\u00e9roport de Zurich seront examin\u00e9s de pr\u00e8s du point de vue de la protection incendie.<\/p>\n<p>&nbsp;<\/p>","protected":false},"excerpt":{"rendered":"<p>Die seit Anfang Jahr schweizweit geltenden Brandschutzvorschriften der Vereinigung Kantonaler Feuerversicherungen (VKF), kurz BSV 2015, k\u00f6nnen aufgrund aktueller Projektplanungen erstmals kritisch auf ihre Wirksamkeit hin beleuchtet werden. Was haben die Anpassungen der Brandschutzanforderungen bewirkt? Wie l\u00e4uft es in der Umsetzung? Welche Erfahrungswerte liefern Beh\u00f6rden, Architekten, Brandschutzplaner, Errichter und Bauherrn? Und sind die Erfahrungen der verschiedenen [&hellip;]<\/p>\n","protected":false},"author":1,"featured_media":130,"comment_status":"open","ping_status":"open","sticky":false,"template":"","format":"standard","meta":{"_acf_changed":false,"pgc_sgb_lightbox_settings":"","footnotes":""},"categories":[67],"tags":[105,106,84,107,108],"class_list":["post-129","post","type-post","status-publish","format-standard","has-post-thumbnail","hentry","category-brandschutz","tag-brandbekaempfung","tag-brandschutzvorschriften","tag-fachkongressfachmesse","tag-gebaeudeschutz","tag-vkf"],"acf":[],"hkrextid":null,"publication":null,"issue":null,"workflow":null,"startPage":null,"spitzmarke":null,"_posts_by_tag_page_fields":{"widget_title":"","widget_tags":""},"_at_widget":"1","_yoast_wpseo_primary_category":"4","_yoast_wpseo_focuskw_text_input":"Brandschutzvorschriften","_yoast_wpseo_opengraph-image":"https:\/\/sicherheitsforum.ch\/wp-content\/uploads\/2016\/12\/BSV-Erste-Erfahrungen_sicherheitsforum.jpg","_yoast_wpseo_opengraph-description":"Erste Erfahrungen mit den Brandschutzvorschriften sind gemacht. Was sagen die verschiedenen Akteure?","_yoast_wpseo_opengraph-title":"BSV: Erste Erfahrungen","enclosure":null,"_yoast_wpseo_twitter-title":null,"_yoast_wpseo_twitter-description":null,"_yoast_wpseo_twitter-image":null,"_wp_old_slug":null,"_yoast_wpseo_title":null,"_yoast_wpseo_canonical":null,"yoast_head":"<!-- This site is optimized with the Yoast SEO plugin v27.5 - https:\/\/yoast.com\/product\/yoast-seo-wordpress\/ -->\n<title>BSV: Erste Erfahrungen - Save<\/title>\n<meta name=\"description\" content=\"Erste Erfahrungen mit den Brandschutzvorschriften sind gemacht. Was sagen die verschiedenen Akteure?\" \/>\n<meta name=\"robots\" content=\"index, follow, max-snippet:-1, max-image-preview:large, max-video-preview:-1\" \/>\n<link rel=\"canonical\" href=\"https:\/\/news.save.ch\/fr\/bsv-erste-erfahrungen\/\" \/>\n<meta property=\"og:locale\" content=\"fr_FR\" \/>\n<meta property=\"og:type\" content=\"article\" \/>\n<meta property=\"og:title\" content=\"BSV: Erste Erfahrungen\" \/>\n<meta property=\"og:description\" content=\"Erste Erfahrungen mit den Brandschutzvorschriften sind gemacht. Was sagen die verschiedenen Akteure?\" \/>\n<meta property=\"og:url\" content=\"https:\/\/news.save.ch\/fr\/bsv-erste-erfahrungen\/\" \/>\n<meta property=\"og:site_name\" content=\"Save\" \/>\n<meta property=\"article:published_time\" content=\"2015-04-20T11:16:40+00:00\" \/>\n<meta property=\"og:image\" content=\"https:\/\/sicherheitsforum.ch\/wp-content\/uploads\/2016\/12\/BSV-Erste-Erfahrungen_sicherheitsforum.jpg\" \/>\n<meta name=\"author\" content=\"admin\" \/>\n<meta name=\"twitter:card\" content=\"summary_large_image\" \/>\n<meta name=\"twitter:label1\" content=\"\u00c9crit par\" \/>\n\t<meta name=\"twitter:data1\" content=\"admin\" \/>\n\t<meta name=\"twitter:label2\" content=\"Dur\u00e9e de lecture estim\u00e9e\" \/>\n\t<meta name=\"twitter:data2\" content=\"1 minute\" \/>\n<script type=\"application\/ld+json\" class=\"yoast-schema-graph\">{\"@context\":\"https:\\\/\\\/schema.org\",\"@graph\":[{\"@type\":\"Article\",\"@id\":\"https:\\\/\\\/news.save.ch\\\/bsv-erste-erfahrungen\\\/#article\",\"isPartOf\":{\"@id\":\"https:\\\/\\\/news.save.ch\\\/bsv-erste-erfahrungen\\\/\"},\"author\":{\"name\":\"admin\",\"@id\":\"https:\\\/\\\/news.save.ch\\\/de\\\/#\\\/schema\\\/person\\\/d49e199490bad7c70d64b9ab51142f2b\"},\"headline\":\"BSV: Erste Erfahrungen\",\"datePublished\":\"2015-04-20T11:16:40+00:00\",\"mainEntityOfPage\":{\"@id\":\"https:\\\/\\\/news.save.ch\\\/bsv-erste-erfahrungen\\\/\"},\"wordCount\":152,\"commentCount\":0,\"publisher\":{\"@id\":\"https:\\\/\\\/news.save.ch\\\/de\\\/#organization\"},\"image\":{\"@id\":\"https:\\\/\\\/news.save.ch\\\/bsv-erste-erfahrungen\\\/#primaryimage\"},\"thumbnailUrl\":\"https:\\\/\\\/news.save.ch\\\/wp-content\\\/uploads\\\/2016\\\/12\\\/BSV-Erste-Erfahrungen_sicherheitsforum-scaled-1-scaled.jpg\",\"keywords\":[\"Brandbek\u00e4mpfung\",\"Brandschutzvorschriften\",\"Fachkongress\\\/Fachmesse\",\"Geb\u00e4udeschutz\",\"VKF\"],\"articleSection\":[\"BRANDSCHUTZ\"],\"inLanguage\":\"fr-FR\"},{\"@type\":\"WebPage\",\"@id\":\"https:\\\/\\\/news.save.ch\\\/bsv-erste-erfahrungen\\\/\",\"url\":\"https:\\\/\\\/news.save.ch\\\/bsv-erste-erfahrungen\\\/\",\"name\":\"BSV: Erste Erfahrungen - Save\",\"isPartOf\":{\"@id\":\"https:\\\/\\\/news.save.ch\\\/de\\\/#website\"},\"primaryImageOfPage\":{\"@id\":\"https:\\\/\\\/news.save.ch\\\/bsv-erste-erfahrungen\\\/#primaryimage\"},\"image\":{\"@id\":\"https:\\\/\\\/news.save.ch\\\/bsv-erste-erfahrungen\\\/#primaryimage\"},\"thumbnailUrl\":\"https:\\\/\\\/news.save.ch\\\/wp-content\\\/uploads\\\/2016\\\/12\\\/BSV-Erste-Erfahrungen_sicherheitsforum-scaled-1-scaled.jpg\",\"datePublished\":\"2015-04-20T11:16:40+00:00\",\"description\":\"Erste Erfahrungen mit den Brandschutzvorschriften sind gemacht. Was sagen die verschiedenen Akteure?\",\"breadcrumb\":{\"@id\":\"https:\\\/\\\/news.save.ch\\\/bsv-erste-erfahrungen\\\/#breadcrumb\"},\"inLanguage\":\"fr-FR\",\"potentialAction\":[{\"@type\":\"ReadAction\",\"target\":[\"https:\\\/\\\/news.save.ch\\\/bsv-erste-erfahrungen\\\/\"]}]},{\"@type\":\"ImageObject\",\"inLanguage\":\"fr-FR\",\"@id\":\"https:\\\/\\\/news.save.ch\\\/bsv-erste-erfahrungen\\\/#primaryimage\",\"url\":\"https:\\\/\\\/news.save.ch\\\/wp-content\\\/uploads\\\/2016\\\/12\\\/BSV-Erste-Erfahrungen_sicherheitsforum-scaled-1-scaled.jpg\",\"contentUrl\":\"https:\\\/\\\/news.save.ch\\\/wp-content\\\/uploads\\\/2016\\\/12\\\/BSV-Erste-Erfahrungen_sicherheitsforum-scaled-1-scaled.jpg\",\"width\":1400,\"height\":933},{\"@type\":\"BreadcrumbList\",\"@id\":\"https:\\\/\\\/news.save.ch\\\/bsv-erste-erfahrungen\\\/#breadcrumb\",\"itemListElement\":[{\"@type\":\"ListItem\",\"position\":1,\"name\":\"Home\",\"item\":\"https:\\\/\\\/news.save.ch\\\/de\\\/\"},{\"@type\":\"ListItem\",\"position\":2,\"name\":\"BSV: Erste Erfahrungen\"}]},{\"@type\":\"WebSite\",\"@id\":\"https:\\\/\\\/news.save.ch\\\/de\\\/#website\",\"url\":\"https:\\\/\\\/news.save.ch\\\/de\\\/\",\"name\":\"Save\",\"description\":\"Schweizer Fachzeitschrift f\u00fcr Sicherheit\",\"publisher\":{\"@id\":\"https:\\\/\\\/news.save.ch\\\/de\\\/#organization\"},\"potentialAction\":[{\"@type\":\"SearchAction\",\"target\":{\"@type\":\"EntryPoint\",\"urlTemplate\":\"https:\\\/\\\/news.save.ch\\\/de\\\/?s={search_term_string}\"},\"query-input\":{\"@type\":\"PropertyValueSpecification\",\"valueRequired\":true,\"valueName\":\"search_term_string\"}}],\"inLanguage\":\"fr-FR\"},{\"@type\":\"Organization\",\"@id\":\"https:\\\/\\\/news.save.ch\\\/de\\\/#organization\",\"name\":\"Sicherheitsforum\",\"url\":\"https:\\\/\\\/news.save.ch\\\/de\\\/\",\"logo\":{\"@type\":\"ImageObject\",\"inLanguage\":\"fr-FR\",\"@id\":\"https:\\\/\\\/news.save.ch\\\/de\\\/#\\\/schema\\\/logo\\\/image\\\/\",\"url\":\"https:\\\/\\\/news.save.ch\\\/wp-content\\\/uploads\\\/2022\\\/06\\\/Logo_SF_2012.png\",\"contentUrl\":\"https:\\\/\\\/news.save.ch\\\/wp-content\\\/uploads\\\/2022\\\/06\\\/Logo_SF_2012.png\",\"width\":1100,\"height\":91,\"caption\":\"Sicherheitsforum\"},\"image\":{\"@id\":\"https:\\\/\\\/news.save.ch\\\/de\\\/#\\\/schema\\\/logo\\\/image\\\/\"}},{\"@type\":\"Person\",\"@id\":\"https:\\\/\\\/news.save.ch\\\/de\\\/#\\\/schema\\\/person\\\/d49e199490bad7c70d64b9ab51142f2b\",\"name\":\"admin\",\"image\":{\"@type\":\"ImageObject\",\"inLanguage\":\"fr-FR\",\"@id\":\"https:\\\/\\\/secure.gravatar.com\\\/avatar\\\/ae2f4d718e6c49043e314ce431e7e645d646302a24a5ef5a8bc8e3f5a032e319?s=96&d=mm&r=g\",\"url\":\"https:\\\/\\\/secure.gravatar.com\\\/avatar\\\/ae2f4d718e6c49043e314ce431e7e645d646302a24a5ef5a8bc8e3f5a032e319?s=96&d=mm&r=g\",\"contentUrl\":\"https:\\\/\\\/secure.gravatar.com\\\/avatar\\\/ae2f4d718e6c49043e314ce431e7e645d646302a24a5ef5a8bc8e3f5a032e319?s=96&d=mm&r=g\",\"caption\":\"admin\"},\"sameAs\":[\"https:\\\/\\\/develop.organisator.galledia.ch\"],\"url\":\"https:\\\/\\\/news.save.ch\\\/fr\\\/author\\\/admin\\\/\"}]}<\/script>\n<!-- \/ Yoast SEO plugin. -->","yoast_head_json":{"title":"OFAS : premi\u00e8res exp\u00e9riences - Save","description":"Les premi\u00e8res exp\u00e9riences avec les prescriptions de s\u00e9curit\u00e9 incendie ont \u00e9t\u00e9 faites. Que disent les diff\u00e9rents acteurs ?","robots":{"index":"index","follow":"follow","max-snippet":"max-snippet:-1","max-image-preview":"max-image-preview:large","max-video-preview":"max-video-preview:-1"},"canonical":"https:\/\/news.save.ch\/fr\/bsv-erste-erfahrungen\/","og_locale":"fr_FR","og_type":"article","og_title":"BSV: Erste Erfahrungen","og_description":"Erste Erfahrungen mit den Brandschutzvorschriften sind gemacht. Was sagen die verschiedenen Akteure?","og_url":"https:\/\/news.save.ch\/fr\/bsv-erste-erfahrungen\/","og_site_name":"Save","article_published_time":"2015-04-20T11:16:40+00:00","og_image":[{"url":"https:\/\/sicherheitsforum.ch\/wp-content\/uploads\/2016\/12\/BSV-Erste-Erfahrungen_sicherheitsforum.jpg","type":"","width":"","height":""}],"author":"admin","twitter_card":"summary_large_image","twitter_misc":{"\u00c9crit par":"admin","Dur\u00e9e de lecture estim\u00e9e":"1 minute"},"schema":{"@context":"https:\/\/schema.org","@graph":[{"@type":"Article","@id":"https:\/\/news.save.ch\/bsv-erste-erfahrungen\/#article","isPartOf":{"@id":"https:\/\/news.save.ch\/bsv-erste-erfahrungen\/"},"author":{"name":"admin","@id":"https:\/\/news.save.ch\/de\/#\/schema\/person\/d49e199490bad7c70d64b9ab51142f2b"},"headline":"BSV: Erste Erfahrungen","datePublished":"2015-04-20T11:16:40+00:00","mainEntityOfPage":{"@id":"https:\/\/news.save.ch\/bsv-erste-erfahrungen\/"},"wordCount":152,"commentCount":0,"publisher":{"@id":"https:\/\/news.save.ch\/de\/#organization"},"image":{"@id":"https:\/\/news.save.ch\/bsv-erste-erfahrungen\/#primaryimage"},"thumbnailUrl":"https:\/\/news.save.ch\/wp-content\/uploads\/2016\/12\/BSV-Erste-Erfahrungen_sicherheitsforum-scaled-1-scaled.jpg","keywords":["Brandbek\u00e4mpfung","Brandschutzvorschriften","Fachkongress\/Fachmesse","Geb\u00e4udeschutz","VKF"],"articleSection":["BRANDSCHUTZ"],"inLanguage":"fr-FR"},{"@type":"WebPage","@id":"https:\/\/news.save.ch\/bsv-erste-erfahrungen\/","url":"https:\/\/news.save.ch\/bsv-erste-erfahrungen\/","name":"OFAS : premi\u00e8res exp\u00e9riences - Save","isPartOf":{"@id":"https:\/\/news.save.ch\/de\/#website"},"primaryImageOfPage":{"@id":"https:\/\/news.save.ch\/bsv-erste-erfahrungen\/#primaryimage"},"image":{"@id":"https:\/\/news.save.ch\/bsv-erste-erfahrungen\/#primaryimage"},"thumbnailUrl":"https:\/\/news.save.ch\/wp-content\/uploads\/2016\/12\/BSV-Erste-Erfahrungen_sicherheitsforum-scaled-1-scaled.jpg","datePublished":"2015-04-20T11:16:40+00:00","description":"Les premi\u00e8res exp\u00e9riences avec les prescriptions de s\u00e9curit\u00e9 incendie ont \u00e9t\u00e9 faites. Que disent les diff\u00e9rents acteurs ?","breadcrumb":{"@id":"https:\/\/news.save.ch\/bsv-erste-erfahrungen\/#breadcrumb"},"inLanguage":"fr-FR","potentialAction":[{"@type":"ReadAction","target":["https:\/\/news.save.ch\/bsv-erste-erfahrungen\/"]}]},{"@type":"ImageObject","inLanguage":"fr-FR","@id":"https:\/\/news.save.ch\/bsv-erste-erfahrungen\/#primaryimage","url":"https:\/\/news.save.ch\/wp-content\/uploads\/2016\/12\/BSV-Erste-Erfahrungen_sicherheitsforum-scaled-1-scaled.jpg","contentUrl":"https:\/\/news.save.ch\/wp-content\/uploads\/2016\/12\/BSV-Erste-Erfahrungen_sicherheitsforum-scaled-1-scaled.jpg","width":1400,"height":933},{"@type":"BreadcrumbList","@id":"https:\/\/news.save.ch\/bsv-erste-erfahrungen\/#breadcrumb","itemListElement":[{"@type":"ListItem","position":1,"name":"Home","item":"https:\/\/news.save.ch\/de\/"},{"@type":"ListItem","position":2,"name":"BSV: Erste Erfahrungen"}]},{"@type":"WebSite","@id":"https:\/\/news.save.ch\/de\/#website","url":"https:\/\/news.save.ch\/de\/","name":"Save","description":"Revue suisse sp\u00e9cialis\u00e9e dans la s\u00e9curit\u00e9","publisher":{"@id":"https:\/\/news.save.ch\/de\/#organization"},"potentialAction":[{"@type":"SearchAction","target":{"@type":"EntryPoint","urlTemplate":"https:\/\/news.save.ch\/de\/?s={search_term_string}"},"query-input":{"@type":"PropertyValueSpecification","valueRequired":true,"valueName":"search_term_string"}}],"inLanguage":"fr-FR"},{"@type":"Organization","@id":"https:\/\/news.save.ch\/de\/#organization","name":"Forum sur la s\u00e9curit\u00e9","url":"https:\/\/news.save.ch\/de\/","logo":{"@type":"ImageObject","inLanguage":"fr-FR","@id":"https:\/\/news.save.ch\/de\/#\/schema\/logo\/image\/","url":"https:\/\/news.save.ch\/wp-content\/uploads\/2022\/06\/Logo_SF_2012.png","contentUrl":"https:\/\/news.save.ch\/wp-content\/uploads\/2022\/06\/Logo_SF_2012.png","width":1100,"height":91,"caption":"Sicherheitsforum"},"image":{"@id":"https:\/\/news.save.ch\/de\/#\/schema\/logo\/image\/"}},{"@type":"Person","@id":"https:\/\/news.save.ch\/de\/#\/schema\/person\/d49e199490bad7c70d64b9ab51142f2b","name":"admin","image":{"@type":"ImageObject","inLanguage":"fr-FR","@id":"https:\/\/secure.gravatar.com\/avatar\/ae2f4d718e6c49043e314ce431e7e645d646302a24a5ef5a8bc8e3f5a032e319?s=96&d=mm&r=g","url":"https:\/\/secure.gravatar.com\/avatar\/ae2f4d718e6c49043e314ce431e7e645d646302a24a5ef5a8bc8e3f5a032e319?s=96&d=mm&r=g","contentUrl":"https:\/\/secure.gravatar.com\/avatar\/ae2f4d718e6c49043e314ce431e7e645d646302a24a5ef5a8bc8e3f5a032e319?s=96&d=mm&r=g","caption":"admin"},"sameAs":["https:\/\/develop.organisator.galledia.ch"],"url":"https:\/\/news.save.ch\/fr\/author\/admin\/"}]}},"_links":{"self":[{"href":"https:\/\/news.save.ch\/fr\/wp-json\/wp\/v2\/posts\/129","targetHints":{"allow":["GET"]}}],"collection":[{"href":"https:\/\/news.save.ch\/fr\/wp-json\/wp\/v2\/posts"}],"about":[{"href":"https:\/\/news.save.ch\/fr\/wp-json\/wp\/v2\/types\/post"}],"author":[{"embeddable":true,"href":"https:\/\/news.save.ch\/fr\/wp-json\/wp\/v2\/users\/1"}],"replies":[{"embeddable":true,"href":"https:\/\/news.save.ch\/fr\/wp-json\/wp\/v2\/comments?post=129"}],"version-history":[{"count":0,"href":"https:\/\/news.save.ch\/fr\/wp-json\/wp\/v2\/posts\/129\/revisions"}],"wp:featuredmedia":[{"embeddable":true,"href":"https:\/\/news.save.ch\/fr\/wp-json\/wp\/v2\/media\/130"}],"wp:attachment":[{"href":"https:\/\/news.save.ch\/fr\/wp-json\/wp\/v2\/media?parent=129"}],"wp:term":[{"taxonomy":"category","embeddable":true,"href":"https:\/\/news.save.ch\/fr\/wp-json\/wp\/v2\/categories?post=129"},{"taxonomy":"post_tag","embeddable":true,"href":"https:\/\/news.save.ch\/fr\/wp-json\/wp\/v2\/tags?post=129"}],"curies":[{"name":"wp","href":"https:\/\/api.w.org\/{rel}","templated":true}]}}