{"id":1298,"date":"2016-11-18T11:17:41","date_gmt":"2016-11-18T10:17:41","guid":{"rendered":"http:\/\/dev.safety-plus.ch\/?p=1298"},"modified":"2023-03-14T09:03:00","modified_gmt":"2023-03-14T08:03:00","slug":"krebsbetroffene-am-arbeitsplatz-arbeitgeber-gefordert","status":null,"type":"post","link":"https:\/\/news.save.ch\/fr\/krebsbetroffene-am-arbeitsplatz-arbeitgeber-gefordert\/","title":{"rendered":"Les personnes atteintes de cancer au travail : un d\u00e9fi pour les employeurs"},"content":{"rendered":"<p><img loading=\"lazy\" decoding=\"async\" class=\"alignnone wp-image-1299 size-medium\" src=\"http:\/\/develop.safety-plus.ch\/wp-content\/uploads\/2016\/12\/Krebsbetroffene-am-Arbeitsplatz-Arbeitgeber-gefordert_safety-plus.jpg\" width=\"680\" height=\"454\" srcset=\"https:\/\/news.save.ch\/wp-content\/uploads\/2016\/12\/Krebsbetroffene-am-Arbeitsplatz-Arbeitgeber-gefordert_safety-plus.jpg 999w, https:\/\/news.save.ch\/wp-content\/uploads\/2016\/12\/Krebsbetroffene-am-Arbeitsplatz-Arbeitgeber-gefordert_safety-plus-680x454.jpg 680w, https:\/\/news.save.ch\/wp-content\/uploads\/2016\/12\/Krebsbetroffene-am-Arbeitsplatz-Arbeitgeber-gefordert_safety-plus-768x513.jpg 768w, https:\/\/news.save.ch\/wp-content\/uploads\/2016\/12\/Krebsbetroffene-am-Arbeitsplatz-Arbeitgeber-gefordert_safety-plus-18x12.jpg 18w, https:\/\/news.save.ch\/wp-content\/uploads\/2016\/12\/Krebsbetroffene-am-Arbeitsplatz-Arbeitgeber-gefordert_safety-plus-375x250.jpg 375w, https:\/\/news.save.ch\/wp-content\/uploads\/2016\/12\/Krebsbetroffene-am-Arbeitsplatz-Arbeitgeber-gefordert_safety-plus-524x350.jpg 524w\" sizes=\"auto, (max-width: 680px) 100vw, 680px\" \/><\/p>\n<p>Le maintien ou le retour au travail peut favoriser le processus de gu\u00e9rison pendant et apr\u00e8s un traitement contre le cancer. Les employeurs ont \u00e0 cet \u00e9gard un r\u00f4le important \u00e0 jouer pour soutenir les personnes touch\u00e9es par le cancer sur leur lieu de travail. La volont\u00e9 d'agir et la solidarit\u00e9 avec les personnes concern\u00e9es sont perceptibles du c\u00f4t\u00e9 des employeurs, tout comme l'incertitude. La Ligue contre le cancer accompagne les sup\u00e9rieurs en leur fournissant des informations et des offres de soutien et s'engage pour que les besoins des employ\u00e9s soient entendus.<\/p>\n<p>En collaboration avec l'Union patronale suisse et la Swiss Cancer Foundation, la Ligue contre le cancer a organis\u00e9 le colloque \"Les personnes atteintes de cancer au travail\".<\/p>\n<p><strong>Le cancer est la troisi\u00e8me cause d'absence prolong\u00e9e du travail<\/strong><\/p>\n<p>En Suisse, plus de 64 000 personnes en \u00e2ge de travailler (\u00e2g\u00e9es de 20 \u00e0 69 ans) ont re\u00e7u un diagnostic de cancer au cours des cinq derni\u00e8res ann\u00e9es. Beaucoup d'entre elles continuent \u00e0 travailler apr\u00e8s ou m\u00eame pendant le traitement. En effet, le travail cr\u00e9e une normalit\u00e9 dans la vie quotidienne et aide les personnes concern\u00e9es \u00e0 maintenir leurs contacts et relations sociales. Dans ce contexte, les employeurs sont mis au d\u00e9fi - que ce soit dans leurs relations avec les personnes concern\u00e9es, mais aussi avec leurs collaborateurs.<\/p>\n<p><strong>Offres de soutien aux entreprises<\/strong><\/p>\n<p>Dans les petites et moyennes entreprises en particulier, un diagnostic de cancer soul\u00e8ve des questions juridiques, financi\u00e8res et interpersonnelles. Souvent, les sup\u00e9rieurs sont d\u00e9pass\u00e9s par la complexit\u00e9 et ont besoin de conseils. \"Avec nos offres, nous voulons apporter une contribution durable dans les entreprises. En effet, outre un accompagnement attentif, les sup\u00e9rieurs ont besoin de connaissances ad\u00e9quates sur les th\u00e8mes li\u00e9s au cancer. En tant que centre de comp\u00e9tences, nous sommes aux c\u00f4t\u00e9s des entreprises pour les soutenir\", souligne le Dr Kathrin Kramis-Aebischer, directrice de la Ligue suisse contre le cancer.<\/p>\n<p>Avec un coaching t\u00e9l\u00e9phonique pour les employeurs, la Ligue contre le cancer cr\u00e9e un nouveau point de contact. A partir du 21 novembre 2016, elle proposera des consultations en allemand, fran\u00e7ais et italien au num\u00e9ro 0848 114 118. En outre, des offres de coaching sur place existent d\u00e9j\u00e0 dans certaines ligues cantonales contre le cancer et des offres sont en cours de d\u00e9veloppement dans d'autres ligues. La Ligue contre le cancer assume son r\u00f4le et s'engage activement avec les ligues cantonales et r\u00e9gionales contre le cancer pour relever les d\u00e9fis de l'avenir.<\/p>\n<p><em>Source : Ligue suisse contre le cancer<\/em><\/p>","protected":false},"excerpt":{"rendered":"<p>Das Verbleiben im Arbeitsprozess oder eine erfolgreiche R\u00fcckkehr an den Arbeitsplatz kann w\u00e4hrend und nach einer Krebsbehandlung den Heilungsprozess f\u00f6rdern. Arbeitgeber haben diesbez\u00fcglich eine wichtige Rolle bei der Unterst\u00fctzung Krebsbetroffener am Arbeitsplatz. Der Wille zum Handeln und die Solidarit\u00e4t mit den Betroffenen sind auf Arbeitgeberseite sp\u00fcrbar, ebenso auch die Unsicherheit. Die Krebsliga begleitet Vorgesetzte mit [&hellip;]<\/p>\n","protected":false},"author":1,"featured_media":1299,"comment_status":"open","ping_status":"open","sticky":false,"template":"","format":"standard","meta":{"_acf_changed":false,"pgc_sgb_lightbox_settings":"","footnotes":""},"categories":[1,3314],"tags":[1775,149,2500],"class_list":["post-1298","post","type-post","status-publish","format-standard","has-post-thumbnail","hentry","category-allgemein","category-health-safety","tag-betriebliches-gesundheitsmanagement","tag-gesundheitsschutz","tag-management-und-unternehmensfuehrung"],"acf":[],"hkrextid":null,"publication":null,"issue":null,"workflow":null,"startPage":null,"spitzmarke":null,"_posts_by_tag_page_fields":{"widget_title":"","widget_tags":""},"_at_widget":"1","_yoast_wpseo_primary_category":"4","_yoast_wpseo_focuskw_text_input":"Krebsbetroffene am Arbeitsplatz","_yoast_wpseo_opengraph-image":null,"_yoast_wpseo_opengraph-description":null,"_yoast_wpseo_opengraph-title":null,"enclosure":null,"_yoast_wpseo_twitter-title":null,"_yoast_wpseo_twitter-description":null,"_yoast_wpseo_twitter-image":null,"_wp_old_slug":null,"_yoast_wpseo_title":null,"_yoast_wpseo_canonical":null,"yoast_head":"<!-- This site is optimized with the Yoast SEO plugin v27.4 - https:\/\/yoast.com\/product\/yoast-seo-wordpress\/ -->\n<title>Krebsbetroffene am Arbeitsplatz: Arbeitgeber gefordert - Save<\/title>\n<meta name=\"description\" content=\"Krebsbetroffene am Arbeitsplatz: Eine Krebserkrankung ist heute in vielen F\u00e4llen kein Todesurteil mehr.\" \/>\n<meta name=\"robots\" content=\"index, follow, max-snippet:-1, max-image-preview:large, max-video-preview:-1\" \/>\n<link rel=\"canonical\" href=\"https:\/\/news.save.ch\/fr\/krebsbetroffene-am-arbeitsplatz-arbeitgeber-gefordert\/\" \/>\n<meta property=\"og:locale\" content=\"fr_FR\" \/>\n<meta property=\"og:type\" content=\"article\" \/>\n<meta property=\"og:title\" content=\"Krebsbetroffene am Arbeitsplatz: Arbeitgeber gefordert - Save\" \/>\n<meta property=\"og:description\" content=\"Krebsbetroffene am Arbeitsplatz: Eine Krebserkrankung ist heute in vielen F\u00e4llen kein Todesurteil mehr.\" \/>\n<meta property=\"og:url\" content=\"https:\/\/news.save.ch\/fr\/krebsbetroffene-am-arbeitsplatz-arbeitgeber-gefordert\/\" \/>\n<meta property=\"og:site_name\" content=\"Save\" \/>\n<meta property=\"article:published_time\" content=\"2016-11-18T10:17:41+00:00\" \/>\n<meta property=\"article:modified_time\" content=\"2023-03-14T08:03:00+00:00\" \/>\n<meta property=\"og:image\" content=\"https:\/\/news.save.ch\/wp-content\/uploads\/2016\/12\/Krebsbetroffene-am-Arbeitsplatz-Arbeitgeber-gefordert_safety-plus.jpg\" \/>\n\t<meta property=\"og:image:width\" content=\"999\" \/>\n\t<meta property=\"og:image:height\" content=\"667\" \/>\n\t<meta property=\"og:image:type\" content=\"image\/jpeg\" \/>\n<meta name=\"author\" content=\"admin\" \/>\n<meta name=\"twitter:card\" content=\"summary_large_image\" \/>\n<meta name=\"twitter:label1\" content=\"\u00c9crit par\" \/>\n\t<meta name=\"twitter:data1\" content=\"admin\" \/>\n\t<meta name=\"twitter:label2\" content=\"Dur\u00e9e de lecture estim\u00e9e\" \/>\n\t<meta name=\"twitter:data2\" content=\"2 minutes\" \/>\n<script type=\"application\/ld+json\" class=\"yoast-schema-graph\">{\"@context\":\"https:\\\/\\\/schema.org\",\"@graph\":[{\"@type\":\"Article\",\"@id\":\"https:\\\/\\\/news.save.ch\\\/krebsbetroffene-am-arbeitsplatz-arbeitgeber-gefordert\\\/#article\",\"isPartOf\":{\"@id\":\"https:\\\/\\\/news.save.ch\\\/krebsbetroffene-am-arbeitsplatz-arbeitgeber-gefordert\\\/\"},\"author\":{\"name\":\"admin\",\"@id\":\"https:\\\/\\\/news.save.ch\\\/de\\\/#\\\/schema\\\/person\\\/d49e199490bad7c70d64b9ab51142f2b\"},\"headline\":\"Krebsbetroffene am Arbeitsplatz: Arbeitgeber gefordert\",\"datePublished\":\"2016-11-18T10:17:41+00:00\",\"dateModified\":\"2023-03-14T08:03:00+00:00\",\"mainEntityOfPage\":{\"@id\":\"https:\\\/\\\/news.save.ch\\\/krebsbetroffene-am-arbeitsplatz-arbeitgeber-gefordert\\\/\"},\"wordCount\":343,\"commentCount\":0,\"publisher\":{\"@id\":\"https:\\\/\\\/news.save.ch\\\/de\\\/#organization\"},\"image\":{\"@id\":\"https:\\\/\\\/news.save.ch\\\/krebsbetroffene-am-arbeitsplatz-arbeitgeber-gefordert\\\/#primaryimage\"},\"thumbnailUrl\":\"https:\\\/\\\/news.save.ch\\\/wp-content\\\/uploads\\\/2016\\\/12\\\/Krebsbetroffene-am-Arbeitsplatz-Arbeitgeber-gefordert_safety-plus.jpg\",\"keywords\":[\"Betriebliches Gesundheitsmanagement\",\"Gesundheitsschutz\",\"Management und Unternehmensf\u00fchrung\"],\"articleSection\":[\"ALLGEMEIN\",\"HEALTH &amp; SAFETY\"],\"inLanguage\":\"fr-FR\"},{\"@type\":\"WebPage\",\"@id\":\"https:\\\/\\\/news.save.ch\\\/krebsbetroffene-am-arbeitsplatz-arbeitgeber-gefordert\\\/\",\"url\":\"https:\\\/\\\/news.save.ch\\\/krebsbetroffene-am-arbeitsplatz-arbeitgeber-gefordert\\\/\",\"name\":\"Krebsbetroffene am Arbeitsplatz: Arbeitgeber gefordert - Save\",\"isPartOf\":{\"@id\":\"https:\\\/\\\/news.save.ch\\\/de\\\/#website\"},\"primaryImageOfPage\":{\"@id\":\"https:\\\/\\\/news.save.ch\\\/krebsbetroffene-am-arbeitsplatz-arbeitgeber-gefordert\\\/#primaryimage\"},\"image\":{\"@id\":\"https:\\\/\\\/news.save.ch\\\/krebsbetroffene-am-arbeitsplatz-arbeitgeber-gefordert\\\/#primaryimage\"},\"thumbnailUrl\":\"https:\\\/\\\/news.save.ch\\\/wp-content\\\/uploads\\\/2016\\\/12\\\/Krebsbetroffene-am-Arbeitsplatz-Arbeitgeber-gefordert_safety-plus.jpg\",\"datePublished\":\"2016-11-18T10:17:41+00:00\",\"dateModified\":\"2023-03-14T08:03:00+00:00\",\"description\":\"Krebsbetroffene am Arbeitsplatz: Eine Krebserkrankung ist heute in vielen F\u00e4llen kein Todesurteil mehr.\",\"breadcrumb\":{\"@id\":\"https:\\\/\\\/news.save.ch\\\/krebsbetroffene-am-arbeitsplatz-arbeitgeber-gefordert\\\/#breadcrumb\"},\"inLanguage\":\"fr-FR\",\"potentialAction\":[{\"@type\":\"ReadAction\",\"target\":[\"https:\\\/\\\/news.save.ch\\\/krebsbetroffene-am-arbeitsplatz-arbeitgeber-gefordert\\\/\"]}]},{\"@type\":\"ImageObject\",\"inLanguage\":\"fr-FR\",\"@id\":\"https:\\\/\\\/news.save.ch\\\/krebsbetroffene-am-arbeitsplatz-arbeitgeber-gefordert\\\/#primaryimage\",\"url\":\"https:\\\/\\\/news.save.ch\\\/wp-content\\\/uploads\\\/2016\\\/12\\\/Krebsbetroffene-am-Arbeitsplatz-Arbeitgeber-gefordert_safety-plus.jpg\",\"contentUrl\":\"https:\\\/\\\/news.save.ch\\\/wp-content\\\/uploads\\\/2016\\\/12\\\/Krebsbetroffene-am-Arbeitsplatz-Arbeitgeber-gefordert_safety-plus.jpg\",\"width\":999,\"height\":667},{\"@type\":\"BreadcrumbList\",\"@id\":\"https:\\\/\\\/news.save.ch\\\/krebsbetroffene-am-arbeitsplatz-arbeitgeber-gefordert\\\/#breadcrumb\",\"itemListElement\":[{\"@type\":\"ListItem\",\"position\":1,\"name\":\"Home\",\"item\":\"https:\\\/\\\/news.save.ch\\\/de\\\/\"},{\"@type\":\"ListItem\",\"position\":2,\"name\":\"Krebsbetroffene am Arbeitsplatz: Arbeitgeber gefordert\"}]},{\"@type\":\"WebSite\",\"@id\":\"https:\\\/\\\/news.save.ch\\\/de\\\/#website\",\"url\":\"https:\\\/\\\/news.save.ch\\\/de\\\/\",\"name\":\"Save\",\"description\":\"Schweizer Fachzeitschrift f\u00fcr Sicherheit\",\"publisher\":{\"@id\":\"https:\\\/\\\/news.save.ch\\\/de\\\/#organization\"},\"potentialAction\":[{\"@type\":\"SearchAction\",\"target\":{\"@type\":\"EntryPoint\",\"urlTemplate\":\"https:\\\/\\\/news.save.ch\\\/de\\\/?s={search_term_string}\"},\"query-input\":{\"@type\":\"PropertyValueSpecification\",\"valueRequired\":true,\"valueName\":\"search_term_string\"}}],\"inLanguage\":\"fr-FR\"},{\"@type\":\"Organization\",\"@id\":\"https:\\\/\\\/news.save.ch\\\/de\\\/#organization\",\"name\":\"Sicherheitsforum\",\"url\":\"https:\\\/\\\/news.save.ch\\\/de\\\/\",\"logo\":{\"@type\":\"ImageObject\",\"inLanguage\":\"fr-FR\",\"@id\":\"https:\\\/\\\/news.save.ch\\\/de\\\/#\\\/schema\\\/logo\\\/image\\\/\",\"url\":\"https:\\\/\\\/news.save.ch\\\/wp-content\\\/uploads\\\/2022\\\/06\\\/Logo_SF_2012.png\",\"contentUrl\":\"https:\\\/\\\/news.save.ch\\\/wp-content\\\/uploads\\\/2022\\\/06\\\/Logo_SF_2012.png\",\"width\":1100,\"height\":91,\"caption\":\"Sicherheitsforum\"},\"image\":{\"@id\":\"https:\\\/\\\/news.save.ch\\\/de\\\/#\\\/schema\\\/logo\\\/image\\\/\"}},{\"@type\":\"Person\",\"@id\":\"https:\\\/\\\/news.save.ch\\\/de\\\/#\\\/schema\\\/person\\\/d49e199490bad7c70d64b9ab51142f2b\",\"name\":\"admin\",\"image\":{\"@type\":\"ImageObject\",\"inLanguage\":\"fr-FR\",\"@id\":\"https:\\\/\\\/secure.gravatar.com\\\/avatar\\\/ae2f4d718e6c49043e314ce431e7e645d646302a24a5ef5a8bc8e3f5a032e319?s=96&d=mm&r=g\",\"url\":\"https:\\\/\\\/secure.gravatar.com\\\/avatar\\\/ae2f4d718e6c49043e314ce431e7e645d646302a24a5ef5a8bc8e3f5a032e319?s=96&d=mm&r=g\",\"contentUrl\":\"https:\\\/\\\/secure.gravatar.com\\\/avatar\\\/ae2f4d718e6c49043e314ce431e7e645d646302a24a5ef5a8bc8e3f5a032e319?s=96&d=mm&r=g\",\"caption\":\"admin\"},\"sameAs\":[\"https:\\\/\\\/develop.organisator.galledia.ch\"],\"url\":\"https:\\\/\\\/news.save.ch\\\/fr\\\/author\\\/admin\\\/\"}]}<\/script>\n<!-- \/ Yoast SEO plugin. -->","yoast_head_json":{"title":"Les personnes atteintes de cancer au travail : un d\u00e9fi pour les employeurs - Save","description":"Les personnes touch\u00e9es par le cancer sur le lieu de travail : aujourd'hui, dans de nombreux cas, un cancer n'est plus une condamnation \u00e0 mort.","robots":{"index":"index","follow":"follow","max-snippet":"max-snippet:-1","max-image-preview":"max-image-preview:large","max-video-preview":"max-video-preview:-1"},"canonical":"https:\/\/news.save.ch\/fr\/krebsbetroffene-am-arbeitsplatz-arbeitgeber-gefordert\/","og_locale":"fr_FR","og_type":"article","og_title":"Krebsbetroffene am Arbeitsplatz: Arbeitgeber gefordert - Save","og_description":"Krebsbetroffene am Arbeitsplatz: Eine Krebserkrankung ist heute in vielen F\u00e4llen kein Todesurteil mehr.","og_url":"https:\/\/news.save.ch\/fr\/krebsbetroffene-am-arbeitsplatz-arbeitgeber-gefordert\/","og_site_name":"Save","article_published_time":"2016-11-18T10:17:41+00:00","article_modified_time":"2023-03-14T08:03:00+00:00","og_image":[{"width":999,"height":667,"url":"https:\/\/news.save.ch\/wp-content\/uploads\/2016\/12\/Krebsbetroffene-am-Arbeitsplatz-Arbeitgeber-gefordert_safety-plus.jpg","type":"image\/jpeg"}],"author":"admin","twitter_card":"summary_large_image","twitter_misc":{"\u00c9crit par":"admin","Dur\u00e9e de lecture estim\u00e9e":"2 minutes"},"schema":{"@context":"https:\/\/schema.org","@graph":[{"@type":"Article","@id":"https:\/\/news.save.ch\/krebsbetroffene-am-arbeitsplatz-arbeitgeber-gefordert\/#article","isPartOf":{"@id":"https:\/\/news.save.ch\/krebsbetroffene-am-arbeitsplatz-arbeitgeber-gefordert\/"},"author":{"name":"admin","@id":"https:\/\/news.save.ch\/de\/#\/schema\/person\/d49e199490bad7c70d64b9ab51142f2b"},"headline":"Krebsbetroffene am Arbeitsplatz: Arbeitgeber gefordert","datePublished":"2016-11-18T10:17:41+00:00","dateModified":"2023-03-14T08:03:00+00:00","mainEntityOfPage":{"@id":"https:\/\/news.save.ch\/krebsbetroffene-am-arbeitsplatz-arbeitgeber-gefordert\/"},"wordCount":343,"commentCount":0,"publisher":{"@id":"https:\/\/news.save.ch\/de\/#organization"},"image":{"@id":"https:\/\/news.save.ch\/krebsbetroffene-am-arbeitsplatz-arbeitgeber-gefordert\/#primaryimage"},"thumbnailUrl":"https:\/\/news.save.ch\/wp-content\/uploads\/2016\/12\/Krebsbetroffene-am-Arbeitsplatz-Arbeitgeber-gefordert_safety-plus.jpg","keywords":["Betriebliches Gesundheitsmanagement","Gesundheitsschutz","Management und Unternehmensf\u00fchrung"],"articleSection":["ALLGEMEIN","HEALTH &amp; SAFETY"],"inLanguage":"fr-FR"},{"@type":"WebPage","@id":"https:\/\/news.save.ch\/krebsbetroffene-am-arbeitsplatz-arbeitgeber-gefordert\/","url":"https:\/\/news.save.ch\/krebsbetroffene-am-arbeitsplatz-arbeitgeber-gefordert\/","name":"Les personnes atteintes de cancer au travail : un d\u00e9fi pour les employeurs - Save","isPartOf":{"@id":"https:\/\/news.save.ch\/de\/#website"},"primaryImageOfPage":{"@id":"https:\/\/news.save.ch\/krebsbetroffene-am-arbeitsplatz-arbeitgeber-gefordert\/#primaryimage"},"image":{"@id":"https:\/\/news.save.ch\/krebsbetroffene-am-arbeitsplatz-arbeitgeber-gefordert\/#primaryimage"},"thumbnailUrl":"https:\/\/news.save.ch\/wp-content\/uploads\/2016\/12\/Krebsbetroffene-am-Arbeitsplatz-Arbeitgeber-gefordert_safety-plus.jpg","datePublished":"2016-11-18T10:17:41+00:00","dateModified":"2023-03-14T08:03:00+00:00","description":"Les personnes touch\u00e9es par le cancer sur le lieu de travail : aujourd'hui, dans de nombreux cas, un cancer n'est plus une condamnation \u00e0 mort.","breadcrumb":{"@id":"https:\/\/news.save.ch\/krebsbetroffene-am-arbeitsplatz-arbeitgeber-gefordert\/#breadcrumb"},"inLanguage":"fr-FR","potentialAction":[{"@type":"ReadAction","target":["https:\/\/news.save.ch\/krebsbetroffene-am-arbeitsplatz-arbeitgeber-gefordert\/"]}]},{"@type":"ImageObject","inLanguage":"fr-FR","@id":"https:\/\/news.save.ch\/krebsbetroffene-am-arbeitsplatz-arbeitgeber-gefordert\/#primaryimage","url":"https:\/\/news.save.ch\/wp-content\/uploads\/2016\/12\/Krebsbetroffene-am-Arbeitsplatz-Arbeitgeber-gefordert_safety-plus.jpg","contentUrl":"https:\/\/news.save.ch\/wp-content\/uploads\/2016\/12\/Krebsbetroffene-am-Arbeitsplatz-Arbeitgeber-gefordert_safety-plus.jpg","width":999,"height":667},{"@type":"BreadcrumbList","@id":"https:\/\/news.save.ch\/krebsbetroffene-am-arbeitsplatz-arbeitgeber-gefordert\/#breadcrumb","itemListElement":[{"@type":"ListItem","position":1,"name":"Home","item":"https:\/\/news.save.ch\/de\/"},{"@type":"ListItem","position":2,"name":"Krebsbetroffene am Arbeitsplatz: Arbeitgeber gefordert"}]},{"@type":"WebSite","@id":"https:\/\/news.save.ch\/de\/#website","url":"https:\/\/news.save.ch\/de\/","name":"Save","description":"Revue suisse sp\u00e9cialis\u00e9e dans la s\u00e9curit\u00e9","publisher":{"@id":"https:\/\/news.save.ch\/de\/#organization"},"potentialAction":[{"@type":"SearchAction","target":{"@type":"EntryPoint","urlTemplate":"https:\/\/news.save.ch\/de\/?s={search_term_string}"},"query-input":{"@type":"PropertyValueSpecification","valueRequired":true,"valueName":"search_term_string"}}],"inLanguage":"fr-FR"},{"@type":"Organization","@id":"https:\/\/news.save.ch\/de\/#organization","name":"Forum sur la s\u00e9curit\u00e9","url":"https:\/\/news.save.ch\/de\/","logo":{"@type":"ImageObject","inLanguage":"fr-FR","@id":"https:\/\/news.save.ch\/de\/#\/schema\/logo\/image\/","url":"https:\/\/news.save.ch\/wp-content\/uploads\/2022\/06\/Logo_SF_2012.png","contentUrl":"https:\/\/news.save.ch\/wp-content\/uploads\/2022\/06\/Logo_SF_2012.png","width":1100,"height":91,"caption":"Sicherheitsforum"},"image":{"@id":"https:\/\/news.save.ch\/de\/#\/schema\/logo\/image\/"}},{"@type":"Person","@id":"https:\/\/news.save.ch\/de\/#\/schema\/person\/d49e199490bad7c70d64b9ab51142f2b","name":"admin","image":{"@type":"ImageObject","inLanguage":"fr-FR","@id":"https:\/\/secure.gravatar.com\/avatar\/ae2f4d718e6c49043e314ce431e7e645d646302a24a5ef5a8bc8e3f5a032e319?s=96&d=mm&r=g","url":"https:\/\/secure.gravatar.com\/avatar\/ae2f4d718e6c49043e314ce431e7e645d646302a24a5ef5a8bc8e3f5a032e319?s=96&d=mm&r=g","contentUrl":"https:\/\/secure.gravatar.com\/avatar\/ae2f4d718e6c49043e314ce431e7e645d646302a24a5ef5a8bc8e3f5a032e319?s=96&d=mm&r=g","caption":"admin"},"sameAs":["https:\/\/develop.organisator.galledia.ch"],"url":"https:\/\/news.save.ch\/fr\/author\/admin\/"}]}},"_links":{"self":[{"href":"https:\/\/news.save.ch\/fr\/wp-json\/wp\/v2\/posts\/1298","targetHints":{"allow":["GET"]}}],"collection":[{"href":"https:\/\/news.save.ch\/fr\/wp-json\/wp\/v2\/posts"}],"about":[{"href":"https:\/\/news.save.ch\/fr\/wp-json\/wp\/v2\/types\/post"}],"author":[{"embeddable":true,"href":"https:\/\/news.save.ch\/fr\/wp-json\/wp\/v2\/users\/1"}],"replies":[{"embeddable":true,"href":"https:\/\/news.save.ch\/fr\/wp-json\/wp\/v2\/comments?post=1298"}],"version-history":[{"count":1,"href":"https:\/\/news.save.ch\/fr\/wp-json\/wp\/v2\/posts\/1298\/revisions"}],"predecessor-version":[{"id":18805,"href":"https:\/\/news.save.ch\/fr\/wp-json\/wp\/v2\/posts\/1298\/revisions\/18805"}],"wp:featuredmedia":[{"embeddable":true,"href":"https:\/\/news.save.ch\/fr\/wp-json\/wp\/v2\/media\/1299"}],"wp:attachment":[{"href":"https:\/\/news.save.ch\/fr\/wp-json\/wp\/v2\/media?parent=1298"}],"wp:term":[{"taxonomy":"category","embeddable":true,"href":"https:\/\/news.save.ch\/fr\/wp-json\/wp\/v2\/categories?post=1298"},{"taxonomy":"post_tag","embeddable":true,"href":"https:\/\/news.save.ch\/fr\/wp-json\/wp\/v2\/tags?post=1298"}],"curies":[{"name":"wp","href":"https:\/\/api.w.org\/{rel}","templated":true}]}}