{"id":13011,"date":"2021-11-18T12:26:49","date_gmt":"2021-11-18T11:26:49","guid":{"rendered":"https:\/\/news.save.ch\/?p=13011"},"modified":"2023-07-12T19:04:56","modified_gmt":"2023-07-12T17:04:56","slug":"neue-sicherheitsanforderungen-fuer-waffengeschaefte","status":null,"type":"post","link":"https:\/\/news.save.ch\/fr\/neue-sicherheitsanforderungen-fuer-waffengeschaefte\/","title":{"rendered":"Nouvelles exigences de s\u00e9curit\u00e9 pour les transactions d'armes"},"content":{"rendered":"<p><img loading=\"lazy\" decoding=\"async\" class=\"alignnone wp-image-13013 size-full\" src=\"https:\/\/news.save.ch\/wp-content\/uploads\/2021\/11\/Waffen_pixabay_teaser.jpg\" alt=\"Exigences de s\u00e9curit\u00e9\" width=\"960\" height=\"640\" srcset=\"https:\/\/news.save.ch\/wp-content\/uploads\/2021\/11\/Waffen_pixabay_teaser.jpg 960w, https:\/\/news.save.ch\/wp-content\/uploads\/2021\/11\/Waffen_pixabay_teaser-375x250.jpg 375w\" sizes=\"auto, (max-width: 960px) 100vw, 960px\" \/><\/p>\n<p>Comme l'\u00e9crit le D\u00e9partement f\u00e9d\u00e9ral de justice et police (DFJP), des cambriolages et des tentatives de cambriolage ont eu lieu dans plusieurs armureries suisses \u00e0 l'automne 2020. Plusieurs centaines d'armes \u00e0 feu ont \u00e9t\u00e9 d\u00e9rob\u00e9es. En cons\u00e9quence, le DFJP a adapt\u00e9 l'ordonnance sur les exigences minimales applicables aux locaux commerciaux des armureries.<\/p>\n<h2>Armoires de s\u00e9curit\u00e9 et<\/h2>\n<p>Ainsi, ce sont surtout les entr\u00e9es possibles comme les portes et les fen\u00eatres qui doivent d\u00e9sormais r\u00e9sister aux normes de s\u00e9curit\u00e9 renforc\u00e9es. Les armureries seront d\u00e9sormais tenues de conserver certains types d'armes, comme les armes \u00e0 feu en s\u00e9rie, dans une armoire de s\u00e9curit\u00e9 et de s\u00e9curiser les locaux commerciaux \u00e0 l'aide d'un syst\u00e8me d'alarme.<\/p>\n<h2>Armoires de s\u00e9curit\u00e9 et vid\u00e9osurveillance<\/h2>\n<p>Une alarme d\u00e9clench\u00e9e doit d\u00e9sormais \u00eatre transmise 24 heures sur 24 \u00e0 une centrale d'alarme occup\u00e9e ou directement \u00e0 la police. En outre, les normes de s\u00e9curit\u00e9 qui entreront en vigueur le 1er janvier 2022 exigent que tous les actes arm\u00e9s soient s\u00e9curis\u00e9s par une solution de vid\u00e9osurveillance.<\/p>\n<p>Selon le DFJP, l'ordonnance adapt\u00e9e doit permettre de renforcer la s\u00e9curit\u00e9 en Suisse. Un d\u00e9lai transitoire de cinq ans serait pr\u00e9vu pour la mise en \u0153uvre des nouvelles exigences, apr\u00e8s consultation de l'Association suisse des armuriers et des commer\u00e7ants d'armes.<\/p>\n<p>Les commerces doivent alors pr\u00e9senter aux bureaux cantonaux des armes un concept de protection et prouver qu'ils r\u00e9pondent aux exigences. Les bureaux cantonaux des armes ont d\u00e9j\u00e0 majoritairement approuv\u00e9 les adaptations de l'ordonnance.<\/p>\n<p><em>Source : DFJP<\/em><\/p>","protected":false},"excerpt":{"rendered":"<p>Wie das Eidgen\u00f6ssische Justiz- und Polizeidepartement (EJPD) schreibt, kam es im Herbst 2020 in mehreren Schweizer Waffenhandlungen zu Einbr\u00fcchen und Einbruchsversuchen. Entwendet wurden mehrere hundert Feuerwaffen. Infolgedessen hat das EJPD die Verordnung \u00fcber die Mindestanforderungen an Gesch\u00e4ftsr\u00e4umen von Waffenhandlungen angepasst. Sicherheitsschr\u00e4nke und So m\u00fcssen nun vor allem m\u00f6gliche Eing\u00e4nge wie T\u00fcren und Fenster den versch\u00e4rften [&hellip;]<\/p>\n","protected":false},"author":9,"featured_media":13013,"comment_status":"closed","ping_status":"closed","sticky":false,"template":"","format":"standard","meta":{"_acf_changed":false,"pgc_sgb_lightbox_settings":"","footnotes":""},"categories":[1,3312],"tags":[5116,955,1311,310,5115,5114,78,5113],"class_list":["post-13011","post","type-post","status-publish","format-standard","has-post-thumbnail","hentry","category-allgemein","category-sicherheit","tag-alarmanlage","tag-feuerwaffen","tag-ladengeschaefte","tag-sicherheit","tag-sicherheitsschraenke","tag-sicherheitsstandards","tag-videoueberwachung","tag-waffenhandlungen"],"acf":[],"hkrextid":null,"publication":null,"issue":null,"workflow":null,"startPage":null,"spitzmarke":null,"_posts_by_tag_page_fields":{"widget_title":"","widget_tags":""},"_at_widget":"1","_yoast_wpseo_primary_category":"1","_yoast_wpseo_focuskw_text_input":null,"_yoast_wpseo_opengraph-image":null,"_yoast_wpseo_opengraph-description":null,"_yoast_wpseo_opengraph-title":null,"enclosure":null,"_yoast_wpseo_twitter-title":null,"_yoast_wpseo_twitter-description":null,"_yoast_wpseo_twitter-image":null,"_wp_old_slug":null,"_yoast_wpseo_title":null,"_yoast_wpseo_canonical":null,"yoast_head":"<!-- This site is optimized with the Yoast SEO plugin v27.4 - https:\/\/yoast.com\/product\/yoast-seo-wordpress\/ -->\n<title>Neue Sicherheitsanforderungen f\u00fcr Waffengesch\u00e4fte - Save<\/title>\n<meta name=\"description\" content=\"Das Eidgen\u00f6ssische Justiz- und Polizeidepartement (EJPD) hat eine Verordnung zu den Sicherheitsanforderungen f\u00fcr Waffengesch\u00e4fte angepasst. So gelten nun beispielswiese f\u00fcr T\u00fcren und Fenster neue Sicherheitsstandards.\u00a0\" \/>\n<meta name=\"robots\" content=\"index, follow, max-snippet:-1, max-image-preview:large, max-video-preview:-1\" \/>\n<link rel=\"canonical\" href=\"https:\/\/news.save.ch\/fr\/neue-sicherheitsanforderungen-fuer-waffengeschaefte\/\" \/>\n<meta property=\"og:locale\" content=\"fr_FR\" \/>\n<meta property=\"og:type\" content=\"article\" \/>\n<meta property=\"og:title\" content=\"Neue Sicherheitsanforderungen f\u00fcr Waffengesch\u00e4fte - Save\" \/>\n<meta property=\"og:description\" content=\"Das Eidgen\u00f6ssische Justiz- und Polizeidepartement (EJPD) hat eine Verordnung zu den Sicherheitsanforderungen f\u00fcr Waffengesch\u00e4fte angepasst. So gelten nun beispielswiese f\u00fcr T\u00fcren und Fenster neue Sicherheitsstandards.\u00a0\" \/>\n<meta property=\"og:url\" content=\"https:\/\/news.save.ch\/fr\/neue-sicherheitsanforderungen-fuer-waffengeschaefte\/\" \/>\n<meta property=\"og:site_name\" content=\"Save\" \/>\n<meta property=\"article:published_time\" content=\"2021-11-18T11:26:49+00:00\" \/>\n<meta property=\"article:modified_time\" content=\"2023-07-12T17:04:56+00:00\" \/>\n<meta property=\"og:image\" content=\"https:\/\/news.save.ch\/wp-content\/uploads\/2021\/11\/Waffen_pixabay_teaser.jpg\" \/>\n\t<meta property=\"og:image:width\" content=\"960\" \/>\n\t<meta property=\"og:image:height\" content=\"640\" \/>\n\t<meta property=\"og:image:type\" content=\"image\/jpeg\" \/>\n<meta name=\"author\" content=\"Simon Gr\u00f6flin\" \/>\n<meta name=\"twitter:card\" content=\"summary_large_image\" \/>\n<meta name=\"twitter:label1\" content=\"\u00c9crit par\" \/>\n\t<meta name=\"twitter:data1\" content=\"Simon Gr\u00f6flin\" \/>\n\t<meta name=\"twitter:label2\" content=\"Dur\u00e9e de lecture estim\u00e9e\" \/>\n\t<meta name=\"twitter:data2\" content=\"2 minutes\" \/>\n<script type=\"application\/ld+json\" class=\"yoast-schema-graph\">{\"@context\":\"https:\\\/\\\/schema.org\",\"@graph\":[{\"@type\":\"Article\",\"@id\":\"https:\\\/\\\/news.save.ch\\\/neue-sicherheitsanforderungen-fuer-waffengeschaefte\\\/#article\",\"isPartOf\":{\"@id\":\"https:\\\/\\\/news.save.ch\\\/neue-sicherheitsanforderungen-fuer-waffengeschaefte\\\/\"},\"author\":{\"name\":\"Simon Gr\u00f6flin\",\"@id\":\"https:\\\/\\\/news.save.ch\\\/de\\\/#\\\/schema\\\/person\\\/ad4ef21102fd6125312409ac57d5296d\"},\"headline\":\"Neue Sicherheitsanforderungen f\u00fcr Waffengesch\u00e4fte\",\"datePublished\":\"2021-11-18T11:26:49+00:00\",\"dateModified\":\"2023-07-12T17:04:56+00:00\",\"mainEntityOfPage\":{\"@id\":\"https:\\\/\\\/news.save.ch\\\/neue-sicherheitsanforderungen-fuer-waffengeschaefte\\\/\"},\"wordCount\":213,\"publisher\":{\"@id\":\"https:\\\/\\\/news.save.ch\\\/de\\\/#organization\"},\"image\":{\"@id\":\"https:\\\/\\\/news.save.ch\\\/neue-sicherheitsanforderungen-fuer-waffengeschaefte\\\/#primaryimage\"},\"thumbnailUrl\":\"https:\\\/\\\/news.save.ch\\\/wp-content\\\/uploads\\\/2021\\\/11\\\/Waffen_pixabay_teaser.jpg\",\"keywords\":[\"Alarmanlage\",\"Feuerwaffen\",\"Ladengesch\u00e4fte\",\"Sicherheit\",\"Sicherheitsschr\u00e4nke\",\"Sicherheitsstandards\",\"Video\u00fcberwachung\",\"Waffenhandlungen\"],\"articleSection\":[\"ALLGEMEIN\",\"SICHERHEIT\"],\"inLanguage\":\"fr-FR\"},{\"@type\":\"WebPage\",\"@id\":\"https:\\\/\\\/news.save.ch\\\/neue-sicherheitsanforderungen-fuer-waffengeschaefte\\\/\",\"url\":\"https:\\\/\\\/news.save.ch\\\/neue-sicherheitsanforderungen-fuer-waffengeschaefte\\\/\",\"name\":\"Neue Sicherheitsanforderungen f\u00fcr Waffengesch\u00e4fte - Save\",\"isPartOf\":{\"@id\":\"https:\\\/\\\/news.save.ch\\\/de\\\/#website\"},\"primaryImageOfPage\":{\"@id\":\"https:\\\/\\\/news.save.ch\\\/neue-sicherheitsanforderungen-fuer-waffengeschaefte\\\/#primaryimage\"},\"image\":{\"@id\":\"https:\\\/\\\/news.save.ch\\\/neue-sicherheitsanforderungen-fuer-waffengeschaefte\\\/#primaryimage\"},\"thumbnailUrl\":\"https:\\\/\\\/news.save.ch\\\/wp-content\\\/uploads\\\/2021\\\/11\\\/Waffen_pixabay_teaser.jpg\",\"datePublished\":\"2021-11-18T11:26:49+00:00\",\"dateModified\":\"2023-07-12T17:04:56+00:00\",\"description\":\"Das Eidgen\u00f6ssische Justiz- und Polizeidepartement (EJPD) hat eine Verordnung zu den Sicherheitsanforderungen f\u00fcr Waffengesch\u00e4fte angepasst. So gelten nun beispielswiese f\u00fcr T\u00fcren und Fenster neue Sicherheitsstandards.\u00a0\",\"breadcrumb\":{\"@id\":\"https:\\\/\\\/news.save.ch\\\/neue-sicherheitsanforderungen-fuer-waffengeschaefte\\\/#breadcrumb\"},\"inLanguage\":\"fr-FR\",\"potentialAction\":[{\"@type\":\"ReadAction\",\"target\":[\"https:\\\/\\\/news.save.ch\\\/neue-sicherheitsanforderungen-fuer-waffengeschaefte\\\/\"]}]},{\"@type\":\"ImageObject\",\"inLanguage\":\"fr-FR\",\"@id\":\"https:\\\/\\\/news.save.ch\\\/neue-sicherheitsanforderungen-fuer-waffengeschaefte\\\/#primaryimage\",\"url\":\"https:\\\/\\\/news.save.ch\\\/wp-content\\\/uploads\\\/2021\\\/11\\\/Waffen_pixabay_teaser.jpg\",\"contentUrl\":\"https:\\\/\\\/news.save.ch\\\/wp-content\\\/uploads\\\/2021\\\/11\\\/Waffen_pixabay_teaser.jpg\",\"width\":960,\"height\":640,\"caption\":\"Neue Sicherheitsanforderungen f\u00fcr Waffengesch\u00e4fte\"},{\"@type\":\"BreadcrumbList\",\"@id\":\"https:\\\/\\\/news.save.ch\\\/neue-sicherheitsanforderungen-fuer-waffengeschaefte\\\/#breadcrumb\",\"itemListElement\":[{\"@type\":\"ListItem\",\"position\":1,\"name\":\"Home\",\"item\":\"https:\\\/\\\/news.save.ch\\\/de\\\/\"},{\"@type\":\"ListItem\",\"position\":2,\"name\":\"Neue Sicherheitsanforderungen f\u00fcr Waffengesch\u00e4fte\"}]},{\"@type\":\"WebSite\",\"@id\":\"https:\\\/\\\/news.save.ch\\\/de\\\/#website\",\"url\":\"https:\\\/\\\/news.save.ch\\\/de\\\/\",\"name\":\"Save\",\"description\":\"Schweizer Fachzeitschrift f\u00fcr Sicherheit\",\"publisher\":{\"@id\":\"https:\\\/\\\/news.save.ch\\\/de\\\/#organization\"},\"potentialAction\":[{\"@type\":\"SearchAction\",\"target\":{\"@type\":\"EntryPoint\",\"urlTemplate\":\"https:\\\/\\\/news.save.ch\\\/de\\\/?s={search_term_string}\"},\"query-input\":{\"@type\":\"PropertyValueSpecification\",\"valueRequired\":true,\"valueName\":\"search_term_string\"}}],\"inLanguage\":\"fr-FR\"},{\"@type\":\"Organization\",\"@id\":\"https:\\\/\\\/news.save.ch\\\/de\\\/#organization\",\"name\":\"Sicherheitsforum\",\"url\":\"https:\\\/\\\/news.save.ch\\\/de\\\/\",\"logo\":{\"@type\":\"ImageObject\",\"inLanguage\":\"fr-FR\",\"@id\":\"https:\\\/\\\/news.save.ch\\\/de\\\/#\\\/schema\\\/logo\\\/image\\\/\",\"url\":\"https:\\\/\\\/news.save.ch\\\/wp-content\\\/uploads\\\/2022\\\/06\\\/Logo_SF_2012.png\",\"contentUrl\":\"https:\\\/\\\/news.save.ch\\\/wp-content\\\/uploads\\\/2022\\\/06\\\/Logo_SF_2012.png\",\"width\":1100,\"height\":91,\"caption\":\"Sicherheitsforum\"},\"image\":{\"@id\":\"https:\\\/\\\/news.save.ch\\\/de\\\/#\\\/schema\\\/logo\\\/image\\\/\"}},{\"@type\":\"Person\",\"@id\":\"https:\\\/\\\/news.save.ch\\\/de\\\/#\\\/schema\\\/person\\\/ad4ef21102fd6125312409ac57d5296d\",\"name\":\"Simon Gr\u00f6flin\",\"image\":{\"@type\":\"ImageObject\",\"inLanguage\":\"fr-FR\",\"@id\":\"https:\\\/\\\/secure.gravatar.com\\\/avatar\\\/6ddceb80eb734354635539e0ea5140bb7c41e42de7c45c9a2ab9921b5d5c9a83?s=96&d=mm&r=g\",\"url\":\"https:\\\/\\\/secure.gravatar.com\\\/avatar\\\/6ddceb80eb734354635539e0ea5140bb7c41e42de7c45c9a2ab9921b5d5c9a83?s=96&d=mm&r=g\",\"contentUrl\":\"https:\\\/\\\/secure.gravatar.com\\\/avatar\\\/6ddceb80eb734354635539e0ea5140bb7c41e42de7c45c9a2ab9921b5d5c9a83?s=96&d=mm&r=g\",\"caption\":\"Simon Gr\u00f6flin\"},\"url\":\"https:\\\/\\\/news.save.ch\\\/fr\\\/author\\\/simon-groeflin\\\/\"}]}<\/script>\n<!-- \/ Yoast SEO plugin. -->","yoast_head_json":{"title":"Nouvelles exigences de s\u00e9curit\u00e9 pour les transactions d'armes - Save","description":"Le D\u00e9partement f\u00e9d\u00e9ral de justice et police (DFJP) a adapt\u00e9 une ordonnance relative aux exigences de s\u00e9curit\u00e9 pour les transactions d'armes. De nouvelles normes de s\u00e9curit\u00e9 s'appliquent d\u00e9sormais, par exemple, aux portes et aux fen\u00eatres.\u00a0","robots":{"index":"index","follow":"follow","max-snippet":"max-snippet:-1","max-image-preview":"max-image-preview:large","max-video-preview":"max-video-preview:-1"},"canonical":"https:\/\/news.save.ch\/fr\/neue-sicherheitsanforderungen-fuer-waffengeschaefte\/","og_locale":"fr_FR","og_type":"article","og_title":"Neue Sicherheitsanforderungen f\u00fcr Waffengesch\u00e4fte - Save","og_description":"Das Eidgen\u00f6ssische Justiz- und Polizeidepartement (EJPD) hat eine Verordnung zu den Sicherheitsanforderungen f\u00fcr Waffengesch\u00e4fte angepasst. So gelten nun beispielswiese f\u00fcr T\u00fcren und Fenster neue Sicherheitsstandards.\u00a0","og_url":"https:\/\/news.save.ch\/fr\/neue-sicherheitsanforderungen-fuer-waffengeschaefte\/","og_site_name":"Save","article_published_time":"2021-11-18T11:26:49+00:00","article_modified_time":"2023-07-12T17:04:56+00:00","og_image":[{"width":960,"height":640,"url":"https:\/\/news.save.ch\/wp-content\/uploads\/2021\/11\/Waffen_pixabay_teaser.jpg","type":"image\/jpeg"}],"author":"Simon Gr\u00f6flin","twitter_card":"summary_large_image","twitter_misc":{"\u00c9crit par":"Simon Gr\u00f6flin","Dur\u00e9e de lecture estim\u00e9e":"2 minutes"},"schema":{"@context":"https:\/\/schema.org","@graph":[{"@type":"Article","@id":"https:\/\/news.save.ch\/neue-sicherheitsanforderungen-fuer-waffengeschaefte\/#article","isPartOf":{"@id":"https:\/\/news.save.ch\/neue-sicherheitsanforderungen-fuer-waffengeschaefte\/"},"author":{"name":"Simon Gr\u00f6flin","@id":"https:\/\/news.save.ch\/de\/#\/schema\/person\/ad4ef21102fd6125312409ac57d5296d"},"headline":"Neue Sicherheitsanforderungen f\u00fcr Waffengesch\u00e4fte","datePublished":"2021-11-18T11:26:49+00:00","dateModified":"2023-07-12T17:04:56+00:00","mainEntityOfPage":{"@id":"https:\/\/news.save.ch\/neue-sicherheitsanforderungen-fuer-waffengeschaefte\/"},"wordCount":213,"publisher":{"@id":"https:\/\/news.save.ch\/de\/#organization"},"image":{"@id":"https:\/\/news.save.ch\/neue-sicherheitsanforderungen-fuer-waffengeschaefte\/#primaryimage"},"thumbnailUrl":"https:\/\/news.save.ch\/wp-content\/uploads\/2021\/11\/Waffen_pixabay_teaser.jpg","keywords":["Alarmanlage","Feuerwaffen","Ladengesch\u00e4fte","Sicherheit","Sicherheitsschr\u00e4nke","Sicherheitsstandards","Video\u00fcberwachung","Waffenhandlungen"],"articleSection":["ALLGEMEIN","SICHERHEIT"],"inLanguage":"fr-FR"},{"@type":"WebPage","@id":"https:\/\/news.save.ch\/neue-sicherheitsanforderungen-fuer-waffengeschaefte\/","url":"https:\/\/news.save.ch\/neue-sicherheitsanforderungen-fuer-waffengeschaefte\/","name":"Nouvelles exigences de s\u00e9curit\u00e9 pour les transactions d'armes - Save","isPartOf":{"@id":"https:\/\/news.save.ch\/de\/#website"},"primaryImageOfPage":{"@id":"https:\/\/news.save.ch\/neue-sicherheitsanforderungen-fuer-waffengeschaefte\/#primaryimage"},"image":{"@id":"https:\/\/news.save.ch\/neue-sicherheitsanforderungen-fuer-waffengeschaefte\/#primaryimage"},"thumbnailUrl":"https:\/\/news.save.ch\/wp-content\/uploads\/2021\/11\/Waffen_pixabay_teaser.jpg","datePublished":"2021-11-18T11:26:49+00:00","dateModified":"2023-07-12T17:04:56+00:00","description":"Le D\u00e9partement f\u00e9d\u00e9ral de justice et police (DFJP) a adapt\u00e9 une ordonnance relative aux exigences de s\u00e9curit\u00e9 pour les transactions d'armes. De nouvelles normes de s\u00e9curit\u00e9 s'appliquent d\u00e9sormais, par exemple, aux portes et aux fen\u00eatres.\u00a0","breadcrumb":{"@id":"https:\/\/news.save.ch\/neue-sicherheitsanforderungen-fuer-waffengeschaefte\/#breadcrumb"},"inLanguage":"fr-FR","potentialAction":[{"@type":"ReadAction","target":["https:\/\/news.save.ch\/neue-sicherheitsanforderungen-fuer-waffengeschaefte\/"]}]},{"@type":"ImageObject","inLanguage":"fr-FR","@id":"https:\/\/news.save.ch\/neue-sicherheitsanforderungen-fuer-waffengeschaefte\/#primaryimage","url":"https:\/\/news.save.ch\/wp-content\/uploads\/2021\/11\/Waffen_pixabay_teaser.jpg","contentUrl":"https:\/\/news.save.ch\/wp-content\/uploads\/2021\/11\/Waffen_pixabay_teaser.jpg","width":960,"height":640,"caption":"Neue Sicherheitsanforderungen f\u00fcr Waffengesch\u00e4fte"},{"@type":"BreadcrumbList","@id":"https:\/\/news.save.ch\/neue-sicherheitsanforderungen-fuer-waffengeschaefte\/#breadcrumb","itemListElement":[{"@type":"ListItem","position":1,"name":"Home","item":"https:\/\/news.save.ch\/de\/"},{"@type":"ListItem","position":2,"name":"Neue Sicherheitsanforderungen f\u00fcr Waffengesch\u00e4fte"}]},{"@type":"WebSite","@id":"https:\/\/news.save.ch\/de\/#website","url":"https:\/\/news.save.ch\/de\/","name":"Save","description":"Revue suisse sp\u00e9cialis\u00e9e dans la s\u00e9curit\u00e9","publisher":{"@id":"https:\/\/news.save.ch\/de\/#organization"},"potentialAction":[{"@type":"SearchAction","target":{"@type":"EntryPoint","urlTemplate":"https:\/\/news.save.ch\/de\/?s={search_term_string}"},"query-input":{"@type":"PropertyValueSpecification","valueRequired":true,"valueName":"search_term_string"}}],"inLanguage":"fr-FR"},{"@type":"Organization","@id":"https:\/\/news.save.ch\/de\/#organization","name":"Forum sur la s\u00e9curit\u00e9","url":"https:\/\/news.save.ch\/de\/","logo":{"@type":"ImageObject","inLanguage":"fr-FR","@id":"https:\/\/news.save.ch\/de\/#\/schema\/logo\/image\/","url":"https:\/\/news.save.ch\/wp-content\/uploads\/2022\/06\/Logo_SF_2012.png","contentUrl":"https:\/\/news.save.ch\/wp-content\/uploads\/2022\/06\/Logo_SF_2012.png","width":1100,"height":91,"caption":"Sicherheitsforum"},"image":{"@id":"https:\/\/news.save.ch\/de\/#\/schema\/logo\/image\/"}},{"@type":"Person","@id":"https:\/\/news.save.ch\/de\/#\/schema\/person\/ad4ef21102fd6125312409ac57d5296d","name":"Simon Gr\u00f6flin","image":{"@type":"ImageObject","inLanguage":"fr-FR","@id":"https:\/\/secure.gravatar.com\/avatar\/6ddceb80eb734354635539e0ea5140bb7c41e42de7c45c9a2ab9921b5d5c9a83?s=96&d=mm&r=g","url":"https:\/\/secure.gravatar.com\/avatar\/6ddceb80eb734354635539e0ea5140bb7c41e42de7c45c9a2ab9921b5d5c9a83?s=96&d=mm&r=g","contentUrl":"https:\/\/secure.gravatar.com\/avatar\/6ddceb80eb734354635539e0ea5140bb7c41e42de7c45c9a2ab9921b5d5c9a83?s=96&d=mm&r=g","caption":"Simon Gr\u00f6flin"},"url":"https:\/\/news.save.ch\/fr\/author\/simon-groeflin\/"}]}},"_links":{"self":[{"href":"https:\/\/news.save.ch\/fr\/wp-json\/wp\/v2\/posts\/13011","targetHints":{"allow":["GET"]}}],"collection":[{"href":"https:\/\/news.save.ch\/fr\/wp-json\/wp\/v2\/posts"}],"about":[{"href":"https:\/\/news.save.ch\/fr\/wp-json\/wp\/v2\/types\/post"}],"author":[{"embeddable":true,"href":"https:\/\/news.save.ch\/fr\/wp-json\/wp\/v2\/users\/9"}],"replies":[{"embeddable":true,"href":"https:\/\/news.save.ch\/fr\/wp-json\/wp\/v2\/comments?post=13011"}],"version-history":[{"count":3,"href":"https:\/\/news.save.ch\/fr\/wp-json\/wp\/v2\/posts\/13011\/revisions"}],"predecessor-version":[{"id":20762,"href":"https:\/\/news.save.ch\/fr\/wp-json\/wp\/v2\/posts\/13011\/revisions\/20762"}],"wp:featuredmedia":[{"embeddable":true,"href":"https:\/\/news.save.ch\/fr\/wp-json\/wp\/v2\/media\/13013"}],"wp:attachment":[{"href":"https:\/\/news.save.ch\/fr\/wp-json\/wp\/v2\/media?parent=13011"}],"wp:term":[{"taxonomy":"category","embeddable":true,"href":"https:\/\/news.save.ch\/fr\/wp-json\/wp\/v2\/categories?post=13011"},{"taxonomy":"post_tag","embeddable":true,"href":"https:\/\/news.save.ch\/fr\/wp-json\/wp\/v2\/tags?post=13011"}],"curies":[{"name":"wp","href":"https:\/\/api.w.org\/{rel}","templated":true}]}}