{"id":132,"date":"2015-04-21T13:19:32","date_gmt":"2015-04-21T11:19:32","guid":{"rendered":"https:\/\/dev.sicherheitsforum.ch\/?p=132"},"modified":"2015-04-21T13:19:32","modified_gmt":"2015-04-21T11:19:32","slug":"notfallsicherheit-was-wissen-sie","status":null,"type":"post","link":"https:\/\/news.save.ch\/fr\/notfallsicherheit-was-wissen-sie\/","title":{"rendered":"S\u00e9curit\u00e9 d'urgence - que savez-vous ?"},"content":{"rendered":"<p><img loading=\"lazy\" decoding=\"async\" class=\"alignnone size-medium wp-image-133\" src=\"https:\/\/sicherheitsforum.ch\/wp-content\/uploads\/2016\/12\/Notfallsicherheit-was-wissen-Sie_sicherheitsforum.jpg\" alt=\"Signal de sortie d&#039;urgence\" width=\"680\" height=\"680\" \/><\/p>\n<p>Dans de nombreuses entreprises, il y a ce que l'on appelle des secouristes, c'est-\u00e0-dire des personnes charg\u00e9es de la pr\u00e9vention des incendies et de l'\u00e9vacuation.<\/p>\n<p>La formation de ces professionnels commence par des informations th\u00e9oriques sur les premiers secours. La partie pratique de la formation comprend la lutte contre les dangers (exercices avec de petits appareils d'extinction, formations aux v\u00eatements de protection) ainsi qu'une visite des locaux et installations internes de l'entreprise ; cette visite permet de se familiariser avec les voies d'\u00e9vacuation, les zones critiques, les points faibles et les erreurs.<\/p>\n<p>En cas d'urgence, les secouristes ne doivent pas seulement garder leur calme, mais aussi prendre rapidement les mesures ad\u00e9quates. Cela exige qu'ils ma\u00eetrisent le savoir-faire n\u00e9cessaire. C'est pourquoi MediaSec publie un test dans la prochaine \u00e9dition du \"Forum S\u00e9curit\u00e9\" - qui para\u00eetra d\u00e9but mai. Les personnes charg\u00e9es de la protection contre l'incendie et de l'\u00e9vacuation pourront tester et rafra\u00eechir leurs connaissances. Un questionnaire de plusieurs pages examine les personnes int\u00e9ress\u00e9es sous toutes les coutures.<\/p>\n<p>Commandez d\u00e8s aujourd'hui une <a href=\"https:\/\/sicherheitsforum.hamster.ch\/subscribe\" target=\"_blank\" data-cke-saved-href=\"https:\/\/hamster.ch\/subscribe\" rel=\"noopener\">Num\u00e9ro d'\u00e9chantillon<\/a>.<\/p>\n<p>&nbsp;<\/p>","protected":false},"excerpt":{"rendered":"<p>In vielen\u00a0Unternehmen sind sogenannte Ersthelfer, also Brandschutz- und Evakuierungshelfer, im Einsatz. Die Ausbildung\u00a0dieser Fachleute beginnt\u00a0mit theoretischen Informationen rund um die\u00a0Ersthilfe. Der praktische Teil der\u00a0Ausbildung umfasst die\u00a0Gefahrenabwehr (\u00dcbungen mit Kleinl\u00f6schger\u00e4ten, Ausbildungen an Schutzbekleidungen) sowie eine\u00a0Begehung der firmeninternen R\u00e4ume und Anlagen; dabei wird\u00a0der Blick f\u00fcr Evakuierungswege, kritische Bereiche, Schwachstellen und Fehler geschult. Im einem Notfall m\u00fcssen die [&hellip;]<\/p>\n","protected":false},"author":1,"featured_media":133,"comment_status":"open","ping_status":"open","sticky":false,"template":"","format":"standard","meta":{"_acf_changed":false,"pgc_sgb_lightbox_settings":"","footnotes":""},"categories":[1],"tags":[109,110,111,112],"class_list":["post-132","post","type-post","status-publish","format-standard","has-post-thumbnail","hentry","category-allgemein","tag-aus-und-weiterbildung","tag-brandschutzhelfer","tag-evakuierungskraefte","tag-testfragen"],"acf":[],"hkrextid":null,"publication":null,"issue":null,"workflow":null,"startPage":null,"spitzmarke":null,"_posts_by_tag_page_fields":{"widget_title":"","widget_tags":""},"_at_widget":"1","_yoast_wpseo_primary_category":"1","_yoast_wpseo_focuskw_text_input":"Notfallsicherheit","_yoast_wpseo_opengraph-image":"https:\/\/sicherheitsforum.ch\/wp-content\/uploads\/2016\/12\/Notfallsicherheit-was-wissen-Sie_sicherheitsforum.jpg","_yoast_wpseo_opengraph-description":"Was m\u00fcssen betriebsinterne Brandschutzhelfer und Evakuierungskr\u00e4fte wissen und k\u00f6nnen?","_yoast_wpseo_opengraph-title":"Notfallsicherheit - was wissen Sie?","enclosure":null,"_yoast_wpseo_twitter-title":null,"_yoast_wpseo_twitter-description":null,"_yoast_wpseo_twitter-image":null,"_wp_old_slug":null,"_yoast_wpseo_title":null,"_yoast_wpseo_canonical":null,"yoast_head":"<!-- This site is optimized with the Yoast SEO plugin v27.4 - https:\/\/yoast.com\/product\/yoast-seo-wordpress\/ -->\n<title>Notfallsicherheit - was wissen Sie? - Save<\/title>\n<meta name=\"description\" content=\"Notfallsicherheit: Was m\u00fcssen betriebsinterne Brandschutzhelfer und Evakuierungskr\u00e4fte wissen und k\u00f6nnen?\" \/>\n<meta name=\"robots\" content=\"index, follow, max-snippet:-1, max-image-preview:large, max-video-preview:-1\" \/>\n<link rel=\"canonical\" href=\"https:\/\/news.save.ch\/fr\/notfallsicherheit-was-wissen-sie\/\" \/>\n<meta property=\"og:locale\" content=\"fr_FR\" \/>\n<meta property=\"og:type\" content=\"article\" \/>\n<meta property=\"og:title\" content=\"Notfallsicherheit - was wissen Sie?\" \/>\n<meta property=\"og:description\" content=\"Was m\u00fcssen betriebsinterne Brandschutzhelfer und Evakuierungskr\u00e4fte wissen und k\u00f6nnen?\" \/>\n<meta property=\"og:url\" content=\"https:\/\/news.save.ch\/fr\/notfallsicherheit-was-wissen-sie\/\" \/>\n<meta property=\"og:site_name\" content=\"Save\" \/>\n<meta property=\"article:published_time\" content=\"2015-04-21T11:19:32+00:00\" \/>\n<meta property=\"og:image\" content=\"https:\/\/sicherheitsforum.ch\/wp-content\/uploads\/2016\/12\/Notfallsicherheit-was-wissen-Sie_sicherheitsforum.jpg\" \/>\n<meta name=\"author\" content=\"admin\" \/>\n<meta name=\"twitter:card\" content=\"summary_large_image\" \/>\n<meta name=\"twitter:label1\" content=\"\u00c9crit par\" \/>\n\t<meta name=\"twitter:data1\" content=\"admin\" \/>\n\t<meta name=\"twitter:label2\" content=\"Dur\u00e9e de lecture estim\u00e9e\" \/>\n\t<meta name=\"twitter:data2\" content=\"1 minute\" \/>\n<script type=\"application\/ld+json\" class=\"yoast-schema-graph\">{\"@context\":\"https:\\\/\\\/schema.org\",\"@graph\":[{\"@type\":\"Article\",\"@id\":\"https:\\\/\\\/news.save.ch\\\/notfallsicherheit-was-wissen-sie\\\/#article\",\"isPartOf\":{\"@id\":\"https:\\\/\\\/news.save.ch\\\/notfallsicherheit-was-wissen-sie\\\/\"},\"author\":{\"name\":\"admin\",\"@id\":\"https:\\\/\\\/news.save.ch\\\/de\\\/#\\\/schema\\\/person\\\/d49e199490bad7c70d64b9ab51142f2b\"},\"headline\":\"Notfallsicherheit &#8211; was wissen Sie?\",\"datePublished\":\"2015-04-21T11:19:32+00:00\",\"mainEntityOfPage\":{\"@id\":\"https:\\\/\\\/news.save.ch\\\/notfallsicherheit-was-wissen-sie\\\/\"},\"wordCount\":139,\"commentCount\":0,\"publisher\":{\"@id\":\"https:\\\/\\\/news.save.ch\\\/de\\\/#organization\"},\"image\":{\"@id\":\"https:\\\/\\\/news.save.ch\\\/notfallsicherheit-was-wissen-sie\\\/#primaryimage\"},\"thumbnailUrl\":\"https:\\\/\\\/news.save.ch\\\/wp-content\\\/uploads\\\/2016\\\/12\\\/Notfallsicherheit-was-wissen-Sie_sicherheitsforum-scaled.jpg\",\"keywords\":[\"Aus- und Weiterbildung\",\"Brandschutzhelfer\",\"Evakuierungskr\u00e4fte\",\"Testfragen\"],\"articleSection\":[\"ALLGEMEIN\"],\"inLanguage\":\"fr-FR\"},{\"@type\":\"WebPage\",\"@id\":\"https:\\\/\\\/news.save.ch\\\/notfallsicherheit-was-wissen-sie\\\/\",\"url\":\"https:\\\/\\\/news.save.ch\\\/notfallsicherheit-was-wissen-sie\\\/\",\"name\":\"Notfallsicherheit - was wissen Sie? - Save\",\"isPartOf\":{\"@id\":\"https:\\\/\\\/news.save.ch\\\/de\\\/#website\"},\"primaryImageOfPage\":{\"@id\":\"https:\\\/\\\/news.save.ch\\\/notfallsicherheit-was-wissen-sie\\\/#primaryimage\"},\"image\":{\"@id\":\"https:\\\/\\\/news.save.ch\\\/notfallsicherheit-was-wissen-sie\\\/#primaryimage\"},\"thumbnailUrl\":\"https:\\\/\\\/news.save.ch\\\/wp-content\\\/uploads\\\/2016\\\/12\\\/Notfallsicherheit-was-wissen-Sie_sicherheitsforum-scaled.jpg\",\"datePublished\":\"2015-04-21T11:19:32+00:00\",\"description\":\"Notfallsicherheit: Was m\u00fcssen betriebsinterne Brandschutzhelfer und Evakuierungskr\u00e4fte wissen und k\u00f6nnen?\",\"breadcrumb\":{\"@id\":\"https:\\\/\\\/news.save.ch\\\/notfallsicherheit-was-wissen-sie\\\/#breadcrumb\"},\"inLanguage\":\"fr-FR\",\"potentialAction\":[{\"@type\":\"ReadAction\",\"target\":[\"https:\\\/\\\/news.save.ch\\\/notfallsicherheit-was-wissen-sie\\\/\"]}]},{\"@type\":\"ImageObject\",\"inLanguage\":\"fr-FR\",\"@id\":\"https:\\\/\\\/news.save.ch\\\/notfallsicherheit-was-wissen-sie\\\/#primaryimage\",\"url\":\"https:\\\/\\\/news.save.ch\\\/wp-content\\\/uploads\\\/2016\\\/12\\\/Notfallsicherheit-was-wissen-Sie_sicherheitsforum-scaled.jpg\",\"contentUrl\":\"https:\\\/\\\/news.save.ch\\\/wp-content\\\/uploads\\\/2016\\\/12\\\/Notfallsicherheit-was-wissen-Sie_sicherheitsforum-scaled.jpg\",\"width\":1400,\"height\":1400},{\"@type\":\"BreadcrumbList\",\"@id\":\"https:\\\/\\\/news.save.ch\\\/notfallsicherheit-was-wissen-sie\\\/#breadcrumb\",\"itemListElement\":[{\"@type\":\"ListItem\",\"position\":1,\"name\":\"Home\",\"item\":\"https:\\\/\\\/news.save.ch\\\/de\\\/\"},{\"@type\":\"ListItem\",\"position\":2,\"name\":\"Notfallsicherheit &#8211; was wissen Sie?\"}]},{\"@type\":\"WebSite\",\"@id\":\"https:\\\/\\\/news.save.ch\\\/de\\\/#website\",\"url\":\"https:\\\/\\\/news.save.ch\\\/de\\\/\",\"name\":\"Save\",\"description\":\"Schweizer Fachzeitschrift f\u00fcr Sicherheit\",\"publisher\":{\"@id\":\"https:\\\/\\\/news.save.ch\\\/de\\\/#organization\"},\"potentialAction\":[{\"@type\":\"SearchAction\",\"target\":{\"@type\":\"EntryPoint\",\"urlTemplate\":\"https:\\\/\\\/news.save.ch\\\/de\\\/?s={search_term_string}\"},\"query-input\":{\"@type\":\"PropertyValueSpecification\",\"valueRequired\":true,\"valueName\":\"search_term_string\"}}],\"inLanguage\":\"fr-FR\"},{\"@type\":\"Organization\",\"@id\":\"https:\\\/\\\/news.save.ch\\\/de\\\/#organization\",\"name\":\"Sicherheitsforum\",\"url\":\"https:\\\/\\\/news.save.ch\\\/de\\\/\",\"logo\":{\"@type\":\"ImageObject\",\"inLanguage\":\"fr-FR\",\"@id\":\"https:\\\/\\\/news.save.ch\\\/de\\\/#\\\/schema\\\/logo\\\/image\\\/\",\"url\":\"https:\\\/\\\/news.save.ch\\\/wp-content\\\/uploads\\\/2022\\\/06\\\/Logo_SF_2012.png\",\"contentUrl\":\"https:\\\/\\\/news.save.ch\\\/wp-content\\\/uploads\\\/2022\\\/06\\\/Logo_SF_2012.png\",\"width\":1100,\"height\":91,\"caption\":\"Sicherheitsforum\"},\"image\":{\"@id\":\"https:\\\/\\\/news.save.ch\\\/de\\\/#\\\/schema\\\/logo\\\/image\\\/\"}},{\"@type\":\"Person\",\"@id\":\"https:\\\/\\\/news.save.ch\\\/de\\\/#\\\/schema\\\/person\\\/d49e199490bad7c70d64b9ab51142f2b\",\"name\":\"admin\",\"image\":{\"@type\":\"ImageObject\",\"inLanguage\":\"fr-FR\",\"@id\":\"https:\\\/\\\/secure.gravatar.com\\\/avatar\\\/ae2f4d718e6c49043e314ce431e7e645d646302a24a5ef5a8bc8e3f5a032e319?s=96&d=mm&r=g\",\"url\":\"https:\\\/\\\/secure.gravatar.com\\\/avatar\\\/ae2f4d718e6c49043e314ce431e7e645d646302a24a5ef5a8bc8e3f5a032e319?s=96&d=mm&r=g\",\"contentUrl\":\"https:\\\/\\\/secure.gravatar.com\\\/avatar\\\/ae2f4d718e6c49043e314ce431e7e645d646302a24a5ef5a8bc8e3f5a032e319?s=96&d=mm&r=g\",\"caption\":\"admin\"},\"sameAs\":[\"https:\\\/\\\/develop.organisator.galledia.ch\"],\"url\":\"https:\\\/\\\/news.save.ch\\\/fr\\\/author\\\/admin\\\/\"}]}<\/script>\n<!-- \/ Yoast SEO plugin. -->","yoast_head_json":{"title":"S\u00e9curit\u00e9 d'urgence - que savez-vous ? - Sauvegarder","description":"S\u00e9curit\u00e9 en cas d'urgence : que doivent savoir et pouvoir faire les auxiliaires de protection incendie et les personnes charg\u00e9es de l'\u00e9vacuation au sein de l'entreprise ?","robots":{"index":"index","follow":"follow","max-snippet":"max-snippet:-1","max-image-preview":"max-image-preview:large","max-video-preview":"max-video-preview:-1"},"canonical":"https:\/\/news.save.ch\/fr\/notfallsicherheit-was-wissen-sie\/","og_locale":"fr_FR","og_type":"article","og_title":"Notfallsicherheit - was wissen Sie?","og_description":"Was m\u00fcssen betriebsinterne Brandschutzhelfer und Evakuierungskr\u00e4fte wissen und k\u00f6nnen?","og_url":"https:\/\/news.save.ch\/fr\/notfallsicherheit-was-wissen-sie\/","og_site_name":"Save","article_published_time":"2015-04-21T11:19:32+00:00","og_image":[{"url":"https:\/\/sicherheitsforum.ch\/wp-content\/uploads\/2016\/12\/Notfallsicherheit-was-wissen-Sie_sicherheitsforum.jpg","type":"","width":"","height":""}],"author":"admin","twitter_card":"summary_large_image","twitter_misc":{"\u00c9crit par":"admin","Dur\u00e9e de lecture estim\u00e9e":"1 minute"},"schema":{"@context":"https:\/\/schema.org","@graph":[{"@type":"Article","@id":"https:\/\/news.save.ch\/notfallsicherheit-was-wissen-sie\/#article","isPartOf":{"@id":"https:\/\/news.save.ch\/notfallsicherheit-was-wissen-sie\/"},"author":{"name":"admin","@id":"https:\/\/news.save.ch\/de\/#\/schema\/person\/d49e199490bad7c70d64b9ab51142f2b"},"headline":"Notfallsicherheit &#8211; was wissen Sie?","datePublished":"2015-04-21T11:19:32+00:00","mainEntityOfPage":{"@id":"https:\/\/news.save.ch\/notfallsicherheit-was-wissen-sie\/"},"wordCount":139,"commentCount":0,"publisher":{"@id":"https:\/\/news.save.ch\/de\/#organization"},"image":{"@id":"https:\/\/news.save.ch\/notfallsicherheit-was-wissen-sie\/#primaryimage"},"thumbnailUrl":"https:\/\/news.save.ch\/wp-content\/uploads\/2016\/12\/Notfallsicherheit-was-wissen-Sie_sicherheitsforum-scaled.jpg","keywords":["Aus- und Weiterbildung","Brandschutzhelfer","Evakuierungskr\u00e4fte","Testfragen"],"articleSection":["ALLGEMEIN"],"inLanguage":"fr-FR"},{"@type":"WebPage","@id":"https:\/\/news.save.ch\/notfallsicherheit-was-wissen-sie\/","url":"https:\/\/news.save.ch\/notfallsicherheit-was-wissen-sie\/","name":"S\u00e9curit\u00e9 d'urgence - que savez-vous ? - Sauvegarder","isPartOf":{"@id":"https:\/\/news.save.ch\/de\/#website"},"primaryImageOfPage":{"@id":"https:\/\/news.save.ch\/notfallsicherheit-was-wissen-sie\/#primaryimage"},"image":{"@id":"https:\/\/news.save.ch\/notfallsicherheit-was-wissen-sie\/#primaryimage"},"thumbnailUrl":"https:\/\/news.save.ch\/wp-content\/uploads\/2016\/12\/Notfallsicherheit-was-wissen-Sie_sicherheitsforum-scaled.jpg","datePublished":"2015-04-21T11:19:32+00:00","description":"S\u00e9curit\u00e9 en cas d'urgence : que doivent savoir et pouvoir faire les auxiliaires de protection incendie et les personnes charg\u00e9es de l'\u00e9vacuation au sein de l'entreprise ?","breadcrumb":{"@id":"https:\/\/news.save.ch\/notfallsicherheit-was-wissen-sie\/#breadcrumb"},"inLanguage":"fr-FR","potentialAction":[{"@type":"ReadAction","target":["https:\/\/news.save.ch\/notfallsicherheit-was-wissen-sie\/"]}]},{"@type":"ImageObject","inLanguage":"fr-FR","@id":"https:\/\/news.save.ch\/notfallsicherheit-was-wissen-sie\/#primaryimage","url":"https:\/\/news.save.ch\/wp-content\/uploads\/2016\/12\/Notfallsicherheit-was-wissen-Sie_sicherheitsforum-scaled.jpg","contentUrl":"https:\/\/news.save.ch\/wp-content\/uploads\/2016\/12\/Notfallsicherheit-was-wissen-Sie_sicherheitsforum-scaled.jpg","width":1400,"height":1400},{"@type":"BreadcrumbList","@id":"https:\/\/news.save.ch\/notfallsicherheit-was-wissen-sie\/#breadcrumb","itemListElement":[{"@type":"ListItem","position":1,"name":"Home","item":"https:\/\/news.save.ch\/de\/"},{"@type":"ListItem","position":2,"name":"Notfallsicherheit &#8211; was wissen Sie?"}]},{"@type":"WebSite","@id":"https:\/\/news.save.ch\/de\/#website","url":"https:\/\/news.save.ch\/de\/","name":"Save","description":"Revue suisse sp\u00e9cialis\u00e9e dans la s\u00e9curit\u00e9","publisher":{"@id":"https:\/\/news.save.ch\/de\/#organization"},"potentialAction":[{"@type":"SearchAction","target":{"@type":"EntryPoint","urlTemplate":"https:\/\/news.save.ch\/de\/?s={search_term_string}"},"query-input":{"@type":"PropertyValueSpecification","valueRequired":true,"valueName":"search_term_string"}}],"inLanguage":"fr-FR"},{"@type":"Organization","@id":"https:\/\/news.save.ch\/de\/#organization","name":"Forum sur la s\u00e9curit\u00e9","url":"https:\/\/news.save.ch\/de\/","logo":{"@type":"ImageObject","inLanguage":"fr-FR","@id":"https:\/\/news.save.ch\/de\/#\/schema\/logo\/image\/","url":"https:\/\/news.save.ch\/wp-content\/uploads\/2022\/06\/Logo_SF_2012.png","contentUrl":"https:\/\/news.save.ch\/wp-content\/uploads\/2022\/06\/Logo_SF_2012.png","width":1100,"height":91,"caption":"Sicherheitsforum"},"image":{"@id":"https:\/\/news.save.ch\/de\/#\/schema\/logo\/image\/"}},{"@type":"Person","@id":"https:\/\/news.save.ch\/de\/#\/schema\/person\/d49e199490bad7c70d64b9ab51142f2b","name":"admin","image":{"@type":"ImageObject","inLanguage":"fr-FR","@id":"https:\/\/secure.gravatar.com\/avatar\/ae2f4d718e6c49043e314ce431e7e645d646302a24a5ef5a8bc8e3f5a032e319?s=96&d=mm&r=g","url":"https:\/\/secure.gravatar.com\/avatar\/ae2f4d718e6c49043e314ce431e7e645d646302a24a5ef5a8bc8e3f5a032e319?s=96&d=mm&r=g","contentUrl":"https:\/\/secure.gravatar.com\/avatar\/ae2f4d718e6c49043e314ce431e7e645d646302a24a5ef5a8bc8e3f5a032e319?s=96&d=mm&r=g","caption":"admin"},"sameAs":["https:\/\/develop.organisator.galledia.ch"],"url":"https:\/\/news.save.ch\/fr\/author\/admin\/"}]}},"_links":{"self":[{"href":"https:\/\/news.save.ch\/fr\/wp-json\/wp\/v2\/posts\/132","targetHints":{"allow":["GET"]}}],"collection":[{"href":"https:\/\/news.save.ch\/fr\/wp-json\/wp\/v2\/posts"}],"about":[{"href":"https:\/\/news.save.ch\/fr\/wp-json\/wp\/v2\/types\/post"}],"author":[{"embeddable":true,"href":"https:\/\/news.save.ch\/fr\/wp-json\/wp\/v2\/users\/1"}],"replies":[{"embeddable":true,"href":"https:\/\/news.save.ch\/fr\/wp-json\/wp\/v2\/comments?post=132"}],"version-history":[{"count":0,"href":"https:\/\/news.save.ch\/fr\/wp-json\/wp\/v2\/posts\/132\/revisions"}],"wp:featuredmedia":[{"embeddable":true,"href":"https:\/\/news.save.ch\/fr\/wp-json\/wp\/v2\/media\/133"}],"wp:attachment":[{"href":"https:\/\/news.save.ch\/fr\/wp-json\/wp\/v2\/media?parent=132"}],"wp:term":[{"taxonomy":"category","embeddable":true,"href":"https:\/\/news.save.ch\/fr\/wp-json\/wp\/v2\/categories?post=132"},{"taxonomy":"post_tag","embeddable":true,"href":"https:\/\/news.save.ch\/fr\/wp-json\/wp\/v2\/tags?post=132"}],"curies":[{"name":"wp","href":"https:\/\/api.w.org\/{rel}","templated":true}]}}