{"id":1321,"date":"2016-08-18T07:50:12","date_gmt":"2016-08-18T05:50:12","guid":{"rendered":"https:\/\/dev.sicherheitsforum.ch\/?p=1321"},"modified":"2023-03-14T08:57:14","modified_gmt":"2023-03-14T07:57:14","slug":"video-einsatz-am-arbeitsplatz-waechst","status":null,"type":"post","link":"https:\/\/news.save.ch\/fr\/video-einsatz-am-arbeitsplatz-waechst\/","title":{"rendered":"L'utilisation de la vid\u00e9o sur le lieu de travail se d\u00e9veloppe"},"content":{"rendered":"<figure id=\"attachment_1322\" aria-describedby=\"caption-attachment-1322\" style=\"width: 680px\" class=\"wp-caption alignnone\"><img loading=\"lazy\" decoding=\"async\" class=\"size-medium wp-image-1322\" src=\"https:\/\/sicherheitsforum.ch\/wp-content\/uploads\/2016\/12\/Video-Einsatz-am-Arbeitsplatz-w\u00e4chst-it-security.jpg\" alt=\"\" width=\"680\" height=\"454\" \/><figcaption id=\"caption-attachment-1322\" class=\"wp-caption-text\">\u00a9 depositphotos<\/figcaption><\/figure>\n<p>Les entreprises misent de plus en plus sur les technologies vid\u00e9o pour permettre \u00e0 leurs collaborateurs de communiquer plus efficacement. C'est ce que montre une \u00e9tude men\u00e9e par le prestataire de services r\u00e9seau et IT <a href=\"https:\/\/www.bt.com\/de\" target=\"_blank\" rel=\"noreferrer noopener\" data-cke-saved-href=\"https:\/\/www.bt.com\/de\">BT <\/a>en collaboration avec <a href=\"https:\/\/www.cisco.com\/c\/de_ch\/index.html\" target=\"_blank\" rel=\"noreferrer noopener\" data-cke-saved-href=\"https:\/\/www.cisco.com\/c\/de_ch\/index.html\">Cisco<\/a> a \u00e9t\u00e9 command\u00e9e par l'OCDE. Combin\u00e9e au cloud computing et aux technologies mobiles, l'utilisation de la communication vid\u00e9o permet d'\u00e9viter la \"d\u00e9connexion num\u00e9rique\" (\"Digital Dislocation\") des employ\u00e9s de leur entreprise, comme l'\u00e9crit Cisco.<\/p>\n<p><strong>72% veulent plus de fonctions vid\u00e9o sur leur smartphone<\/strong><br \/>\nSelon l'\u00e9tude, les technologies telles que la vid\u00e9o, l'informatique en nuage et les applications mobiles deviennent des plates-formes d\u00e9cisives pour la communication au sein des grands groupes - de la direction aux employ\u00e9s : 85% des personnes interrog\u00e9es ont qualifi\u00e9 l'utilisation de la vid\u00e9o sur le lieu de travail de tr\u00e8s utile, et pr\u00e8s des trois quarts (72%) des d\u00e9cideurs informatiques souhaitent disposer de fonctions vid\u00e9o sur le smartphone ou la tablette de l'entreprise. Un bon quart des personnes interrog\u00e9es (27%) ont indiqu\u00e9 que les employ\u00e9s de leur entreprise utilisaient YouTube \u00e0 des fins professionnelles. Cette proportion a donc presque doubl\u00e9 par rapport \u00e0 2013.<\/p>\n<p>Les r\u00e9sultats de l'\u00e9tude sugg\u00e8rent \u00e9galement qu'il faut en faire plus pour lutter contre la \"d\u00e9connexion num\u00e9rique\". Deux tiers des d\u00e9cideurs informatiques (60%) d\u00e9plorent que les tentatives de contacter des coll\u00e8gues prennent trop de temps. Et trois quarts des personnes interrog\u00e9es souhaitent des moyens plus simples de partager des informations avec d'autres.<\/p>\n<p>Les r\u00e9sultats montrent \u00e0 quel point le lieu de travail moderne a chang\u00e9 au cours des derni\u00e8res ann\u00e9es. Des initiatives telles que \"Bring your own device\" (BYOD) et des horaires de travail flexibles n\u00e9cessitent des technologies innovantes pour la communication et la collaboration. Rien qu'au cours des trois derni\u00e8res ann\u00e9es, la proportion d'actifs souhaitant utiliser leurs propres terminaux pour travailler a augment\u00e9 de 31%. Selon l'\u00e9tude, plus de la moiti\u00e9 des employ\u00e9s (52%) travaillent aujourd'hui de mani\u00e8re \"flexible\" - c'est-\u00e0-dire par exemple en d\u00e9placement, sur le site d'un client ou depuis leur domicile. 61% des personnes interrog\u00e9es estiment qu'il devrait \u00eatre plus facile de contacter des coll\u00e8gues et de collaborer avec eux lorsqu'ils sont en d\u00e9placement professionnel.<\/p>\n<p><strong>Les aspects de s\u00e9curit\u00e9 ne sont pas un obstacle<\/strong><br \/>\nPlus des trois quarts (78%) des personnes interrog\u00e9es estiment que les outils de collaboration modernes am\u00e9lioreraient la communication. Gr\u00e2ce \u00e0 des outils de collaboration efficaces, les collaborateurs peuvent partager des informations et prendre des d\u00e9cisions plus rapides et de meilleure qualit\u00e9.<\/p>\n<p>Pour pouvoir utiliser plus facilement les nouvelles technologies, de nombreux responsables informatiques se tournent vers les services en nuage, car ils peuvent ainsi remplacer les syst\u00e8mes h\u00e9rit\u00e9s obsol\u00e8tes et pr\u00e9server leur budget. Selon l'\u00e9tude, les entreprises qui ont adopt\u00e9 une application en nuage ont pu r\u00e9duire leurs co\u00fbts d'exploitation de 25% en moyenne. Parall\u00e8lement, la satisfaction des collaborateurs a augment\u00e9 de 30% apr\u00e8s l'impl\u00e9mentation de la solution de collaboration bas\u00e9e sur le cloud. Dans ce contexte, les d\u00e9cideurs informatiques sont de moins en moins nombreux \u00e0 consid\u00e9rer les aspects de s\u00e9curit\u00e9 comme un obstacle \u00e0 l'utilisation de la collaboration bas\u00e9e sur le cloud : ils sont actuellement 52%, alors qu'ils \u00e9taient encore 68% il y a trois ans.<\/p>\n<p>Andrew Small de BT ajoute : \"Plus les entreprises acqui\u00e8rent de l'exp\u00e9rience avec les services cloud, plus leur confiance dans la s\u00e9curit\u00e9 de ces offres augmente\".<\/p>\n<p>&nbsp;<\/p>","protected":false},"excerpt":{"rendered":"<p>Unternehmen setzen vermehrt auf Video-Technologien, um ihren Mitarbeitern eine effektivere Kommunikation zu erm\u00f6glichen. Das belegt eine Studie, die der Netzwerk- und IT-Dienstleister BT gemeinsam mit Cisco in Auftrag gegeben hat. In Kombination mit Cloud Computing und mobilen Technologien hilft der Einsatz von Video-Kommunikation dabei, eine \u201edigitale Abkoppelung\u201c (\u201eDigital Dislocation\u201c) der Mitarbeiter von ihrem Unternehmen zu [&hellip;]<\/p>\n","protected":false},"author":1,"featured_media":1322,"comment_status":"open","ping_status":"open","sticky":false,"template":"","format":"standard","meta":{"_acf_changed":false,"pgc_sgb_lightbox_settings":"","footnotes":""},"categories":[3313],"tags":[63,64],"class_list":["post-1321","post","type-post","status-publish","format-standard","has-post-thumbnail","hentry","category-digitalisierung","tag-it-security","tag-studie"],"acf":[],"hkrextid":null,"publication":null,"issue":null,"workflow":null,"startPage":null,"spitzmarke":null,"_posts_by_tag_page_fields":{"widget_title":"","widget_tags":""},"_at_widget":"1","_yoast_wpseo_primary_category":"2","_yoast_wpseo_focuskw_text_input":"Video","_yoast_wpseo_opengraph-image":"https:\/\/news.save.ch\/wp-content\/uploads\/2016\/12\/Video-Einsatz-am-Arbeitsplatz-w\u00e4chst-it-security.jpg","_yoast_wpseo_opengraph-description":"Die Video-Kommunikation entwickelt sich zum zentralen Element bei der Zusammenarbeit. Cloud-basierte Collaboration-L\u00f6sungen f\u00f6rdern den Trend, zumal Sicherheitsbedenken kaum ein Thema sind.","_yoast_wpseo_opengraph-title":"Video-Einsatz am Arbeitsplatz w\u00e4chst","enclosure":null,"_yoast_wpseo_twitter-title":null,"_yoast_wpseo_twitter-description":null,"_yoast_wpseo_twitter-image":null,"_wp_old_slug":null,"_yoast_wpseo_title":null,"_yoast_wpseo_canonical":null,"yoast_head":"<!-- This site is optimized with the Yoast SEO plugin v27.5 - https:\/\/yoast.com\/product\/yoast-seo-wordpress\/ -->\n<title>Video-Einsatz am Arbeitsplatz w\u00e4chst - Save<\/title>\n<meta name=\"description\" content=\"Die Video-Kommunikation entwickelt sich zum zentralen Element bei der Zusammenarbeit.\" \/>\n<meta name=\"robots\" content=\"index, follow, max-snippet:-1, max-image-preview:large, max-video-preview:-1\" \/>\n<link rel=\"canonical\" href=\"https:\/\/news.save.ch\/fr\/video-einsatz-am-arbeitsplatz-waechst\/\" \/>\n<meta property=\"og:locale\" content=\"fr_FR\" \/>\n<meta property=\"og:type\" content=\"article\" \/>\n<meta property=\"og:title\" content=\"Video-Einsatz am Arbeitsplatz w\u00e4chst\" \/>\n<meta property=\"og:description\" content=\"Die Video-Kommunikation entwickelt sich zum zentralen Element bei der Zusammenarbeit. Cloud-basierte Collaboration-L\u00f6sungen f\u00f6rdern den Trend, zumal Sicherheitsbedenken kaum ein Thema sind.\" \/>\n<meta property=\"og:url\" content=\"https:\/\/news.save.ch\/fr\/video-einsatz-am-arbeitsplatz-waechst\/\" \/>\n<meta property=\"og:site_name\" content=\"Save\" \/>\n<meta property=\"article:published_time\" content=\"2016-08-18T05:50:12+00:00\" \/>\n<meta property=\"article:modified_time\" content=\"2023-03-14T07:57:14+00:00\" \/>\n<meta property=\"og:image\" content=\"https:\/\/news.save.ch\/wp-content\/uploads\/2016\/12\/Video-Einsatz-am-Arbeitsplatz-w\u00e4chst-it-security.jpg\" \/>\n<meta name=\"author\" content=\"admin\" \/>\n<meta name=\"twitter:card\" content=\"summary_large_image\" \/>\n<meta name=\"twitter:label1\" content=\"\u00c9crit par\" \/>\n\t<meta name=\"twitter:data1\" content=\"admin\" \/>\n\t<meta name=\"twitter:label2\" content=\"Dur\u00e9e de lecture estim\u00e9e\" \/>\n\t<meta name=\"twitter:data2\" content=\"2 minutes\" \/>\n<script type=\"application\/ld+json\" class=\"yoast-schema-graph\">{\"@context\":\"https:\\\/\\\/schema.org\",\"@graph\":[{\"@type\":\"Article\",\"@id\":\"https:\\\/\\\/news.save.ch\\\/video-einsatz-am-arbeitsplatz-waechst\\\/#article\",\"isPartOf\":{\"@id\":\"https:\\\/\\\/news.save.ch\\\/video-einsatz-am-arbeitsplatz-waechst\\\/\"},\"author\":{\"name\":\"admin\",\"@id\":\"https:\\\/\\\/news.save.ch\\\/de\\\/#\\\/schema\\\/person\\\/d49e199490bad7c70d64b9ab51142f2b\"},\"headline\":\"Video-Einsatz am Arbeitsplatz w\u00e4chst\",\"datePublished\":\"2016-08-18T05:50:12+00:00\",\"dateModified\":\"2023-03-14T07:57:14+00:00\",\"mainEntityOfPage\":{\"@id\":\"https:\\\/\\\/news.save.ch\\\/video-einsatz-am-arbeitsplatz-waechst\\\/\"},\"wordCount\":452,\"commentCount\":0,\"publisher\":{\"@id\":\"https:\\\/\\\/news.save.ch\\\/de\\\/#organization\"},\"image\":{\"@id\":\"https:\\\/\\\/news.save.ch\\\/video-einsatz-am-arbeitsplatz-waechst\\\/#primaryimage\"},\"thumbnailUrl\":\"https:\\\/\\\/news.save.ch\\\/wp-content\\\/uploads\\\/2016\\\/12\\\/Video-Einsatz-am-Arbeitsplatz-waechst-it-security.jpg\",\"keywords\":[\"IT-SECURITY\",\"Studie\"],\"articleSection\":[\"DIGITALISIERUNG\"],\"inLanguage\":\"fr-FR\"},{\"@type\":\"WebPage\",\"@id\":\"https:\\\/\\\/news.save.ch\\\/video-einsatz-am-arbeitsplatz-waechst\\\/\",\"url\":\"https:\\\/\\\/news.save.ch\\\/video-einsatz-am-arbeitsplatz-waechst\\\/\",\"name\":\"Video-Einsatz am Arbeitsplatz w\u00e4chst - Save\",\"isPartOf\":{\"@id\":\"https:\\\/\\\/news.save.ch\\\/de\\\/#website\"},\"primaryImageOfPage\":{\"@id\":\"https:\\\/\\\/news.save.ch\\\/video-einsatz-am-arbeitsplatz-waechst\\\/#primaryimage\"},\"image\":{\"@id\":\"https:\\\/\\\/news.save.ch\\\/video-einsatz-am-arbeitsplatz-waechst\\\/#primaryimage\"},\"thumbnailUrl\":\"https:\\\/\\\/news.save.ch\\\/wp-content\\\/uploads\\\/2016\\\/12\\\/Video-Einsatz-am-Arbeitsplatz-waechst-it-security.jpg\",\"datePublished\":\"2016-08-18T05:50:12+00:00\",\"dateModified\":\"2023-03-14T07:57:14+00:00\",\"description\":\"Die Video-Kommunikation entwickelt sich zum zentralen Element bei der Zusammenarbeit.\",\"breadcrumb\":{\"@id\":\"https:\\\/\\\/news.save.ch\\\/video-einsatz-am-arbeitsplatz-waechst\\\/#breadcrumb\"},\"inLanguage\":\"fr-FR\",\"potentialAction\":[{\"@type\":\"ReadAction\",\"target\":[\"https:\\\/\\\/news.save.ch\\\/video-einsatz-am-arbeitsplatz-waechst\\\/\"]}]},{\"@type\":\"ImageObject\",\"inLanguage\":\"fr-FR\",\"@id\":\"https:\\\/\\\/news.save.ch\\\/video-einsatz-am-arbeitsplatz-waechst\\\/#primaryimage\",\"url\":\"https:\\\/\\\/news.save.ch\\\/wp-content\\\/uploads\\\/2016\\\/12\\\/Video-Einsatz-am-Arbeitsplatz-waechst-it-security.jpg\",\"contentUrl\":\"https:\\\/\\\/news.save.ch\\\/wp-content\\\/uploads\\\/2016\\\/12\\\/Video-Einsatz-am-Arbeitsplatz-waechst-it-security.jpg\",\"width\":1000,\"height\":667,\"caption\":\"\u00a9 depositphotos\"},{\"@type\":\"BreadcrumbList\",\"@id\":\"https:\\\/\\\/news.save.ch\\\/video-einsatz-am-arbeitsplatz-waechst\\\/#breadcrumb\",\"itemListElement\":[{\"@type\":\"ListItem\",\"position\":1,\"name\":\"Home\",\"item\":\"https:\\\/\\\/news.save.ch\\\/de\\\/\"},{\"@type\":\"ListItem\",\"position\":2,\"name\":\"Video-Einsatz am Arbeitsplatz w\u00e4chst\"}]},{\"@type\":\"WebSite\",\"@id\":\"https:\\\/\\\/news.save.ch\\\/de\\\/#website\",\"url\":\"https:\\\/\\\/news.save.ch\\\/de\\\/\",\"name\":\"Save\",\"description\":\"Schweizer Fachzeitschrift f\u00fcr Sicherheit\",\"publisher\":{\"@id\":\"https:\\\/\\\/news.save.ch\\\/de\\\/#organization\"},\"potentialAction\":[{\"@type\":\"SearchAction\",\"target\":{\"@type\":\"EntryPoint\",\"urlTemplate\":\"https:\\\/\\\/news.save.ch\\\/de\\\/?s={search_term_string}\"},\"query-input\":{\"@type\":\"PropertyValueSpecification\",\"valueRequired\":true,\"valueName\":\"search_term_string\"}}],\"inLanguage\":\"fr-FR\"},{\"@type\":\"Organization\",\"@id\":\"https:\\\/\\\/news.save.ch\\\/de\\\/#organization\",\"name\":\"Sicherheitsforum\",\"url\":\"https:\\\/\\\/news.save.ch\\\/de\\\/\",\"logo\":{\"@type\":\"ImageObject\",\"inLanguage\":\"fr-FR\",\"@id\":\"https:\\\/\\\/news.save.ch\\\/de\\\/#\\\/schema\\\/logo\\\/image\\\/\",\"url\":\"https:\\\/\\\/news.save.ch\\\/wp-content\\\/uploads\\\/2022\\\/06\\\/Logo_SF_2012.png\",\"contentUrl\":\"https:\\\/\\\/news.save.ch\\\/wp-content\\\/uploads\\\/2022\\\/06\\\/Logo_SF_2012.png\",\"width\":1100,\"height\":91,\"caption\":\"Sicherheitsforum\"},\"image\":{\"@id\":\"https:\\\/\\\/news.save.ch\\\/de\\\/#\\\/schema\\\/logo\\\/image\\\/\"}},{\"@type\":\"Person\",\"@id\":\"https:\\\/\\\/news.save.ch\\\/de\\\/#\\\/schema\\\/person\\\/d49e199490bad7c70d64b9ab51142f2b\",\"name\":\"admin\",\"image\":{\"@type\":\"ImageObject\",\"inLanguage\":\"fr-FR\",\"@id\":\"https:\\\/\\\/secure.gravatar.com\\\/avatar\\\/ae2f4d718e6c49043e314ce431e7e645d646302a24a5ef5a8bc8e3f5a032e319?s=96&d=mm&r=g\",\"url\":\"https:\\\/\\\/secure.gravatar.com\\\/avatar\\\/ae2f4d718e6c49043e314ce431e7e645d646302a24a5ef5a8bc8e3f5a032e319?s=96&d=mm&r=g\",\"contentUrl\":\"https:\\\/\\\/secure.gravatar.com\\\/avatar\\\/ae2f4d718e6c49043e314ce431e7e645d646302a24a5ef5a8bc8e3f5a032e319?s=96&d=mm&r=g\",\"caption\":\"admin\"},\"sameAs\":[\"https:\\\/\\\/develop.organisator.galledia.ch\"],\"url\":\"https:\\\/\\\/news.save.ch\\\/fr\\\/author\\\/admin\\\/\"}]}<\/script>\n<!-- \/ Yoast SEO plugin. -->","yoast_head_json":{"title":"L'utilisation de la vid\u00e9o sur le lieu de travail se d\u00e9veloppe - Save","description":"La communication vid\u00e9o devient un \u00e9l\u00e9ment central de la collaboration.","robots":{"index":"index","follow":"follow","max-snippet":"max-snippet:-1","max-image-preview":"max-image-preview:large","max-video-preview":"max-video-preview:-1"},"canonical":"https:\/\/news.save.ch\/fr\/video-einsatz-am-arbeitsplatz-waechst\/","og_locale":"fr_FR","og_type":"article","og_title":"Video-Einsatz am Arbeitsplatz w\u00e4chst","og_description":"Die Video-Kommunikation entwickelt sich zum zentralen Element bei der Zusammenarbeit. Cloud-basierte Collaboration-L\u00f6sungen f\u00f6rdern den Trend, zumal Sicherheitsbedenken kaum ein Thema sind.","og_url":"https:\/\/news.save.ch\/fr\/video-einsatz-am-arbeitsplatz-waechst\/","og_site_name":"Save","article_published_time":"2016-08-18T05:50:12+00:00","article_modified_time":"2023-03-14T07:57:14+00:00","og_image":[{"url":"https:\/\/news.save.ch\/wp-content\/uploads\/2016\/12\/Video-Einsatz-am-Arbeitsplatz-w\u00e4chst-it-security.jpg","type":"","width":"","height":""}],"author":"admin","twitter_card":"summary_large_image","twitter_misc":{"\u00c9crit par":"admin","Dur\u00e9e de lecture estim\u00e9e":"2 minutes"},"schema":{"@context":"https:\/\/schema.org","@graph":[{"@type":"Article","@id":"https:\/\/news.save.ch\/video-einsatz-am-arbeitsplatz-waechst\/#article","isPartOf":{"@id":"https:\/\/news.save.ch\/video-einsatz-am-arbeitsplatz-waechst\/"},"author":{"name":"admin","@id":"https:\/\/news.save.ch\/de\/#\/schema\/person\/d49e199490bad7c70d64b9ab51142f2b"},"headline":"Video-Einsatz am Arbeitsplatz w\u00e4chst","datePublished":"2016-08-18T05:50:12+00:00","dateModified":"2023-03-14T07:57:14+00:00","mainEntityOfPage":{"@id":"https:\/\/news.save.ch\/video-einsatz-am-arbeitsplatz-waechst\/"},"wordCount":452,"commentCount":0,"publisher":{"@id":"https:\/\/news.save.ch\/de\/#organization"},"image":{"@id":"https:\/\/news.save.ch\/video-einsatz-am-arbeitsplatz-waechst\/#primaryimage"},"thumbnailUrl":"https:\/\/news.save.ch\/wp-content\/uploads\/2016\/12\/Video-Einsatz-am-Arbeitsplatz-waechst-it-security.jpg","keywords":["IT-SECURITY","Studie"],"articleSection":["DIGITALISIERUNG"],"inLanguage":"fr-FR"},{"@type":"WebPage","@id":"https:\/\/news.save.ch\/video-einsatz-am-arbeitsplatz-waechst\/","url":"https:\/\/news.save.ch\/video-einsatz-am-arbeitsplatz-waechst\/","name":"L'utilisation de la vid\u00e9o sur le lieu de travail se d\u00e9veloppe - Save","isPartOf":{"@id":"https:\/\/news.save.ch\/de\/#website"},"primaryImageOfPage":{"@id":"https:\/\/news.save.ch\/video-einsatz-am-arbeitsplatz-waechst\/#primaryimage"},"image":{"@id":"https:\/\/news.save.ch\/video-einsatz-am-arbeitsplatz-waechst\/#primaryimage"},"thumbnailUrl":"https:\/\/news.save.ch\/wp-content\/uploads\/2016\/12\/Video-Einsatz-am-Arbeitsplatz-waechst-it-security.jpg","datePublished":"2016-08-18T05:50:12+00:00","dateModified":"2023-03-14T07:57:14+00:00","description":"La communication vid\u00e9o devient un \u00e9l\u00e9ment central de la collaboration.","breadcrumb":{"@id":"https:\/\/news.save.ch\/video-einsatz-am-arbeitsplatz-waechst\/#breadcrumb"},"inLanguage":"fr-FR","potentialAction":[{"@type":"ReadAction","target":["https:\/\/news.save.ch\/video-einsatz-am-arbeitsplatz-waechst\/"]}]},{"@type":"ImageObject","inLanguage":"fr-FR","@id":"https:\/\/news.save.ch\/video-einsatz-am-arbeitsplatz-waechst\/#primaryimage","url":"https:\/\/news.save.ch\/wp-content\/uploads\/2016\/12\/Video-Einsatz-am-Arbeitsplatz-waechst-it-security.jpg","contentUrl":"https:\/\/news.save.ch\/wp-content\/uploads\/2016\/12\/Video-Einsatz-am-Arbeitsplatz-waechst-it-security.jpg","width":1000,"height":667,"caption":"\u00a9 depositphotos"},{"@type":"BreadcrumbList","@id":"https:\/\/news.save.ch\/video-einsatz-am-arbeitsplatz-waechst\/#breadcrumb","itemListElement":[{"@type":"ListItem","position":1,"name":"Home","item":"https:\/\/news.save.ch\/de\/"},{"@type":"ListItem","position":2,"name":"Video-Einsatz am Arbeitsplatz w\u00e4chst"}]},{"@type":"WebSite","@id":"https:\/\/news.save.ch\/de\/#website","url":"https:\/\/news.save.ch\/de\/","name":"Save","description":"Revue suisse sp\u00e9cialis\u00e9e dans la s\u00e9curit\u00e9","publisher":{"@id":"https:\/\/news.save.ch\/de\/#organization"},"potentialAction":[{"@type":"SearchAction","target":{"@type":"EntryPoint","urlTemplate":"https:\/\/news.save.ch\/de\/?s={search_term_string}"},"query-input":{"@type":"PropertyValueSpecification","valueRequired":true,"valueName":"search_term_string"}}],"inLanguage":"fr-FR"},{"@type":"Organization","@id":"https:\/\/news.save.ch\/de\/#organization","name":"Forum sur la s\u00e9curit\u00e9","url":"https:\/\/news.save.ch\/de\/","logo":{"@type":"ImageObject","inLanguage":"fr-FR","@id":"https:\/\/news.save.ch\/de\/#\/schema\/logo\/image\/","url":"https:\/\/news.save.ch\/wp-content\/uploads\/2022\/06\/Logo_SF_2012.png","contentUrl":"https:\/\/news.save.ch\/wp-content\/uploads\/2022\/06\/Logo_SF_2012.png","width":1100,"height":91,"caption":"Sicherheitsforum"},"image":{"@id":"https:\/\/news.save.ch\/de\/#\/schema\/logo\/image\/"}},{"@type":"Person","@id":"https:\/\/news.save.ch\/de\/#\/schema\/person\/d49e199490bad7c70d64b9ab51142f2b","name":"admin","image":{"@type":"ImageObject","inLanguage":"fr-FR","@id":"https:\/\/secure.gravatar.com\/avatar\/ae2f4d718e6c49043e314ce431e7e645d646302a24a5ef5a8bc8e3f5a032e319?s=96&d=mm&r=g","url":"https:\/\/secure.gravatar.com\/avatar\/ae2f4d718e6c49043e314ce431e7e645d646302a24a5ef5a8bc8e3f5a032e319?s=96&d=mm&r=g","contentUrl":"https:\/\/secure.gravatar.com\/avatar\/ae2f4d718e6c49043e314ce431e7e645d646302a24a5ef5a8bc8e3f5a032e319?s=96&d=mm&r=g","caption":"admin"},"sameAs":["https:\/\/develop.organisator.galledia.ch"],"url":"https:\/\/news.save.ch\/fr\/author\/admin\/"}]}},"_links":{"self":[{"href":"https:\/\/news.save.ch\/fr\/wp-json\/wp\/v2\/posts\/1321","targetHints":{"allow":["GET"]}}],"collection":[{"href":"https:\/\/news.save.ch\/fr\/wp-json\/wp\/v2\/posts"}],"about":[{"href":"https:\/\/news.save.ch\/fr\/wp-json\/wp\/v2\/types\/post"}],"author":[{"embeddable":true,"href":"https:\/\/news.save.ch\/fr\/wp-json\/wp\/v2\/users\/1"}],"replies":[{"embeddable":true,"href":"https:\/\/news.save.ch\/fr\/wp-json\/wp\/v2\/comments?post=1321"}],"version-history":[{"count":1,"href":"https:\/\/news.save.ch\/fr\/wp-json\/wp\/v2\/posts\/1321\/revisions"}],"predecessor-version":[{"id":17587,"href":"https:\/\/news.save.ch\/fr\/wp-json\/wp\/v2\/posts\/1321\/revisions\/17587"}],"wp:featuredmedia":[{"embeddable":true,"href":"https:\/\/news.save.ch\/fr\/wp-json\/wp\/v2\/media\/1322"}],"wp:attachment":[{"href":"https:\/\/news.save.ch\/fr\/wp-json\/wp\/v2\/media?parent=1321"}],"wp:term":[{"taxonomy":"category","embeddable":true,"href":"https:\/\/news.save.ch\/fr\/wp-json\/wp\/v2\/categories?post=1321"},{"taxonomy":"post_tag","embeddable":true,"href":"https:\/\/news.save.ch\/fr\/wp-json\/wp\/v2\/tags?post=1321"}],"curies":[{"name":"wp","href":"https:\/\/api.w.org\/{rel}","templated":true}]}}