{"id":1346,"date":"2016-08-02T08:20:24","date_gmt":"2016-08-02T06:20:24","guid":{"rendered":"https:\/\/dev.sicherheitsforum.ch\/?p=1346"},"modified":"2023-03-14T08:57:15","modified_gmt":"2023-03-14T07:57:15","slug":"ntt-security-geht-an-den-start","status":null,"type":"post","link":"https:\/\/news.save.ch\/fr\/ntt-security-geht-an-den-start\/","title":{"rendered":"NTT Security se lance dans la course"},"content":{"rendered":"<p><img loading=\"lazy\" decoding=\"async\" class=\"alignnone size-full wp-image-1347\" src=\"https:\/\/sicherheitsforum.ch\/wp-content\/uploads\/2016\/12\/NTT-Security-geht-an-den-Start-it-security.jpg\" alt=\"\" width=\"650\" height=\"613\" srcset=\"https:\/\/news.save.ch\/wp-content\/uploads\/2016\/12\/NTT-Security-geht-an-den-Start-it-security.jpg 650w, https:\/\/news.save.ch\/wp-content\/uploads\/2016\/12\/NTT-Security-geht-an-den-Start-it-security-318x300.jpg 318w\" sizes=\"auto, (max-width: 650px) 100vw, 650px\" \/><\/p>\n<p><a href=\"https:\/\/www.nttsecurity.com\" target=\"_blank\" data-cke-saved-href=\"https:\/\/www.nttsecurity.com\" rel=\"noopener\">NTT Security<\/a>\u00a0est une entreprise sp\u00e9cialis\u00e9e dans la s\u00e9curit\u00e9 et fait partie du groupe NTT. L'entreprise de s\u00e9curit\u00e9 qui vient d'\u00eatre lanc\u00e9e sera int\u00e9gr\u00e9e dans une organisation matricielle qui comprendra le si\u00e8ge mondial et quatre si\u00e8ges r\u00e9gionaux aux Etats-Unis, en Europe, dans la r\u00e9gion APAC et au Japon, selon NTT. Dans le courant du mois d'ao\u00fbt, NTT Security aura ses propres succursales dans 14 pays et poursuivra son expansion mondiale. La succursale locale NTT Com Security (Switzerland) AG sera rebaptis\u00e9e NTT Security (Switzerland) AG en Suisse, est-il \u00e9galement pr\u00e9cis\u00e9.<\/p>","protected":false},"excerpt":{"rendered":"<p>NTT Security\u00a0ist ein\u00a0auf Sicherheit spezialisierte Unternehmen und Teil der NTT Group. Das soeben gestartete Sicherheitsunternehmen\u00a0wird in eine Matrix-Organisation eingebettet, die den weltweiten Hauptsitz und vier regionale Hauptsitze in den USA, Europa, APAC und Japan umfasst, wie die NTT\u00a0schreibt. Im Laufe des Augusts werde NTT Security in 14 L\u00e4ndern eigene Niederlassungen haben und global weiter expandieren.\u00a0Die [&hellip;]<\/p>\n","protected":false},"author":1,"featured_media":1347,"comment_status":"open","ping_status":"open","sticky":false,"template":"","format":"standard","meta":{"_acf_changed":false,"pgc_sgb_lightbox_settings":"","footnotes":""},"categories":[3313],"tags":[62,63,65],"class_list":["post-1346","post","type-post","status-publish","format-standard","has-post-thumbnail","hentry","category-digitalisierung","tag-ict-sicherheit","tag-it-security","tag-unternehmen"],"acf":[],"hkrextid":null,"publication":null,"issue":null,"workflow":null,"startPage":null,"spitzmarke":null,"_posts_by_tag_page_fields":{"widget_title":"","widget_tags":""},"_at_widget":"1","_yoast_wpseo_primary_category":"2","_yoast_wpseo_focuskw_text_input":"NTT Security","_yoast_wpseo_opengraph-image":"https:\/\/news.save.ch\/wp-content\/uploads\/2016\/12\/NTT-Security-geht-an-den-Start-it-security.jpg","_yoast_wpseo_opengraph-description":"Die NTT Security Corporation mit Hauptsitz in Tokio hat soeben ihren Betrieb aufgenommen. In der Schweiz kommt es zur Namens\u00e4nderung.","_yoast_wpseo_opengraph-title":"NTT Security geht an den Start","enclosure":null,"_yoast_wpseo_twitter-title":null,"_yoast_wpseo_twitter-description":null,"_yoast_wpseo_twitter-image":null,"_wp_old_slug":null,"_yoast_wpseo_title":null,"_yoast_wpseo_canonical":null,"yoast_head":"<!-- This site is optimized with the Yoast SEO plugin v27.5 - https:\/\/yoast.com\/product\/yoast-seo-wordpress\/ -->\n<title>NTT Security geht an den Start - Save<\/title>\n<meta name=\"description\" content=\"Die NTT Security Corporation mit Hauptsitz in Tokio hat soeben ihren Betrieb aufgenommen. In der Schweiz kommt es zur Namens\u00e4nderung.\" \/>\n<meta name=\"robots\" content=\"index, follow, max-snippet:-1, max-image-preview:large, max-video-preview:-1\" \/>\n<link rel=\"canonical\" href=\"https:\/\/news.save.ch\/fr\/ntt-security-geht-an-den-start\/\" \/>\n<meta property=\"og:locale\" content=\"fr_FR\" \/>\n<meta property=\"og:type\" content=\"article\" \/>\n<meta property=\"og:title\" content=\"NTT Security geht an den Start\" \/>\n<meta property=\"og:description\" content=\"Die NTT Security Corporation mit Hauptsitz in Tokio hat soeben ihren Betrieb aufgenommen. In der Schweiz kommt es zur Namens\u00e4nderung.\" \/>\n<meta property=\"og:url\" content=\"https:\/\/news.save.ch\/fr\/ntt-security-geht-an-den-start\/\" \/>\n<meta property=\"og:site_name\" content=\"Save\" \/>\n<meta property=\"article:published_time\" content=\"2016-08-02T06:20:24+00:00\" \/>\n<meta property=\"article:modified_time\" content=\"2023-03-14T07:57:15+00:00\" \/>\n<meta property=\"og:image\" content=\"https:\/\/news.save.ch\/wp-content\/uploads\/2016\/12\/NTT-Security-geht-an-den-Start-it-security.jpg\" \/>\n<meta name=\"author\" content=\"admin\" \/>\n<meta name=\"twitter:card\" content=\"summary_large_image\" \/>\n<meta name=\"twitter:label1\" content=\"\u00c9crit par\" \/>\n\t<meta name=\"twitter:data1\" content=\"admin\" \/>\n<script type=\"application\/ld+json\" class=\"yoast-schema-graph\">{\"@context\":\"https:\\\/\\\/schema.org\",\"@graph\":[{\"@type\":\"Article\",\"@id\":\"https:\\\/\\\/news.save.ch\\\/ntt-security-geht-an-den-start\\\/#article\",\"isPartOf\":{\"@id\":\"https:\\\/\\\/news.save.ch\\\/ntt-security-geht-an-den-start\\\/\"},\"author\":{\"name\":\"admin\",\"@id\":\"https:\\\/\\\/news.save.ch\\\/de\\\/#\\\/schema\\\/person\\\/d49e199490bad7c70d64b9ab51142f2b\"},\"headline\":\"NTT Security geht an den Start\",\"datePublished\":\"2016-08-02T06:20:24+00:00\",\"dateModified\":\"2023-03-14T07:57:15+00:00\",\"mainEntityOfPage\":{\"@id\":\"https:\\\/\\\/news.save.ch\\\/ntt-security-geht-an-den-start\\\/\"},\"wordCount\":86,\"commentCount\":0,\"publisher\":{\"@id\":\"https:\\\/\\\/news.save.ch\\\/de\\\/#organization\"},\"image\":{\"@id\":\"https:\\\/\\\/news.save.ch\\\/ntt-security-geht-an-den-start\\\/#primaryimage\"},\"thumbnailUrl\":\"https:\\\/\\\/news.save.ch\\\/wp-content\\\/uploads\\\/2016\\\/12\\\/NTT-Security-geht-an-den-Start-it-security.jpg\",\"keywords\":[\"ICT-Sicherheit\",\"IT-SECURITY\",\"Unternehmen\"],\"articleSection\":[\"DIGITALISIERUNG\"],\"inLanguage\":\"fr-FR\"},{\"@type\":\"WebPage\",\"@id\":\"https:\\\/\\\/news.save.ch\\\/ntt-security-geht-an-den-start\\\/\",\"url\":\"https:\\\/\\\/news.save.ch\\\/ntt-security-geht-an-den-start\\\/\",\"name\":\"NTT Security geht an den Start - Save\",\"isPartOf\":{\"@id\":\"https:\\\/\\\/news.save.ch\\\/de\\\/#website\"},\"primaryImageOfPage\":{\"@id\":\"https:\\\/\\\/news.save.ch\\\/ntt-security-geht-an-den-start\\\/#primaryimage\"},\"image\":{\"@id\":\"https:\\\/\\\/news.save.ch\\\/ntt-security-geht-an-den-start\\\/#primaryimage\"},\"thumbnailUrl\":\"https:\\\/\\\/news.save.ch\\\/wp-content\\\/uploads\\\/2016\\\/12\\\/NTT-Security-geht-an-den-Start-it-security.jpg\",\"datePublished\":\"2016-08-02T06:20:24+00:00\",\"dateModified\":\"2023-03-14T07:57:15+00:00\",\"description\":\"Die NTT Security Corporation mit Hauptsitz in Tokio hat soeben ihren Betrieb aufgenommen. In der Schweiz kommt es zur Namens\u00e4nderung.\",\"breadcrumb\":{\"@id\":\"https:\\\/\\\/news.save.ch\\\/ntt-security-geht-an-den-start\\\/#breadcrumb\"},\"inLanguage\":\"fr-FR\",\"potentialAction\":[{\"@type\":\"ReadAction\",\"target\":[\"https:\\\/\\\/news.save.ch\\\/ntt-security-geht-an-den-start\\\/\"]}]},{\"@type\":\"ImageObject\",\"inLanguage\":\"fr-FR\",\"@id\":\"https:\\\/\\\/news.save.ch\\\/ntt-security-geht-an-den-start\\\/#primaryimage\",\"url\":\"https:\\\/\\\/news.save.ch\\\/wp-content\\\/uploads\\\/2016\\\/12\\\/NTT-Security-geht-an-den-Start-it-security.jpg\",\"contentUrl\":\"https:\\\/\\\/news.save.ch\\\/wp-content\\\/uploads\\\/2016\\\/12\\\/NTT-Security-geht-an-den-Start-it-security.jpg\",\"width\":650,\"height\":613},{\"@type\":\"BreadcrumbList\",\"@id\":\"https:\\\/\\\/news.save.ch\\\/ntt-security-geht-an-den-start\\\/#breadcrumb\",\"itemListElement\":[{\"@type\":\"ListItem\",\"position\":1,\"name\":\"Home\",\"item\":\"https:\\\/\\\/news.save.ch\\\/de\\\/\"},{\"@type\":\"ListItem\",\"position\":2,\"name\":\"NTT Security geht an den Start\"}]},{\"@type\":\"WebSite\",\"@id\":\"https:\\\/\\\/news.save.ch\\\/de\\\/#website\",\"url\":\"https:\\\/\\\/news.save.ch\\\/de\\\/\",\"name\":\"Save\",\"description\":\"Schweizer Fachzeitschrift f\u00fcr Sicherheit\",\"publisher\":{\"@id\":\"https:\\\/\\\/news.save.ch\\\/de\\\/#organization\"},\"potentialAction\":[{\"@type\":\"SearchAction\",\"target\":{\"@type\":\"EntryPoint\",\"urlTemplate\":\"https:\\\/\\\/news.save.ch\\\/de\\\/?s={search_term_string}\"},\"query-input\":{\"@type\":\"PropertyValueSpecification\",\"valueRequired\":true,\"valueName\":\"search_term_string\"}}],\"inLanguage\":\"fr-FR\"},{\"@type\":\"Organization\",\"@id\":\"https:\\\/\\\/news.save.ch\\\/de\\\/#organization\",\"name\":\"Sicherheitsforum\",\"url\":\"https:\\\/\\\/news.save.ch\\\/de\\\/\",\"logo\":{\"@type\":\"ImageObject\",\"inLanguage\":\"fr-FR\",\"@id\":\"https:\\\/\\\/news.save.ch\\\/de\\\/#\\\/schema\\\/logo\\\/image\\\/\",\"url\":\"https:\\\/\\\/news.save.ch\\\/wp-content\\\/uploads\\\/2022\\\/06\\\/Logo_SF_2012.png\",\"contentUrl\":\"https:\\\/\\\/news.save.ch\\\/wp-content\\\/uploads\\\/2022\\\/06\\\/Logo_SF_2012.png\",\"width\":1100,\"height\":91,\"caption\":\"Sicherheitsforum\"},\"image\":{\"@id\":\"https:\\\/\\\/news.save.ch\\\/de\\\/#\\\/schema\\\/logo\\\/image\\\/\"}},{\"@type\":\"Person\",\"@id\":\"https:\\\/\\\/news.save.ch\\\/de\\\/#\\\/schema\\\/person\\\/d49e199490bad7c70d64b9ab51142f2b\",\"name\":\"admin\",\"image\":{\"@type\":\"ImageObject\",\"inLanguage\":\"fr-FR\",\"@id\":\"https:\\\/\\\/secure.gravatar.com\\\/avatar\\\/ae2f4d718e6c49043e314ce431e7e645d646302a24a5ef5a8bc8e3f5a032e319?s=96&d=mm&r=g\",\"url\":\"https:\\\/\\\/secure.gravatar.com\\\/avatar\\\/ae2f4d718e6c49043e314ce431e7e645d646302a24a5ef5a8bc8e3f5a032e319?s=96&d=mm&r=g\",\"contentUrl\":\"https:\\\/\\\/secure.gravatar.com\\\/avatar\\\/ae2f4d718e6c49043e314ce431e7e645d646302a24a5ef5a8bc8e3f5a032e319?s=96&d=mm&r=g\",\"caption\":\"admin\"},\"sameAs\":[\"https:\\\/\\\/develop.organisator.galledia.ch\"],\"url\":\"https:\\\/\\\/news.save.ch\\\/fr\\\/author\\\/admin\\\/\"}]}<\/script>\n<!-- \/ Yoast SEO plugin. -->","yoast_head_json":{"title":"NTT Security se lance - Save","description":"La soci\u00e9t\u00e9 NTT Security Corporation, dont le si\u00e8ge principal est \u00e0 Tokyo, vient de lancer ses activit\u00e9s. En Suisse, elle change de nom.","robots":{"index":"index","follow":"follow","max-snippet":"max-snippet:-1","max-image-preview":"max-image-preview:large","max-video-preview":"max-video-preview:-1"},"canonical":"https:\/\/news.save.ch\/fr\/ntt-security-geht-an-den-start\/","og_locale":"fr_FR","og_type":"article","og_title":"NTT Security geht an den Start","og_description":"Die NTT Security Corporation mit Hauptsitz in Tokio hat soeben ihren Betrieb aufgenommen. In der Schweiz kommt es zur Namens\u00e4nderung.","og_url":"https:\/\/news.save.ch\/fr\/ntt-security-geht-an-den-start\/","og_site_name":"Save","article_published_time":"2016-08-02T06:20:24+00:00","article_modified_time":"2023-03-14T07:57:15+00:00","og_image":[{"url":"https:\/\/news.save.ch\/wp-content\/uploads\/2016\/12\/NTT-Security-geht-an-den-Start-it-security.jpg","type":"","width":"","height":""}],"author":"admin","twitter_card":"summary_large_image","twitter_misc":{"\u00c9crit par":"admin"},"schema":{"@context":"https:\/\/schema.org","@graph":[{"@type":"Article","@id":"https:\/\/news.save.ch\/ntt-security-geht-an-den-start\/#article","isPartOf":{"@id":"https:\/\/news.save.ch\/ntt-security-geht-an-den-start\/"},"author":{"name":"admin","@id":"https:\/\/news.save.ch\/de\/#\/schema\/person\/d49e199490bad7c70d64b9ab51142f2b"},"headline":"NTT Security geht an den Start","datePublished":"2016-08-02T06:20:24+00:00","dateModified":"2023-03-14T07:57:15+00:00","mainEntityOfPage":{"@id":"https:\/\/news.save.ch\/ntt-security-geht-an-den-start\/"},"wordCount":86,"commentCount":0,"publisher":{"@id":"https:\/\/news.save.ch\/de\/#organization"},"image":{"@id":"https:\/\/news.save.ch\/ntt-security-geht-an-den-start\/#primaryimage"},"thumbnailUrl":"https:\/\/news.save.ch\/wp-content\/uploads\/2016\/12\/NTT-Security-geht-an-den-Start-it-security.jpg","keywords":["ICT-Sicherheit","IT-SECURITY","Unternehmen"],"articleSection":["DIGITALISIERUNG"],"inLanguage":"fr-FR"},{"@type":"WebPage","@id":"https:\/\/news.save.ch\/ntt-security-geht-an-den-start\/","url":"https:\/\/news.save.ch\/ntt-security-geht-an-den-start\/","name":"NTT Security se lance - Save","isPartOf":{"@id":"https:\/\/news.save.ch\/de\/#website"},"primaryImageOfPage":{"@id":"https:\/\/news.save.ch\/ntt-security-geht-an-den-start\/#primaryimage"},"image":{"@id":"https:\/\/news.save.ch\/ntt-security-geht-an-den-start\/#primaryimage"},"thumbnailUrl":"https:\/\/news.save.ch\/wp-content\/uploads\/2016\/12\/NTT-Security-geht-an-den-Start-it-security.jpg","datePublished":"2016-08-02T06:20:24+00:00","dateModified":"2023-03-14T07:57:15+00:00","description":"La soci\u00e9t\u00e9 NTT Security Corporation, dont le si\u00e8ge principal est \u00e0 Tokyo, vient de lancer ses activit\u00e9s. En Suisse, elle change de nom.","breadcrumb":{"@id":"https:\/\/news.save.ch\/ntt-security-geht-an-den-start\/#breadcrumb"},"inLanguage":"fr-FR","potentialAction":[{"@type":"ReadAction","target":["https:\/\/news.save.ch\/ntt-security-geht-an-den-start\/"]}]},{"@type":"ImageObject","inLanguage":"fr-FR","@id":"https:\/\/news.save.ch\/ntt-security-geht-an-den-start\/#primaryimage","url":"https:\/\/news.save.ch\/wp-content\/uploads\/2016\/12\/NTT-Security-geht-an-den-Start-it-security.jpg","contentUrl":"https:\/\/news.save.ch\/wp-content\/uploads\/2016\/12\/NTT-Security-geht-an-den-Start-it-security.jpg","width":650,"height":613},{"@type":"BreadcrumbList","@id":"https:\/\/news.save.ch\/ntt-security-geht-an-den-start\/#breadcrumb","itemListElement":[{"@type":"ListItem","position":1,"name":"Home","item":"https:\/\/news.save.ch\/de\/"},{"@type":"ListItem","position":2,"name":"NTT Security geht an den Start"}]},{"@type":"WebSite","@id":"https:\/\/news.save.ch\/de\/#website","url":"https:\/\/news.save.ch\/de\/","name":"Save","description":"Revue suisse sp\u00e9cialis\u00e9e dans la s\u00e9curit\u00e9","publisher":{"@id":"https:\/\/news.save.ch\/de\/#organization"},"potentialAction":[{"@type":"SearchAction","target":{"@type":"EntryPoint","urlTemplate":"https:\/\/news.save.ch\/de\/?s={search_term_string}"},"query-input":{"@type":"PropertyValueSpecification","valueRequired":true,"valueName":"search_term_string"}}],"inLanguage":"fr-FR"},{"@type":"Organization","@id":"https:\/\/news.save.ch\/de\/#organization","name":"Forum sur la s\u00e9curit\u00e9","url":"https:\/\/news.save.ch\/de\/","logo":{"@type":"ImageObject","inLanguage":"fr-FR","@id":"https:\/\/news.save.ch\/de\/#\/schema\/logo\/image\/","url":"https:\/\/news.save.ch\/wp-content\/uploads\/2022\/06\/Logo_SF_2012.png","contentUrl":"https:\/\/news.save.ch\/wp-content\/uploads\/2022\/06\/Logo_SF_2012.png","width":1100,"height":91,"caption":"Sicherheitsforum"},"image":{"@id":"https:\/\/news.save.ch\/de\/#\/schema\/logo\/image\/"}},{"@type":"Person","@id":"https:\/\/news.save.ch\/de\/#\/schema\/person\/d49e199490bad7c70d64b9ab51142f2b","name":"admin","image":{"@type":"ImageObject","inLanguage":"fr-FR","@id":"https:\/\/secure.gravatar.com\/avatar\/ae2f4d718e6c49043e314ce431e7e645d646302a24a5ef5a8bc8e3f5a032e319?s=96&d=mm&r=g","url":"https:\/\/secure.gravatar.com\/avatar\/ae2f4d718e6c49043e314ce431e7e645d646302a24a5ef5a8bc8e3f5a032e319?s=96&d=mm&r=g","contentUrl":"https:\/\/secure.gravatar.com\/avatar\/ae2f4d718e6c49043e314ce431e7e645d646302a24a5ef5a8bc8e3f5a032e319?s=96&d=mm&r=g","caption":"admin"},"sameAs":["https:\/\/develop.organisator.galledia.ch"],"url":"https:\/\/news.save.ch\/fr\/author\/admin\/"}]}},"_links":{"self":[{"href":"https:\/\/news.save.ch\/fr\/wp-json\/wp\/v2\/posts\/1346","targetHints":{"allow":["GET"]}}],"collection":[{"href":"https:\/\/news.save.ch\/fr\/wp-json\/wp\/v2\/posts"}],"about":[{"href":"https:\/\/news.save.ch\/fr\/wp-json\/wp\/v2\/types\/post"}],"author":[{"embeddable":true,"href":"https:\/\/news.save.ch\/fr\/wp-json\/wp\/v2\/users\/1"}],"replies":[{"embeddable":true,"href":"https:\/\/news.save.ch\/fr\/wp-json\/wp\/v2\/comments?post=1346"}],"version-history":[{"count":1,"href":"https:\/\/news.save.ch\/fr\/wp-json\/wp\/v2\/posts\/1346\/revisions"}],"predecessor-version":[{"id":17593,"href":"https:\/\/news.save.ch\/fr\/wp-json\/wp\/v2\/posts\/1346\/revisions\/17593"}],"wp:featuredmedia":[{"embeddable":true,"href":"https:\/\/news.save.ch\/fr\/wp-json\/wp\/v2\/media\/1347"}],"wp:attachment":[{"href":"https:\/\/news.save.ch\/fr\/wp-json\/wp\/v2\/media?parent=1346"}],"wp:term":[{"taxonomy":"category","embeddable":true,"href":"https:\/\/news.save.ch\/fr\/wp-json\/wp\/v2\/categories?post=1346"},{"taxonomy":"post_tag","embeddable":true,"href":"https:\/\/news.save.ch\/fr\/wp-json\/wp\/v2\/tags?post=1346"}],"curies":[{"name":"wp","href":"https:\/\/api.w.org\/{rel}","templated":true}]}}