{"id":13814,"date":"2022-03-17T09:28:19","date_gmt":"2022-03-17T08:28:19","guid":{"rendered":"https:\/\/news.save.ch\/?p=13814"},"modified":"2023-07-29T09:51:52","modified_gmt":"2023-07-29T07:51:52","slug":"mehr-bedarf-an-globaler-sicherheitsreichweite","status":null,"type":"post","link":"https:\/\/news.save.ch\/fr\/mehr-bedarf-an-globaler-sicherheitsreichweite\/","title":{"rendered":"Un besoin accru de couverture de s\u00e9curit\u00e9 mondiale"},"content":{"rendered":"<figure id=\"attachment_13822\" aria-describedby=\"caption-attachment-13822\" style=\"width: 999px\" class=\"wp-caption alignleft\"><img loading=\"lazy\" decoding=\"async\" class=\"wp-image-13822 size-full\" src=\"https:\/\/news.save.ch\/wp-content\/uploads\/2022\/03\/Depositphotos_246314814_S.jpg\" alt=\"Entreprises multinationales\" width=\"999\" height=\"667\" srcset=\"https:\/\/news.save.ch\/wp-content\/uploads\/2022\/03\/Depositphotos_246314814_S.jpg 999w, https:\/\/news.save.ch\/wp-content\/uploads\/2022\/03\/Depositphotos_246314814_S-375x250.jpg 375w\" sizes=\"auto, (max-width: 999px) 100vw, 999px\" \/><figcaption id=\"caption-attachment-13822\" class=\"wp-caption-text\">Image : depositphotos<\/figcaption><\/figure>\n<p>Un monde de plus en plus interconnect\u00e9 comporte \u00e9galement de nombreux d\u00e9fis en mati\u00e8re de s\u00e9curit\u00e9 et d'\u00e9conomie. Non seulement les crises pass\u00e9es, mais aussi la guerre actuelle en Ukraine suscitent de nouvelles r\u00e9flexions dans le secteur de la s\u00e9curit\u00e9 mondiale. L'importance d'une planification pr\u00e9visionnelle des \u00e9vacuations pour les entreprises multinationales, par exemple, est illustr\u00e9e par une estimation de l'organisation mondiale de la s\u00e9curit\u00e9. <a href=\"https:\/\/www.security-ligue.org\/news?tx_news_pi1%5Baction%5D=detail&amp;tx_news_pi1%5Bcontroller%5D=News&amp;tx_news_pi1%5Bnews%5D=146&amp;cHash=1ad480a965cfdd6025132bb2b6714022\" target=\"_blank\" rel=\"noopener\">Ligue internationale de s\u00e9curit\u00e9<\/a>. Selon l'association internationale de s\u00e9curit\u00e9, il y a cinq le\u00e7ons que les entreprises ont apprises face aux \u00e9v\u00e9nements de crise actuels.<\/p>\n<p>Ainsi, des risques et des d\u00e9pendances mondiaux plus importants peuvent inciter les entreprises \u00e0 renforcer leurs capacit\u00e9s dans diff\u00e9rents domaines de gestion. Selon l'association, apr\u00e8s avoir \u00e9t\u00e9 surpris par un conflit r\u00e9gional, un fabricant mondial a d\u00fb renforcer ses capacit\u00e9s internes et ses partenariats externes en mati\u00e8re de s\u00e9curit\u00e9.<\/p>\n<p>Diff\u00e9rents aspects doivent \u00eatre pris en compte, comme par exemple<\/p>\n<ul>\n<li>Planification de la gestion de crise (globale)<\/li>\n<li>Protection des cadres et des services en cas de risques li\u00e9s aux voyages internationaux<\/li>\n<li>Le type de services, la dur\u00e9e des services et le co\u00fbt des services<\/li>\n<li>L'\u00e9volutivit\u00e9 du programme d'\u00e9thique d'entreprise pour d'autres pays<\/li>\n<li>\u00c9valuations des risques environnementaux \u00e0 l'\u00e9chelle mondiale<\/li>\n<li>Un profilage g\u00e9opolitique au cas o\u00f9 l'entreprise envisagerait de s'\u00e9tendre dans des r\u00e9gions mondiales inconnues.<\/li>\n<\/ul>\n<p>Une instabilit\u00e9 politique et des troubles sociaux augmentent en outre le niveau de menace d'une installation \u00e0 prot\u00e9ger et peuvent mettre en danger la s\u00e9curit\u00e9 du personnel, ce qui peut n\u00e9cessiter une \u00e9vacuation rapide et\/ou l'arr\u00eat de la production, respectivement des services.<\/p>\n<p>Toutefois, des investissements plus importants dans les services de gestion et de surveillance des risques devraient \u00eatre rentables. Les services de renseignement \u00e9tant de plus en plus nombreux \u00e0 l'\u00e9chelle mondiale depuis la r\u00e9cente r\u00e9pression, ils aident \u00e0 mieux analyser les risques et les \u00e9volutions, ce qui permet \u00e9galement aux entreprises multinationales de maintenir temporairement leurs activit\u00e9s dans des conditions difficiles, malgr\u00e9 les tensions r\u00e9gionales.<\/p>\n<p><b>Indispensable : connaissances locales<\/b><\/p>\n<p>Si les entreprises \u00e0 prot\u00e9ger manquent d'esprit critique et d'une compr\u00e9hension suffisante des situations de menace, cela peut aussi conduire \u00e0 des \u00e9vacuations inutiles.<\/p>\n<p>En principe, conclut l'International Security Ligue, chaque site devrait \u00eatre pr\u00eat \u00e0 g\u00e9rer les crises pr\u00e9visibles. Une entreprise qui adopte cette approche reconna\u00eet que, m\u00eame si elle peut centraliser la planification strat\u00e9gique, la r\u00e9ponse aux catastrophes doit \u00eatre locale afin de r\u00e9pondre rapidement et efficacement aux besoins des employ\u00e9s. Lorsque les groupes s'effor\u00e7aient \u00e0 chaque fois de planifier la crise sans disposer de responsables de crise locaux comp\u00e9tents sur chaque site, une task force se trouvait souvent dans la position intenable de devoir concevoir \u00e0 temps des mesures d'\u00e9vacuation pour des \u00e9tablissements o\u00f9 elle ne s'\u00e9tait jamais rendue auparavant. L'expertise locale et une meilleure communication avec les sites ext\u00e9rieurs peuvent aider les multinationales \u00e0 mettre en \u0153uvre de meilleures politiques de s\u00e9curit\u00e9.<\/p>\n<p>En cas d'urgence, il vaut la peine d'\u00e9valuer la mani\u00e8re dont les actifs peuvent \u00eatre prot\u00e9g\u00e9s. Les entreprises devraient pouvoir conclure des accords avec des agents de s\u00e9curit\u00e9 priv\u00e9s afin de compl\u00e9ter leur personnel si elles ont besoin d'aide pour s\u00e9curiser et d\u00e9fendre leurs b\u00e2timents et leurs actifs apr\u00e8s une \u00e9vacuation. Toutefois, comme pour la sauvegarde des donn\u00e9es, les entreprises devraient \u00e9tablir une relation avec une entreprise situ\u00e9e en dehors de leur zone de couverture imm\u00e9diate ou avec une entreprise d'envergure r\u00e9gionale\/nationale, car une entreprise de s\u00e9curit\u00e9 locale peut \u00eatre confront\u00e9e \u00e0 la m\u00eame absence de personnel.<\/p>","protected":false},"excerpt":{"rendered":"<p>Eine immer st\u00e4rker vernetzte Welt birgt auch zahlreiche Herausforderungen in der Sicherheit und Wirtschaft. Nicht nur vergangene Krisenereignisse, sondern auch das aktuelle Kriegsgeschehen in der Ukraine f\u00fchren in der globalen Sicherheitsbranche zu neuen Denkanst\u00f6ssen. Wie wichtig beispielsweise f\u00fcr multinationale Unternehmen eine vorausschauende Evakuierungsplanung sein kann, zeigt eine Einsch\u00e4tzung der global agierenden International Security Ligue. Laut [&hellip;]<\/p>\n","protected":false},"author":9,"featured_media":13822,"comment_status":"closed","ping_status":"closed","sticky":false,"template":"","format":"standard","meta":{"_acf_changed":false,"pgc_sgb_lightbox_settings":"","footnotes":""},"categories":[1],"tags":[6195,6194,1394,6193,310,719,5836],"class_list":["post-13814","post","type-post","status-publish","format-standard","has-post-thumbnail","hentry","category-allgemein","tag-bedrohungslagen","tag-globale-risiken","tag-international-security-ligue","tag-krisenmanagementplanung","tag-sicherheit","tag-sicherheitsbranche","tag-sicherheitsrichtlinien"],"acf":[],"hkrextid":null,"publication":null,"issue":null,"workflow":null,"startPage":null,"spitzmarke":null,"_posts_by_tag_page_fields":{"widget_title":"","widget_tags":""},"_at_widget":"1","_yoast_wpseo_primary_category":"","_yoast_wpseo_focuskw_text_input":null,"_yoast_wpseo_opengraph-image":null,"_yoast_wpseo_opengraph-description":null,"_yoast_wpseo_opengraph-title":null,"enclosure":null,"_yoast_wpseo_twitter-title":null,"_yoast_wpseo_twitter-description":null,"_yoast_wpseo_twitter-image":null,"_wp_old_slug":null,"_yoast_wpseo_title":null,"_yoast_wpseo_canonical":null,"yoast_head":"<!-- This site is optimized with the Yoast SEO plugin v27.5 - https:\/\/yoast.com\/product\/yoast-seo-wordpress\/ -->\n<title>Mehr Bedarf an globaler Sicherheitsreichweite - Save<\/title>\n<meta name=\"description\" content=\"Konflikte und Krisen sind heute weit verbreitet und verlangen von multinationalen Unternehmen, auch unvorhergesehene Risiken fr\u00fch einsch\u00e4tzen zu k\u00f6nnen. Multinational agierende Unternehmen sollten ihr Sicherheitsdispositiv bei regionalen Risiken laufend \u00fcberdenken.\" \/>\n<meta name=\"robots\" content=\"index, follow, max-snippet:-1, max-image-preview:large, max-video-preview:-1\" \/>\n<link rel=\"canonical\" href=\"https:\/\/news.save.ch\/fr\/mehr-bedarf-an-globaler-sicherheitsreichweite\/\" \/>\n<meta property=\"og:locale\" content=\"fr_FR\" \/>\n<meta property=\"og:type\" content=\"article\" \/>\n<meta property=\"og:title\" content=\"Mehr Bedarf an globaler Sicherheitsreichweite - Save\" \/>\n<meta property=\"og:description\" content=\"Konflikte und Krisen sind heute weit verbreitet und verlangen von multinationalen Unternehmen, auch unvorhergesehene Risiken fr\u00fch einsch\u00e4tzen zu k\u00f6nnen. Multinational agierende Unternehmen sollten ihr Sicherheitsdispositiv bei regionalen Risiken laufend \u00fcberdenken.\" \/>\n<meta property=\"og:url\" content=\"https:\/\/news.save.ch\/fr\/mehr-bedarf-an-globaler-sicherheitsreichweite\/\" \/>\n<meta property=\"og:site_name\" content=\"Save\" \/>\n<meta property=\"article:published_time\" content=\"2022-03-17T08:28:19+00:00\" \/>\n<meta property=\"article:modified_time\" content=\"2023-07-29T07:51:52+00:00\" \/>\n<meta property=\"og:image\" content=\"https:\/\/news.save.ch\/wp-content\/uploads\/2022\/03\/Depositphotos_246314814_S.jpg\" \/>\n\t<meta property=\"og:image:width\" content=\"999\" \/>\n\t<meta property=\"og:image:height\" content=\"667\" \/>\n\t<meta property=\"og:image:type\" content=\"image\/jpeg\" \/>\n<meta name=\"author\" content=\"Simon Gr\u00f6flin\" \/>\n<meta name=\"twitter:card\" content=\"summary_large_image\" \/>\n<meta name=\"twitter:label1\" content=\"\u00c9crit par\" \/>\n\t<meta name=\"twitter:data1\" content=\"Simon Gr\u00f6flin\" \/>\n\t<meta name=\"twitter:label2\" content=\"Dur\u00e9e de lecture estim\u00e9e\" \/>\n\t<meta name=\"twitter:data2\" content=\"3 minutes\" \/>\n<script type=\"application\/ld+json\" class=\"yoast-schema-graph\">{\"@context\":\"https:\\\/\\\/schema.org\",\"@graph\":[{\"@type\":\"Article\",\"@id\":\"https:\\\/\\\/news.save.ch\\\/mehr-bedarf-an-globaler-sicherheitsreichweite\\\/#article\",\"isPartOf\":{\"@id\":\"https:\\\/\\\/news.save.ch\\\/mehr-bedarf-an-globaler-sicherheitsreichweite\\\/\"},\"author\":{\"name\":\"Simon Gr\u00f6flin\",\"@id\":\"https:\\\/\\\/news.save.ch\\\/de\\\/#\\\/schema\\\/person\\\/ad4ef21102fd6125312409ac57d5296d\"},\"headline\":\"Mehr Bedarf an globaler Sicherheitsreichweite\",\"datePublished\":\"2022-03-17T08:28:19+00:00\",\"dateModified\":\"2023-07-29T07:51:52+00:00\",\"mainEntityOfPage\":{\"@id\":\"https:\\\/\\\/news.save.ch\\\/mehr-bedarf-an-globaler-sicherheitsreichweite\\\/\"},\"wordCount\":527,\"publisher\":{\"@id\":\"https:\\\/\\\/news.save.ch\\\/de\\\/#organization\"},\"image\":{\"@id\":\"https:\\\/\\\/news.save.ch\\\/mehr-bedarf-an-globaler-sicherheitsreichweite\\\/#primaryimage\"},\"thumbnailUrl\":\"https:\\\/\\\/news.save.ch\\\/wp-content\\\/uploads\\\/2022\\\/03\\\/Depositphotos_246314814_S.jpg\",\"keywords\":[\"Bedrohungslagen\",\"globale Risiken\",\"International Security Ligue\",\"Krisenmanagementplanung\",\"Sicherheit\",\"Sicherheitsbranche\",\"Sicherheitsrichtlinien\"],\"articleSection\":[\"ALLGEMEIN\"],\"inLanguage\":\"fr-FR\"},{\"@type\":\"WebPage\",\"@id\":\"https:\\\/\\\/news.save.ch\\\/mehr-bedarf-an-globaler-sicherheitsreichweite\\\/\",\"url\":\"https:\\\/\\\/news.save.ch\\\/mehr-bedarf-an-globaler-sicherheitsreichweite\\\/\",\"name\":\"Mehr Bedarf an globaler Sicherheitsreichweite - Save\",\"isPartOf\":{\"@id\":\"https:\\\/\\\/news.save.ch\\\/de\\\/#website\"},\"primaryImageOfPage\":{\"@id\":\"https:\\\/\\\/news.save.ch\\\/mehr-bedarf-an-globaler-sicherheitsreichweite\\\/#primaryimage\"},\"image\":{\"@id\":\"https:\\\/\\\/news.save.ch\\\/mehr-bedarf-an-globaler-sicherheitsreichweite\\\/#primaryimage\"},\"thumbnailUrl\":\"https:\\\/\\\/news.save.ch\\\/wp-content\\\/uploads\\\/2022\\\/03\\\/Depositphotos_246314814_S.jpg\",\"datePublished\":\"2022-03-17T08:28:19+00:00\",\"dateModified\":\"2023-07-29T07:51:52+00:00\",\"description\":\"Konflikte und Krisen sind heute weit verbreitet und verlangen von multinationalen Unternehmen, auch unvorhergesehene Risiken fr\u00fch einsch\u00e4tzen zu k\u00f6nnen. Multinational agierende Unternehmen sollten ihr Sicherheitsdispositiv bei regionalen Risiken laufend \u00fcberdenken.\",\"breadcrumb\":{\"@id\":\"https:\\\/\\\/news.save.ch\\\/mehr-bedarf-an-globaler-sicherheitsreichweite\\\/#breadcrumb\"},\"inLanguage\":\"fr-FR\",\"potentialAction\":[{\"@type\":\"ReadAction\",\"target\":[\"https:\\\/\\\/news.save.ch\\\/mehr-bedarf-an-globaler-sicherheitsreichweite\\\/\"]}]},{\"@type\":\"ImageObject\",\"inLanguage\":\"fr-FR\",\"@id\":\"https:\\\/\\\/news.save.ch\\\/mehr-bedarf-an-globaler-sicherheitsreichweite\\\/#primaryimage\",\"url\":\"https:\\\/\\\/news.save.ch\\\/wp-content\\\/uploads\\\/2022\\\/03\\\/Depositphotos_246314814_S.jpg\",\"contentUrl\":\"https:\\\/\\\/news.save.ch\\\/wp-content\\\/uploads\\\/2022\\\/03\\\/Depositphotos_246314814_S.jpg\",\"width\":999,\"height\":667,\"caption\":\"Mehr Bedarf an globaler Sicherheitsreichweite\"},{\"@type\":\"BreadcrumbList\",\"@id\":\"https:\\\/\\\/news.save.ch\\\/mehr-bedarf-an-globaler-sicherheitsreichweite\\\/#breadcrumb\",\"itemListElement\":[{\"@type\":\"ListItem\",\"position\":1,\"name\":\"Home\",\"item\":\"https:\\\/\\\/news.save.ch\\\/de\\\/\"},{\"@type\":\"ListItem\",\"position\":2,\"name\":\"Mehr Bedarf an globaler Sicherheitsreichweite\"}]},{\"@type\":\"WebSite\",\"@id\":\"https:\\\/\\\/news.save.ch\\\/de\\\/#website\",\"url\":\"https:\\\/\\\/news.save.ch\\\/de\\\/\",\"name\":\"Save\",\"description\":\"Schweizer Fachzeitschrift f\u00fcr Sicherheit\",\"publisher\":{\"@id\":\"https:\\\/\\\/news.save.ch\\\/de\\\/#organization\"},\"potentialAction\":[{\"@type\":\"SearchAction\",\"target\":{\"@type\":\"EntryPoint\",\"urlTemplate\":\"https:\\\/\\\/news.save.ch\\\/de\\\/?s={search_term_string}\"},\"query-input\":{\"@type\":\"PropertyValueSpecification\",\"valueRequired\":true,\"valueName\":\"search_term_string\"}}],\"inLanguage\":\"fr-FR\"},{\"@type\":\"Organization\",\"@id\":\"https:\\\/\\\/news.save.ch\\\/de\\\/#organization\",\"name\":\"Sicherheitsforum\",\"url\":\"https:\\\/\\\/news.save.ch\\\/de\\\/\",\"logo\":{\"@type\":\"ImageObject\",\"inLanguage\":\"fr-FR\",\"@id\":\"https:\\\/\\\/news.save.ch\\\/de\\\/#\\\/schema\\\/logo\\\/image\\\/\",\"url\":\"https:\\\/\\\/news.save.ch\\\/wp-content\\\/uploads\\\/2022\\\/06\\\/Logo_SF_2012.png\",\"contentUrl\":\"https:\\\/\\\/news.save.ch\\\/wp-content\\\/uploads\\\/2022\\\/06\\\/Logo_SF_2012.png\",\"width\":1100,\"height\":91,\"caption\":\"Sicherheitsforum\"},\"image\":{\"@id\":\"https:\\\/\\\/news.save.ch\\\/de\\\/#\\\/schema\\\/logo\\\/image\\\/\"}},{\"@type\":\"Person\",\"@id\":\"https:\\\/\\\/news.save.ch\\\/de\\\/#\\\/schema\\\/person\\\/ad4ef21102fd6125312409ac57d5296d\",\"name\":\"Simon Gr\u00f6flin\",\"image\":{\"@type\":\"ImageObject\",\"inLanguage\":\"fr-FR\",\"@id\":\"https:\\\/\\\/secure.gravatar.com\\\/avatar\\\/6ddceb80eb734354635539e0ea5140bb7c41e42de7c45c9a2ab9921b5d5c9a83?s=96&d=mm&r=g\",\"url\":\"https:\\\/\\\/secure.gravatar.com\\\/avatar\\\/6ddceb80eb734354635539e0ea5140bb7c41e42de7c45c9a2ab9921b5d5c9a83?s=96&d=mm&r=g\",\"contentUrl\":\"https:\\\/\\\/secure.gravatar.com\\\/avatar\\\/6ddceb80eb734354635539e0ea5140bb7c41e42de7c45c9a2ab9921b5d5c9a83?s=96&d=mm&r=g\",\"caption\":\"Simon Gr\u00f6flin\"},\"url\":\"https:\\\/\\\/news.save.ch\\\/fr\\\/author\\\/simon-groeflin\\\/\"}]}<\/script>\n<!-- \/ Yoast SEO plugin. -->","yoast_head_json":{"title":"Un besoin accru de couverture de s\u00e9curit\u00e9 mondiale - Save","description":"Les conflits et les crises sont aujourd'hui tr\u00e8s r\u00e9pandus et exigent des entreprises multinationales qu'elles soient en mesure d'\u00e9valuer rapidement les risques, m\u00eame impr\u00e9vus. Les entreprises multinationales devraient repenser en permanence leur dispositif de s\u00e9curit\u00e9 en cas de risques r\u00e9gionaux.","robots":{"index":"index","follow":"follow","max-snippet":"max-snippet:-1","max-image-preview":"max-image-preview:large","max-video-preview":"max-video-preview:-1"},"canonical":"https:\/\/news.save.ch\/fr\/mehr-bedarf-an-globaler-sicherheitsreichweite\/","og_locale":"fr_FR","og_type":"article","og_title":"Mehr Bedarf an globaler Sicherheitsreichweite - Save","og_description":"Konflikte und Krisen sind heute weit verbreitet und verlangen von multinationalen Unternehmen, auch unvorhergesehene Risiken fr\u00fch einsch\u00e4tzen zu k\u00f6nnen. Multinational agierende Unternehmen sollten ihr Sicherheitsdispositiv bei regionalen Risiken laufend \u00fcberdenken.","og_url":"https:\/\/news.save.ch\/fr\/mehr-bedarf-an-globaler-sicherheitsreichweite\/","og_site_name":"Save","article_published_time":"2022-03-17T08:28:19+00:00","article_modified_time":"2023-07-29T07:51:52+00:00","og_image":[{"width":999,"height":667,"url":"https:\/\/news.save.ch\/wp-content\/uploads\/2022\/03\/Depositphotos_246314814_S.jpg","type":"image\/jpeg"}],"author":"Simon Gr\u00f6flin","twitter_card":"summary_large_image","twitter_misc":{"\u00c9crit par":"Simon Gr\u00f6flin","Dur\u00e9e de lecture estim\u00e9e":"3 minutes"},"schema":{"@context":"https:\/\/schema.org","@graph":[{"@type":"Article","@id":"https:\/\/news.save.ch\/mehr-bedarf-an-globaler-sicherheitsreichweite\/#article","isPartOf":{"@id":"https:\/\/news.save.ch\/mehr-bedarf-an-globaler-sicherheitsreichweite\/"},"author":{"name":"Simon Gr\u00f6flin","@id":"https:\/\/news.save.ch\/de\/#\/schema\/person\/ad4ef21102fd6125312409ac57d5296d"},"headline":"Mehr Bedarf an globaler Sicherheitsreichweite","datePublished":"2022-03-17T08:28:19+00:00","dateModified":"2023-07-29T07:51:52+00:00","mainEntityOfPage":{"@id":"https:\/\/news.save.ch\/mehr-bedarf-an-globaler-sicherheitsreichweite\/"},"wordCount":527,"publisher":{"@id":"https:\/\/news.save.ch\/de\/#organization"},"image":{"@id":"https:\/\/news.save.ch\/mehr-bedarf-an-globaler-sicherheitsreichweite\/#primaryimage"},"thumbnailUrl":"https:\/\/news.save.ch\/wp-content\/uploads\/2022\/03\/Depositphotos_246314814_S.jpg","keywords":["Bedrohungslagen","globale Risiken","International Security Ligue","Krisenmanagementplanung","Sicherheit","Sicherheitsbranche","Sicherheitsrichtlinien"],"articleSection":["ALLGEMEIN"],"inLanguage":"fr-FR"},{"@type":"WebPage","@id":"https:\/\/news.save.ch\/mehr-bedarf-an-globaler-sicherheitsreichweite\/","url":"https:\/\/news.save.ch\/mehr-bedarf-an-globaler-sicherheitsreichweite\/","name":"Un besoin accru de couverture de s\u00e9curit\u00e9 mondiale - Save","isPartOf":{"@id":"https:\/\/news.save.ch\/de\/#website"},"primaryImageOfPage":{"@id":"https:\/\/news.save.ch\/mehr-bedarf-an-globaler-sicherheitsreichweite\/#primaryimage"},"image":{"@id":"https:\/\/news.save.ch\/mehr-bedarf-an-globaler-sicherheitsreichweite\/#primaryimage"},"thumbnailUrl":"https:\/\/news.save.ch\/wp-content\/uploads\/2022\/03\/Depositphotos_246314814_S.jpg","datePublished":"2022-03-17T08:28:19+00:00","dateModified":"2023-07-29T07:51:52+00:00","description":"Les conflits et les crises sont aujourd'hui tr\u00e8s r\u00e9pandus et exigent des entreprises multinationales qu'elles soient en mesure d'\u00e9valuer rapidement les risques, m\u00eame impr\u00e9vus. Les entreprises multinationales devraient repenser en permanence leur dispositif de s\u00e9curit\u00e9 en cas de risques r\u00e9gionaux.","breadcrumb":{"@id":"https:\/\/news.save.ch\/mehr-bedarf-an-globaler-sicherheitsreichweite\/#breadcrumb"},"inLanguage":"fr-FR","potentialAction":[{"@type":"ReadAction","target":["https:\/\/news.save.ch\/mehr-bedarf-an-globaler-sicherheitsreichweite\/"]}]},{"@type":"ImageObject","inLanguage":"fr-FR","@id":"https:\/\/news.save.ch\/mehr-bedarf-an-globaler-sicherheitsreichweite\/#primaryimage","url":"https:\/\/news.save.ch\/wp-content\/uploads\/2022\/03\/Depositphotos_246314814_S.jpg","contentUrl":"https:\/\/news.save.ch\/wp-content\/uploads\/2022\/03\/Depositphotos_246314814_S.jpg","width":999,"height":667,"caption":"Mehr Bedarf an globaler Sicherheitsreichweite"},{"@type":"BreadcrumbList","@id":"https:\/\/news.save.ch\/mehr-bedarf-an-globaler-sicherheitsreichweite\/#breadcrumb","itemListElement":[{"@type":"ListItem","position":1,"name":"Home","item":"https:\/\/news.save.ch\/de\/"},{"@type":"ListItem","position":2,"name":"Mehr Bedarf an globaler Sicherheitsreichweite"}]},{"@type":"WebSite","@id":"https:\/\/news.save.ch\/de\/#website","url":"https:\/\/news.save.ch\/de\/","name":"Save","description":"Revue suisse sp\u00e9cialis\u00e9e dans la s\u00e9curit\u00e9","publisher":{"@id":"https:\/\/news.save.ch\/de\/#organization"},"potentialAction":[{"@type":"SearchAction","target":{"@type":"EntryPoint","urlTemplate":"https:\/\/news.save.ch\/de\/?s={search_term_string}"},"query-input":{"@type":"PropertyValueSpecification","valueRequired":true,"valueName":"search_term_string"}}],"inLanguage":"fr-FR"},{"@type":"Organization","@id":"https:\/\/news.save.ch\/de\/#organization","name":"Forum sur la s\u00e9curit\u00e9","url":"https:\/\/news.save.ch\/de\/","logo":{"@type":"ImageObject","inLanguage":"fr-FR","@id":"https:\/\/news.save.ch\/de\/#\/schema\/logo\/image\/","url":"https:\/\/news.save.ch\/wp-content\/uploads\/2022\/06\/Logo_SF_2012.png","contentUrl":"https:\/\/news.save.ch\/wp-content\/uploads\/2022\/06\/Logo_SF_2012.png","width":1100,"height":91,"caption":"Sicherheitsforum"},"image":{"@id":"https:\/\/news.save.ch\/de\/#\/schema\/logo\/image\/"}},{"@type":"Person","@id":"https:\/\/news.save.ch\/de\/#\/schema\/person\/ad4ef21102fd6125312409ac57d5296d","name":"Simon Gr\u00f6flin","image":{"@type":"ImageObject","inLanguage":"fr-FR","@id":"https:\/\/secure.gravatar.com\/avatar\/6ddceb80eb734354635539e0ea5140bb7c41e42de7c45c9a2ab9921b5d5c9a83?s=96&d=mm&r=g","url":"https:\/\/secure.gravatar.com\/avatar\/6ddceb80eb734354635539e0ea5140bb7c41e42de7c45c9a2ab9921b5d5c9a83?s=96&d=mm&r=g","contentUrl":"https:\/\/secure.gravatar.com\/avatar\/6ddceb80eb734354635539e0ea5140bb7c41e42de7c45c9a2ab9921b5d5c9a83?s=96&d=mm&r=g","caption":"Simon Gr\u00f6flin"},"url":"https:\/\/news.save.ch\/fr\/author\/simon-groeflin\/"}]}},"_links":{"self":[{"href":"https:\/\/news.save.ch\/fr\/wp-json\/wp\/v2\/posts\/13814","targetHints":{"allow":["GET"]}}],"collection":[{"href":"https:\/\/news.save.ch\/fr\/wp-json\/wp\/v2\/posts"}],"about":[{"href":"https:\/\/news.save.ch\/fr\/wp-json\/wp\/v2\/types\/post"}],"author":[{"embeddable":true,"href":"https:\/\/news.save.ch\/fr\/wp-json\/wp\/v2\/users\/9"}],"replies":[{"embeddable":true,"href":"https:\/\/news.save.ch\/fr\/wp-json\/wp\/v2\/comments?post=13814"}],"version-history":[{"count":2,"href":"https:\/\/news.save.ch\/fr\/wp-json\/wp\/v2\/posts\/13814\/revisions"}],"predecessor-version":[{"id":21431,"href":"https:\/\/news.save.ch\/fr\/wp-json\/wp\/v2\/posts\/13814\/revisions\/21431"}],"wp:featuredmedia":[{"embeddable":true,"href":"https:\/\/news.save.ch\/fr\/wp-json\/wp\/v2\/media\/13822"}],"wp:attachment":[{"href":"https:\/\/news.save.ch\/fr\/wp-json\/wp\/v2\/media?parent=13814"}],"wp:term":[{"taxonomy":"category","embeddable":true,"href":"https:\/\/news.save.ch\/fr\/wp-json\/wp\/v2\/categories?post=13814"},{"taxonomy":"post_tag","embeddable":true,"href":"https:\/\/news.save.ch\/fr\/wp-json\/wp\/v2\/tags?post=13814"}],"curies":[{"name":"wp","href":"https:\/\/api.w.org\/{rel}","templated":true}]}}