{"id":13985,"date":"2022-04-12T09:20:54","date_gmt":"2022-04-12T07:20:54","guid":{"rendered":"https:\/\/news.save.ch\/?p=13985"},"modified":"2023-06-25T19:30:59","modified_gmt":"2023-06-25T17:30:59","slug":"armee-uebt-notfall-beim-kernkraftwerk-leibstadt","status":null,"type":"post","link":"https:\/\/news.save.ch\/fr\/armee-uebt-notfall-beim-kernkraftwerk-leibstadt\/","title":{"rendered":"L'arm\u00e9e s'exerce en cas d'urgence \u00e0 la centrale nucl\u00e9aire de Leibstadt"},"content":{"rendered":"<figure id=\"attachment_13987\" aria-describedby=\"caption-attachment-13987\" style=\"width: 680px\" class=\"wp-caption alignleft\"><img loading=\"lazy\" decoding=\"async\" class=\"wp-image-13987 size-medium\" src=\"https:\/\/news.save.ch\/wp-content\/uploads\/2022\/04\/Depositphotos_336067540_S.jpg\" alt=\"L&#039;arm\u00e9e s&#039;exerce en cas d&#039;urgence \u00e0 la centrale nucl\u00e9aire de Leibstadt\" width=\"680\" height=\"452\" srcset=\"https:\/\/news.save.ch\/wp-content\/uploads\/2022\/04\/Depositphotos_336067540_S.jpg 1000w, https:\/\/news.save.ch\/wp-content\/uploads\/2022\/04\/Depositphotos_336067540_S-375x249.jpg 375w\" sizes=\"auto, (max-width: 680px) 100vw, 680px\" \/><figcaption id=\"caption-attachment-13987\" class=\"wp-caption-text\">Image : depositphotos<\/figcaption><\/figure>\n<p>Lundi, plusieurs interventions de Superpuma des Forces a\u00e9riennes suisses ont eu lieu entre Reitnau et la centrale nucl\u00e9aire de Leibstadt. Il s'agissait d'un exercice d'urgence. Comme l'indique l'Office f\u00e9d\u00e9ral de la protection de la population (OFPP), les forces d'intervention de la Conf\u00e9d\u00e9ration et de la centrale nucl\u00e9aire se sont entra\u00een\u00e9es au transport d'urgence de diff\u00e9rentes charges telles que des pompes, des groupes \u00e9lectrog\u00e8nes de secours, du carburant et d'autres mat\u00e9riels. Le mat\u00e9riel de protection d'urgence est g\u00e9n\u00e9ralement stock\u00e9 en commun par les exploitants de centrales nucl\u00e9aires \u00e0 Reitnau (AG) et r\u00e9guli\u00e8rement transport\u00e9 par camion et par h\u00e9licopt\u00e8re vers les diff\u00e9rentes centrales nucl\u00e9aires suisses dans le cadre de ces exercices.<\/p>\n<p>Hier, des camions et un h\u00e9licopt\u00e8re Superpuma de l'arm\u00e9e ont transport\u00e9 diff\u00e9rentes charges vers la centrale nucl\u00e9aire de Leibstadt. Celles-ci ont \u00e9t\u00e9 r\u00e9parties \u00e0 des fins d'exercice \u00e0 des emplacements pr\u00e9par\u00e9s sur le site de la centrale. Des exercices similaires avaient d\u00e9j\u00e0 \u00e9t\u00e9 organis\u00e9s les ann\u00e9es pr\u00e9c\u00e9dentes dans diff\u00e9rentes centrales nucl\u00e9aires de Suisse. Apr\u00e8s l'accident de Fukushima, l'Inspection f\u00e9d\u00e9rale de la s\u00e9curit\u00e9 nucl\u00e9aire (IFSN) a ordonn\u00e9 \u00e0 chaque exploitant de centrale nucl\u00e9aire suisse de mettre en place un entrep\u00f4t externe pour le mat\u00e9riel d'urgence.<\/p>\n<p><em>Source : Babs\/Ensi<\/em><\/p>","protected":false},"excerpt":{"rendered":"<p>Am Montag kam es zwischen Reitnau und dem Kernkraftwerk Leibstadt zu mehreren Eins\u00e4tzen von Superpumas der Schweizerischen Luftwaffe. Dabei handelte es sich um eine Notfall\u00fcbung. Wie das Bundesamt f\u00fcr Bev\u00f6lkerungsschutz (Babs) mitteilt, trainierten die Einsatzkr\u00e4fte des Bundes und des Kernkraftwerks den Notfalltransport verschiedener Lasten wie Pumpen, Notstromaggregaten, Treibstoff und weiterem Material. Das Notfallschutzmaterial wird in [&hellip;]<\/p>\n","protected":false},"author":9,"featured_media":13987,"comment_status":"closed","ping_status":"closed","sticky":false,"template":"","format":"standard","meta":{"_acf_changed":false,"pgc_sgb_lightbox_settings":"","footnotes":""},"categories":[1,3312],"tags":[571,601,1155,4621,4620,1405,4619],"class_list":["post-13985","post","type-post","status-publish","format-standard","has-post-thumbnail","hentry","category-allgemein","category-sicherheit","tag-bundesamt-fuer-bevoelkerungsschutz","tag-kernkraftwerk","tag-leibstadt","tag-notfallmaterial","tag-notfalltransport","tag-notfalluebung","tag-superpuma-helikopter"],"acf":[],"hkrextid":null,"publication":null,"issue":null,"workflow":null,"startPage":null,"spitzmarke":null,"_posts_by_tag_page_fields":{"widget_title":"","widget_tags":""},"_at_widget":"1","_yoast_wpseo_primary_category":"1","_yoast_wpseo_focuskw_text_input":null,"_yoast_wpseo_opengraph-image":null,"_yoast_wpseo_opengraph-description":null,"_yoast_wpseo_opengraph-title":null,"enclosure":null,"_yoast_wpseo_twitter-title":null,"_yoast_wpseo_twitter-description":null,"_yoast_wpseo_twitter-image":null,"_wp_old_slug":null,"_yoast_wpseo_title":null,"_yoast_wpseo_canonical":null,"yoast_head":"<!-- This site is optimized with the Yoast SEO plugin v27.5 - https:\/\/yoast.com\/product\/yoast-seo-wordpress\/ -->\n<title>Armee \u00fcbt Notfall beim Kernkraftwerk Leibstadt - Save<\/title>\n<meta name=\"description\" content=\"Am Montag, 11. April trainieren Einsatzkr\u00e4fte des Bundes und des Kernkraftwerks Leibstadt den Lufttransport von Notfallmaterial. Dabei kam es w\u00e4hrend des ganzen Tages zu Flugbewegungen mit Superpuma-Helikoptern der Luftwaffe.\u00a0\" \/>\n<meta name=\"robots\" content=\"index, follow, max-snippet:-1, max-image-preview:large, max-video-preview:-1\" \/>\n<link rel=\"canonical\" href=\"https:\/\/news.save.ch\/fr\/armee-uebt-notfall-beim-kernkraftwerk-leibstadt\/\" \/>\n<meta property=\"og:locale\" content=\"fr_FR\" \/>\n<meta property=\"og:type\" content=\"article\" \/>\n<meta property=\"og:title\" content=\"Armee \u00fcbt Notfall beim Kernkraftwerk Leibstadt - Save\" \/>\n<meta property=\"og:description\" content=\"Am Montag, 11. April trainieren Einsatzkr\u00e4fte des Bundes und des Kernkraftwerks Leibstadt den Lufttransport von Notfallmaterial. Dabei kam es w\u00e4hrend des ganzen Tages zu Flugbewegungen mit Superpuma-Helikoptern der Luftwaffe.\u00a0\" \/>\n<meta property=\"og:url\" content=\"https:\/\/news.save.ch\/fr\/armee-uebt-notfall-beim-kernkraftwerk-leibstadt\/\" \/>\n<meta property=\"og:site_name\" content=\"Save\" \/>\n<meta property=\"article:published_time\" content=\"2022-04-12T07:20:54+00:00\" \/>\n<meta property=\"article:modified_time\" content=\"2023-06-25T17:30:59+00:00\" \/>\n<meta property=\"og:image\" content=\"https:\/\/news.save.ch\/wp-content\/uploads\/2022\/04\/Depositphotos_336067540_S.jpg\" \/>\n\t<meta property=\"og:image:width\" content=\"1000\" \/>\n\t<meta property=\"og:image:height\" content=\"664\" \/>\n\t<meta property=\"og:image:type\" content=\"image\/jpeg\" \/>\n<meta name=\"author\" content=\"Simon Gr\u00f6flin\" \/>\n<meta name=\"twitter:card\" content=\"summary_large_image\" \/>\n<meta name=\"twitter:label1\" content=\"\u00c9crit par\" \/>\n\t<meta name=\"twitter:data1\" content=\"Simon Gr\u00f6flin\" \/>\n\t<meta name=\"twitter:label2\" content=\"Dur\u00e9e de lecture estim\u00e9e\" \/>\n\t<meta name=\"twitter:data2\" content=\"2 minutes\" \/>\n<script type=\"application\/ld+json\" class=\"yoast-schema-graph\">{\"@context\":\"https:\\\/\\\/schema.org\",\"@graph\":[{\"@type\":\"Article\",\"@id\":\"https:\\\/\\\/news.save.ch\\\/armee-uebt-notfall-beim-kernkraftwerk-leibstadt\\\/#article\",\"isPartOf\":{\"@id\":\"https:\\\/\\\/news.save.ch\\\/armee-uebt-notfall-beim-kernkraftwerk-leibstadt\\\/\"},\"author\":{\"name\":\"Simon Gr\u00f6flin\",\"@id\":\"https:\\\/\\\/news.save.ch\\\/de\\\/#\\\/schema\\\/person\\\/ad4ef21102fd6125312409ac57d5296d\"},\"headline\":\"Armee \u00fcbt Notfall beim Kernkraftwerk Leibstadt\",\"datePublished\":\"2022-04-12T07:20:54+00:00\",\"dateModified\":\"2023-06-25T17:30:59+00:00\",\"mainEntityOfPage\":{\"@id\":\"https:\\\/\\\/news.save.ch\\\/armee-uebt-notfall-beim-kernkraftwerk-leibstadt\\\/\"},\"wordCount\":173,\"publisher\":{\"@id\":\"https:\\\/\\\/news.save.ch\\\/de\\\/#organization\"},\"image\":{\"@id\":\"https:\\\/\\\/news.save.ch\\\/armee-uebt-notfall-beim-kernkraftwerk-leibstadt\\\/#primaryimage\"},\"thumbnailUrl\":\"https:\\\/\\\/news.save.ch\\\/wp-content\\\/uploads\\\/2022\\\/04\\\/Depositphotos_336067540_S.jpg\",\"keywords\":[\"Bundesamt f\u00fcr Bev\u00f6lkerungsschutz\",\"Kernkraftwerk\",\"Leibstadt\",\"Notfallmaterial\",\"Notfalltransport\",\"Notfall\u00fcbung\",\"Superpuma-Helikopter\"],\"articleSection\":[\"ALLGEMEIN\",\"SICHERHEIT\"],\"inLanguage\":\"fr-FR\"},{\"@type\":\"WebPage\",\"@id\":\"https:\\\/\\\/news.save.ch\\\/armee-uebt-notfall-beim-kernkraftwerk-leibstadt\\\/\",\"url\":\"https:\\\/\\\/news.save.ch\\\/armee-uebt-notfall-beim-kernkraftwerk-leibstadt\\\/\",\"name\":\"Armee \u00fcbt Notfall beim Kernkraftwerk Leibstadt - Save\",\"isPartOf\":{\"@id\":\"https:\\\/\\\/news.save.ch\\\/de\\\/#website\"},\"primaryImageOfPage\":{\"@id\":\"https:\\\/\\\/news.save.ch\\\/armee-uebt-notfall-beim-kernkraftwerk-leibstadt\\\/#primaryimage\"},\"image\":{\"@id\":\"https:\\\/\\\/news.save.ch\\\/armee-uebt-notfall-beim-kernkraftwerk-leibstadt\\\/#primaryimage\"},\"thumbnailUrl\":\"https:\\\/\\\/news.save.ch\\\/wp-content\\\/uploads\\\/2022\\\/04\\\/Depositphotos_336067540_S.jpg\",\"datePublished\":\"2022-04-12T07:20:54+00:00\",\"dateModified\":\"2023-06-25T17:30:59+00:00\",\"description\":\"Am Montag, 11. April trainieren Einsatzkr\u00e4fte des Bundes und des Kernkraftwerks Leibstadt den Lufttransport von Notfallmaterial. Dabei kam es w\u00e4hrend des ganzen Tages zu Flugbewegungen mit Superpuma-Helikoptern der Luftwaffe.\u00a0\",\"breadcrumb\":{\"@id\":\"https:\\\/\\\/news.save.ch\\\/armee-uebt-notfall-beim-kernkraftwerk-leibstadt\\\/#breadcrumb\"},\"inLanguage\":\"fr-FR\",\"potentialAction\":[{\"@type\":\"ReadAction\",\"target\":[\"https:\\\/\\\/news.save.ch\\\/armee-uebt-notfall-beim-kernkraftwerk-leibstadt\\\/\"]}]},{\"@type\":\"ImageObject\",\"inLanguage\":\"fr-FR\",\"@id\":\"https:\\\/\\\/news.save.ch\\\/armee-uebt-notfall-beim-kernkraftwerk-leibstadt\\\/#primaryimage\",\"url\":\"https:\\\/\\\/news.save.ch\\\/wp-content\\\/uploads\\\/2022\\\/04\\\/Depositphotos_336067540_S.jpg\",\"contentUrl\":\"https:\\\/\\\/news.save.ch\\\/wp-content\\\/uploads\\\/2022\\\/04\\\/Depositphotos_336067540_S.jpg\",\"width\":1000,\"height\":664,\"caption\":\"Armee \u00fcbt Notfalll beim Kernkraftwerk Leibstadt\"},{\"@type\":\"BreadcrumbList\",\"@id\":\"https:\\\/\\\/news.save.ch\\\/armee-uebt-notfall-beim-kernkraftwerk-leibstadt\\\/#breadcrumb\",\"itemListElement\":[{\"@type\":\"ListItem\",\"position\":1,\"name\":\"Home\",\"item\":\"https:\\\/\\\/news.save.ch\\\/de\\\/\"},{\"@type\":\"ListItem\",\"position\":2,\"name\":\"Armee \u00fcbt Notfall beim Kernkraftwerk Leibstadt\"}]},{\"@type\":\"WebSite\",\"@id\":\"https:\\\/\\\/news.save.ch\\\/de\\\/#website\",\"url\":\"https:\\\/\\\/news.save.ch\\\/de\\\/\",\"name\":\"Save\",\"description\":\"Schweizer Fachzeitschrift f\u00fcr Sicherheit\",\"publisher\":{\"@id\":\"https:\\\/\\\/news.save.ch\\\/de\\\/#organization\"},\"potentialAction\":[{\"@type\":\"SearchAction\",\"target\":{\"@type\":\"EntryPoint\",\"urlTemplate\":\"https:\\\/\\\/news.save.ch\\\/de\\\/?s={search_term_string}\"},\"query-input\":{\"@type\":\"PropertyValueSpecification\",\"valueRequired\":true,\"valueName\":\"search_term_string\"}}],\"inLanguage\":\"fr-FR\"},{\"@type\":\"Organization\",\"@id\":\"https:\\\/\\\/news.save.ch\\\/de\\\/#organization\",\"name\":\"Sicherheitsforum\",\"url\":\"https:\\\/\\\/news.save.ch\\\/de\\\/\",\"logo\":{\"@type\":\"ImageObject\",\"inLanguage\":\"fr-FR\",\"@id\":\"https:\\\/\\\/news.save.ch\\\/de\\\/#\\\/schema\\\/logo\\\/image\\\/\",\"url\":\"https:\\\/\\\/news.save.ch\\\/wp-content\\\/uploads\\\/2022\\\/06\\\/Logo_SF_2012.png\",\"contentUrl\":\"https:\\\/\\\/news.save.ch\\\/wp-content\\\/uploads\\\/2022\\\/06\\\/Logo_SF_2012.png\",\"width\":1100,\"height\":91,\"caption\":\"Sicherheitsforum\"},\"image\":{\"@id\":\"https:\\\/\\\/news.save.ch\\\/de\\\/#\\\/schema\\\/logo\\\/image\\\/\"}},{\"@type\":\"Person\",\"@id\":\"https:\\\/\\\/news.save.ch\\\/de\\\/#\\\/schema\\\/person\\\/ad4ef21102fd6125312409ac57d5296d\",\"name\":\"Simon Gr\u00f6flin\",\"image\":{\"@type\":\"ImageObject\",\"inLanguage\":\"fr-FR\",\"@id\":\"https:\\\/\\\/secure.gravatar.com\\\/avatar\\\/6ddceb80eb734354635539e0ea5140bb7c41e42de7c45c9a2ab9921b5d5c9a83?s=96&d=mm&r=g\",\"url\":\"https:\\\/\\\/secure.gravatar.com\\\/avatar\\\/6ddceb80eb734354635539e0ea5140bb7c41e42de7c45c9a2ab9921b5d5c9a83?s=96&d=mm&r=g\",\"contentUrl\":\"https:\\\/\\\/secure.gravatar.com\\\/avatar\\\/6ddceb80eb734354635539e0ea5140bb7c41e42de7c45c9a2ab9921b5d5c9a83?s=96&d=mm&r=g\",\"caption\":\"Simon Gr\u00f6flin\"},\"url\":\"https:\\\/\\\/news.save.ch\\\/fr\\\/author\\\/simon-groeflin\\\/\"}]}<\/script>\n<!-- \/ Yoast SEO plugin. -->","yoast_head_json":{"title":"L'arm\u00e9e s'exerce en cas d'urgence \u00e0 la centrale nucl\u00e9aire de Leibstadt - Save","description":"Le lundi 11 avril, les forces d'intervention de la Conf\u00e9d\u00e9ration et de la centrale nucl\u00e9aire de Leibstadt se sont entra\u00een\u00e9es au transport a\u00e9rien de mat\u00e9riel d'urgence. A cette occasion, des mouvements a\u00e9riens ont eu lieu tout au long de la journ\u00e9e avec des h\u00e9licopt\u00e8res Superpuma des Forces a\u00e9riennes.\u00a0","robots":{"index":"index","follow":"follow","max-snippet":"max-snippet:-1","max-image-preview":"max-image-preview:large","max-video-preview":"max-video-preview:-1"},"canonical":"https:\/\/news.save.ch\/fr\/armee-uebt-notfall-beim-kernkraftwerk-leibstadt\/","og_locale":"fr_FR","og_type":"article","og_title":"Armee \u00fcbt Notfall beim Kernkraftwerk Leibstadt - Save","og_description":"Am Montag, 11. April trainieren Einsatzkr\u00e4fte des Bundes und des Kernkraftwerks Leibstadt den Lufttransport von Notfallmaterial. Dabei kam es w\u00e4hrend des ganzen Tages zu Flugbewegungen mit Superpuma-Helikoptern der Luftwaffe.\u00a0","og_url":"https:\/\/news.save.ch\/fr\/armee-uebt-notfall-beim-kernkraftwerk-leibstadt\/","og_site_name":"Save","article_published_time":"2022-04-12T07:20:54+00:00","article_modified_time":"2023-06-25T17:30:59+00:00","og_image":[{"width":1000,"height":664,"url":"https:\/\/news.save.ch\/wp-content\/uploads\/2022\/04\/Depositphotos_336067540_S.jpg","type":"image\/jpeg"}],"author":"Simon Gr\u00f6flin","twitter_card":"summary_large_image","twitter_misc":{"\u00c9crit par":"Simon Gr\u00f6flin","Dur\u00e9e de lecture estim\u00e9e":"2 minutes"},"schema":{"@context":"https:\/\/schema.org","@graph":[{"@type":"Article","@id":"https:\/\/news.save.ch\/armee-uebt-notfall-beim-kernkraftwerk-leibstadt\/#article","isPartOf":{"@id":"https:\/\/news.save.ch\/armee-uebt-notfall-beim-kernkraftwerk-leibstadt\/"},"author":{"name":"Simon Gr\u00f6flin","@id":"https:\/\/news.save.ch\/de\/#\/schema\/person\/ad4ef21102fd6125312409ac57d5296d"},"headline":"Armee \u00fcbt Notfall beim Kernkraftwerk Leibstadt","datePublished":"2022-04-12T07:20:54+00:00","dateModified":"2023-06-25T17:30:59+00:00","mainEntityOfPage":{"@id":"https:\/\/news.save.ch\/armee-uebt-notfall-beim-kernkraftwerk-leibstadt\/"},"wordCount":173,"publisher":{"@id":"https:\/\/news.save.ch\/de\/#organization"},"image":{"@id":"https:\/\/news.save.ch\/armee-uebt-notfall-beim-kernkraftwerk-leibstadt\/#primaryimage"},"thumbnailUrl":"https:\/\/news.save.ch\/wp-content\/uploads\/2022\/04\/Depositphotos_336067540_S.jpg","keywords":["Bundesamt f\u00fcr Bev\u00f6lkerungsschutz","Kernkraftwerk","Leibstadt","Notfallmaterial","Notfalltransport","Notfall\u00fcbung","Superpuma-Helikopter"],"articleSection":["ALLGEMEIN","SICHERHEIT"],"inLanguage":"fr-FR"},{"@type":"WebPage","@id":"https:\/\/news.save.ch\/armee-uebt-notfall-beim-kernkraftwerk-leibstadt\/","url":"https:\/\/news.save.ch\/armee-uebt-notfall-beim-kernkraftwerk-leibstadt\/","name":"L'arm\u00e9e s'exerce en cas d'urgence \u00e0 la centrale nucl\u00e9aire de Leibstadt - Save","isPartOf":{"@id":"https:\/\/news.save.ch\/de\/#website"},"primaryImageOfPage":{"@id":"https:\/\/news.save.ch\/armee-uebt-notfall-beim-kernkraftwerk-leibstadt\/#primaryimage"},"image":{"@id":"https:\/\/news.save.ch\/armee-uebt-notfall-beim-kernkraftwerk-leibstadt\/#primaryimage"},"thumbnailUrl":"https:\/\/news.save.ch\/wp-content\/uploads\/2022\/04\/Depositphotos_336067540_S.jpg","datePublished":"2022-04-12T07:20:54+00:00","dateModified":"2023-06-25T17:30:59+00:00","description":"Le lundi 11 avril, les forces d'intervention de la Conf\u00e9d\u00e9ration et de la centrale nucl\u00e9aire de Leibstadt se sont entra\u00een\u00e9es au transport a\u00e9rien de mat\u00e9riel d'urgence. A cette occasion, des mouvements a\u00e9riens ont eu lieu tout au long de la journ\u00e9e avec des h\u00e9licopt\u00e8res Superpuma des Forces a\u00e9riennes.\u00a0","breadcrumb":{"@id":"https:\/\/news.save.ch\/armee-uebt-notfall-beim-kernkraftwerk-leibstadt\/#breadcrumb"},"inLanguage":"fr-FR","potentialAction":[{"@type":"ReadAction","target":["https:\/\/news.save.ch\/armee-uebt-notfall-beim-kernkraftwerk-leibstadt\/"]}]},{"@type":"ImageObject","inLanguage":"fr-FR","@id":"https:\/\/news.save.ch\/armee-uebt-notfall-beim-kernkraftwerk-leibstadt\/#primaryimage","url":"https:\/\/news.save.ch\/wp-content\/uploads\/2022\/04\/Depositphotos_336067540_S.jpg","contentUrl":"https:\/\/news.save.ch\/wp-content\/uploads\/2022\/04\/Depositphotos_336067540_S.jpg","width":1000,"height":664,"caption":"Armee \u00fcbt Notfalll beim Kernkraftwerk Leibstadt"},{"@type":"BreadcrumbList","@id":"https:\/\/news.save.ch\/armee-uebt-notfall-beim-kernkraftwerk-leibstadt\/#breadcrumb","itemListElement":[{"@type":"ListItem","position":1,"name":"Home","item":"https:\/\/news.save.ch\/de\/"},{"@type":"ListItem","position":2,"name":"Armee \u00fcbt Notfall beim Kernkraftwerk Leibstadt"}]},{"@type":"WebSite","@id":"https:\/\/news.save.ch\/de\/#website","url":"https:\/\/news.save.ch\/de\/","name":"Save","description":"Revue suisse sp\u00e9cialis\u00e9e dans la s\u00e9curit\u00e9","publisher":{"@id":"https:\/\/news.save.ch\/de\/#organization"},"potentialAction":[{"@type":"SearchAction","target":{"@type":"EntryPoint","urlTemplate":"https:\/\/news.save.ch\/de\/?s={search_term_string}"},"query-input":{"@type":"PropertyValueSpecification","valueRequired":true,"valueName":"search_term_string"}}],"inLanguage":"fr-FR"},{"@type":"Organization","@id":"https:\/\/news.save.ch\/de\/#organization","name":"Forum sur la s\u00e9curit\u00e9","url":"https:\/\/news.save.ch\/de\/","logo":{"@type":"ImageObject","inLanguage":"fr-FR","@id":"https:\/\/news.save.ch\/de\/#\/schema\/logo\/image\/","url":"https:\/\/news.save.ch\/wp-content\/uploads\/2022\/06\/Logo_SF_2012.png","contentUrl":"https:\/\/news.save.ch\/wp-content\/uploads\/2022\/06\/Logo_SF_2012.png","width":1100,"height":91,"caption":"Sicherheitsforum"},"image":{"@id":"https:\/\/news.save.ch\/de\/#\/schema\/logo\/image\/"}},{"@type":"Person","@id":"https:\/\/news.save.ch\/de\/#\/schema\/person\/ad4ef21102fd6125312409ac57d5296d","name":"Simon Gr\u00f6flin","image":{"@type":"ImageObject","inLanguage":"fr-FR","@id":"https:\/\/secure.gravatar.com\/avatar\/6ddceb80eb734354635539e0ea5140bb7c41e42de7c45c9a2ab9921b5d5c9a83?s=96&d=mm&r=g","url":"https:\/\/secure.gravatar.com\/avatar\/6ddceb80eb734354635539e0ea5140bb7c41e42de7c45c9a2ab9921b5d5c9a83?s=96&d=mm&r=g","contentUrl":"https:\/\/secure.gravatar.com\/avatar\/6ddceb80eb734354635539e0ea5140bb7c41e42de7c45c9a2ab9921b5d5c9a83?s=96&d=mm&r=g","caption":"Simon Gr\u00f6flin"},"url":"https:\/\/news.save.ch\/fr\/author\/simon-groeflin\/"}]}},"_links":{"self":[{"href":"https:\/\/news.save.ch\/fr\/wp-json\/wp\/v2\/posts\/13985","targetHints":{"allow":["GET"]}}],"collection":[{"href":"https:\/\/news.save.ch\/fr\/wp-json\/wp\/v2\/posts"}],"about":[{"href":"https:\/\/news.save.ch\/fr\/wp-json\/wp\/v2\/types\/post"}],"author":[{"embeddable":true,"href":"https:\/\/news.save.ch\/fr\/wp-json\/wp\/v2\/users\/9"}],"replies":[{"embeddable":true,"href":"https:\/\/news.save.ch\/fr\/wp-json\/wp\/v2\/comments?post=13985"}],"version-history":[{"count":3,"href":"https:\/\/news.save.ch\/fr\/wp-json\/wp\/v2\/posts\/13985\/revisions"}],"predecessor-version":[{"id":20254,"href":"https:\/\/news.save.ch\/fr\/wp-json\/wp\/v2\/posts\/13985\/revisions\/20254"}],"wp:featuredmedia":[{"embeddable":true,"href":"https:\/\/news.save.ch\/fr\/wp-json\/wp\/v2\/media\/13987"}],"wp:attachment":[{"href":"https:\/\/news.save.ch\/fr\/wp-json\/wp\/v2\/media?parent=13985"}],"wp:term":[{"taxonomy":"category","embeddable":true,"href":"https:\/\/news.save.ch\/fr\/wp-json\/wp\/v2\/categories?post=13985"},{"taxonomy":"post_tag","embeddable":true,"href":"https:\/\/news.save.ch\/fr\/wp-json\/wp\/v2\/tags?post=13985"}],"curies":[{"name":"wp","href":"https:\/\/api.w.org\/{rel}","templated":true}]}}