{"id":13997,"date":"2022-04-18T08:06:03","date_gmt":"2022-04-18T06:06:03","guid":{"rendered":"https:\/\/news.save.ch\/?p=13997"},"modified":"2023-08-15T04:41:44","modified_gmt":"2023-08-15T02:41:44","slug":"polizei-und-armee-ueben-den-krisenfall","status":null,"type":"post","link":"https:\/\/news.save.ch\/fr\/polizei-und-armee-ueben-den-krisenfall\/","title":{"rendered":"La police et l'arm\u00e9e s'entra\u00eenent en cas de crise"},"content":{"rendered":"<figure id=\"attachment_13998\" aria-describedby=\"caption-attachment-13998\" style=\"width: 999px\" class=\"wp-caption alignleft\"><img loading=\"lazy\" decoding=\"async\" class=\"wp-image-13998 size-full\" src=\"https:\/\/news.save.ch\/wp-content\/uploads\/2022\/04\/Depositphotos_319525530_S.jpg\" alt=\"Sc\u00e9nario de crise\" width=\"999\" height=\"734\" srcset=\"https:\/\/news.save.ch\/wp-content\/uploads\/2022\/04\/Depositphotos_319525530_S.jpg 999w, https:\/\/news.save.ch\/wp-content\/uploads\/2022\/04\/Depositphotos_319525530_S-375x276.jpg 375w\" sizes=\"auto, (max-width: 999px) 100vw, 999px\" \/><figcaption id=\"caption-attachment-13998\" class=\"wp-caption-text\">Image : depositphotos<\/figcaption><\/figure>\n<p>L'exercice du r\u00e9seau de s\u00e9curit\u00e9 2019 (ASR 19) a permis de v\u00e9rifier comment la Suisse peut faire face \u00e0 une menace terroriste de longue dur\u00e9e. L'exercice \"Fides\", annul\u00e9 l'ann\u00e9e derni\u00e8re suite \u00e0 la situation de Corona, est d\u00e9sormais pr\u00e9vu du 15 au 19 ao\u00fbt 2022 dans la ville de Berne. Dans le cadre de cet exercice, l'arm\u00e9e serait confront\u00e9e \u00e0 la t\u00e2che de prot\u00e9ger des infrastructures critiques pour le fonctionnement de la vie publique.<\/p>\n<h2>Protection des infrastructures essentielles<\/h2>\n<p>Leur gardiennage ou leur surveillance doit \u00eatre planifi\u00e9 concr\u00e8tement sur place et parfois mis en pratique \u00e0 l'\u00e9chelle 1:1. L'accent est mis par exemple sur les centres de distribution importants, les infrastructures de transport importantes comme les tunnels, les ponts, les viaducs, les centres de calcul de l'approvisionnement en \u00e9nergie et de la gestion du trafic ainsi que les infrastructures gouvernementales importantes.<\/p>\n<p>La protection de transports importants est \u00e9galement envisageable. Un soutien de la police dans la protection des ambassades pourrait \u00e9galement faire l'objet d'un exercice : Ce sc\u00e9nario a d\u00e9j\u00e0 \u00e9t\u00e9 th\u00e9matis\u00e9 et envisag\u00e9 lors de la crise de Corona pour d\u00e9charger les forces de police \u00e0 Berne, comme il ressort d'un communiqu\u00e9 du canton. La direction de la s\u00e9curit\u00e9 d\u00e9finira le sc\u00e9nario concret de l'exercice dans les prochaines semaines, en collaboration avec la police et l'arm\u00e9e.<\/p>","protected":false},"excerpt":{"rendered":"<p>In der Sicherheitsverbunds\u00fcbung 2019 (SVU 19) wurde \u00fcberpr\u00fcft, wie die Schweiz eine l\u00e4nger andauernde Terrorbedrohung bew\u00e4ltigen kann. Die im vergangenen Jahr infolge der Corona-Situation abgesagte \u00dcbung \u00abFides\u00bb ist neu vom 15. bis 19. August 2022 in der Stadt Bern geplant. Die Armee werde im Rahmen der \u00dcbung vor die Aufgabe gestellt, f\u00fcr das Funktionieren des [&hellip;]<\/p>\n","protected":false},"author":9,"featured_media":13998,"comment_status":"closed","ping_status":"closed","sticky":false,"template":"","format":"standard","meta":{"_acf_changed":false,"pgc_sgb_lightbox_settings":"","footnotes":""},"categories":[1],"tags":[4607,1408,964,1173,4606,310,566,567],"class_list":["post-13997","post","type-post","status-publish","format-standard","has-post-thumbnail","hentry","category-allgemein","tag-botschaftsschutz","tag-fides","tag-kritische-infrastrukturen","tag-militaer","tag-schutz-wichtiger-transporte","tag-sicherheit","tag-sicherheitsverbundsuebung","tag-terrorbedrohung"],"acf":[],"hkrextid":null,"publication":null,"issue":null,"workflow":null,"startPage":null,"spitzmarke":null,"_posts_by_tag_page_fields":{"widget_title":"","widget_tags":""},"_at_widget":"1","_yoast_wpseo_primary_category":"1","_yoast_wpseo_focuskw_text_input":null,"_yoast_wpseo_opengraph-image":null,"_yoast_wpseo_opengraph-description":null,"_yoast_wpseo_opengraph-title":null,"enclosure":null,"_yoast_wpseo_twitter-title":null,"_yoast_wpseo_twitter-description":null,"_yoast_wpseo_twitter-image":null,"_wp_old_slug":null,"_yoast_wpseo_title":null,"_yoast_wpseo_canonical":null,"yoast_head":"<!-- This site is optimized with the Yoast SEO plugin v27.4 - https:\/\/yoast.com\/product\/yoast-seo-wordpress\/ -->\n<title>Polizei und Armee \u00fcben den Krisenfall - Save<\/title>\n<meta name=\"description\" content=\"Polizei und Armee \u00fcben im August in Bern und Umgebung ein Krisenszenario. Die \u00dcbung \u00abFides\u00bb war urspr\u00fcnglich schon f\u00fcr 2021 vorgesehen, wurde jedoch wegen Corona verschoben.\" \/>\n<meta name=\"robots\" content=\"index, follow, max-snippet:-1, max-image-preview:large, max-video-preview:-1\" \/>\n<link rel=\"canonical\" href=\"https:\/\/news.save.ch\/fr\/polizei-und-armee-ueben-den-krisenfall\/\" \/>\n<meta property=\"og:locale\" content=\"fr_FR\" \/>\n<meta property=\"og:type\" content=\"article\" \/>\n<meta property=\"og:title\" content=\"Polizei und Armee \u00fcben den Krisenfall - Save\" \/>\n<meta property=\"og:description\" content=\"Polizei und Armee \u00fcben im August in Bern und Umgebung ein Krisenszenario. Die \u00dcbung \u00abFides\u00bb war urspr\u00fcnglich schon f\u00fcr 2021 vorgesehen, wurde jedoch wegen Corona verschoben.\" \/>\n<meta property=\"og:url\" content=\"https:\/\/news.save.ch\/fr\/polizei-und-armee-ueben-den-krisenfall\/\" \/>\n<meta property=\"og:site_name\" content=\"Save\" \/>\n<meta property=\"article:published_time\" content=\"2022-04-18T06:06:03+00:00\" \/>\n<meta property=\"article:modified_time\" content=\"2023-08-15T02:41:44+00:00\" \/>\n<meta property=\"og:image\" content=\"https:\/\/news.save.ch\/wp-content\/uploads\/2022\/04\/Depositphotos_319525530_S.jpg\" \/>\n\t<meta property=\"og:image:width\" content=\"999\" \/>\n\t<meta property=\"og:image:height\" content=\"734\" \/>\n\t<meta property=\"og:image:type\" content=\"image\/jpeg\" \/>\n<meta name=\"author\" content=\"Simon Gr\u00f6flin\" \/>\n<meta name=\"twitter:card\" content=\"summary_large_image\" \/>\n<meta name=\"twitter:label1\" content=\"\u00c9crit par\" \/>\n\t<meta name=\"twitter:data1\" content=\"Simon Gr\u00f6flin\" \/>\n\t<meta name=\"twitter:label2\" content=\"Dur\u00e9e de lecture estim\u00e9e\" \/>\n\t<meta name=\"twitter:data2\" content=\"2 minutes\" \/>\n<script type=\"application\/ld+json\" class=\"yoast-schema-graph\">{\"@context\":\"https:\\\/\\\/schema.org\",\"@graph\":[{\"@type\":\"Article\",\"@id\":\"https:\\\/\\\/news.save.ch\\\/polizei-und-armee-ueben-den-krisenfall\\\/#article\",\"isPartOf\":{\"@id\":\"https:\\\/\\\/news.save.ch\\\/polizei-und-armee-ueben-den-krisenfall\\\/\"},\"author\":{\"name\":\"Simon Gr\u00f6flin\",\"@id\":\"https:\\\/\\\/news.save.ch\\\/de\\\/#\\\/schema\\\/person\\\/ad4ef21102fd6125312409ac57d5296d\"},\"headline\":\"Polizei und Armee \u00fcben den Krisenfall\",\"datePublished\":\"2022-04-18T06:06:03+00:00\",\"dateModified\":\"2023-08-15T02:41:44+00:00\",\"mainEntityOfPage\":{\"@id\":\"https:\\\/\\\/news.save.ch\\\/polizei-und-armee-ueben-den-krisenfall\\\/\"},\"wordCount\":189,\"publisher\":{\"@id\":\"https:\\\/\\\/news.save.ch\\\/de\\\/#organization\"},\"image\":{\"@id\":\"https:\\\/\\\/news.save.ch\\\/polizei-und-armee-ueben-den-krisenfall\\\/#primaryimage\"},\"thumbnailUrl\":\"https:\\\/\\\/news.save.ch\\\/wp-content\\\/uploads\\\/2022\\\/04\\\/Depositphotos_319525530_S.jpg\",\"keywords\":[\"Botschaftsschutz\",\"Fides\",\"kritische Infrastrukturen\",\"Milit\u00e4r\",\"Schutz wichtiger Transporte\",\"Sicherheit\",\"Sicherheitsverbunds\u00fcbung\",\"Terrorbedrohung\"],\"articleSection\":[\"ALLGEMEIN\"],\"inLanguage\":\"fr-FR\"},{\"@type\":\"WebPage\",\"@id\":\"https:\\\/\\\/news.save.ch\\\/polizei-und-armee-ueben-den-krisenfall\\\/\",\"url\":\"https:\\\/\\\/news.save.ch\\\/polizei-und-armee-ueben-den-krisenfall\\\/\",\"name\":\"Polizei und Armee \u00fcben den Krisenfall - Save\",\"isPartOf\":{\"@id\":\"https:\\\/\\\/news.save.ch\\\/de\\\/#website\"},\"primaryImageOfPage\":{\"@id\":\"https:\\\/\\\/news.save.ch\\\/polizei-und-armee-ueben-den-krisenfall\\\/#primaryimage\"},\"image\":{\"@id\":\"https:\\\/\\\/news.save.ch\\\/polizei-und-armee-ueben-den-krisenfall\\\/#primaryimage\"},\"thumbnailUrl\":\"https:\\\/\\\/news.save.ch\\\/wp-content\\\/uploads\\\/2022\\\/04\\\/Depositphotos_319525530_S.jpg\",\"datePublished\":\"2022-04-18T06:06:03+00:00\",\"dateModified\":\"2023-08-15T02:41:44+00:00\",\"description\":\"Polizei und Armee \u00fcben im August in Bern und Umgebung ein Krisenszenario. Die \u00dcbung \u00abFides\u00bb war urspr\u00fcnglich schon f\u00fcr 2021 vorgesehen, wurde jedoch wegen Corona verschoben.\",\"breadcrumb\":{\"@id\":\"https:\\\/\\\/news.save.ch\\\/polizei-und-armee-ueben-den-krisenfall\\\/#breadcrumb\"},\"inLanguage\":\"fr-FR\",\"potentialAction\":[{\"@type\":\"ReadAction\",\"target\":[\"https:\\\/\\\/news.save.ch\\\/polizei-und-armee-ueben-den-krisenfall\\\/\"]}]},{\"@type\":\"ImageObject\",\"inLanguage\":\"fr-FR\",\"@id\":\"https:\\\/\\\/news.save.ch\\\/polizei-und-armee-ueben-den-krisenfall\\\/#primaryimage\",\"url\":\"https:\\\/\\\/news.save.ch\\\/wp-content\\\/uploads\\\/2022\\\/04\\\/Depositphotos_319525530_S.jpg\",\"contentUrl\":\"https:\\\/\\\/news.save.ch\\\/wp-content\\\/uploads\\\/2022\\\/04\\\/Depositphotos_319525530_S.jpg\",\"width\":999,\"height\":734,\"caption\":\"Flag of Switzerland on military uniform. Swiss flag on soldiers arm. Armed Forces, Army. Collage.\"},{\"@type\":\"BreadcrumbList\",\"@id\":\"https:\\\/\\\/news.save.ch\\\/polizei-und-armee-ueben-den-krisenfall\\\/#breadcrumb\",\"itemListElement\":[{\"@type\":\"ListItem\",\"position\":1,\"name\":\"Home\",\"item\":\"https:\\\/\\\/news.save.ch\\\/de\\\/\"},{\"@type\":\"ListItem\",\"position\":2,\"name\":\"Polizei und Armee \u00fcben den Krisenfall\"}]},{\"@type\":\"WebSite\",\"@id\":\"https:\\\/\\\/news.save.ch\\\/de\\\/#website\",\"url\":\"https:\\\/\\\/news.save.ch\\\/de\\\/\",\"name\":\"Save\",\"description\":\"Schweizer Fachzeitschrift f\u00fcr Sicherheit\",\"publisher\":{\"@id\":\"https:\\\/\\\/news.save.ch\\\/de\\\/#organization\"},\"potentialAction\":[{\"@type\":\"SearchAction\",\"target\":{\"@type\":\"EntryPoint\",\"urlTemplate\":\"https:\\\/\\\/news.save.ch\\\/de\\\/?s={search_term_string}\"},\"query-input\":{\"@type\":\"PropertyValueSpecification\",\"valueRequired\":true,\"valueName\":\"search_term_string\"}}],\"inLanguage\":\"fr-FR\"},{\"@type\":\"Organization\",\"@id\":\"https:\\\/\\\/news.save.ch\\\/de\\\/#organization\",\"name\":\"Sicherheitsforum\",\"url\":\"https:\\\/\\\/news.save.ch\\\/de\\\/\",\"logo\":{\"@type\":\"ImageObject\",\"inLanguage\":\"fr-FR\",\"@id\":\"https:\\\/\\\/news.save.ch\\\/de\\\/#\\\/schema\\\/logo\\\/image\\\/\",\"url\":\"https:\\\/\\\/news.save.ch\\\/wp-content\\\/uploads\\\/2022\\\/06\\\/Logo_SF_2012.png\",\"contentUrl\":\"https:\\\/\\\/news.save.ch\\\/wp-content\\\/uploads\\\/2022\\\/06\\\/Logo_SF_2012.png\",\"width\":1100,\"height\":91,\"caption\":\"Sicherheitsforum\"},\"image\":{\"@id\":\"https:\\\/\\\/news.save.ch\\\/de\\\/#\\\/schema\\\/logo\\\/image\\\/\"}},{\"@type\":\"Person\",\"@id\":\"https:\\\/\\\/news.save.ch\\\/de\\\/#\\\/schema\\\/person\\\/ad4ef21102fd6125312409ac57d5296d\",\"name\":\"Simon Gr\u00f6flin\",\"image\":{\"@type\":\"ImageObject\",\"inLanguage\":\"fr-FR\",\"@id\":\"https:\\\/\\\/secure.gravatar.com\\\/avatar\\\/6ddceb80eb734354635539e0ea5140bb7c41e42de7c45c9a2ab9921b5d5c9a83?s=96&d=mm&r=g\",\"url\":\"https:\\\/\\\/secure.gravatar.com\\\/avatar\\\/6ddceb80eb734354635539e0ea5140bb7c41e42de7c45c9a2ab9921b5d5c9a83?s=96&d=mm&r=g\",\"contentUrl\":\"https:\\\/\\\/secure.gravatar.com\\\/avatar\\\/6ddceb80eb734354635539e0ea5140bb7c41e42de7c45c9a2ab9921b5d5c9a83?s=96&d=mm&r=g\",\"caption\":\"Simon Gr\u00f6flin\"},\"url\":\"https:\\\/\\\/news.save.ch\\\/fr\\\/author\\\/simon-groeflin\\\/\"}]}<\/script>\n<!-- \/ Yoast SEO plugin. -->","yoast_head_json":{"title":"La police et l'arm\u00e9e s'entra\u00eenent en cas de crise - Save","description":"La police et l'arm\u00e9e s'entra\u00eenent en ao\u00fbt \u00e0 un sc\u00e9nario de crise \u00e0 Berne et dans ses environs. L'exercice \"Fides\" \u00e9tait initialement d\u00e9j\u00e0 pr\u00e9vu pour 2021, mais il a \u00e9t\u00e9 report\u00e9 en raison de Corona.","robots":{"index":"index","follow":"follow","max-snippet":"max-snippet:-1","max-image-preview":"max-image-preview:large","max-video-preview":"max-video-preview:-1"},"canonical":"https:\/\/news.save.ch\/fr\/polizei-und-armee-ueben-den-krisenfall\/","og_locale":"fr_FR","og_type":"article","og_title":"Polizei und Armee \u00fcben den Krisenfall - Save","og_description":"Polizei und Armee \u00fcben im August in Bern und Umgebung ein Krisenszenario. Die \u00dcbung \u00abFides\u00bb war urspr\u00fcnglich schon f\u00fcr 2021 vorgesehen, wurde jedoch wegen Corona verschoben.","og_url":"https:\/\/news.save.ch\/fr\/polizei-und-armee-ueben-den-krisenfall\/","og_site_name":"Save","article_published_time":"2022-04-18T06:06:03+00:00","article_modified_time":"2023-08-15T02:41:44+00:00","og_image":[{"width":999,"height":734,"url":"https:\/\/news.save.ch\/wp-content\/uploads\/2022\/04\/Depositphotos_319525530_S.jpg","type":"image\/jpeg"}],"author":"Simon Gr\u00f6flin","twitter_card":"summary_large_image","twitter_misc":{"\u00c9crit par":"Simon Gr\u00f6flin","Dur\u00e9e de lecture estim\u00e9e":"2 minutes"},"schema":{"@context":"https:\/\/schema.org","@graph":[{"@type":"Article","@id":"https:\/\/news.save.ch\/polizei-und-armee-ueben-den-krisenfall\/#article","isPartOf":{"@id":"https:\/\/news.save.ch\/polizei-und-armee-ueben-den-krisenfall\/"},"author":{"name":"Simon Gr\u00f6flin","@id":"https:\/\/news.save.ch\/de\/#\/schema\/person\/ad4ef21102fd6125312409ac57d5296d"},"headline":"Polizei und Armee \u00fcben den Krisenfall","datePublished":"2022-04-18T06:06:03+00:00","dateModified":"2023-08-15T02:41:44+00:00","mainEntityOfPage":{"@id":"https:\/\/news.save.ch\/polizei-und-armee-ueben-den-krisenfall\/"},"wordCount":189,"publisher":{"@id":"https:\/\/news.save.ch\/de\/#organization"},"image":{"@id":"https:\/\/news.save.ch\/polizei-und-armee-ueben-den-krisenfall\/#primaryimage"},"thumbnailUrl":"https:\/\/news.save.ch\/wp-content\/uploads\/2022\/04\/Depositphotos_319525530_S.jpg","keywords":["Botschaftsschutz","Fides","kritische Infrastrukturen","Milit\u00e4r","Schutz wichtiger Transporte","Sicherheit","Sicherheitsverbunds\u00fcbung","Terrorbedrohung"],"articleSection":["ALLGEMEIN"],"inLanguage":"fr-FR"},{"@type":"WebPage","@id":"https:\/\/news.save.ch\/polizei-und-armee-ueben-den-krisenfall\/","url":"https:\/\/news.save.ch\/polizei-und-armee-ueben-den-krisenfall\/","name":"La police et l'arm\u00e9e s'entra\u00eenent en cas de crise - Save","isPartOf":{"@id":"https:\/\/news.save.ch\/de\/#website"},"primaryImageOfPage":{"@id":"https:\/\/news.save.ch\/polizei-und-armee-ueben-den-krisenfall\/#primaryimage"},"image":{"@id":"https:\/\/news.save.ch\/polizei-und-armee-ueben-den-krisenfall\/#primaryimage"},"thumbnailUrl":"https:\/\/news.save.ch\/wp-content\/uploads\/2022\/04\/Depositphotos_319525530_S.jpg","datePublished":"2022-04-18T06:06:03+00:00","dateModified":"2023-08-15T02:41:44+00:00","description":"La police et l'arm\u00e9e s'entra\u00eenent en ao\u00fbt \u00e0 un sc\u00e9nario de crise \u00e0 Berne et dans ses environs. L'exercice \"Fides\" \u00e9tait initialement d\u00e9j\u00e0 pr\u00e9vu pour 2021, mais il a \u00e9t\u00e9 report\u00e9 en raison de Corona.","breadcrumb":{"@id":"https:\/\/news.save.ch\/polizei-und-armee-ueben-den-krisenfall\/#breadcrumb"},"inLanguage":"fr-FR","potentialAction":[{"@type":"ReadAction","target":["https:\/\/news.save.ch\/polizei-und-armee-ueben-den-krisenfall\/"]}]},{"@type":"ImageObject","inLanguage":"fr-FR","@id":"https:\/\/news.save.ch\/polizei-und-armee-ueben-den-krisenfall\/#primaryimage","url":"https:\/\/news.save.ch\/wp-content\/uploads\/2022\/04\/Depositphotos_319525530_S.jpg","contentUrl":"https:\/\/news.save.ch\/wp-content\/uploads\/2022\/04\/Depositphotos_319525530_S.jpg","width":999,"height":734,"caption":"Flag of Switzerland on military uniform. Swiss flag on soldiers arm. Armed Forces, Army. Collage."},{"@type":"BreadcrumbList","@id":"https:\/\/news.save.ch\/polizei-und-armee-ueben-den-krisenfall\/#breadcrumb","itemListElement":[{"@type":"ListItem","position":1,"name":"Home","item":"https:\/\/news.save.ch\/de\/"},{"@type":"ListItem","position":2,"name":"Polizei und Armee \u00fcben den Krisenfall"}]},{"@type":"WebSite","@id":"https:\/\/news.save.ch\/de\/#website","url":"https:\/\/news.save.ch\/de\/","name":"Save","description":"Revue suisse sp\u00e9cialis\u00e9e dans la s\u00e9curit\u00e9","publisher":{"@id":"https:\/\/news.save.ch\/de\/#organization"},"potentialAction":[{"@type":"SearchAction","target":{"@type":"EntryPoint","urlTemplate":"https:\/\/news.save.ch\/de\/?s={search_term_string}"},"query-input":{"@type":"PropertyValueSpecification","valueRequired":true,"valueName":"search_term_string"}}],"inLanguage":"fr-FR"},{"@type":"Organization","@id":"https:\/\/news.save.ch\/de\/#organization","name":"Forum sur la s\u00e9curit\u00e9","url":"https:\/\/news.save.ch\/de\/","logo":{"@type":"ImageObject","inLanguage":"fr-FR","@id":"https:\/\/news.save.ch\/de\/#\/schema\/logo\/image\/","url":"https:\/\/news.save.ch\/wp-content\/uploads\/2022\/06\/Logo_SF_2012.png","contentUrl":"https:\/\/news.save.ch\/wp-content\/uploads\/2022\/06\/Logo_SF_2012.png","width":1100,"height":91,"caption":"Sicherheitsforum"},"image":{"@id":"https:\/\/news.save.ch\/de\/#\/schema\/logo\/image\/"}},{"@type":"Person","@id":"https:\/\/news.save.ch\/de\/#\/schema\/person\/ad4ef21102fd6125312409ac57d5296d","name":"Simon Gr\u00f6flin","image":{"@type":"ImageObject","inLanguage":"fr-FR","@id":"https:\/\/secure.gravatar.com\/avatar\/6ddceb80eb734354635539e0ea5140bb7c41e42de7c45c9a2ab9921b5d5c9a83?s=96&d=mm&r=g","url":"https:\/\/secure.gravatar.com\/avatar\/6ddceb80eb734354635539e0ea5140bb7c41e42de7c45c9a2ab9921b5d5c9a83?s=96&d=mm&r=g","contentUrl":"https:\/\/secure.gravatar.com\/avatar\/6ddceb80eb734354635539e0ea5140bb7c41e42de7c45c9a2ab9921b5d5c9a83?s=96&d=mm&r=g","caption":"Simon Gr\u00f6flin"},"url":"https:\/\/news.save.ch\/fr\/author\/simon-groeflin\/"}]}},"_links":{"self":[{"href":"https:\/\/news.save.ch\/fr\/wp-json\/wp\/v2\/posts\/13997","targetHints":{"allow":["GET"]}}],"collection":[{"href":"https:\/\/news.save.ch\/fr\/wp-json\/wp\/v2\/posts"}],"about":[{"href":"https:\/\/news.save.ch\/fr\/wp-json\/wp\/v2\/types\/post"}],"author":[{"embeddable":true,"href":"https:\/\/news.save.ch\/fr\/wp-json\/wp\/v2\/users\/9"}],"replies":[{"embeddable":true,"href":"https:\/\/news.save.ch\/fr\/wp-json\/wp\/v2\/comments?post=13997"}],"version-history":[{"count":3,"href":"https:\/\/news.save.ch\/fr\/wp-json\/wp\/v2\/posts\/13997\/revisions"}],"predecessor-version":[{"id":21769,"href":"https:\/\/news.save.ch\/fr\/wp-json\/wp\/v2\/posts\/13997\/revisions\/21769"}],"wp:featuredmedia":[{"embeddable":true,"href":"https:\/\/news.save.ch\/fr\/wp-json\/wp\/v2\/media\/13998"}],"wp:attachment":[{"href":"https:\/\/news.save.ch\/fr\/wp-json\/wp\/v2\/media?parent=13997"}],"wp:term":[{"taxonomy":"category","embeddable":true,"href":"https:\/\/news.save.ch\/fr\/wp-json\/wp\/v2\/categories?post=13997"},{"taxonomy":"post_tag","embeddable":true,"href":"https:\/\/news.save.ch\/fr\/wp-json\/wp\/v2\/tags?post=13997"}],"curies":[{"name":"wp","href":"https:\/\/api.w.org\/{rel}","templated":true}]}}