{"id":14131,"date":"2015-09-30T09:31:46","date_gmt":"2015-09-30T07:31:46","guid":{"rendered":"https:\/\/dev.sicherheitsforum.ch\/?p=648"},"modified":"2023-03-14T08:57:32","modified_gmt":"2023-03-14T07:57:32","slug":"cybersicherheit-in-25-eu-staaten","status":null,"type":"post","link":"https:\/\/news.save.ch\/fr\/cybersicherheit-in-25-eu-staaten\/","title":{"rendered":"La cybers\u00e9curit\u00e9 dans 25 pays de l'UE"},"content":{"rendered":"<figure id=\"attachment_649\" aria-describedby=\"caption-attachment-649\" style=\"width: 680px\" class=\"wp-caption alignnone\"><img loading=\"lazy\" decoding=\"async\" class=\"wp-image-649 size-medium\" src=\"https:\/\/news.save.ch\/wp-content\/uploads\/2016\/12\/Cybersicherheit-in-25-EU-Staaten-it-security.jpg\" alt=\"La cybers\u00e9curit\u00e9 est le grand th\u00e8me du mois d&#039;octobre en Europe.\" width=\"680\" height=\"510\" \/><figcaption id=\"caption-attachment-649\" class=\"wp-caption-text\">La cybers\u00e9curit\u00e9 est le grand th\u00e8me du mois d'octobre en Europe.<\/figcaption><\/figure>\n<p>Pendant quatre semaines, plus de <a href=\"https:\/\/cybersecuritymonth.eu\/\" target=\"_blank\" data-cke-saved-href=\"https:\/\/cybersecuritymonth.eu\/\" rel=\"noopener\">100 \u00e9v\u00e9nements<\/a> dans 25 pays de l'UE autour des dangers d'Internet et des moyens de s'en prot\u00e9ger.<\/p>\n<p>\"La confiance et la s\u00e9curit\u00e9 sont les \u00e9l\u00e9ments cl\u00e9s du march\u00e9 unique num\u00e9rique europ\u00e9en. Nous ne pouvons pas exploiter les possibilit\u00e9s offertes par les outils num\u00e9riques et les r\u00e9seaux en ligne si nous ne leur faisons pas confiance. Il est essentiel de sensibiliser aux risques et aux menaces, et de reconna\u00eetre que la s\u00e9curit\u00e9 des r\u00e9seaux est une responsabilit\u00e9 partag\u00e9e, afin que les gens soient mieux inform\u00e9s lorsqu'ils sont en ligne et qu'ils se prot\u00e8gent contre les risques\", a d\u00e9clar\u00e9 le vice-pr\u00e9sident de la Commission europ\u00e9enne Andrus Ansip, responsable du march\u00e9 unique num\u00e9rique.<\/p>\n<p>En Allemagne, il y aura notamment le congr\u00e8s sur la cybers\u00e9curit\u00e9<a href=\"https:\/\/cybersecuritymonth.eu\/ecsm-countries\/germany\/isc-2-security-congress-emea-2015-in-partnership-with-mis-training-institute\" target=\"_blank\" data-cke-saved-href=\"https:\/\/cybersecuritymonth.eu\/ecsm-countries\/germany\/isc-2-security-congress-emea-2015-in-partnership-with-mis-training-institute\" rel=\"noopener\"> EMEA<\/a> aura lieu \u00e0 Munich. Les 20 et 21 octobre, des professionnels de la s\u00e9curit\u00e9 venus d'Europe discuteront du d\u00e9fi de la cybers\u00e9curit\u00e9 avec leurs coll\u00e8gues du monde entier. Une plate-forme de produits et de services autour du th\u00e8me de la s\u00e9curit\u00e9 informatique est propos\u00e9e du 6 au 8 octobre au salon IT-Security <a href=\"https:\/\/www.it-sa.de\" target=\"_blank\" data-cke-saved-href=\"https:\/\/www.it-sa.de\" rel=\"noopener\">it-sa<\/a> IT avec des responsables de la s\u00e9curit\u00e9, des d\u00e9veloppeurs et des fournisseurs \u00e0 Nuremberg.<\/p>\n<p>Le site <a href=\"https:\/\/www.bsi.bund.de\" target=\"_blank\" data-cke-saved-href=\"https:\/\/www.bsi.bund.de\" rel=\"noopener\">Office f\u00e9d\u00e9ral de la s\u00e9curit\u00e9 dans la technologie de l'information<\/a> (BSI) informe sur ses pages web sur les manifestations allemandes. En outre, sur la page Facebook du BSI, des experts r\u00e9pondent aux questions sur la s\u00e9curit\u00e9 des r\u00e9seaux.<\/p>\n<p>&nbsp;<\/p>","protected":false},"excerpt":{"rendered":"<p>Vier Wochen lang geht es bei \u00fcber 100 Veranstaltungen in 25 EU-Staaten um die Gefahren im Internet und die M\u00f6glichkeiten, sich davor zu sch\u00fctzen. &#8222;Vertrauen und Sicherheit sind die Schl\u00fcsselkomponenten des europ\u00e4ischen digitalen Binnenmarktes. Wir k\u00f6nnen nicht die M\u00f6glichkeiten der digitalen Werkzeuge und Online-Netzwerke aussch\u00f6pfen, wenn wir ihnen nicht vertrauen. Das Bewusstsein f\u00fcr die Risiken [&hellip;]<\/p>\n","protected":false},"author":1,"featured_media":13534,"comment_status":"open","ping_status":"open","sticky":false,"template":"","format":"standard","meta":{"_acf_changed":false,"pgc_sgb_lightbox_settings":"","footnotes":""},"categories":[3313],"tags":[96,62,63],"class_list":["post-14131","post","type-post","status-publish","format-standard","has-post-thumbnail","hentry","category-digitalisierung","tag-cyber-crime","tag-ict-sicherheit","tag-it-security"],"acf":[],"hkrextid":null,"publication":null,"issue":null,"workflow":null,"startPage":null,"spitzmarke":null,"_posts_by_tag_page_fields":{"widget_title":"","widget_tags":""},"_at_widget":"1","_yoast_wpseo_primary_category":"2","_yoast_wpseo_focuskw_text_input":"Cybersicherheit","_yoast_wpseo_opengraph-image":"https:\/\/news.save.ch\/wp-content\/uploads\/2016\/12\/Cybersicherheit-in-25-EU-Staaten-it-security.jpg","_yoast_wpseo_opengraph-description":"Wissen, welche Gefahren das Internet birgt, eine Kultur der Netzsicherheit schaffen, aber auch verstehen, wie die Cloud funktioniert: Diese Themen stehen im Oktober auf dem Programm des \u201eEurop\u00e4ischen Monats der Cybersicherheit\u201c.","_yoast_wpseo_opengraph-title":"Cybersicherheit in 25 EU-Staaten","enclosure":null,"_yoast_wpseo_twitter-title":null,"_yoast_wpseo_twitter-description":null,"_yoast_wpseo_twitter-image":null,"_wp_old_slug":null,"_yoast_wpseo_title":null,"_yoast_wpseo_canonical":null,"yoast_head":"<!-- This site is optimized with the Yoast SEO plugin v27.5 - https:\/\/yoast.com\/product\/yoast-seo-wordpress\/ -->\n<title>Cybersicherheit in 25 EU-Staaten - Save<\/title>\n<meta name=\"description\" content=\"Themen im Oktober des \u201eEurop\u00e4ischen Monats der Cybersicherheit\u201c: Gefahren im Internet, Netzsicherheit, und verstehen, wie die Cloud funktioniert.\" \/>\n<meta name=\"robots\" content=\"index, follow, max-snippet:-1, max-image-preview:large, max-video-preview:-1\" \/>\n<link rel=\"canonical\" href=\"https:\/\/news.save.ch\/fr\/cybersicherheit-in-25-eu-staaten\/\" \/>\n<meta property=\"og:locale\" content=\"fr_FR\" \/>\n<meta property=\"og:type\" content=\"article\" \/>\n<meta property=\"og:title\" content=\"Cybersicherheit in 25 EU-Staaten\" \/>\n<meta property=\"og:description\" content=\"Wissen, welche Gefahren das Internet birgt, eine Kultur der Netzsicherheit schaffen, aber auch verstehen, wie die Cloud funktioniert: Diese Themen stehen im Oktober auf dem Programm des \u201eEurop\u00e4ischen Monats der Cybersicherheit\u201c.\" \/>\n<meta property=\"og:url\" content=\"https:\/\/news.save.ch\/fr\/cybersicherheit-in-25-eu-staaten\/\" \/>\n<meta property=\"og:site_name\" content=\"Save\" \/>\n<meta property=\"article:published_time\" content=\"2015-09-30T07:31:46+00:00\" \/>\n<meta property=\"article:modified_time\" content=\"2023-03-14T07:57:32+00:00\" \/>\n<meta property=\"og:image\" content=\"https:\/\/news.save.ch\/wp-content\/uploads\/2016\/12\/Cybersicherheit-in-25-EU-Staaten-it-security.jpg\" \/>\n<meta name=\"author\" content=\"admin\" \/>\n<meta name=\"twitter:card\" content=\"summary_large_image\" \/>\n<meta name=\"twitter:label1\" content=\"\u00c9crit par\" \/>\n\t<meta name=\"twitter:data1\" content=\"admin\" \/>\n\t<meta name=\"twitter:label2\" content=\"Dur\u00e9e de lecture estim\u00e9e\" \/>\n\t<meta name=\"twitter:data2\" content=\"1 minute\" \/>\n<script type=\"application\/ld+json\" class=\"yoast-schema-graph\">{\"@context\":\"https:\\\/\\\/schema.org\",\"@graph\":[{\"@type\":\"Article\",\"@id\":\"https:\\\/\\\/news.save.ch\\\/cybersicherheit-in-25-eu-staaten\\\/#article\",\"isPartOf\":{\"@id\":\"https:\\\/\\\/news.save.ch\\\/cybersicherheit-in-25-eu-staaten\\\/\"},\"author\":{\"name\":\"admin\",\"@id\":\"https:\\\/\\\/news.save.ch\\\/de\\\/#\\\/schema\\\/person\\\/d49e199490bad7c70d64b9ab51142f2b\"},\"headline\":\"Cybersicherheit in 25 EU-Staaten\",\"datePublished\":\"2015-09-30T07:31:46+00:00\",\"dateModified\":\"2023-03-14T07:57:32+00:00\",\"mainEntityOfPage\":{\"@id\":\"https:\\\/\\\/news.save.ch\\\/cybersicherheit-in-25-eu-staaten\\\/\"},\"wordCount\":218,\"commentCount\":0,\"publisher\":{\"@id\":\"https:\\\/\\\/news.save.ch\\\/de\\\/#organization\"},\"image\":{\"@id\":\"https:\\\/\\\/news.save.ch\\\/cybersicherheit-in-25-eu-staaten\\\/#primaryimage\"},\"thumbnailUrl\":\"https:\\\/\\\/news.save.ch\\\/wp-content\\\/uploads\\\/2016\\\/12\\\/Cybersicherheit-in-25-EU-Staaten-it-security-scaled.jpg\",\"keywords\":[\"Cyber-Crime\",\"ICT-Sicherheit\",\"IT-SECURITY\"],\"articleSection\":[\"DIGITALISIERUNG\"],\"inLanguage\":\"fr-FR\"},{\"@type\":\"WebPage\",\"@id\":\"https:\\\/\\\/news.save.ch\\\/cybersicherheit-in-25-eu-staaten\\\/\",\"url\":\"https:\\\/\\\/news.save.ch\\\/cybersicherheit-in-25-eu-staaten\\\/\",\"name\":\"Cybersicherheit in 25 EU-Staaten - Save\",\"isPartOf\":{\"@id\":\"https:\\\/\\\/news.save.ch\\\/de\\\/#website\"},\"primaryImageOfPage\":{\"@id\":\"https:\\\/\\\/news.save.ch\\\/cybersicherheit-in-25-eu-staaten\\\/#primaryimage\"},\"image\":{\"@id\":\"https:\\\/\\\/news.save.ch\\\/cybersicherheit-in-25-eu-staaten\\\/#primaryimage\"},\"thumbnailUrl\":\"https:\\\/\\\/news.save.ch\\\/wp-content\\\/uploads\\\/2016\\\/12\\\/Cybersicherheit-in-25-EU-Staaten-it-security-scaled.jpg\",\"datePublished\":\"2015-09-30T07:31:46+00:00\",\"dateModified\":\"2023-03-14T07:57:32+00:00\",\"description\":\"Themen im Oktober des \u201eEurop\u00e4ischen Monats der Cybersicherheit\u201c: Gefahren im Internet, Netzsicherheit, und verstehen, wie die Cloud funktioniert.\",\"breadcrumb\":{\"@id\":\"https:\\\/\\\/news.save.ch\\\/cybersicherheit-in-25-eu-staaten\\\/#breadcrumb\"},\"inLanguage\":\"fr-FR\",\"potentialAction\":[{\"@type\":\"ReadAction\",\"target\":[\"https:\\\/\\\/news.save.ch\\\/cybersicherheit-in-25-eu-staaten\\\/\"]}]},{\"@type\":\"ImageObject\",\"inLanguage\":\"fr-FR\",\"@id\":\"https:\\\/\\\/news.save.ch\\\/cybersicherheit-in-25-eu-staaten\\\/#primaryimage\",\"url\":\"https:\\\/\\\/news.save.ch\\\/wp-content\\\/uploads\\\/2016\\\/12\\\/Cybersicherheit-in-25-EU-Staaten-it-security-scaled.jpg\",\"contentUrl\":\"https:\\\/\\\/news.save.ch\\\/wp-content\\\/uploads\\\/2016\\\/12\\\/Cybersicherheit-in-25-EU-Staaten-it-security-scaled.jpg\",\"width\":1400,\"height\":1050,\"caption\":\"Cybersicherheit ist das grosse Thema in Europa im Monat Oktober.\"},{\"@type\":\"BreadcrumbList\",\"@id\":\"https:\\\/\\\/news.save.ch\\\/cybersicherheit-in-25-eu-staaten\\\/#breadcrumb\",\"itemListElement\":[{\"@type\":\"ListItem\",\"position\":1,\"name\":\"Home\",\"item\":\"https:\\\/\\\/news.save.ch\\\/de\\\/\"},{\"@type\":\"ListItem\",\"position\":2,\"name\":\"Cybersicherheit in 25 EU-Staaten\"}]},{\"@type\":\"WebSite\",\"@id\":\"https:\\\/\\\/news.save.ch\\\/de\\\/#website\",\"url\":\"https:\\\/\\\/news.save.ch\\\/de\\\/\",\"name\":\"Save\",\"description\":\"Schweizer Fachzeitschrift f\u00fcr Sicherheit\",\"publisher\":{\"@id\":\"https:\\\/\\\/news.save.ch\\\/de\\\/#organization\"},\"potentialAction\":[{\"@type\":\"SearchAction\",\"target\":{\"@type\":\"EntryPoint\",\"urlTemplate\":\"https:\\\/\\\/news.save.ch\\\/de\\\/?s={search_term_string}\"},\"query-input\":{\"@type\":\"PropertyValueSpecification\",\"valueRequired\":true,\"valueName\":\"search_term_string\"}}],\"inLanguage\":\"fr-FR\"},{\"@type\":\"Organization\",\"@id\":\"https:\\\/\\\/news.save.ch\\\/de\\\/#organization\",\"name\":\"Sicherheitsforum\",\"url\":\"https:\\\/\\\/news.save.ch\\\/de\\\/\",\"logo\":{\"@type\":\"ImageObject\",\"inLanguage\":\"fr-FR\",\"@id\":\"https:\\\/\\\/news.save.ch\\\/de\\\/#\\\/schema\\\/logo\\\/image\\\/\",\"url\":\"https:\\\/\\\/news.save.ch\\\/wp-content\\\/uploads\\\/2022\\\/06\\\/Logo_SF_2012.png\",\"contentUrl\":\"https:\\\/\\\/news.save.ch\\\/wp-content\\\/uploads\\\/2022\\\/06\\\/Logo_SF_2012.png\",\"width\":1100,\"height\":91,\"caption\":\"Sicherheitsforum\"},\"image\":{\"@id\":\"https:\\\/\\\/news.save.ch\\\/de\\\/#\\\/schema\\\/logo\\\/image\\\/\"}},{\"@type\":\"Person\",\"@id\":\"https:\\\/\\\/news.save.ch\\\/de\\\/#\\\/schema\\\/person\\\/d49e199490bad7c70d64b9ab51142f2b\",\"name\":\"admin\",\"image\":{\"@type\":\"ImageObject\",\"inLanguage\":\"fr-FR\",\"@id\":\"https:\\\/\\\/secure.gravatar.com\\\/avatar\\\/ae2f4d718e6c49043e314ce431e7e645d646302a24a5ef5a8bc8e3f5a032e319?s=96&d=mm&r=g\",\"url\":\"https:\\\/\\\/secure.gravatar.com\\\/avatar\\\/ae2f4d718e6c49043e314ce431e7e645d646302a24a5ef5a8bc8e3f5a032e319?s=96&d=mm&r=g\",\"contentUrl\":\"https:\\\/\\\/secure.gravatar.com\\\/avatar\\\/ae2f4d718e6c49043e314ce431e7e645d646302a24a5ef5a8bc8e3f5a032e319?s=96&d=mm&r=g\",\"caption\":\"admin\"},\"sameAs\":[\"https:\\\/\\\/develop.organisator.galledia.ch\"],\"url\":\"https:\\\/\\\/news.save.ch\\\/fr\\\/author\\\/admin\\\/\"}]}<\/script>\n<!-- \/ Yoast SEO plugin. -->","yoast_head_json":{"title":"La cybers\u00e9curit\u00e9 dans 25 pays de l'UE - Save","description":"Th\u00e8mes du mois d'octobre du \"Mois europ\u00e9en de la cybers\u00e9curit\u00e9\" : les dangers d'Internet, la s\u00e9curit\u00e9 des r\u00e9seaux, et comprendre comment fonctionne le cloud.","robots":{"index":"index","follow":"follow","max-snippet":"max-snippet:-1","max-image-preview":"max-image-preview:large","max-video-preview":"max-video-preview:-1"},"canonical":"https:\/\/news.save.ch\/fr\/cybersicherheit-in-25-eu-staaten\/","og_locale":"fr_FR","og_type":"article","og_title":"Cybersicherheit in 25 EU-Staaten","og_description":"Wissen, welche Gefahren das Internet birgt, eine Kultur der Netzsicherheit schaffen, aber auch verstehen, wie die Cloud funktioniert: Diese Themen stehen im Oktober auf dem Programm des \u201eEurop\u00e4ischen Monats der Cybersicherheit\u201c.","og_url":"https:\/\/news.save.ch\/fr\/cybersicherheit-in-25-eu-staaten\/","og_site_name":"Save","article_published_time":"2015-09-30T07:31:46+00:00","article_modified_time":"2023-03-14T07:57:32+00:00","og_image":[{"url":"https:\/\/news.save.ch\/wp-content\/uploads\/2016\/12\/Cybersicherheit-in-25-EU-Staaten-it-security.jpg","type":"","width":"","height":""}],"author":"admin","twitter_card":"summary_large_image","twitter_misc":{"\u00c9crit par":"admin","Dur\u00e9e de lecture estim\u00e9e":"1 minute"},"schema":{"@context":"https:\/\/schema.org","@graph":[{"@type":"Article","@id":"https:\/\/news.save.ch\/cybersicherheit-in-25-eu-staaten\/#article","isPartOf":{"@id":"https:\/\/news.save.ch\/cybersicherheit-in-25-eu-staaten\/"},"author":{"name":"admin","@id":"https:\/\/news.save.ch\/de\/#\/schema\/person\/d49e199490bad7c70d64b9ab51142f2b"},"headline":"Cybersicherheit in 25 EU-Staaten","datePublished":"2015-09-30T07:31:46+00:00","dateModified":"2023-03-14T07:57:32+00:00","mainEntityOfPage":{"@id":"https:\/\/news.save.ch\/cybersicherheit-in-25-eu-staaten\/"},"wordCount":218,"commentCount":0,"publisher":{"@id":"https:\/\/news.save.ch\/de\/#organization"},"image":{"@id":"https:\/\/news.save.ch\/cybersicherheit-in-25-eu-staaten\/#primaryimage"},"thumbnailUrl":"https:\/\/news.save.ch\/wp-content\/uploads\/2016\/12\/Cybersicherheit-in-25-EU-Staaten-it-security-scaled.jpg","keywords":["Cyber-Crime","ICT-Sicherheit","IT-SECURITY"],"articleSection":["DIGITALISIERUNG"],"inLanguage":"fr-FR"},{"@type":"WebPage","@id":"https:\/\/news.save.ch\/cybersicherheit-in-25-eu-staaten\/","url":"https:\/\/news.save.ch\/cybersicherheit-in-25-eu-staaten\/","name":"La cybers\u00e9curit\u00e9 dans 25 pays de l'UE - Save","isPartOf":{"@id":"https:\/\/news.save.ch\/de\/#website"},"primaryImageOfPage":{"@id":"https:\/\/news.save.ch\/cybersicherheit-in-25-eu-staaten\/#primaryimage"},"image":{"@id":"https:\/\/news.save.ch\/cybersicherheit-in-25-eu-staaten\/#primaryimage"},"thumbnailUrl":"https:\/\/news.save.ch\/wp-content\/uploads\/2016\/12\/Cybersicherheit-in-25-EU-Staaten-it-security-scaled.jpg","datePublished":"2015-09-30T07:31:46+00:00","dateModified":"2023-03-14T07:57:32+00:00","description":"Th\u00e8mes du mois d'octobre du \"Mois europ\u00e9en de la cybers\u00e9curit\u00e9\" : les dangers d'Internet, la s\u00e9curit\u00e9 des r\u00e9seaux, et comprendre comment fonctionne le cloud.","breadcrumb":{"@id":"https:\/\/news.save.ch\/cybersicherheit-in-25-eu-staaten\/#breadcrumb"},"inLanguage":"fr-FR","potentialAction":[{"@type":"ReadAction","target":["https:\/\/news.save.ch\/cybersicherheit-in-25-eu-staaten\/"]}]},{"@type":"ImageObject","inLanguage":"fr-FR","@id":"https:\/\/news.save.ch\/cybersicherheit-in-25-eu-staaten\/#primaryimage","url":"https:\/\/news.save.ch\/wp-content\/uploads\/2016\/12\/Cybersicherheit-in-25-EU-Staaten-it-security-scaled.jpg","contentUrl":"https:\/\/news.save.ch\/wp-content\/uploads\/2016\/12\/Cybersicherheit-in-25-EU-Staaten-it-security-scaled.jpg","width":1400,"height":1050,"caption":"Cybersicherheit ist das grosse Thema in Europa im Monat Oktober."},{"@type":"BreadcrumbList","@id":"https:\/\/news.save.ch\/cybersicherheit-in-25-eu-staaten\/#breadcrumb","itemListElement":[{"@type":"ListItem","position":1,"name":"Home","item":"https:\/\/news.save.ch\/de\/"},{"@type":"ListItem","position":2,"name":"Cybersicherheit in 25 EU-Staaten"}]},{"@type":"WebSite","@id":"https:\/\/news.save.ch\/de\/#website","url":"https:\/\/news.save.ch\/de\/","name":"Save","description":"Revue suisse sp\u00e9cialis\u00e9e dans la s\u00e9curit\u00e9","publisher":{"@id":"https:\/\/news.save.ch\/de\/#organization"},"potentialAction":[{"@type":"SearchAction","target":{"@type":"EntryPoint","urlTemplate":"https:\/\/news.save.ch\/de\/?s={search_term_string}"},"query-input":{"@type":"PropertyValueSpecification","valueRequired":true,"valueName":"search_term_string"}}],"inLanguage":"fr-FR"},{"@type":"Organization","@id":"https:\/\/news.save.ch\/de\/#organization","name":"Forum sur la s\u00e9curit\u00e9","url":"https:\/\/news.save.ch\/de\/","logo":{"@type":"ImageObject","inLanguage":"fr-FR","@id":"https:\/\/news.save.ch\/de\/#\/schema\/logo\/image\/","url":"https:\/\/news.save.ch\/wp-content\/uploads\/2022\/06\/Logo_SF_2012.png","contentUrl":"https:\/\/news.save.ch\/wp-content\/uploads\/2022\/06\/Logo_SF_2012.png","width":1100,"height":91,"caption":"Sicherheitsforum"},"image":{"@id":"https:\/\/news.save.ch\/de\/#\/schema\/logo\/image\/"}},{"@type":"Person","@id":"https:\/\/news.save.ch\/de\/#\/schema\/person\/d49e199490bad7c70d64b9ab51142f2b","name":"admin","image":{"@type":"ImageObject","inLanguage":"fr-FR","@id":"https:\/\/secure.gravatar.com\/avatar\/ae2f4d718e6c49043e314ce431e7e645d646302a24a5ef5a8bc8e3f5a032e319?s=96&d=mm&r=g","url":"https:\/\/secure.gravatar.com\/avatar\/ae2f4d718e6c49043e314ce431e7e645d646302a24a5ef5a8bc8e3f5a032e319?s=96&d=mm&r=g","contentUrl":"https:\/\/secure.gravatar.com\/avatar\/ae2f4d718e6c49043e314ce431e7e645d646302a24a5ef5a8bc8e3f5a032e319?s=96&d=mm&r=g","caption":"admin"},"sameAs":["https:\/\/develop.organisator.galledia.ch"],"url":"https:\/\/news.save.ch\/fr\/author\/admin\/"}]}},"_links":{"self":[{"href":"https:\/\/news.save.ch\/fr\/wp-json\/wp\/v2\/posts\/14131","targetHints":{"allow":["GET"]}}],"collection":[{"href":"https:\/\/news.save.ch\/fr\/wp-json\/wp\/v2\/posts"}],"about":[{"href":"https:\/\/news.save.ch\/fr\/wp-json\/wp\/v2\/types\/post"}],"author":[{"embeddable":true,"href":"https:\/\/news.save.ch\/fr\/wp-json\/wp\/v2\/users\/1"}],"replies":[{"embeddable":true,"href":"https:\/\/news.save.ch\/fr\/wp-json\/wp\/v2\/comments?post=14131"}],"version-history":[{"count":1,"href":"https:\/\/news.save.ch\/fr\/wp-json\/wp\/v2\/posts\/14131\/revisions"}],"predecessor-version":[{"id":17726,"href":"https:\/\/news.save.ch\/fr\/wp-json\/wp\/v2\/posts\/14131\/revisions\/17726"}],"wp:featuredmedia":[{"embeddable":true,"href":"https:\/\/news.save.ch\/fr\/wp-json\/wp\/v2\/media\/13534"}],"wp:attachment":[{"href":"https:\/\/news.save.ch\/fr\/wp-json\/wp\/v2\/media?parent=14131"}],"wp:term":[{"taxonomy":"category","embeddable":true,"href":"https:\/\/news.save.ch\/fr\/wp-json\/wp\/v2\/categories?post=14131"},{"taxonomy":"post_tag","embeddable":true,"href":"https:\/\/news.save.ch\/fr\/wp-json\/wp\/v2\/tags?post=14131"}],"curies":[{"name":"wp","href":"https:\/\/api.w.org\/{rel}","templated":true}]}}