{"id":14135,"date":"2015-10-09T10:27:46","date_gmt":"2015-10-09T08:27:46","guid":{"rendered":"https:\/\/dev.sicherheitsforum.ch\/?p=666"},"modified":"2023-03-14T08:57:32","modified_gmt":"2023-03-14T07:57:32","slug":"aktionsplan-zur-internet-barrierefreiheit","status":null,"type":"post","link":"https:\/\/news.save.ch\/fr\/aktionsplan-zur-internet-barrierefreiheit\/","title":{"rendered":"Plan d'action pour l'accessibilit\u00e9 du Web"},"content":{"rendered":"<figure id=\"attachment_667\" aria-describedby=\"caption-attachment-667\" style=\"width: 667px\" class=\"wp-caption alignnone\"><img loading=\"lazy\" decoding=\"async\" class=\"wp-image-667 size-medium\" src=\"https:\/\/news.save.ch\/wp-content\/uploads\/2016\/12\/Aktionsplan-zur-Internet-Barrierefreiheit-it-security.jpg\" alt=\"Pour les personnes handicap\u00e9es, Internet offre un grand potentiel pour une plus grande \u00e9galit\u00e9 des chances et une plus grande autonomie.\" width=\"667\" height=\"1000\" \/><figcaption id=\"caption-attachment-667\" class=\"wp-caption-text\">Pour les personnes handicap\u00e9es, Internet offre un grand potentiel pour une plus grande \u00e9galit\u00e9 des chances et une plus grande autonomie.<\/figcaption><\/figure>\n<p>Le site <a href=\"https:\/\/www.news.admin.ch\/NSBSubscriber\/message\/attachments\/41219.pdf\" target=\"_blank\" data-cke-saved-href=\"https:\/\/www.news.admin.ch\/NSBSubscriber\/message\/attachments\/41219.pdf\" rel=\"noopener\">Plan d'action e-accessibilit\u00e9 2015-2017 <\/a>comprend des mesures de soutien aux d\u00e9partements et aux offices, la mise \u00e0 disposition d'outils et l'\u00e9laboration de recommandations en mati\u00e8re d'e-accessibilit\u00e9. Une plateforme d'information centrale doit par exemple \u00eatre cr\u00e9\u00e9e pour garantir l'\u00e9change de connaissances et d'exp\u00e9riences. Concr\u00e8tement, les pages web, les documents \u00e9lectroniques et les applications doivent \u00eatre con\u00e7us de mani\u00e8re \u00e0 pouvoir \u00eatre lus par des programmes de lecture et \u00e0 pouvoir \u00eatre consult\u00e9s sans souris.<\/p>\n<p>Le plan d'action a \u00e9t\u00e9 \u00e9labor\u00e9 par un groupe de travail interd\u00e9partemental sur l'accessibilit\u00e9 d'Internet. Ce groupe a \u00e9t\u00e9 mis en place par le Conseil f\u00e9d\u00e9ral en juin 2014 et mettra en \u0153uvre les mesures jusqu'en 2017. Il est soutenu dans cette t\u00e2che par un bureau f\u00e9d\u00e9ral pour l'e-accessibilit\u00e9, dont la dur\u00e9e est limit\u00e9e \u00e0 trois ans et dont la cr\u00e9ation a \u00e9galement \u00e9t\u00e9 d\u00e9cid\u00e9e par le Conseil f\u00e9d\u00e9ral en 2014.<\/p>\n<p>Depuis 2004, la Conf\u00e9d\u00e9ration est tenue, en vertu de la loi f\u00e9d\u00e9rale sur l'\u00e9limination des in\u00e9galit\u00e9s frappant les personnes handicap\u00e9es (LHand), de rendre son offre sur Internet accessible \u00e0 tous. Avec ce plan d'action, la Conf\u00e9d\u00e9ration tient en outre compte des directives de la Convention de l'ONU relative aux droits des personnes handicap\u00e9es (CRH). Elle est entr\u00e9e en vigueur en Suisse en mai 2014.<\/p>\n<p>En Suisse, plus de 1,4 million de personnes vivent avec un handicap. Pour elles, Internet offre un \u00e9norme potentiel pour une meilleure \u00e9galit\u00e9 des chances et une plus grande autonomie. Les technologies de l'information et de la communication (TIC) sans barri\u00e8res favorisent la participation des personnes handicap\u00e9es dans tous les domaines de la vie. L'accessibilit\u00e9 contribue donc \u00e9galement \u00e0 l'int\u00e9gration professionnelle des personnes handicap\u00e9es.<\/p>\n<p>&nbsp;<\/p>","protected":false},"excerpt":{"rendered":"<p>Der Aktionsplan E-Accessibility 2015-2017 umfasst Massnahmen zur Unterst\u00fctzung der Departemente und \u00c4mter, zur Bereitstellung von Hilfsmitteln und zur Erarbeitung von E-Accessibility-Empfehlungen. So soll etwa eine zentrale Informationsplattform erstellt werden, um den Austausch von Wissen und Erfahrungen sicherzustellen. Konkret m\u00fcssen Webseiten, elektronische Dokumente und Applikationen so ausgestaltet sein, dass sie mit Vorleseprogrammen gelesen und auch ohne [&hellip;]<\/p>\n","protected":false},"author":1,"featured_media":13542,"comment_status":"open","ping_status":"open","sticky":false,"template":"","format":"standard","meta":{"_acf_changed":false,"pgc_sgb_lightbox_settings":"","footnotes":""},"categories":[3313],"tags":[62,63],"class_list":["post-14135","post","type-post","status-publish","format-standard","has-post-thumbnail","hentry","category-digitalisierung","tag-ict-sicherheit","tag-it-security"],"acf":[],"hkrextid":null,"publication":null,"issue":null,"workflow":null,"startPage":null,"spitzmarke":null,"_posts_by_tag_page_fields":{"widget_title":"","widget_tags":""},"_at_widget":"1","_yoast_wpseo_primary_category":"2","_yoast_wpseo_focuskw_text_input":"Barrierefreiheit","_yoast_wpseo_opengraph-image":"https:\/\/news.save.ch\/wp-content\/uploads\/2016\/12\/Aktionsplan-zur-Internet-Barrierefreiheit-it-security.jpg","_yoast_wpseo_opengraph-description":"Der Bundesrat will den Zugang zu den Informationen des Bundes im Internet f\u00fcr Menschen mit Behinderung weiter verbessern. Dazu hat er einen Aktionsplan zur E-Accessibility bis 2017 verabschiedet. Ziel ist, die Vorgaben zur Barrierefreiheit in alle relevanten Abl\u00e4ufe und Strukturen zu integrieren.","_yoast_wpseo_opengraph-title":"Aktionsplan zur Internet-Barrierefreiheit","enclosure":null,"_yoast_wpseo_twitter-title":null,"_yoast_wpseo_twitter-description":null,"_yoast_wpseo_twitter-image":null,"_wp_old_slug":null,"_yoast_wpseo_title":null,"_yoast_wpseo_canonical":null,"yoast_head":"<!-- This site is optimized with the Yoast SEO plugin v27.5 - https:\/\/yoast.com\/product\/yoast-seo-wordpress\/ -->\n<title>Aktionsplan zur Internet-Barrierefreiheit - Save<\/title>\n<meta name=\"description\" content=\"Der Bundesrat hat einen Aktionsplan zur E-Accessibility bis 2017 verabschiedet. Ziel ist, die Vorgaben zur Barrierefreiheit zu integrieren.\" \/>\n<meta name=\"robots\" content=\"index, follow, max-snippet:-1, max-image-preview:large, max-video-preview:-1\" \/>\n<link rel=\"canonical\" href=\"https:\/\/news.save.ch\/fr\/aktionsplan-zur-internet-barrierefreiheit\/\" \/>\n<meta property=\"og:locale\" content=\"fr_FR\" \/>\n<meta property=\"og:type\" content=\"article\" \/>\n<meta property=\"og:title\" content=\"Aktionsplan zur Internet-Barrierefreiheit\" \/>\n<meta property=\"og:description\" content=\"Der Bundesrat will den Zugang zu den Informationen des Bundes im Internet f\u00fcr Menschen mit Behinderung weiter verbessern. Dazu hat er einen Aktionsplan zur E-Accessibility bis 2017 verabschiedet. Ziel ist, die Vorgaben zur Barrierefreiheit in alle relevanten Abl\u00e4ufe und Strukturen zu integrieren.\" \/>\n<meta property=\"og:url\" content=\"https:\/\/news.save.ch\/fr\/aktionsplan-zur-internet-barrierefreiheit\/\" \/>\n<meta property=\"og:site_name\" content=\"Save\" \/>\n<meta property=\"article:published_time\" content=\"2015-10-09T08:27:46+00:00\" \/>\n<meta property=\"article:modified_time\" content=\"2023-03-14T07:57:32+00:00\" \/>\n<meta property=\"og:image\" content=\"https:\/\/news.save.ch\/wp-content\/uploads\/2016\/12\/Aktionsplan-zur-Internet-Barrierefreiheit-it-security.jpg\" \/>\n<meta name=\"author\" content=\"admin\" \/>\n<meta name=\"twitter:card\" content=\"summary_large_image\" \/>\n<meta name=\"twitter:label1\" content=\"\u00c9crit par\" \/>\n\t<meta name=\"twitter:data1\" content=\"admin\" \/>\n\t<meta name=\"twitter:label2\" content=\"Dur\u00e9e de lecture estim\u00e9e\" \/>\n\t<meta name=\"twitter:data2\" content=\"1 minute\" \/>\n<script type=\"application\/ld+json\" class=\"yoast-schema-graph\">{\"@context\":\"https:\\\/\\\/schema.org\",\"@graph\":[{\"@type\":\"Article\",\"@id\":\"https:\\\/\\\/news.save.ch\\\/aktionsplan-zur-internet-barrierefreiheit\\\/#article\",\"isPartOf\":{\"@id\":\"https:\\\/\\\/news.save.ch\\\/aktionsplan-zur-internet-barrierefreiheit\\\/\"},\"author\":{\"name\":\"admin\",\"@id\":\"https:\\\/\\\/news.save.ch\\\/de\\\/#\\\/schema\\\/person\\\/d49e199490bad7c70d64b9ab51142f2b\"},\"headline\":\"Aktionsplan zur Internet-Barrierefreiheit\",\"datePublished\":\"2015-10-09T08:27:46+00:00\",\"dateModified\":\"2023-03-14T07:57:32+00:00\",\"mainEntityOfPage\":{\"@id\":\"https:\\\/\\\/news.save.ch\\\/aktionsplan-zur-internet-barrierefreiheit\\\/\"},\"wordCount\":249,\"commentCount\":0,\"publisher\":{\"@id\":\"https:\\\/\\\/news.save.ch\\\/de\\\/#organization\"},\"image\":{\"@id\":\"https:\\\/\\\/news.save.ch\\\/aktionsplan-zur-internet-barrierefreiheit\\\/#primaryimage\"},\"thumbnailUrl\":\"https:\\\/\\\/news.save.ch\\\/wp-content\\\/uploads\\\/2016\\\/12\\\/Aktionsplan-zur-Internet-Barrierefreiheit-it-security-scaled.jpg\",\"keywords\":[\"ICT-Sicherheit\",\"IT-SECURITY\"],\"articleSection\":[\"DIGITALISIERUNG\"],\"inLanguage\":\"fr-FR\"},{\"@type\":\"WebPage\",\"@id\":\"https:\\\/\\\/news.save.ch\\\/aktionsplan-zur-internet-barrierefreiheit\\\/\",\"url\":\"https:\\\/\\\/news.save.ch\\\/aktionsplan-zur-internet-barrierefreiheit\\\/\",\"name\":\"Aktionsplan zur Internet-Barrierefreiheit - Save\",\"isPartOf\":{\"@id\":\"https:\\\/\\\/news.save.ch\\\/de\\\/#website\"},\"primaryImageOfPage\":{\"@id\":\"https:\\\/\\\/news.save.ch\\\/aktionsplan-zur-internet-barrierefreiheit\\\/#primaryimage\"},\"image\":{\"@id\":\"https:\\\/\\\/news.save.ch\\\/aktionsplan-zur-internet-barrierefreiheit\\\/#primaryimage\"},\"thumbnailUrl\":\"https:\\\/\\\/news.save.ch\\\/wp-content\\\/uploads\\\/2016\\\/12\\\/Aktionsplan-zur-Internet-Barrierefreiheit-it-security-scaled.jpg\",\"datePublished\":\"2015-10-09T08:27:46+00:00\",\"dateModified\":\"2023-03-14T07:57:32+00:00\",\"description\":\"Der Bundesrat hat einen Aktionsplan zur E-Accessibility bis 2017 verabschiedet. Ziel ist, die Vorgaben zur Barrierefreiheit zu integrieren.\",\"breadcrumb\":{\"@id\":\"https:\\\/\\\/news.save.ch\\\/aktionsplan-zur-internet-barrierefreiheit\\\/#breadcrumb\"},\"inLanguage\":\"fr-FR\",\"potentialAction\":[{\"@type\":\"ReadAction\",\"target\":[\"https:\\\/\\\/news.save.ch\\\/aktionsplan-zur-internet-barrierefreiheit\\\/\"]}]},{\"@type\":\"ImageObject\",\"inLanguage\":\"fr-FR\",\"@id\":\"https:\\\/\\\/news.save.ch\\\/aktionsplan-zur-internet-barrierefreiheit\\\/#primaryimage\",\"url\":\"https:\\\/\\\/news.save.ch\\\/wp-content\\\/uploads\\\/2016\\\/12\\\/Aktionsplan-zur-Internet-Barrierefreiheit-it-security-scaled.jpg\",\"contentUrl\":\"https:\\\/\\\/news.save.ch\\\/wp-content\\\/uploads\\\/2016\\\/12\\\/Aktionsplan-zur-Internet-Barrierefreiheit-it-security-scaled.jpg\",\"width\":933,\"height\":1400,\"caption\":\"F\u00fcr Menschen mit Behinderung bietet das Internet ein grosses Potenzial f\u00fcr mehr Chancengleichheit und Selbstst\u00e4ndigkeit.\"},{\"@type\":\"BreadcrumbList\",\"@id\":\"https:\\\/\\\/news.save.ch\\\/aktionsplan-zur-internet-barrierefreiheit\\\/#breadcrumb\",\"itemListElement\":[{\"@type\":\"ListItem\",\"position\":1,\"name\":\"Home\",\"item\":\"https:\\\/\\\/news.save.ch\\\/de\\\/\"},{\"@type\":\"ListItem\",\"position\":2,\"name\":\"Aktionsplan zur Internet-Barrierefreiheit\"}]},{\"@type\":\"WebSite\",\"@id\":\"https:\\\/\\\/news.save.ch\\\/de\\\/#website\",\"url\":\"https:\\\/\\\/news.save.ch\\\/de\\\/\",\"name\":\"Save\",\"description\":\"Schweizer Fachzeitschrift f\u00fcr Sicherheit\",\"publisher\":{\"@id\":\"https:\\\/\\\/news.save.ch\\\/de\\\/#organization\"},\"potentialAction\":[{\"@type\":\"SearchAction\",\"target\":{\"@type\":\"EntryPoint\",\"urlTemplate\":\"https:\\\/\\\/news.save.ch\\\/de\\\/?s={search_term_string}\"},\"query-input\":{\"@type\":\"PropertyValueSpecification\",\"valueRequired\":true,\"valueName\":\"search_term_string\"}}],\"inLanguage\":\"fr-FR\"},{\"@type\":\"Organization\",\"@id\":\"https:\\\/\\\/news.save.ch\\\/de\\\/#organization\",\"name\":\"Sicherheitsforum\",\"url\":\"https:\\\/\\\/news.save.ch\\\/de\\\/\",\"logo\":{\"@type\":\"ImageObject\",\"inLanguage\":\"fr-FR\",\"@id\":\"https:\\\/\\\/news.save.ch\\\/de\\\/#\\\/schema\\\/logo\\\/image\\\/\",\"url\":\"https:\\\/\\\/news.save.ch\\\/wp-content\\\/uploads\\\/2022\\\/06\\\/Logo_SF_2012.png\",\"contentUrl\":\"https:\\\/\\\/news.save.ch\\\/wp-content\\\/uploads\\\/2022\\\/06\\\/Logo_SF_2012.png\",\"width\":1100,\"height\":91,\"caption\":\"Sicherheitsforum\"},\"image\":{\"@id\":\"https:\\\/\\\/news.save.ch\\\/de\\\/#\\\/schema\\\/logo\\\/image\\\/\"}},{\"@type\":\"Person\",\"@id\":\"https:\\\/\\\/news.save.ch\\\/de\\\/#\\\/schema\\\/person\\\/d49e199490bad7c70d64b9ab51142f2b\",\"name\":\"admin\",\"image\":{\"@type\":\"ImageObject\",\"inLanguage\":\"fr-FR\",\"@id\":\"https:\\\/\\\/secure.gravatar.com\\\/avatar\\\/ae2f4d718e6c49043e314ce431e7e645d646302a24a5ef5a8bc8e3f5a032e319?s=96&d=mm&r=g\",\"url\":\"https:\\\/\\\/secure.gravatar.com\\\/avatar\\\/ae2f4d718e6c49043e314ce431e7e645d646302a24a5ef5a8bc8e3f5a032e319?s=96&d=mm&r=g\",\"contentUrl\":\"https:\\\/\\\/secure.gravatar.com\\\/avatar\\\/ae2f4d718e6c49043e314ce431e7e645d646302a24a5ef5a8bc8e3f5a032e319?s=96&d=mm&r=g\",\"caption\":\"admin\"},\"sameAs\":[\"https:\\\/\\\/develop.organisator.galledia.ch\"],\"url\":\"https:\\\/\\\/news.save.ch\\\/fr\\\/author\\\/admin\\\/\"}]}<\/script>\n<!-- \/ Yoast SEO plugin. -->","yoast_head_json":{"title":"Plan d'action pour l'accessibilit\u00e9 du Web - Save","description":"Le Conseil f\u00e9d\u00e9ral a adopt\u00e9 un plan d'action pour l'e-accessibilit\u00e9 jusqu'en 2017. L'objectif est d'int\u00e9grer les directives relatives \u00e0 l'accessibilit\u00e9.","robots":{"index":"index","follow":"follow","max-snippet":"max-snippet:-1","max-image-preview":"max-image-preview:large","max-video-preview":"max-video-preview:-1"},"canonical":"https:\/\/news.save.ch\/fr\/aktionsplan-zur-internet-barrierefreiheit\/","og_locale":"fr_FR","og_type":"article","og_title":"Aktionsplan zur Internet-Barrierefreiheit","og_description":"Der Bundesrat will den Zugang zu den Informationen des Bundes im Internet f\u00fcr Menschen mit Behinderung weiter verbessern. Dazu hat er einen Aktionsplan zur E-Accessibility bis 2017 verabschiedet. Ziel ist, die Vorgaben zur Barrierefreiheit in alle relevanten Abl\u00e4ufe und Strukturen zu integrieren.","og_url":"https:\/\/news.save.ch\/fr\/aktionsplan-zur-internet-barrierefreiheit\/","og_site_name":"Save","article_published_time":"2015-10-09T08:27:46+00:00","article_modified_time":"2023-03-14T07:57:32+00:00","og_image":[{"url":"https:\/\/news.save.ch\/wp-content\/uploads\/2016\/12\/Aktionsplan-zur-Internet-Barrierefreiheit-it-security.jpg","type":"","width":"","height":""}],"author":"admin","twitter_card":"summary_large_image","twitter_misc":{"\u00c9crit par":"admin","Dur\u00e9e de lecture estim\u00e9e":"1 minute"},"schema":{"@context":"https:\/\/schema.org","@graph":[{"@type":"Article","@id":"https:\/\/news.save.ch\/aktionsplan-zur-internet-barrierefreiheit\/#article","isPartOf":{"@id":"https:\/\/news.save.ch\/aktionsplan-zur-internet-barrierefreiheit\/"},"author":{"name":"admin","@id":"https:\/\/news.save.ch\/de\/#\/schema\/person\/d49e199490bad7c70d64b9ab51142f2b"},"headline":"Aktionsplan zur Internet-Barrierefreiheit","datePublished":"2015-10-09T08:27:46+00:00","dateModified":"2023-03-14T07:57:32+00:00","mainEntityOfPage":{"@id":"https:\/\/news.save.ch\/aktionsplan-zur-internet-barrierefreiheit\/"},"wordCount":249,"commentCount":0,"publisher":{"@id":"https:\/\/news.save.ch\/de\/#organization"},"image":{"@id":"https:\/\/news.save.ch\/aktionsplan-zur-internet-barrierefreiheit\/#primaryimage"},"thumbnailUrl":"https:\/\/news.save.ch\/wp-content\/uploads\/2016\/12\/Aktionsplan-zur-Internet-Barrierefreiheit-it-security-scaled.jpg","keywords":["ICT-Sicherheit","IT-SECURITY"],"articleSection":["DIGITALISIERUNG"],"inLanguage":"fr-FR"},{"@type":"WebPage","@id":"https:\/\/news.save.ch\/aktionsplan-zur-internet-barrierefreiheit\/","url":"https:\/\/news.save.ch\/aktionsplan-zur-internet-barrierefreiheit\/","name":"Plan d'action pour l'accessibilit\u00e9 du Web - Save","isPartOf":{"@id":"https:\/\/news.save.ch\/de\/#website"},"primaryImageOfPage":{"@id":"https:\/\/news.save.ch\/aktionsplan-zur-internet-barrierefreiheit\/#primaryimage"},"image":{"@id":"https:\/\/news.save.ch\/aktionsplan-zur-internet-barrierefreiheit\/#primaryimage"},"thumbnailUrl":"https:\/\/news.save.ch\/wp-content\/uploads\/2016\/12\/Aktionsplan-zur-Internet-Barrierefreiheit-it-security-scaled.jpg","datePublished":"2015-10-09T08:27:46+00:00","dateModified":"2023-03-14T07:57:32+00:00","description":"Le Conseil f\u00e9d\u00e9ral a adopt\u00e9 un plan d'action pour l'e-accessibilit\u00e9 jusqu'en 2017. L'objectif est d'int\u00e9grer les directives relatives \u00e0 l'accessibilit\u00e9.","breadcrumb":{"@id":"https:\/\/news.save.ch\/aktionsplan-zur-internet-barrierefreiheit\/#breadcrumb"},"inLanguage":"fr-FR","potentialAction":[{"@type":"ReadAction","target":["https:\/\/news.save.ch\/aktionsplan-zur-internet-barrierefreiheit\/"]}]},{"@type":"ImageObject","inLanguage":"fr-FR","@id":"https:\/\/news.save.ch\/aktionsplan-zur-internet-barrierefreiheit\/#primaryimage","url":"https:\/\/news.save.ch\/wp-content\/uploads\/2016\/12\/Aktionsplan-zur-Internet-Barrierefreiheit-it-security-scaled.jpg","contentUrl":"https:\/\/news.save.ch\/wp-content\/uploads\/2016\/12\/Aktionsplan-zur-Internet-Barrierefreiheit-it-security-scaled.jpg","width":933,"height":1400,"caption":"F\u00fcr Menschen mit Behinderung bietet das Internet ein grosses Potenzial f\u00fcr mehr Chancengleichheit und Selbstst\u00e4ndigkeit."},{"@type":"BreadcrumbList","@id":"https:\/\/news.save.ch\/aktionsplan-zur-internet-barrierefreiheit\/#breadcrumb","itemListElement":[{"@type":"ListItem","position":1,"name":"Home","item":"https:\/\/news.save.ch\/de\/"},{"@type":"ListItem","position":2,"name":"Aktionsplan zur Internet-Barrierefreiheit"}]},{"@type":"WebSite","@id":"https:\/\/news.save.ch\/de\/#website","url":"https:\/\/news.save.ch\/de\/","name":"Save","description":"Revue suisse sp\u00e9cialis\u00e9e dans la s\u00e9curit\u00e9","publisher":{"@id":"https:\/\/news.save.ch\/de\/#organization"},"potentialAction":[{"@type":"SearchAction","target":{"@type":"EntryPoint","urlTemplate":"https:\/\/news.save.ch\/de\/?s={search_term_string}"},"query-input":{"@type":"PropertyValueSpecification","valueRequired":true,"valueName":"search_term_string"}}],"inLanguage":"fr-FR"},{"@type":"Organization","@id":"https:\/\/news.save.ch\/de\/#organization","name":"Forum sur la s\u00e9curit\u00e9","url":"https:\/\/news.save.ch\/de\/","logo":{"@type":"ImageObject","inLanguage":"fr-FR","@id":"https:\/\/news.save.ch\/de\/#\/schema\/logo\/image\/","url":"https:\/\/news.save.ch\/wp-content\/uploads\/2022\/06\/Logo_SF_2012.png","contentUrl":"https:\/\/news.save.ch\/wp-content\/uploads\/2022\/06\/Logo_SF_2012.png","width":1100,"height":91,"caption":"Sicherheitsforum"},"image":{"@id":"https:\/\/news.save.ch\/de\/#\/schema\/logo\/image\/"}},{"@type":"Person","@id":"https:\/\/news.save.ch\/de\/#\/schema\/person\/d49e199490bad7c70d64b9ab51142f2b","name":"admin","image":{"@type":"ImageObject","inLanguage":"fr-FR","@id":"https:\/\/secure.gravatar.com\/avatar\/ae2f4d718e6c49043e314ce431e7e645d646302a24a5ef5a8bc8e3f5a032e319?s=96&d=mm&r=g","url":"https:\/\/secure.gravatar.com\/avatar\/ae2f4d718e6c49043e314ce431e7e645d646302a24a5ef5a8bc8e3f5a032e319?s=96&d=mm&r=g","contentUrl":"https:\/\/secure.gravatar.com\/avatar\/ae2f4d718e6c49043e314ce431e7e645d646302a24a5ef5a8bc8e3f5a032e319?s=96&d=mm&r=g","caption":"admin"},"sameAs":["https:\/\/develop.organisator.galledia.ch"],"url":"https:\/\/news.save.ch\/fr\/author\/admin\/"}]}},"_links":{"self":[{"href":"https:\/\/news.save.ch\/fr\/wp-json\/wp\/v2\/posts\/14135","targetHints":{"allow":["GET"]}}],"collection":[{"href":"https:\/\/news.save.ch\/fr\/wp-json\/wp\/v2\/posts"}],"about":[{"href":"https:\/\/news.save.ch\/fr\/wp-json\/wp\/v2\/types\/post"}],"author":[{"embeddable":true,"href":"https:\/\/news.save.ch\/fr\/wp-json\/wp\/v2\/users\/1"}],"replies":[{"embeddable":true,"href":"https:\/\/news.save.ch\/fr\/wp-json\/wp\/v2\/comments?post=14135"}],"version-history":[{"count":1,"href":"https:\/\/news.save.ch\/fr\/wp-json\/wp\/v2\/posts\/14135\/revisions"}],"predecessor-version":[{"id":17722,"href":"https:\/\/news.save.ch\/fr\/wp-json\/wp\/v2\/posts\/14135\/revisions\/17722"}],"wp:featuredmedia":[{"embeddable":true,"href":"https:\/\/news.save.ch\/fr\/wp-json\/wp\/v2\/media\/13542"}],"wp:attachment":[{"href":"https:\/\/news.save.ch\/fr\/wp-json\/wp\/v2\/media?parent=14135"}],"wp:term":[{"taxonomy":"category","embeddable":true,"href":"https:\/\/news.save.ch\/fr\/wp-json\/wp\/v2\/categories?post=14135"},{"taxonomy":"post_tag","embeddable":true,"href":"https:\/\/news.save.ch\/fr\/wp-json\/wp\/v2\/tags?post=14135"}],"curies":[{"name":"wp","href":"https:\/\/api.w.org\/{rel}","templated":true}]}}