{"id":14141,"date":"2016-12-07T10:44:43","date_gmt":"2016-12-07T09:44:43","guid":{"rendered":"https:\/\/dev.sicherheitsforum.ch\/?p=695"},"modified":"2016-12-07T10:44:43","modified_gmt":"2016-12-07T09:44:43","slug":"neuer-vertriebsleiter-fuer-hochsicherheitsbereich","status":null,"type":"post","link":"https:\/\/news.save.ch\/fr\/neuer-vertriebsleiter-fuer-hochsicherheitsbereich\/","title":{"rendered":"Nouveau directeur des ventes pour le secteur de la haute s\u00e9curit\u00e9"},"content":{"rendered":"<figure id=\"attachment_697\" aria-describedby=\"caption-attachment-697\" style=\"width: 680px\" class=\"wp-caption alignnone\"><img loading=\"lazy\" decoding=\"async\" class=\"size-medium wp-image-697\" src=\"https:\/\/sicherheitsforum.ch\/wp-content\/uploads\/2016\/12\/Neuer-Vertriebsleiter-f\u00fcr-Hochsicherheitsbereich_sicherheitsforum.jpg\" alt=\"Marco Trupp\" width=\"680\" height=\"453\" \/><figcaption id=\"caption-attachment-697\" class=\"wp-caption-text\">Marco Trupp<\/figcaption><\/figure>\n<p>Marco Trupp (28 ans) \u00e9tait jusqu'\u00e0 pr\u00e9sent directeur des ventes pour l'Autriche. <a href=\"https:\/\/www.betafence.de\" target=\"_blank\" rel=\"noreferrer noopener\" data-cke-saved-href=\"https:\/\/www.betafence.de\">Betafence<\/a> de l'entreprise. Dans sa nouvelle fonction, Trupp s'occupe de grands projets de haute s\u00e9curit\u00e9 dans la r\u00e9gion DACH, comme l'\u00e9crit l'entreprise. Dans la branche High Security Projects (HSP), on r\u00e9alise des solutions compl\u00e8tes cl\u00e9s en main pour la s\u00e9curisation d'infrastructures critiques, d'installations industrielles et d'autres objets importants pour la s\u00e9curit\u00e9. L'offre comprend toutes les prestations essentielles, de l'analyse des risques au pr\u00e9financement, en passant par la planification, la gestion de projet, l'installation, le service et la formation. \"Avec notre propre direction commerciale, nous acc\u00e9l\u00e9rons nos activit\u00e9s de haute s\u00e9curit\u00e9 dans la r\u00e9gion DACH et soulignons notre ambition de poursuivre notre croissance dans ce segment\", explique Dennis Gouka, Managing Director DACH and Nordics.<\/p>","protected":false},"excerpt":{"rendered":"<p>Marco Trupp (28) war bislang als Vertriebsleiter \u00d6sterreich f\u00fcr Betafence t\u00e4tig. In seiner neuen Funktion betreut Trupp gr\u00f6ssere Hochsicherheitsprojekte in der DACH-Region, wie das Unternehmen schreibt. In der Sparte High Security Projects (HSP) realisiere man\u00a0schl\u00fcsselfertige Komplett\u00adl\u00f6sungen f\u00fcr die Sicherung von kritischen Infrastrukturen, Industrieanlagen und anderen sicherheitsrelevanten Objekten. Das Angebot umfasse alle wesentlichen Leistungen von der [&hellip;]<\/p>\n","protected":false},"author":1,"featured_media":13555,"comment_status":"open","ping_status":"open","sticky":false,"template":"","format":"standard","meta":{"_acf_changed":false,"pgc_sgb_lightbox_settings":"","footnotes":""},"categories":[1],"tags":[65],"class_list":["post-14141","post","type-post","status-publish","format-standard","has-post-thumbnail","hentry","category-allgemein","tag-unternehmen"],"acf":[],"hkrextid":null,"publication":null,"issue":null,"workflow":null,"startPage":null,"spitzmarke":null,"_posts_by_tag_page_fields":{"widget_title":"","widget_tags":""},"_at_widget":"1","_yoast_wpseo_primary_category":"","_yoast_wpseo_focuskw_text_input":"Marco Trupp","_yoast_wpseo_opengraph-image":null,"_yoast_wpseo_opengraph-description":null,"_yoast_wpseo_opengraph-title":null,"enclosure":null,"_yoast_wpseo_twitter-title":null,"_yoast_wpseo_twitter-description":null,"_yoast_wpseo_twitter-image":null,"_wp_old_slug":null,"_yoast_wpseo_title":null,"_yoast_wpseo_canonical":null,"yoast_head":"<!-- This site is optimized with the Yoast SEO plugin v27.5 - https:\/\/yoast.com\/product\/yoast-seo-wordpress\/ -->\n<title>Neuer Vertriebsleiter f\u00fcr Hochsicherheitsbereich - Save<\/title>\n<meta name=\"robots\" content=\"index, follow, max-snippet:-1, max-image-preview:large, max-video-preview:-1\" \/>\n<link rel=\"canonical\" href=\"https:\/\/news.save.ch\/fr\/neuer-vertriebsleiter-fuer-hochsicherheitsbereich\/\" \/>\n<meta property=\"og:locale\" content=\"fr_FR\" \/>\n<meta property=\"og:type\" content=\"article\" \/>\n<meta property=\"og:title\" content=\"Neuer Vertriebsleiter f\u00fcr Hochsicherheitsbereich - Save\" \/>\n<meta property=\"og:description\" content=\"Marco Trupp (28) war bislang als Vertriebsleiter \u00d6sterreich f\u00fcr Betafence t\u00e4tig. In seiner neuen Funktion betreut Trupp gr\u00f6ssere Hochsicherheitsprojekte in der DACH-Region, wie das Unternehmen schreibt. In der Sparte High Security Projects (HSP) realisiere man\u00a0schl\u00fcsselfertige Komplett\u00adl\u00f6sungen f\u00fcr die Sicherung von kritischen Infrastrukturen, Industrieanlagen und anderen sicherheitsrelevanten Objekten. Das Angebot umfasse alle wesentlichen Leistungen von der [&hellip;]\" \/>\n<meta property=\"og:url\" content=\"https:\/\/news.save.ch\/fr\/neuer-vertriebsleiter-fuer-hochsicherheitsbereich\/\" \/>\n<meta property=\"og:site_name\" content=\"Save\" \/>\n<meta property=\"article:published_time\" content=\"2016-12-07T09:44:43+00:00\" \/>\n<meta property=\"og:image\" content=\"https:\/\/news.save.ch\/wp-content\/uploads\/2016\/12\/Neuer-Vertriebsleiter-fuer-Hochsicherheitsbereich_sicherheitsforum-scaled.jpg\" \/>\n\t<meta property=\"og:image:width\" content=\"1400\" \/>\n\t<meta property=\"og:image:height\" content=\"933\" \/>\n\t<meta property=\"og:image:type\" content=\"image\/jpeg\" \/>\n<meta name=\"author\" content=\"admin\" \/>\n<meta name=\"twitter:card\" content=\"summary_large_image\" \/>\n<meta name=\"twitter:label1\" content=\"\u00c9crit par\" \/>\n\t<meta name=\"twitter:data1\" content=\"admin\" \/>\n\t<meta name=\"twitter:label2\" content=\"Dur\u00e9e de lecture estim\u00e9e\" \/>\n\t<meta name=\"twitter:data2\" content=\"1 minute\" \/>\n<script type=\"application\/ld+json\" class=\"yoast-schema-graph\">{\"@context\":\"https:\\\/\\\/schema.org\",\"@graph\":[{\"@type\":\"Article\",\"@id\":\"https:\\\/\\\/news.save.ch\\\/neuer-vertriebsleiter-fuer-hochsicherheitsbereich\\\/#article\",\"isPartOf\":{\"@id\":\"https:\\\/\\\/news.save.ch\\\/neuer-vertriebsleiter-fuer-hochsicherheitsbereich\\\/\"},\"author\":{\"name\":\"admin\",\"@id\":\"https:\\\/\\\/news.save.ch\\\/de\\\/#\\\/schema\\\/person\\\/d49e199490bad7c70d64b9ab51142f2b\"},\"headline\":\"Neuer Vertriebsleiter f\u00fcr Hochsicherheitsbereich\",\"datePublished\":\"2016-12-07T09:44:43+00:00\",\"mainEntityOfPage\":{\"@id\":\"https:\\\/\\\/news.save.ch\\\/neuer-vertriebsleiter-fuer-hochsicherheitsbereich\\\/\"},\"wordCount\":120,\"commentCount\":0,\"publisher\":{\"@id\":\"https:\\\/\\\/news.save.ch\\\/de\\\/#organization\"},\"image\":{\"@id\":\"https:\\\/\\\/news.save.ch\\\/neuer-vertriebsleiter-fuer-hochsicherheitsbereich\\\/#primaryimage\"},\"thumbnailUrl\":\"https:\\\/\\\/news.save.ch\\\/wp-content\\\/uploads\\\/2016\\\/12\\\/Neuer-Vertriebsleiter-fuer-Hochsicherheitsbereich_sicherheitsforum-scaled.jpg\",\"keywords\":[\"Unternehmen\"],\"articleSection\":[\"ALLGEMEIN\"],\"inLanguage\":\"fr-FR\"},{\"@type\":\"WebPage\",\"@id\":\"https:\\\/\\\/news.save.ch\\\/neuer-vertriebsleiter-fuer-hochsicherheitsbereich\\\/\",\"url\":\"https:\\\/\\\/news.save.ch\\\/neuer-vertriebsleiter-fuer-hochsicherheitsbereich\\\/\",\"name\":\"Neuer Vertriebsleiter f\u00fcr Hochsicherheitsbereich - Save\",\"isPartOf\":{\"@id\":\"https:\\\/\\\/news.save.ch\\\/de\\\/#website\"},\"primaryImageOfPage\":{\"@id\":\"https:\\\/\\\/news.save.ch\\\/neuer-vertriebsleiter-fuer-hochsicherheitsbereich\\\/#primaryimage\"},\"image\":{\"@id\":\"https:\\\/\\\/news.save.ch\\\/neuer-vertriebsleiter-fuer-hochsicherheitsbereich\\\/#primaryimage\"},\"thumbnailUrl\":\"https:\\\/\\\/news.save.ch\\\/wp-content\\\/uploads\\\/2016\\\/12\\\/Neuer-Vertriebsleiter-fuer-Hochsicherheitsbereich_sicherheitsforum-scaled.jpg\",\"datePublished\":\"2016-12-07T09:44:43+00:00\",\"breadcrumb\":{\"@id\":\"https:\\\/\\\/news.save.ch\\\/neuer-vertriebsleiter-fuer-hochsicherheitsbereich\\\/#breadcrumb\"},\"inLanguage\":\"fr-FR\",\"potentialAction\":[{\"@type\":\"ReadAction\",\"target\":[\"https:\\\/\\\/news.save.ch\\\/neuer-vertriebsleiter-fuer-hochsicherheitsbereich\\\/\"]}]},{\"@type\":\"ImageObject\",\"inLanguage\":\"fr-FR\",\"@id\":\"https:\\\/\\\/news.save.ch\\\/neuer-vertriebsleiter-fuer-hochsicherheitsbereich\\\/#primaryimage\",\"url\":\"https:\\\/\\\/news.save.ch\\\/wp-content\\\/uploads\\\/2016\\\/12\\\/Neuer-Vertriebsleiter-fuer-Hochsicherheitsbereich_sicherheitsforum-scaled.jpg\",\"contentUrl\":\"https:\\\/\\\/news.save.ch\\\/wp-content\\\/uploads\\\/2016\\\/12\\\/Neuer-Vertriebsleiter-fuer-Hochsicherheitsbereich_sicherheitsforum-scaled.jpg\",\"width\":1400,\"height\":933,\"caption\":\"Marco Trupp\"},{\"@type\":\"BreadcrumbList\",\"@id\":\"https:\\\/\\\/news.save.ch\\\/neuer-vertriebsleiter-fuer-hochsicherheitsbereich\\\/#breadcrumb\",\"itemListElement\":[{\"@type\":\"ListItem\",\"position\":1,\"name\":\"Home\",\"item\":\"https:\\\/\\\/news.save.ch\\\/de\\\/\"},{\"@type\":\"ListItem\",\"position\":2,\"name\":\"Neuer Vertriebsleiter f\u00fcr Hochsicherheitsbereich\"}]},{\"@type\":\"WebSite\",\"@id\":\"https:\\\/\\\/news.save.ch\\\/de\\\/#website\",\"url\":\"https:\\\/\\\/news.save.ch\\\/de\\\/\",\"name\":\"Save\",\"description\":\"Schweizer Fachzeitschrift f\u00fcr Sicherheit\",\"publisher\":{\"@id\":\"https:\\\/\\\/news.save.ch\\\/de\\\/#organization\"},\"potentialAction\":[{\"@type\":\"SearchAction\",\"target\":{\"@type\":\"EntryPoint\",\"urlTemplate\":\"https:\\\/\\\/news.save.ch\\\/de\\\/?s={search_term_string}\"},\"query-input\":{\"@type\":\"PropertyValueSpecification\",\"valueRequired\":true,\"valueName\":\"search_term_string\"}}],\"inLanguage\":\"fr-FR\"},{\"@type\":\"Organization\",\"@id\":\"https:\\\/\\\/news.save.ch\\\/de\\\/#organization\",\"name\":\"Sicherheitsforum\",\"url\":\"https:\\\/\\\/news.save.ch\\\/de\\\/\",\"logo\":{\"@type\":\"ImageObject\",\"inLanguage\":\"fr-FR\",\"@id\":\"https:\\\/\\\/news.save.ch\\\/de\\\/#\\\/schema\\\/logo\\\/image\\\/\",\"url\":\"https:\\\/\\\/news.save.ch\\\/wp-content\\\/uploads\\\/2022\\\/06\\\/Logo_SF_2012.png\",\"contentUrl\":\"https:\\\/\\\/news.save.ch\\\/wp-content\\\/uploads\\\/2022\\\/06\\\/Logo_SF_2012.png\",\"width\":1100,\"height\":91,\"caption\":\"Sicherheitsforum\"},\"image\":{\"@id\":\"https:\\\/\\\/news.save.ch\\\/de\\\/#\\\/schema\\\/logo\\\/image\\\/\"}},{\"@type\":\"Person\",\"@id\":\"https:\\\/\\\/news.save.ch\\\/de\\\/#\\\/schema\\\/person\\\/d49e199490bad7c70d64b9ab51142f2b\",\"name\":\"admin\",\"image\":{\"@type\":\"ImageObject\",\"inLanguage\":\"fr-FR\",\"@id\":\"https:\\\/\\\/secure.gravatar.com\\\/avatar\\\/ae2f4d718e6c49043e314ce431e7e645d646302a24a5ef5a8bc8e3f5a032e319?s=96&d=mm&r=g\",\"url\":\"https:\\\/\\\/secure.gravatar.com\\\/avatar\\\/ae2f4d718e6c49043e314ce431e7e645d646302a24a5ef5a8bc8e3f5a032e319?s=96&d=mm&r=g\",\"contentUrl\":\"https:\\\/\\\/secure.gravatar.com\\\/avatar\\\/ae2f4d718e6c49043e314ce431e7e645d646302a24a5ef5a8bc8e3f5a032e319?s=96&d=mm&r=g\",\"caption\":\"admin\"},\"sameAs\":[\"https:\\\/\\\/develop.organisator.galledia.ch\"],\"url\":\"https:\\\/\\\/news.save.ch\\\/fr\\\/author\\\/admin\\\/\"}]}<\/script>\n<!-- \/ Yoast SEO plugin. -->","yoast_head_json":{"title":"Nouveau directeur des ventes pour le secteur de la haute s\u00e9curit\u00e9 - Save","robots":{"index":"index","follow":"follow","max-snippet":"max-snippet:-1","max-image-preview":"max-image-preview:large","max-video-preview":"max-video-preview:-1"},"canonical":"https:\/\/news.save.ch\/fr\/neuer-vertriebsleiter-fuer-hochsicherheitsbereich\/","og_locale":"fr_FR","og_type":"article","og_title":"Neuer Vertriebsleiter f\u00fcr Hochsicherheitsbereich - Save","og_description":"Marco Trupp (28) war bislang als Vertriebsleiter \u00d6sterreich f\u00fcr Betafence t\u00e4tig. In seiner neuen Funktion betreut Trupp gr\u00f6ssere Hochsicherheitsprojekte in der DACH-Region, wie das Unternehmen schreibt. In der Sparte High Security Projects (HSP) realisiere man\u00a0schl\u00fcsselfertige Komplett\u00adl\u00f6sungen f\u00fcr die Sicherung von kritischen Infrastrukturen, Industrieanlagen und anderen sicherheitsrelevanten Objekten. Das Angebot umfasse alle wesentlichen Leistungen von der [&hellip;]","og_url":"https:\/\/news.save.ch\/fr\/neuer-vertriebsleiter-fuer-hochsicherheitsbereich\/","og_site_name":"Save","article_published_time":"2016-12-07T09:44:43+00:00","og_image":[{"width":1400,"height":933,"url":"https:\/\/news.save.ch\/wp-content\/uploads\/2016\/12\/Neuer-Vertriebsleiter-fuer-Hochsicherheitsbereich_sicherheitsforum-scaled.jpg","type":"image\/jpeg"}],"author":"admin","twitter_card":"summary_large_image","twitter_misc":{"\u00c9crit par":"admin","Dur\u00e9e de lecture estim\u00e9e":"1 minute"},"schema":{"@context":"https:\/\/schema.org","@graph":[{"@type":"Article","@id":"https:\/\/news.save.ch\/neuer-vertriebsleiter-fuer-hochsicherheitsbereich\/#article","isPartOf":{"@id":"https:\/\/news.save.ch\/neuer-vertriebsleiter-fuer-hochsicherheitsbereich\/"},"author":{"name":"admin","@id":"https:\/\/news.save.ch\/de\/#\/schema\/person\/d49e199490bad7c70d64b9ab51142f2b"},"headline":"Neuer Vertriebsleiter f\u00fcr Hochsicherheitsbereich","datePublished":"2016-12-07T09:44:43+00:00","mainEntityOfPage":{"@id":"https:\/\/news.save.ch\/neuer-vertriebsleiter-fuer-hochsicherheitsbereich\/"},"wordCount":120,"commentCount":0,"publisher":{"@id":"https:\/\/news.save.ch\/de\/#organization"},"image":{"@id":"https:\/\/news.save.ch\/neuer-vertriebsleiter-fuer-hochsicherheitsbereich\/#primaryimage"},"thumbnailUrl":"https:\/\/news.save.ch\/wp-content\/uploads\/2016\/12\/Neuer-Vertriebsleiter-fuer-Hochsicherheitsbereich_sicherheitsforum-scaled.jpg","keywords":["Unternehmen"],"articleSection":["ALLGEMEIN"],"inLanguage":"fr-FR"},{"@type":"WebPage","@id":"https:\/\/news.save.ch\/neuer-vertriebsleiter-fuer-hochsicherheitsbereich\/","url":"https:\/\/news.save.ch\/neuer-vertriebsleiter-fuer-hochsicherheitsbereich\/","name":"Nouveau directeur des ventes pour le secteur de la haute s\u00e9curit\u00e9 - Save","isPartOf":{"@id":"https:\/\/news.save.ch\/de\/#website"},"primaryImageOfPage":{"@id":"https:\/\/news.save.ch\/neuer-vertriebsleiter-fuer-hochsicherheitsbereich\/#primaryimage"},"image":{"@id":"https:\/\/news.save.ch\/neuer-vertriebsleiter-fuer-hochsicherheitsbereich\/#primaryimage"},"thumbnailUrl":"https:\/\/news.save.ch\/wp-content\/uploads\/2016\/12\/Neuer-Vertriebsleiter-fuer-Hochsicherheitsbereich_sicherheitsforum-scaled.jpg","datePublished":"2016-12-07T09:44:43+00:00","breadcrumb":{"@id":"https:\/\/news.save.ch\/neuer-vertriebsleiter-fuer-hochsicherheitsbereich\/#breadcrumb"},"inLanguage":"fr-FR","potentialAction":[{"@type":"ReadAction","target":["https:\/\/news.save.ch\/neuer-vertriebsleiter-fuer-hochsicherheitsbereich\/"]}]},{"@type":"ImageObject","inLanguage":"fr-FR","@id":"https:\/\/news.save.ch\/neuer-vertriebsleiter-fuer-hochsicherheitsbereich\/#primaryimage","url":"https:\/\/news.save.ch\/wp-content\/uploads\/2016\/12\/Neuer-Vertriebsleiter-fuer-Hochsicherheitsbereich_sicherheitsforum-scaled.jpg","contentUrl":"https:\/\/news.save.ch\/wp-content\/uploads\/2016\/12\/Neuer-Vertriebsleiter-fuer-Hochsicherheitsbereich_sicherheitsforum-scaled.jpg","width":1400,"height":933,"caption":"Marco Trupp"},{"@type":"BreadcrumbList","@id":"https:\/\/news.save.ch\/neuer-vertriebsleiter-fuer-hochsicherheitsbereich\/#breadcrumb","itemListElement":[{"@type":"ListItem","position":1,"name":"Home","item":"https:\/\/news.save.ch\/de\/"},{"@type":"ListItem","position":2,"name":"Neuer Vertriebsleiter f\u00fcr Hochsicherheitsbereich"}]},{"@type":"WebSite","@id":"https:\/\/news.save.ch\/de\/#website","url":"https:\/\/news.save.ch\/de\/","name":"Save","description":"Revue suisse sp\u00e9cialis\u00e9e dans la s\u00e9curit\u00e9","publisher":{"@id":"https:\/\/news.save.ch\/de\/#organization"},"potentialAction":[{"@type":"SearchAction","target":{"@type":"EntryPoint","urlTemplate":"https:\/\/news.save.ch\/de\/?s={search_term_string}"},"query-input":{"@type":"PropertyValueSpecification","valueRequired":true,"valueName":"search_term_string"}}],"inLanguage":"fr-FR"},{"@type":"Organization","@id":"https:\/\/news.save.ch\/de\/#organization","name":"Forum sur la s\u00e9curit\u00e9","url":"https:\/\/news.save.ch\/de\/","logo":{"@type":"ImageObject","inLanguage":"fr-FR","@id":"https:\/\/news.save.ch\/de\/#\/schema\/logo\/image\/","url":"https:\/\/news.save.ch\/wp-content\/uploads\/2022\/06\/Logo_SF_2012.png","contentUrl":"https:\/\/news.save.ch\/wp-content\/uploads\/2022\/06\/Logo_SF_2012.png","width":1100,"height":91,"caption":"Sicherheitsforum"},"image":{"@id":"https:\/\/news.save.ch\/de\/#\/schema\/logo\/image\/"}},{"@type":"Person","@id":"https:\/\/news.save.ch\/de\/#\/schema\/person\/d49e199490bad7c70d64b9ab51142f2b","name":"admin","image":{"@type":"ImageObject","inLanguage":"fr-FR","@id":"https:\/\/secure.gravatar.com\/avatar\/ae2f4d718e6c49043e314ce431e7e645d646302a24a5ef5a8bc8e3f5a032e319?s=96&d=mm&r=g","url":"https:\/\/secure.gravatar.com\/avatar\/ae2f4d718e6c49043e314ce431e7e645d646302a24a5ef5a8bc8e3f5a032e319?s=96&d=mm&r=g","contentUrl":"https:\/\/secure.gravatar.com\/avatar\/ae2f4d718e6c49043e314ce431e7e645d646302a24a5ef5a8bc8e3f5a032e319?s=96&d=mm&r=g","caption":"admin"},"sameAs":["https:\/\/develop.organisator.galledia.ch"],"url":"https:\/\/news.save.ch\/fr\/author\/admin\/"}]}},"_links":{"self":[{"href":"https:\/\/news.save.ch\/fr\/wp-json\/wp\/v2\/posts\/14141","targetHints":{"allow":["GET"]}}],"collection":[{"href":"https:\/\/news.save.ch\/fr\/wp-json\/wp\/v2\/posts"}],"about":[{"href":"https:\/\/news.save.ch\/fr\/wp-json\/wp\/v2\/types\/post"}],"author":[{"embeddable":true,"href":"https:\/\/news.save.ch\/fr\/wp-json\/wp\/v2\/users\/1"}],"replies":[{"embeddable":true,"href":"https:\/\/news.save.ch\/fr\/wp-json\/wp\/v2\/comments?post=14141"}],"version-history":[{"count":0,"href":"https:\/\/news.save.ch\/fr\/wp-json\/wp\/v2\/posts\/14141\/revisions"}],"wp:featuredmedia":[{"embeddable":true,"href":"https:\/\/news.save.ch\/fr\/wp-json\/wp\/v2\/media\/13555"}],"wp:attachment":[{"href":"https:\/\/news.save.ch\/fr\/wp-json\/wp\/v2\/media?parent=14141"}],"wp:term":[{"taxonomy":"category","embeddable":true,"href":"https:\/\/news.save.ch\/fr\/wp-json\/wp\/v2\/categories?post=14141"},{"taxonomy":"post_tag","embeddable":true,"href":"https:\/\/news.save.ch\/fr\/wp-json\/wp\/v2\/tags?post=14141"}],"curies":[{"name":"wp","href":"https:\/\/api.w.org\/{rel}","templated":true}]}}