{"id":14148,"date":"2016-11-25T11:06:24","date_gmt":"2016-11-25T10:06:24","guid":{"rendered":"https:\/\/dev.sicherheitsforum.ch\/?p=729"},"modified":"2023-03-14T09:00:02","modified_gmt":"2023-03-14T08:00:02","slug":"mitarbeiter-sind-bereit-fuer-mobile-access","status":null,"type":"post","link":"https:\/\/news.save.ch\/fr\/mitarbeiter-sind-bereit-fuer-mobile-access\/","title":{"rendered":"Les employ\u00e9s sont pr\u00eats pour l'acc\u00e8s mobile"},"content":{"rendered":"<figure id=\"attachment_733\" aria-describedby=\"caption-attachment-733\" style=\"width: 680px\" class=\"wp-caption alignnone\"><img loading=\"lazy\" decoding=\"async\" class=\"size-medium wp-image-733\" src=\"https:\/\/sicherheitsforum.ch\/wp-content\/uploads\/2016\/12\/Mitarbeiter-sind-bereit-f\u00fcr-Mobile-Access_sicherheitsforum.jpg\" alt=\"\u00a9 depositphotos\" width=\"680\" height=\"472\" \/><figcaption id=\"caption-attachment-733\" class=\"wp-caption-text\">\u00a9 depositphotos<\/figcaption><\/figure>\n<p>Pour l'\u00e9tude, les chercheurs ont interrog\u00e9 <a href=\"https:\/\/www.hidglobal.com\" target=\"_blank\" rel=\"noreferrer noopener\" data-cke-saved-href=\"https:\/\/www.hidglobal.com\">HID<\/a> Plus de 1200 collaborateurs d'entreprises de toutes tailles en Allemagne, au Royaume-Uni et en France. Selon l'enqu\u00eate, la confiance dans la s\u00e9curit\u00e9 des appareils mobiles d'entreprise est particuli\u00e8rement \u00e9lev\u00e9e dans les PME. Dans toute l'Europe, 75% des collaborateurs de PME ont d\u00e9clar\u00e9 ne pas avoir de probl\u00e8mes de s\u00e9curit\u00e9 lorsqu'ils utilisent des smartphones ou des tablettes. Ce chiffre t\u00e9moigne d'une grande confiance dans les strat\u00e9gies de s\u00e9curit\u00e9 mobile des entreprises et est d'autant plus important que les appareils mobiles sont d\u00e9sormais utilis\u00e9s sur de nombreux lieux de travail. Ainsi, 78% des collaborateurs de PME interrog\u00e9s ont d\u00e9clar\u00e9 utiliser r\u00e9guli\u00e8rement des t\u00e9l\u00e9phones portables d'entreprise \u00e0 des fins professionnelles.<\/p>\n<p><strong>Profiter d'une grande confiance pour Zuko<\/strong><\/p>\n<p>Selon HID Global, les PME devraient maintenant profiter de la grande confiance et de la tendance croissante \u00e0 la mobilit\u00e9 pour proposer aux collaborateurs des solutions innovantes pour le contr\u00f4le d'acc\u00e8s. Si les appareils mobiles sont de toute fa\u00e7on omnipr\u00e9sents et que les collaborateurs ont une grande confiance dans leur s\u00e9curit\u00e9, il est \u00e9vident d'utiliser les t\u00e9l\u00e9phones portables &amp; Co. \u00e9galement pour l'authentification lors de l'ouverture des portes, comme le souligne HID. Gr\u00e2ce \u00e0 des badges num\u00e9riques limit\u00e9s dans le temps, les entreprises pourraient \u00e9galement permettre aux visiteurs et aux prestataires de services externes d'acc\u00e9der temporairement et en toute simplicit\u00e9 aux locaux de l'entreprise.<\/p>\n<p><strong>Facile \u00e0 mettre en \u0153uvre <\/strong><\/p>\n<p>Il est important que la solution de contr\u00f4le d'acc\u00e8s par smartphone soit facile \u00e0 mettre en \u0153uvre et surtout qu'elle offre une exp\u00e9rience utilisateur positive aux collaborateurs. En m\u00eame temps, elle doit \u00eatre rentable compte tenu des budgets limit\u00e9s dont disposent les PME par rapport aux grandes entreprises. Une mise \u00e0 niveau vers Mobile Access est en outre l'occasion id\u00e9ale de combler toutes les lacunes de s\u00e9curit\u00e9 \u00e9ventuellement encore existantes.<\/p>\n<p>\"Notre enqu\u00eate r\u00e9v\u00e8le une grande confiance des collaborateurs dans la capacit\u00e9 de leur entreprise \u00e0 prot\u00e9ger les donn\u00e9es sur les appareils mobiles contre les menaces externes\", d\u00e9clare Harm Radstaak, vice-pr\u00e9sident et directeur g\u00e9n\u00e9ral des solutions de contr\u00f4le d'acc\u00e8s physique chez HID Global. \"Ce haut niveau de confiance et la volont\u00e9 des utilisateurs d'ouvrir des portes avec leur smartphone vont rapidement faire des appareils mobiles la norme en mati\u00e8re de contr\u00f4le d'acc\u00e8s. C'est particuli\u00e8rement vrai dans les PME, qui se montrent traditionnellement particuli\u00e8rement flexibles et agiles lorsqu'il s'agit d'innovation et d'efficacit\u00e9\".<\/p>","protected":false},"excerpt":{"rendered":"<p>F\u00fcr die Studie befragte HID Global \u00fcber 1200 Mitarbeiter von Unternehmen aller Gr\u00f6ssen in Deutschland, Grossbritannien und Frankreich. Besonders hoch ist das Vertrauen in die Sicherheit mobiler Firmenger\u00e4te der Umfrage zufolge in KMU. Europaweit gaben 75% der KMU-Mitarbeitenden an, keine Sicherheitsbedenken zu haben, wenn sie Smartphones oder Tablets nutzen. Dieser Wert belegt ein grosses Vertrauen [&hellip;]<\/p>\n","protected":false},"author":1,"featured_media":13570,"comment_status":"open","ping_status":"open","sticky":false,"template":"","format":"standard","meta":{"_acf_changed":false,"pgc_sgb_lightbox_settings":"","footnotes":""},"categories":[3312],"tags":[157,158],"class_list":["post-14148","post","type-post","status-publish","format-standard","has-post-thumbnail","hentry","category-sicherheit","tag-video-security","tag-zutrittskontrolle"],"acf":[],"hkrextid":null,"publication":null,"issue":null,"workflow":null,"startPage":null,"spitzmarke":null,"_posts_by_tag_page_fields":{"widget_title":"","widget_tags":""},"_at_widget":"1","_yoast_wpseo_primary_category":"3303","_yoast_wpseo_focuskw_text_input":"Mobile Access","_yoast_wpseo_opengraph-image":"https:\/\/sicherheitsforum.ch\/wp-content\/uploads\/2016\/12\/Mitarbeiter-sind-bereit-f\u00fcr-Mobile-Access_sicherheitsforum.jpg","_yoast_wpseo_opengraph-description":"In den europ\u00e4ischen Unternehmen hat die Mehrheit der Mitarbeitenden keine Sicherheitsbedenken, wenn sie Firmen-Smartphones nutzen. Das geht aus einer aktuellen Umfrage von HID Global hervor. Dieses grosse Vertrauen in die Sicherheit mobiler Unternehmensger\u00e4te \u00f6ffnet den Weg f\u00fcr Mobile-Access-L\u00f6sungen, wie Anbieter von Identit\u00e4tsl\u00f6sungen schreibt.","_yoast_wpseo_opengraph-title":"Mitarbeiter sind bereit f\u00fcr Mobile Access","enclosure":null,"_yoast_wpseo_twitter-title":null,"_yoast_wpseo_twitter-description":null,"_yoast_wpseo_twitter-image":null,"_wp_old_slug":null,"_yoast_wpseo_title":null,"_yoast_wpseo_canonical":null,"yoast_head":"<!-- This site is optimized with the Yoast SEO plugin v27.4 - https:\/\/yoast.com\/product\/yoast-seo-wordpress\/ -->\n<title>Mitarbeiter sind bereit f\u00fcr Mobile Access - Save<\/title>\n<meta name=\"description\" content=\"In den europ\u00e4ischen Unternehmen hat die Mehrheit der Mitarbeitenden keine Sicherheitsbedenken, wenn sie Firmen-Smartphones nutzen.\" \/>\n<meta name=\"robots\" content=\"index, follow, max-snippet:-1, max-image-preview:large, max-video-preview:-1\" \/>\n<link rel=\"canonical\" href=\"https:\/\/news.save.ch\/fr\/mitarbeiter-sind-bereit-fuer-mobile-access\/\" \/>\n<meta property=\"og:locale\" content=\"fr_FR\" \/>\n<meta property=\"og:type\" content=\"article\" \/>\n<meta property=\"og:title\" content=\"Mitarbeiter sind bereit f\u00fcr Mobile Access\" \/>\n<meta property=\"og:description\" content=\"In den europ\u00e4ischen Unternehmen hat die Mehrheit der Mitarbeitenden keine Sicherheitsbedenken, wenn sie Firmen-Smartphones nutzen. Das geht aus einer aktuellen Umfrage von HID Global hervor. Dieses grosse Vertrauen in die Sicherheit mobiler Unternehmensger\u00e4te \u00f6ffnet den Weg f\u00fcr Mobile-Access-L\u00f6sungen, wie Anbieter von Identit\u00e4tsl\u00f6sungen schreibt.\" \/>\n<meta property=\"og:url\" content=\"https:\/\/news.save.ch\/fr\/mitarbeiter-sind-bereit-fuer-mobile-access\/\" \/>\n<meta property=\"og:site_name\" content=\"Save\" \/>\n<meta property=\"article:published_time\" content=\"2016-11-25T10:06:24+00:00\" \/>\n<meta property=\"article:modified_time\" content=\"2023-03-14T08:00:02+00:00\" \/>\n<meta property=\"og:image\" content=\"https:\/\/sicherheitsforum.ch\/wp-content\/uploads\/2016\/12\/Mitarbeiter-sind-bereit-f\u00fcr-Mobile-Access_sicherheitsforum.jpg\" \/>\n<meta name=\"author\" content=\"admin\" \/>\n<meta name=\"twitter:card\" content=\"summary_large_image\" \/>\n<meta name=\"twitter:label1\" content=\"\u00c9crit par\" \/>\n\t<meta name=\"twitter:data1\" content=\"admin\" \/>\n\t<meta name=\"twitter:label2\" content=\"Dur\u00e9e de lecture estim\u00e9e\" \/>\n\t<meta name=\"twitter:data2\" content=\"2 minutes\" \/>\n<script type=\"application\/ld+json\" class=\"yoast-schema-graph\">{\"@context\":\"https:\\\/\\\/schema.org\",\"@graph\":[{\"@type\":\"Article\",\"@id\":\"https:\\\/\\\/news.save.ch\\\/mitarbeiter-sind-bereit-fuer-mobile-access\\\/#article\",\"isPartOf\":{\"@id\":\"https:\\\/\\\/news.save.ch\\\/mitarbeiter-sind-bereit-fuer-mobile-access\\\/\"},\"author\":{\"name\":\"admin\",\"@id\":\"https:\\\/\\\/news.save.ch\\\/de\\\/#\\\/schema\\\/person\\\/d49e199490bad7c70d64b9ab51142f2b\"},\"headline\":\"Mitarbeiter sind bereit f\u00fcr Mobile Access\",\"datePublished\":\"2016-11-25T10:06:24+00:00\",\"dateModified\":\"2023-03-14T08:00:02+00:00\",\"mainEntityOfPage\":{\"@id\":\"https:\\\/\\\/news.save.ch\\\/mitarbeiter-sind-bereit-fuer-mobile-access\\\/\"},\"wordCount\":371,\"commentCount\":0,\"publisher\":{\"@id\":\"https:\\\/\\\/news.save.ch\\\/de\\\/#organization\"},\"image\":{\"@id\":\"https:\\\/\\\/news.save.ch\\\/mitarbeiter-sind-bereit-fuer-mobile-access\\\/#primaryimage\"},\"thumbnailUrl\":\"https:\\\/\\\/news.save.ch\\\/wp-content\\\/uploads\\\/2016\\\/12\\\/Mitarbeiter-sind-bereit-fuer-Mobile-Access_sicherheitsforum-scaled-1-scaled.jpg\",\"keywords\":[\"Video-Security\",\"Zutrittskontrolle\"],\"articleSection\":[\"SICHERHEIT\"],\"inLanguage\":\"fr-FR\"},{\"@type\":\"WebPage\",\"@id\":\"https:\\\/\\\/news.save.ch\\\/mitarbeiter-sind-bereit-fuer-mobile-access\\\/\",\"url\":\"https:\\\/\\\/news.save.ch\\\/mitarbeiter-sind-bereit-fuer-mobile-access\\\/\",\"name\":\"Mitarbeiter sind bereit f\u00fcr Mobile Access - Save\",\"isPartOf\":{\"@id\":\"https:\\\/\\\/news.save.ch\\\/de\\\/#website\"},\"primaryImageOfPage\":{\"@id\":\"https:\\\/\\\/news.save.ch\\\/mitarbeiter-sind-bereit-fuer-mobile-access\\\/#primaryimage\"},\"image\":{\"@id\":\"https:\\\/\\\/news.save.ch\\\/mitarbeiter-sind-bereit-fuer-mobile-access\\\/#primaryimage\"},\"thumbnailUrl\":\"https:\\\/\\\/news.save.ch\\\/wp-content\\\/uploads\\\/2016\\\/12\\\/Mitarbeiter-sind-bereit-fuer-Mobile-Access_sicherheitsforum-scaled-1-scaled.jpg\",\"datePublished\":\"2016-11-25T10:06:24+00:00\",\"dateModified\":\"2023-03-14T08:00:02+00:00\",\"description\":\"In den europ\u00e4ischen Unternehmen hat die Mehrheit der Mitarbeitenden keine Sicherheitsbedenken, wenn sie Firmen-Smartphones nutzen.\",\"breadcrumb\":{\"@id\":\"https:\\\/\\\/news.save.ch\\\/mitarbeiter-sind-bereit-fuer-mobile-access\\\/#breadcrumb\"},\"inLanguage\":\"fr-FR\",\"potentialAction\":[{\"@type\":\"ReadAction\",\"target\":[\"https:\\\/\\\/news.save.ch\\\/mitarbeiter-sind-bereit-fuer-mobile-access\\\/\"]}]},{\"@type\":\"ImageObject\",\"inLanguage\":\"fr-FR\",\"@id\":\"https:\\\/\\\/news.save.ch\\\/mitarbeiter-sind-bereit-fuer-mobile-access\\\/#primaryimage\",\"url\":\"https:\\\/\\\/news.save.ch\\\/wp-content\\\/uploads\\\/2016\\\/12\\\/Mitarbeiter-sind-bereit-fuer-Mobile-Access_sicherheitsforum-scaled-1-scaled.jpg\",\"contentUrl\":\"https:\\\/\\\/news.save.ch\\\/wp-content\\\/uploads\\\/2016\\\/12\\\/Mitarbeiter-sind-bereit-fuer-Mobile-Access_sicherheitsforum-scaled-1-scaled.jpg\",\"width\":1400,\"height\":972,\"caption\":\"\u00a9 depositphotos\"},{\"@type\":\"BreadcrumbList\",\"@id\":\"https:\\\/\\\/news.save.ch\\\/mitarbeiter-sind-bereit-fuer-mobile-access\\\/#breadcrumb\",\"itemListElement\":[{\"@type\":\"ListItem\",\"position\":1,\"name\":\"Home\",\"item\":\"https:\\\/\\\/news.save.ch\\\/de\\\/\"},{\"@type\":\"ListItem\",\"position\":2,\"name\":\"Mitarbeiter sind bereit f\u00fcr Mobile Access\"}]},{\"@type\":\"WebSite\",\"@id\":\"https:\\\/\\\/news.save.ch\\\/de\\\/#website\",\"url\":\"https:\\\/\\\/news.save.ch\\\/de\\\/\",\"name\":\"Save\",\"description\":\"Schweizer Fachzeitschrift f\u00fcr Sicherheit\",\"publisher\":{\"@id\":\"https:\\\/\\\/news.save.ch\\\/de\\\/#organization\"},\"potentialAction\":[{\"@type\":\"SearchAction\",\"target\":{\"@type\":\"EntryPoint\",\"urlTemplate\":\"https:\\\/\\\/news.save.ch\\\/de\\\/?s={search_term_string}\"},\"query-input\":{\"@type\":\"PropertyValueSpecification\",\"valueRequired\":true,\"valueName\":\"search_term_string\"}}],\"inLanguage\":\"fr-FR\"},{\"@type\":\"Organization\",\"@id\":\"https:\\\/\\\/news.save.ch\\\/de\\\/#organization\",\"name\":\"Sicherheitsforum\",\"url\":\"https:\\\/\\\/news.save.ch\\\/de\\\/\",\"logo\":{\"@type\":\"ImageObject\",\"inLanguage\":\"fr-FR\",\"@id\":\"https:\\\/\\\/news.save.ch\\\/de\\\/#\\\/schema\\\/logo\\\/image\\\/\",\"url\":\"https:\\\/\\\/news.save.ch\\\/wp-content\\\/uploads\\\/2022\\\/06\\\/Logo_SF_2012.png\",\"contentUrl\":\"https:\\\/\\\/news.save.ch\\\/wp-content\\\/uploads\\\/2022\\\/06\\\/Logo_SF_2012.png\",\"width\":1100,\"height\":91,\"caption\":\"Sicherheitsforum\"},\"image\":{\"@id\":\"https:\\\/\\\/news.save.ch\\\/de\\\/#\\\/schema\\\/logo\\\/image\\\/\"}},{\"@type\":\"Person\",\"@id\":\"https:\\\/\\\/news.save.ch\\\/de\\\/#\\\/schema\\\/person\\\/d49e199490bad7c70d64b9ab51142f2b\",\"name\":\"admin\",\"image\":{\"@type\":\"ImageObject\",\"inLanguage\":\"fr-FR\",\"@id\":\"https:\\\/\\\/secure.gravatar.com\\\/avatar\\\/ae2f4d718e6c49043e314ce431e7e645d646302a24a5ef5a8bc8e3f5a032e319?s=96&d=mm&r=g\",\"url\":\"https:\\\/\\\/secure.gravatar.com\\\/avatar\\\/ae2f4d718e6c49043e314ce431e7e645d646302a24a5ef5a8bc8e3f5a032e319?s=96&d=mm&r=g\",\"contentUrl\":\"https:\\\/\\\/secure.gravatar.com\\\/avatar\\\/ae2f4d718e6c49043e314ce431e7e645d646302a24a5ef5a8bc8e3f5a032e319?s=96&d=mm&r=g\",\"caption\":\"admin\"},\"sameAs\":[\"https:\\\/\\\/develop.organisator.galledia.ch\"],\"url\":\"https:\\\/\\\/news.save.ch\\\/fr\\\/author\\\/admin\\\/\"}]}<\/script>\n<!-- \/ Yoast SEO plugin. -->","yoast_head_json":{"title":"Les employ\u00e9s sont pr\u00eats pour l'acc\u00e8s mobile - Save","description":"Dans les entreprises europ\u00e9ennes, la majorit\u00e9 des collaborateurs n'ont aucun souci de s\u00e9curit\u00e9 lorsqu'ils utilisent des smartphones d'entreprise.","robots":{"index":"index","follow":"follow","max-snippet":"max-snippet:-1","max-image-preview":"max-image-preview:large","max-video-preview":"max-video-preview:-1"},"canonical":"https:\/\/news.save.ch\/fr\/mitarbeiter-sind-bereit-fuer-mobile-access\/","og_locale":"fr_FR","og_type":"article","og_title":"Mitarbeiter sind bereit f\u00fcr Mobile Access","og_description":"In den europ\u00e4ischen Unternehmen hat die Mehrheit der Mitarbeitenden keine Sicherheitsbedenken, wenn sie Firmen-Smartphones nutzen. Das geht aus einer aktuellen Umfrage von HID Global hervor. Dieses grosse Vertrauen in die Sicherheit mobiler Unternehmensger\u00e4te \u00f6ffnet den Weg f\u00fcr Mobile-Access-L\u00f6sungen, wie Anbieter von Identit\u00e4tsl\u00f6sungen schreibt.","og_url":"https:\/\/news.save.ch\/fr\/mitarbeiter-sind-bereit-fuer-mobile-access\/","og_site_name":"Save","article_published_time":"2016-11-25T10:06:24+00:00","article_modified_time":"2023-03-14T08:00:02+00:00","og_image":[{"url":"https:\/\/sicherheitsforum.ch\/wp-content\/uploads\/2016\/12\/Mitarbeiter-sind-bereit-f\u00fcr-Mobile-Access_sicherheitsforum.jpg","type":"","width":"","height":""}],"author":"admin","twitter_card":"summary_large_image","twitter_misc":{"\u00c9crit par":"admin","Dur\u00e9e de lecture estim\u00e9e":"2 minutes"},"schema":{"@context":"https:\/\/schema.org","@graph":[{"@type":"Article","@id":"https:\/\/news.save.ch\/mitarbeiter-sind-bereit-fuer-mobile-access\/#article","isPartOf":{"@id":"https:\/\/news.save.ch\/mitarbeiter-sind-bereit-fuer-mobile-access\/"},"author":{"name":"admin","@id":"https:\/\/news.save.ch\/de\/#\/schema\/person\/d49e199490bad7c70d64b9ab51142f2b"},"headline":"Mitarbeiter sind bereit f\u00fcr Mobile Access","datePublished":"2016-11-25T10:06:24+00:00","dateModified":"2023-03-14T08:00:02+00:00","mainEntityOfPage":{"@id":"https:\/\/news.save.ch\/mitarbeiter-sind-bereit-fuer-mobile-access\/"},"wordCount":371,"commentCount":0,"publisher":{"@id":"https:\/\/news.save.ch\/de\/#organization"},"image":{"@id":"https:\/\/news.save.ch\/mitarbeiter-sind-bereit-fuer-mobile-access\/#primaryimage"},"thumbnailUrl":"https:\/\/news.save.ch\/wp-content\/uploads\/2016\/12\/Mitarbeiter-sind-bereit-fuer-Mobile-Access_sicherheitsforum-scaled-1-scaled.jpg","keywords":["Video-Security","Zutrittskontrolle"],"articleSection":["SICHERHEIT"],"inLanguage":"fr-FR"},{"@type":"WebPage","@id":"https:\/\/news.save.ch\/mitarbeiter-sind-bereit-fuer-mobile-access\/","url":"https:\/\/news.save.ch\/mitarbeiter-sind-bereit-fuer-mobile-access\/","name":"Les employ\u00e9s sont pr\u00eats pour l'acc\u00e8s mobile - Save","isPartOf":{"@id":"https:\/\/news.save.ch\/de\/#website"},"primaryImageOfPage":{"@id":"https:\/\/news.save.ch\/mitarbeiter-sind-bereit-fuer-mobile-access\/#primaryimage"},"image":{"@id":"https:\/\/news.save.ch\/mitarbeiter-sind-bereit-fuer-mobile-access\/#primaryimage"},"thumbnailUrl":"https:\/\/news.save.ch\/wp-content\/uploads\/2016\/12\/Mitarbeiter-sind-bereit-fuer-Mobile-Access_sicherheitsforum-scaled-1-scaled.jpg","datePublished":"2016-11-25T10:06:24+00:00","dateModified":"2023-03-14T08:00:02+00:00","description":"Dans les entreprises europ\u00e9ennes, la majorit\u00e9 des collaborateurs n'ont aucun souci de s\u00e9curit\u00e9 lorsqu'ils utilisent des smartphones d'entreprise.","breadcrumb":{"@id":"https:\/\/news.save.ch\/mitarbeiter-sind-bereit-fuer-mobile-access\/#breadcrumb"},"inLanguage":"fr-FR","potentialAction":[{"@type":"ReadAction","target":["https:\/\/news.save.ch\/mitarbeiter-sind-bereit-fuer-mobile-access\/"]}]},{"@type":"ImageObject","inLanguage":"fr-FR","@id":"https:\/\/news.save.ch\/mitarbeiter-sind-bereit-fuer-mobile-access\/#primaryimage","url":"https:\/\/news.save.ch\/wp-content\/uploads\/2016\/12\/Mitarbeiter-sind-bereit-fuer-Mobile-Access_sicherheitsforum-scaled-1-scaled.jpg","contentUrl":"https:\/\/news.save.ch\/wp-content\/uploads\/2016\/12\/Mitarbeiter-sind-bereit-fuer-Mobile-Access_sicherheitsforum-scaled-1-scaled.jpg","width":1400,"height":972,"caption":"\u00a9 depositphotos"},{"@type":"BreadcrumbList","@id":"https:\/\/news.save.ch\/mitarbeiter-sind-bereit-fuer-mobile-access\/#breadcrumb","itemListElement":[{"@type":"ListItem","position":1,"name":"Home","item":"https:\/\/news.save.ch\/de\/"},{"@type":"ListItem","position":2,"name":"Mitarbeiter sind bereit f\u00fcr Mobile Access"}]},{"@type":"WebSite","@id":"https:\/\/news.save.ch\/de\/#website","url":"https:\/\/news.save.ch\/de\/","name":"Save","description":"Revue suisse sp\u00e9cialis\u00e9e dans la s\u00e9curit\u00e9","publisher":{"@id":"https:\/\/news.save.ch\/de\/#organization"},"potentialAction":[{"@type":"SearchAction","target":{"@type":"EntryPoint","urlTemplate":"https:\/\/news.save.ch\/de\/?s={search_term_string}"},"query-input":{"@type":"PropertyValueSpecification","valueRequired":true,"valueName":"search_term_string"}}],"inLanguage":"fr-FR"},{"@type":"Organization","@id":"https:\/\/news.save.ch\/de\/#organization","name":"Forum sur la s\u00e9curit\u00e9","url":"https:\/\/news.save.ch\/de\/","logo":{"@type":"ImageObject","inLanguage":"fr-FR","@id":"https:\/\/news.save.ch\/de\/#\/schema\/logo\/image\/","url":"https:\/\/news.save.ch\/wp-content\/uploads\/2022\/06\/Logo_SF_2012.png","contentUrl":"https:\/\/news.save.ch\/wp-content\/uploads\/2022\/06\/Logo_SF_2012.png","width":1100,"height":91,"caption":"Sicherheitsforum"},"image":{"@id":"https:\/\/news.save.ch\/de\/#\/schema\/logo\/image\/"}},{"@type":"Person","@id":"https:\/\/news.save.ch\/de\/#\/schema\/person\/d49e199490bad7c70d64b9ab51142f2b","name":"admin","image":{"@type":"ImageObject","inLanguage":"fr-FR","@id":"https:\/\/secure.gravatar.com\/avatar\/ae2f4d718e6c49043e314ce431e7e645d646302a24a5ef5a8bc8e3f5a032e319?s=96&d=mm&r=g","url":"https:\/\/secure.gravatar.com\/avatar\/ae2f4d718e6c49043e314ce431e7e645d646302a24a5ef5a8bc8e3f5a032e319?s=96&d=mm&r=g","contentUrl":"https:\/\/secure.gravatar.com\/avatar\/ae2f4d718e6c49043e314ce431e7e645d646302a24a5ef5a8bc8e3f5a032e319?s=96&d=mm&r=g","caption":"admin"},"sameAs":["https:\/\/develop.organisator.galledia.ch"],"url":"https:\/\/news.save.ch\/fr\/author\/admin\/"}]}},"_links":{"self":[{"href":"https:\/\/news.save.ch\/fr\/wp-json\/wp\/v2\/posts\/14148","targetHints":{"allow":["GET"]}}],"collection":[{"href":"https:\/\/news.save.ch\/fr\/wp-json\/wp\/v2\/posts"}],"about":[{"href":"https:\/\/news.save.ch\/fr\/wp-json\/wp\/v2\/types\/post"}],"author":[{"embeddable":true,"href":"https:\/\/news.save.ch\/fr\/wp-json\/wp\/v2\/users\/1"}],"replies":[{"embeddable":true,"href":"https:\/\/news.save.ch\/fr\/wp-json\/wp\/v2\/comments?post=14148"}],"version-history":[{"count":1,"href":"https:\/\/news.save.ch\/fr\/wp-json\/wp\/v2\/posts\/14148\/revisions"}],"predecessor-version":[{"id":17998,"href":"https:\/\/news.save.ch\/fr\/wp-json\/wp\/v2\/posts\/14148\/revisions\/17998"}],"wp:featuredmedia":[{"embeddable":true,"href":"https:\/\/news.save.ch\/fr\/wp-json\/wp\/v2\/media\/13570"}],"wp:attachment":[{"href":"https:\/\/news.save.ch\/fr\/wp-json\/wp\/v2\/media?parent=14148"}],"wp:term":[{"taxonomy":"category","embeddable":true,"href":"https:\/\/news.save.ch\/fr\/wp-json\/wp\/v2\/categories?post=14148"},{"taxonomy":"post_tag","embeddable":true,"href":"https:\/\/news.save.ch\/fr\/wp-json\/wp\/v2\/tags?post=14148"}],"curies":[{"name":"wp","href":"https:\/\/api.w.org\/{rel}","templated":true}]}}