{"id":14179,"date":"2016-11-07T13:30:53","date_gmt":"2016-11-07T12:30:53","guid":{"rendered":"https:\/\/dev.sicherheitsforum.ch\/?p=898"},"modified":"2016-11-07T13:30:53","modified_gmt":"2016-11-07T12:30:53","slug":"technologiepartnerschaft-von-ips-und-hikvision","status":null,"type":"post","link":"https:\/\/news.save.ch\/fr\/technologiepartnerschaft-von-ips-und-hikvision\/","title":{"rendered":"Partenariat technologique entre IPS et Hikvision"},"content":{"rendered":"<figure id=\"attachment_900\" aria-describedby=\"caption-attachment-900\" style=\"width: 680px\" class=\"wp-caption alignnone\"><img loading=\"lazy\" decoding=\"async\" class=\"size-medium wp-image-900\" src=\"https:\/\/sicherheitsforum.ch\/wp-content\/uploads\/2016\/12\/Technologiepartnerschaft-von-IPS-und-Hikvision_sicherheitsforum.jpg\" alt=\"IPS\" width=\"680\" height=\"507\" \/><figcaption id=\"caption-attachment-900\" class=\"wp-caption-text\">IPS<\/figcaption><\/figure>\n<p>Peter Treutler de <a href=\"https:\/\/www.ips-analytics.com\/\" target=\"_blank\" rel=\"noreferrer noopener\" data-cke-saved-href=\"https:\/\/www.ips-analytics.com\/\">IPS<\/a> parle d'une \u00e9tape strat\u00e9gique importante : \"Avec <a href=\"https:\/\/www.hikvision.com\" target=\"_blank\" rel=\"noreferrer noopener\" data-cke-saved-href=\"https:\/\/www.hikvision.com\">Hikvision<\/a> nous avons trouv\u00e9 un partenaire technologique et d'int\u00e9gration solide. Ensemble, nous offrirons \u00e0 l'avenir aux installateurs et aux utilisateurs finaux la possibilit\u00e9 d'utiliser le large portefeuille de produits de cam\u00e9ras au sein de l'IPS-VideoManager\".<\/p>\n<p>Peter Guan, responsable du march\u00e9 DACH chez Hikvision, se r\u00e9jouit \u00e9galement des projets communs : \"IPS est un fabricant renomm\u00e9 de solutions d'analyse et de gestion vid\u00e9o de haute qualit\u00e9, ce qui en fait le partenaire id\u00e9al. Avec le logiciel IPS sur notre mat\u00e9riel de vid\u00e9osurveillance HD, nous pouvons offrir aux clients du march\u00e9 europ\u00e9en une large palette de modules d'analyse intelligents li\u00e9s aux applications\".<\/p>\n<p><strong>Premiers produits communs pr\u00e9sent\u00e9s<\/strong><\/p>\n<p>Les premiers pas de cette collaboration \u00e9taient d\u00e9j\u00e0 visibles lors de la manifestation internationale sp\u00e9cialis\u00e9e dans la s\u00e9curit\u00e9 Security \u00e0 Essen en Allemagne : Hikvision a pr\u00e9sent\u00e9 sur son stand l'IPS-AnalyticsManager, une plateforme bas\u00e9e sur le web pour l'int\u00e9gration d'analyses vid\u00e9o dans des syst\u00e8mes tiers. Inversement, les derni\u00e8res cam\u00e9ras du fabricant chinois, int\u00e9gr\u00e9es dans le syst\u00e8me de gestion vid\u00e9o, ont \u00e9t\u00e9 pr\u00e9sent\u00e9es sur le stand IPS.<\/p>","protected":false},"excerpt":{"rendered":"<p>Peter Treutler von IPS spricht von einem wichtigen strategischen Schritt: \u201eMit Hikvision haben wir einen starken Technologie- und Integrationspartner gefunden. Zusammen werden wir Errichtern und Endkunden zuk\u00fcnftig die M\u00f6glichkeit bieten, das breite Kamera-Produktportfolio innerhalb des IPS-VideoManagers nutzen zu k\u00f6nnen.\u201c Auch Peter Guan, zust\u00e4ndig f\u00fcr den DACH-Markt bei Hikvision, freut sich auf gemeinsame Projekte: \u201eIPS ist [&hellip;]<\/p>\n","protected":false},"author":1,"featured_media":13638,"comment_status":"open","ping_status":"open","sticky":false,"template":"","format":"standard","meta":{"_acf_changed":false,"pgc_sgb_lightbox_settings":"","footnotes":""},"categories":[1],"tags":[78],"class_list":["post-14179","post","type-post","status-publish","format-standard","has-post-thumbnail","hentry","category-allgemein","tag-videoueberwachung"],"acf":[],"hkrextid":null,"publication":null,"issue":null,"workflow":null,"startPage":null,"spitzmarke":null,"_posts_by_tag_page_fields":{"widget_title":"","widget_tags":""},"_at_widget":"1","_yoast_wpseo_primary_category":"","_yoast_wpseo_focuskw_text_input":"Hikvision","_yoast_wpseo_opengraph-image":null,"_yoast_wpseo_opengraph-description":null,"_yoast_wpseo_opengraph-title":null,"enclosure":null,"_yoast_wpseo_twitter-title":null,"_yoast_wpseo_twitter-description":null,"_yoast_wpseo_twitter-image":null,"_wp_old_slug":null,"_yoast_wpseo_title":null,"_yoast_wpseo_canonical":null,"yoast_head":"<!-- This site is optimized with the Yoast SEO plugin v27.5 - https:\/\/yoast.com\/product\/yoast-seo-wordpress\/ -->\n<title>Technologiepartnerschaft von IPS und Hikvision - Save<\/title>\n<meta name=\"robots\" content=\"index, follow, max-snippet:-1, max-image-preview:large, max-video-preview:-1\" \/>\n<link rel=\"canonical\" href=\"https:\/\/news.save.ch\/fr\/technologiepartnerschaft-von-ips-und-hikvision\/\" \/>\n<meta property=\"og:locale\" content=\"fr_FR\" \/>\n<meta property=\"og:type\" content=\"article\" \/>\n<meta property=\"og:title\" content=\"Technologiepartnerschaft von IPS und Hikvision - Save\" \/>\n<meta property=\"og:description\" content=\"Peter Treutler von IPS spricht von einem wichtigen strategischen Schritt: \u201eMit Hikvision haben wir einen starken Technologie- und Integrationspartner gefunden. Zusammen werden wir Errichtern und Endkunden zuk\u00fcnftig die M\u00f6glichkeit bieten, das breite Kamera-Produktportfolio innerhalb des IPS-VideoManagers nutzen zu k\u00f6nnen.\u201c Auch Peter Guan, zust\u00e4ndig f\u00fcr den DACH-Markt bei Hikvision, freut sich auf gemeinsame Projekte: \u201eIPS ist [&hellip;]\" \/>\n<meta property=\"og:url\" content=\"https:\/\/news.save.ch\/fr\/technologiepartnerschaft-von-ips-und-hikvision\/\" \/>\n<meta property=\"og:site_name\" content=\"Save\" \/>\n<meta property=\"article:published_time\" content=\"2016-11-07T12:30:53+00:00\" \/>\n<meta property=\"og:image\" content=\"https:\/\/news.save.ch\/wp-content\/uploads\/2016\/12\/Technologiepartnerschaft-von-IPS-und-Hikvision_sicherheitsforum.jpg\" \/>\n\t<meta property=\"og:image:width\" content=\"707\" \/>\n\t<meta property=\"og:image:height\" content=\"527\" \/>\n\t<meta property=\"og:image:type\" content=\"image\/jpeg\" \/>\n<meta name=\"author\" content=\"admin\" \/>\n<meta name=\"twitter:card\" content=\"summary_large_image\" \/>\n<meta name=\"twitter:label1\" content=\"\u00c9crit par\" \/>\n\t<meta name=\"twitter:data1\" content=\"admin\" \/>\n\t<meta name=\"twitter:label2\" content=\"Dur\u00e9e de lecture estim\u00e9e\" \/>\n\t<meta name=\"twitter:data2\" content=\"1 minute\" \/>\n<script type=\"application\/ld+json\" class=\"yoast-schema-graph\">{\"@context\":\"https:\\\/\\\/schema.org\",\"@graph\":[{\"@type\":\"Article\",\"@id\":\"https:\\\/\\\/news.save.ch\\\/technologiepartnerschaft-von-ips-und-hikvision\\\/#article\",\"isPartOf\":{\"@id\":\"https:\\\/\\\/news.save.ch\\\/technologiepartnerschaft-von-ips-und-hikvision\\\/\"},\"author\":{\"name\":\"admin\",\"@id\":\"https:\\\/\\\/news.save.ch\\\/de\\\/#\\\/schema\\\/person\\\/d49e199490bad7c70d64b9ab51142f2b\"},\"headline\":\"Technologiepartnerschaft von IPS und Hikvision\",\"datePublished\":\"2016-11-07T12:30:53+00:00\",\"mainEntityOfPage\":{\"@id\":\"https:\\\/\\\/news.save.ch\\\/technologiepartnerschaft-von-ips-und-hikvision\\\/\"},\"wordCount\":162,\"commentCount\":0,\"publisher\":{\"@id\":\"https:\\\/\\\/news.save.ch\\\/de\\\/#organization\"},\"image\":{\"@id\":\"https:\\\/\\\/news.save.ch\\\/technologiepartnerschaft-von-ips-und-hikvision\\\/#primaryimage\"},\"thumbnailUrl\":\"https:\\\/\\\/news.save.ch\\\/wp-content\\\/uploads\\\/2016\\\/12\\\/Technologiepartnerschaft-von-IPS-und-Hikvision_sicherheitsforum.jpg\",\"keywords\":[\"Video\u00fcberwachung\"],\"articleSection\":[\"ALLGEMEIN\"],\"inLanguage\":\"fr-FR\"},{\"@type\":\"WebPage\",\"@id\":\"https:\\\/\\\/news.save.ch\\\/technologiepartnerschaft-von-ips-und-hikvision\\\/\",\"url\":\"https:\\\/\\\/news.save.ch\\\/technologiepartnerschaft-von-ips-und-hikvision\\\/\",\"name\":\"Technologiepartnerschaft von IPS und Hikvision - Save\",\"isPartOf\":{\"@id\":\"https:\\\/\\\/news.save.ch\\\/de\\\/#website\"},\"primaryImageOfPage\":{\"@id\":\"https:\\\/\\\/news.save.ch\\\/technologiepartnerschaft-von-ips-und-hikvision\\\/#primaryimage\"},\"image\":{\"@id\":\"https:\\\/\\\/news.save.ch\\\/technologiepartnerschaft-von-ips-und-hikvision\\\/#primaryimage\"},\"thumbnailUrl\":\"https:\\\/\\\/news.save.ch\\\/wp-content\\\/uploads\\\/2016\\\/12\\\/Technologiepartnerschaft-von-IPS-und-Hikvision_sicherheitsforum.jpg\",\"datePublished\":\"2016-11-07T12:30:53+00:00\",\"breadcrumb\":{\"@id\":\"https:\\\/\\\/news.save.ch\\\/technologiepartnerschaft-von-ips-und-hikvision\\\/#breadcrumb\"},\"inLanguage\":\"fr-FR\",\"potentialAction\":[{\"@type\":\"ReadAction\",\"target\":[\"https:\\\/\\\/news.save.ch\\\/technologiepartnerschaft-von-ips-und-hikvision\\\/\"]}]},{\"@type\":\"ImageObject\",\"inLanguage\":\"fr-FR\",\"@id\":\"https:\\\/\\\/news.save.ch\\\/technologiepartnerschaft-von-ips-und-hikvision\\\/#primaryimage\",\"url\":\"https:\\\/\\\/news.save.ch\\\/wp-content\\\/uploads\\\/2016\\\/12\\\/Technologiepartnerschaft-von-IPS-und-Hikvision_sicherheitsforum.jpg\",\"contentUrl\":\"https:\\\/\\\/news.save.ch\\\/wp-content\\\/uploads\\\/2016\\\/12\\\/Technologiepartnerschaft-von-IPS-und-Hikvision_sicherheitsforum.jpg\",\"width\":707,\"height\":527,\"caption\":\"\u00a9 IPS\"},{\"@type\":\"BreadcrumbList\",\"@id\":\"https:\\\/\\\/news.save.ch\\\/technologiepartnerschaft-von-ips-und-hikvision\\\/#breadcrumb\",\"itemListElement\":[{\"@type\":\"ListItem\",\"position\":1,\"name\":\"Home\",\"item\":\"https:\\\/\\\/news.save.ch\\\/de\\\/\"},{\"@type\":\"ListItem\",\"position\":2,\"name\":\"Technologiepartnerschaft von IPS und Hikvision\"}]},{\"@type\":\"WebSite\",\"@id\":\"https:\\\/\\\/news.save.ch\\\/de\\\/#website\",\"url\":\"https:\\\/\\\/news.save.ch\\\/de\\\/\",\"name\":\"Save\",\"description\":\"Schweizer Fachzeitschrift f\u00fcr Sicherheit\",\"publisher\":{\"@id\":\"https:\\\/\\\/news.save.ch\\\/de\\\/#organization\"},\"potentialAction\":[{\"@type\":\"SearchAction\",\"target\":{\"@type\":\"EntryPoint\",\"urlTemplate\":\"https:\\\/\\\/news.save.ch\\\/de\\\/?s={search_term_string}\"},\"query-input\":{\"@type\":\"PropertyValueSpecification\",\"valueRequired\":true,\"valueName\":\"search_term_string\"}}],\"inLanguage\":\"fr-FR\"},{\"@type\":\"Organization\",\"@id\":\"https:\\\/\\\/news.save.ch\\\/de\\\/#organization\",\"name\":\"Sicherheitsforum\",\"url\":\"https:\\\/\\\/news.save.ch\\\/de\\\/\",\"logo\":{\"@type\":\"ImageObject\",\"inLanguage\":\"fr-FR\",\"@id\":\"https:\\\/\\\/news.save.ch\\\/de\\\/#\\\/schema\\\/logo\\\/image\\\/\",\"url\":\"https:\\\/\\\/news.save.ch\\\/wp-content\\\/uploads\\\/2022\\\/06\\\/Logo_SF_2012.png\",\"contentUrl\":\"https:\\\/\\\/news.save.ch\\\/wp-content\\\/uploads\\\/2022\\\/06\\\/Logo_SF_2012.png\",\"width\":1100,\"height\":91,\"caption\":\"Sicherheitsforum\"},\"image\":{\"@id\":\"https:\\\/\\\/news.save.ch\\\/de\\\/#\\\/schema\\\/logo\\\/image\\\/\"}},{\"@type\":\"Person\",\"@id\":\"https:\\\/\\\/news.save.ch\\\/de\\\/#\\\/schema\\\/person\\\/d49e199490bad7c70d64b9ab51142f2b\",\"name\":\"admin\",\"image\":{\"@type\":\"ImageObject\",\"inLanguage\":\"fr-FR\",\"@id\":\"https:\\\/\\\/secure.gravatar.com\\\/avatar\\\/ae2f4d718e6c49043e314ce431e7e645d646302a24a5ef5a8bc8e3f5a032e319?s=96&d=mm&r=g\",\"url\":\"https:\\\/\\\/secure.gravatar.com\\\/avatar\\\/ae2f4d718e6c49043e314ce431e7e645d646302a24a5ef5a8bc8e3f5a032e319?s=96&d=mm&r=g\",\"contentUrl\":\"https:\\\/\\\/secure.gravatar.com\\\/avatar\\\/ae2f4d718e6c49043e314ce431e7e645d646302a24a5ef5a8bc8e3f5a032e319?s=96&d=mm&r=g\",\"caption\":\"admin\"},\"sameAs\":[\"https:\\\/\\\/develop.organisator.galledia.ch\"],\"url\":\"https:\\\/\\\/news.save.ch\\\/fr\\\/author\\\/admin\\\/\"}]}<\/script>\n<!-- \/ Yoast SEO plugin. -->","yoast_head_json":{"title":"Partenariat technologique entre IPS et Hikvision - Save","robots":{"index":"index","follow":"follow","max-snippet":"max-snippet:-1","max-image-preview":"max-image-preview:large","max-video-preview":"max-video-preview:-1"},"canonical":"https:\/\/news.save.ch\/fr\/technologiepartnerschaft-von-ips-und-hikvision\/","og_locale":"fr_FR","og_type":"article","og_title":"Technologiepartnerschaft von IPS und Hikvision - Save","og_description":"Peter Treutler von IPS spricht von einem wichtigen strategischen Schritt: \u201eMit Hikvision haben wir einen starken Technologie- und Integrationspartner gefunden. Zusammen werden wir Errichtern und Endkunden zuk\u00fcnftig die M\u00f6glichkeit bieten, das breite Kamera-Produktportfolio innerhalb des IPS-VideoManagers nutzen zu k\u00f6nnen.\u201c Auch Peter Guan, zust\u00e4ndig f\u00fcr den DACH-Markt bei Hikvision, freut sich auf gemeinsame Projekte: \u201eIPS ist [&hellip;]","og_url":"https:\/\/news.save.ch\/fr\/technologiepartnerschaft-von-ips-und-hikvision\/","og_site_name":"Save","article_published_time":"2016-11-07T12:30:53+00:00","og_image":[{"width":707,"height":527,"url":"https:\/\/news.save.ch\/wp-content\/uploads\/2016\/12\/Technologiepartnerschaft-von-IPS-und-Hikvision_sicherheitsforum.jpg","type":"image\/jpeg"}],"author":"admin","twitter_card":"summary_large_image","twitter_misc":{"\u00c9crit par":"admin","Dur\u00e9e de lecture estim\u00e9e":"1 minute"},"schema":{"@context":"https:\/\/schema.org","@graph":[{"@type":"Article","@id":"https:\/\/news.save.ch\/technologiepartnerschaft-von-ips-und-hikvision\/#article","isPartOf":{"@id":"https:\/\/news.save.ch\/technologiepartnerschaft-von-ips-und-hikvision\/"},"author":{"name":"admin","@id":"https:\/\/news.save.ch\/de\/#\/schema\/person\/d49e199490bad7c70d64b9ab51142f2b"},"headline":"Technologiepartnerschaft von IPS und Hikvision","datePublished":"2016-11-07T12:30:53+00:00","mainEntityOfPage":{"@id":"https:\/\/news.save.ch\/technologiepartnerschaft-von-ips-und-hikvision\/"},"wordCount":162,"commentCount":0,"publisher":{"@id":"https:\/\/news.save.ch\/de\/#organization"},"image":{"@id":"https:\/\/news.save.ch\/technologiepartnerschaft-von-ips-und-hikvision\/#primaryimage"},"thumbnailUrl":"https:\/\/news.save.ch\/wp-content\/uploads\/2016\/12\/Technologiepartnerschaft-von-IPS-und-Hikvision_sicherheitsforum.jpg","keywords":["Video\u00fcberwachung"],"articleSection":["ALLGEMEIN"],"inLanguage":"fr-FR"},{"@type":"WebPage","@id":"https:\/\/news.save.ch\/technologiepartnerschaft-von-ips-und-hikvision\/","url":"https:\/\/news.save.ch\/technologiepartnerschaft-von-ips-und-hikvision\/","name":"Partenariat technologique entre IPS et Hikvision - Save","isPartOf":{"@id":"https:\/\/news.save.ch\/de\/#website"},"primaryImageOfPage":{"@id":"https:\/\/news.save.ch\/technologiepartnerschaft-von-ips-und-hikvision\/#primaryimage"},"image":{"@id":"https:\/\/news.save.ch\/technologiepartnerschaft-von-ips-und-hikvision\/#primaryimage"},"thumbnailUrl":"https:\/\/news.save.ch\/wp-content\/uploads\/2016\/12\/Technologiepartnerschaft-von-IPS-und-Hikvision_sicherheitsforum.jpg","datePublished":"2016-11-07T12:30:53+00:00","breadcrumb":{"@id":"https:\/\/news.save.ch\/technologiepartnerschaft-von-ips-und-hikvision\/#breadcrumb"},"inLanguage":"fr-FR","potentialAction":[{"@type":"ReadAction","target":["https:\/\/news.save.ch\/technologiepartnerschaft-von-ips-und-hikvision\/"]}]},{"@type":"ImageObject","inLanguage":"fr-FR","@id":"https:\/\/news.save.ch\/technologiepartnerschaft-von-ips-und-hikvision\/#primaryimage","url":"https:\/\/news.save.ch\/wp-content\/uploads\/2016\/12\/Technologiepartnerschaft-von-IPS-und-Hikvision_sicherheitsforum.jpg","contentUrl":"https:\/\/news.save.ch\/wp-content\/uploads\/2016\/12\/Technologiepartnerschaft-von-IPS-und-Hikvision_sicherheitsforum.jpg","width":707,"height":527,"caption":"\u00a9 IPS"},{"@type":"BreadcrumbList","@id":"https:\/\/news.save.ch\/technologiepartnerschaft-von-ips-und-hikvision\/#breadcrumb","itemListElement":[{"@type":"ListItem","position":1,"name":"Home","item":"https:\/\/news.save.ch\/de\/"},{"@type":"ListItem","position":2,"name":"Technologiepartnerschaft von IPS und Hikvision"}]},{"@type":"WebSite","@id":"https:\/\/news.save.ch\/de\/#website","url":"https:\/\/news.save.ch\/de\/","name":"Save","description":"Revue suisse sp\u00e9cialis\u00e9e dans la s\u00e9curit\u00e9","publisher":{"@id":"https:\/\/news.save.ch\/de\/#organization"},"potentialAction":[{"@type":"SearchAction","target":{"@type":"EntryPoint","urlTemplate":"https:\/\/news.save.ch\/de\/?s={search_term_string}"},"query-input":{"@type":"PropertyValueSpecification","valueRequired":true,"valueName":"search_term_string"}}],"inLanguage":"fr-FR"},{"@type":"Organization","@id":"https:\/\/news.save.ch\/de\/#organization","name":"Forum sur la s\u00e9curit\u00e9","url":"https:\/\/news.save.ch\/de\/","logo":{"@type":"ImageObject","inLanguage":"fr-FR","@id":"https:\/\/news.save.ch\/de\/#\/schema\/logo\/image\/","url":"https:\/\/news.save.ch\/wp-content\/uploads\/2022\/06\/Logo_SF_2012.png","contentUrl":"https:\/\/news.save.ch\/wp-content\/uploads\/2022\/06\/Logo_SF_2012.png","width":1100,"height":91,"caption":"Sicherheitsforum"},"image":{"@id":"https:\/\/news.save.ch\/de\/#\/schema\/logo\/image\/"}},{"@type":"Person","@id":"https:\/\/news.save.ch\/de\/#\/schema\/person\/d49e199490bad7c70d64b9ab51142f2b","name":"admin","image":{"@type":"ImageObject","inLanguage":"fr-FR","@id":"https:\/\/secure.gravatar.com\/avatar\/ae2f4d718e6c49043e314ce431e7e645d646302a24a5ef5a8bc8e3f5a032e319?s=96&d=mm&r=g","url":"https:\/\/secure.gravatar.com\/avatar\/ae2f4d718e6c49043e314ce431e7e645d646302a24a5ef5a8bc8e3f5a032e319?s=96&d=mm&r=g","contentUrl":"https:\/\/secure.gravatar.com\/avatar\/ae2f4d718e6c49043e314ce431e7e645d646302a24a5ef5a8bc8e3f5a032e319?s=96&d=mm&r=g","caption":"admin"},"sameAs":["https:\/\/develop.organisator.galledia.ch"],"url":"https:\/\/news.save.ch\/fr\/author\/admin\/"}]}},"_links":{"self":[{"href":"https:\/\/news.save.ch\/fr\/wp-json\/wp\/v2\/posts\/14179","targetHints":{"allow":["GET"]}}],"collection":[{"href":"https:\/\/news.save.ch\/fr\/wp-json\/wp\/v2\/posts"}],"about":[{"href":"https:\/\/news.save.ch\/fr\/wp-json\/wp\/v2\/types\/post"}],"author":[{"embeddable":true,"href":"https:\/\/news.save.ch\/fr\/wp-json\/wp\/v2\/users\/1"}],"replies":[{"embeddable":true,"href":"https:\/\/news.save.ch\/fr\/wp-json\/wp\/v2\/comments?post=14179"}],"version-history":[{"count":0,"href":"https:\/\/news.save.ch\/fr\/wp-json\/wp\/v2\/posts\/14179\/revisions"}],"wp:featuredmedia":[{"embeddable":true,"href":"https:\/\/news.save.ch\/fr\/wp-json\/wp\/v2\/media\/13638"}],"wp:attachment":[{"href":"https:\/\/news.save.ch\/fr\/wp-json\/wp\/v2\/media?parent=14179"}],"wp:term":[{"taxonomy":"category","embeddable":true,"href":"https:\/\/news.save.ch\/fr\/wp-json\/wp\/v2\/categories?post=14179"},{"taxonomy":"post_tag","embeddable":true,"href":"https:\/\/news.save.ch\/fr\/wp-json\/wp\/v2\/tags?post=14179"}],"curies":[{"name":"wp","href":"https:\/\/api.w.org\/{rel}","templated":true}]}}