{"id":1418,"date":"2016-05-30T10:56:17","date_gmt":"2016-05-30T08:56:17","guid":{"rendered":"http:\/\/dev.safety-plus.ch\/?p=895"},"modified":"2023-03-14T09:01:09","modified_gmt":"2023-03-14T08:01:09","slug":"menschenwuerdige-arbeit-weltweit-ermoeglichen","status":null,"type":"post","link":"https:\/\/news.save.ch\/fr\/menschenwuerdige-arbeit-weltweit-ermoeglichen\/","title":{"rendered":"Rendre le travail d\u00e9cent possible dans le monde entier"},"content":{"rendered":"<figure id=\"attachment_896\" aria-describedby=\"caption-attachment-896\" style=\"width: 680px\" class=\"wp-caption alignnone\"><img loading=\"lazy\" decoding=\"async\" class=\"wp-image-896 size-medium\" src=\"http:\/\/develop.safety-plus.ch\/wp-content\/uploads\/2016\/12\/Menschenwuerdige-Arbeit-weltweit-ermoeglichen_safety-plus.jpg\" width=\"680\" height=\"472\" \/><figcaption id=\"caption-attachment-896\" class=\"wp-caption-text\">La Suisse finance des projets de l'OIT qui garantissent des conditions de travail dignes aux migrants dans les pays en d\u00e9veloppement et \u00e9mergents.<\/figcaption><\/figure>\n<p>Le pr\u00e9sident de la Conf\u00e9d\u00e9ration, Johann N. Schneider-Ammann, a sign\u00e9 avec Guy Ryder, directeur g\u00e9n\u00e9ral de l'OIT, un accord visant \u00e0 renforcer la coop\u00e9ration au d\u00e9veloppement entre la Suisse et l'OIT. Dans son discours en s\u00e9ance pl\u00e9ni\u00e8re de la CIT, le pr\u00e9sident de la Conf\u00e9d\u00e9ration a appel\u00e9 les acteurs tripartites de l'OIT (gouvernements ; employeurs ; travailleurs) \u00e0 relever les d\u00e9fis du monde du travail de demain et \u00e0 s'engager pour mettre en place des conditions cadres favorisant la cr\u00e9ation d'emplois d\u00e9cents.<\/p>\n<p>L'accord sign\u00e9 avec l'OIT renforce l'engagement de la Suisse dans la lutte contre la pauvret\u00e9 et dans la promotion du travail d\u00e9cent au service de la paix et du partenariat social. La Suisse finance des projets de l'OIT qui favorisent notamment la productivit\u00e9 \u00e9conomique et garantissent des conditions de travail dignes aux migrants dans les pays en d\u00e9veloppement et \u00e9mergents.<\/p>\n<p>L'accord permet de soutenir les petites et moyennes entreprises durables et de les pr\u00e9parer en profondeur \u00e0 la concurrence internationale. Il vise \u00e9galement \u00e0 promouvoir activement les programmes de l'OIT relatifs \u00e0 la migration de la main-d'\u0153uvre et au recrutement \u00e9quitable, ainsi qu'\u00e0 encourager la contribution des travailleurs migrants au d\u00e9veloppement durable. Par ce nouvel engagement, la Suisse entend contribuer \u00e0 la r\u00e9alisation de l'Agenda 2030 pour le d\u00e9veloppement durable.<\/p>","protected":false},"excerpt":{"rendered":"<p>Bundespr\u00e4sident Johann N. Schneider-Ammann,\u00a0hat mit Guy Ryder, dem Generaldirektor der IAO, eine Vereinbarung unterzeichnet, welche eine verst\u00e4rkte Entwicklungszusammenarbeit zwischen der Schweiz und der IAO anstrebt. In seiner Rede im Plenum der IAK hat der Bundespr\u00e4sident die tripartiten Akteure der IAO (Regierungen ; Arbeitgeber ; Arbeitnehmer) dazu aufgerufen, sich den Herausforderungen der Arbeitswelt der Zukunft zu [&hellip;]<\/p>\n","protected":false},"author":1,"featured_media":16105,"comment_status":"open","ping_status":"open","sticky":false,"template":"","format":"standard","meta":{"_acf_changed":false,"pgc_sgb_lightbox_settings":"","footnotes":""},"categories":[1,3314],"tags":[172,168],"class_list":["post-1418","post","type-post","status-publish","format-standard","has-post-thumbnail","hentry","category-allgemein","category-health-safety","tag-arbeitssicherheit","tag-bundesrat"],"acf":[],"hkrextid":null,"publication":null,"issue":null,"workflow":null,"startPage":null,"spitzmarke":null,"_posts_by_tag_page_fields":{"widget_title":"","widget_tags":""},"_at_widget":"1","_yoast_wpseo_primary_category":"5","_yoast_wpseo_focuskw_text_input":"Menschenw\u00fcrdige Arbeit","_yoast_wpseo_opengraph-image":null,"_yoast_wpseo_opengraph-description":null,"_yoast_wpseo_opengraph-title":null,"enclosure":null,"_yoast_wpseo_twitter-title":null,"_yoast_wpseo_twitter-description":null,"_yoast_wpseo_twitter-image":null,"_wp_old_slug":null,"_yoast_wpseo_title":null,"_yoast_wpseo_canonical":null,"yoast_head":"<!-- This site is optimized with the Yoast SEO plugin v27.5 - https:\/\/yoast.com\/product\/yoast-seo-wordpress\/ -->\n<title>Menschenw\u00fcrdige Arbeit weltweit erm\u00f6glichen - Save<\/title>\n<meta name=\"description\" content=\"Menschenw\u00fcrdige Arbeit: Der Bund verst\u00e4rkt das Engagement der Schweiz an der internationalen Arbeitsorganisation ILO.\" \/>\n<meta name=\"robots\" content=\"index, follow, max-snippet:-1, max-image-preview:large, max-video-preview:-1\" \/>\n<link rel=\"canonical\" href=\"https:\/\/news.save.ch\/fr\/menschenwuerdige-arbeit-weltweit-ermoeglichen\/\" \/>\n<meta property=\"og:locale\" content=\"fr_FR\" \/>\n<meta property=\"og:type\" content=\"article\" \/>\n<meta property=\"og:title\" content=\"Menschenw\u00fcrdige Arbeit weltweit erm\u00f6glichen - Save\" \/>\n<meta property=\"og:description\" content=\"Menschenw\u00fcrdige Arbeit: Der Bund verst\u00e4rkt das Engagement der Schweiz an der internationalen Arbeitsorganisation ILO.\" \/>\n<meta property=\"og:url\" content=\"https:\/\/news.save.ch\/fr\/menschenwuerdige-arbeit-weltweit-ermoeglichen\/\" \/>\n<meta property=\"og:site_name\" content=\"Save\" \/>\n<meta property=\"article:published_time\" content=\"2016-05-30T08:56:17+00:00\" \/>\n<meta property=\"article:modified_time\" content=\"2023-03-14T08:01:09+00:00\" \/>\n<meta property=\"og:image\" content=\"https:\/\/news.save.ch\/wp-content\/uploads\/2016\/12\/Menschenwuerdige-Arbeit-weltweit-ermoeglichen_safety-plus.jpg\" \/>\n\t<meta property=\"og:image:width\" content=\"1000\" \/>\n\t<meta property=\"og:image:height\" content=\"694\" \/>\n\t<meta property=\"og:image:type\" content=\"image\/jpeg\" \/>\n<meta name=\"author\" content=\"admin\" \/>\n<meta name=\"twitter:card\" content=\"summary_large_image\" \/>\n<meta name=\"twitter:label1\" content=\"\u00c9crit par\" \/>\n\t<meta name=\"twitter:data1\" content=\"admin\" \/>\n\t<meta name=\"twitter:label2\" content=\"Dur\u00e9e de lecture estim\u00e9e\" \/>\n\t<meta name=\"twitter:data2\" content=\"1 minute\" \/>\n<script type=\"application\/ld+json\" class=\"yoast-schema-graph\">{\"@context\":\"https:\\\/\\\/schema.org\",\"@graph\":[{\"@type\":\"Article\",\"@id\":\"https:\\\/\\\/news.save.ch\\\/menschenwuerdige-arbeit-weltweit-ermoeglichen\\\/#article\",\"isPartOf\":{\"@id\":\"https:\\\/\\\/news.save.ch\\\/menschenwuerdige-arbeit-weltweit-ermoeglichen\\\/\"},\"author\":{\"name\":\"admin\",\"@id\":\"https:\\\/\\\/news.save.ch\\\/de\\\/#\\\/schema\\\/person\\\/d49e199490bad7c70d64b9ab51142f2b\"},\"headline\":\"Menschenw\u00fcrdige Arbeit weltweit erm\u00f6glichen\",\"datePublished\":\"2016-05-30T08:56:17+00:00\",\"dateModified\":\"2023-03-14T08:01:09+00:00\",\"mainEntityOfPage\":{\"@id\":\"https:\\\/\\\/news.save.ch\\\/menschenwuerdige-arbeit-weltweit-ermoeglichen\\\/\"},\"wordCount\":239,\"commentCount\":0,\"publisher\":{\"@id\":\"https:\\\/\\\/news.save.ch\\\/de\\\/#organization\"},\"image\":{\"@id\":\"https:\\\/\\\/news.save.ch\\\/menschenwuerdige-arbeit-weltweit-ermoeglichen\\\/#primaryimage\"},\"thumbnailUrl\":\"https:\\\/\\\/news.save.ch\\\/wp-content\\\/uploads\\\/2016\\\/12\\\/Menschenwuerdige-Arbeit-weltweit-ermoeglichen_safety-plus.jpg\",\"keywords\":[\"Arbeitssicherheit\",\"Bundesrat\"],\"articleSection\":[\"ALLGEMEIN\",\"HEALTH &amp; SAFETY\"],\"inLanguage\":\"fr-FR\"},{\"@type\":\"WebPage\",\"@id\":\"https:\\\/\\\/news.save.ch\\\/menschenwuerdige-arbeit-weltweit-ermoeglichen\\\/\",\"url\":\"https:\\\/\\\/news.save.ch\\\/menschenwuerdige-arbeit-weltweit-ermoeglichen\\\/\",\"name\":\"Menschenw\u00fcrdige Arbeit weltweit erm\u00f6glichen - Save\",\"isPartOf\":{\"@id\":\"https:\\\/\\\/news.save.ch\\\/de\\\/#website\"},\"primaryImageOfPage\":{\"@id\":\"https:\\\/\\\/news.save.ch\\\/menschenwuerdige-arbeit-weltweit-ermoeglichen\\\/#primaryimage\"},\"image\":{\"@id\":\"https:\\\/\\\/news.save.ch\\\/menschenwuerdige-arbeit-weltweit-ermoeglichen\\\/#primaryimage\"},\"thumbnailUrl\":\"https:\\\/\\\/news.save.ch\\\/wp-content\\\/uploads\\\/2016\\\/12\\\/Menschenwuerdige-Arbeit-weltweit-ermoeglichen_safety-plus.jpg\",\"datePublished\":\"2016-05-30T08:56:17+00:00\",\"dateModified\":\"2023-03-14T08:01:09+00:00\",\"description\":\"Menschenw\u00fcrdige Arbeit: Der Bund verst\u00e4rkt das Engagement der Schweiz an der internationalen Arbeitsorganisation ILO.\",\"breadcrumb\":{\"@id\":\"https:\\\/\\\/news.save.ch\\\/menschenwuerdige-arbeit-weltweit-ermoeglichen\\\/#breadcrumb\"},\"inLanguage\":\"fr-FR\",\"potentialAction\":[{\"@type\":\"ReadAction\",\"target\":[\"https:\\\/\\\/news.save.ch\\\/menschenwuerdige-arbeit-weltweit-ermoeglichen\\\/\"]}]},{\"@type\":\"ImageObject\",\"inLanguage\":\"fr-FR\",\"@id\":\"https:\\\/\\\/news.save.ch\\\/menschenwuerdige-arbeit-weltweit-ermoeglichen\\\/#primaryimage\",\"url\":\"https:\\\/\\\/news.save.ch\\\/wp-content\\\/uploads\\\/2016\\\/12\\\/Menschenwuerdige-Arbeit-weltweit-ermoeglichen_safety-plus.jpg\",\"contentUrl\":\"https:\\\/\\\/news.save.ch\\\/wp-content\\\/uploads\\\/2016\\\/12\\\/Menschenwuerdige-Arbeit-weltweit-ermoeglichen_safety-plus.jpg\",\"width\":1000,\"height\":694,\"caption\":\"Die Schweiz finanziert Projekte der IAO, die Migrantinnen und Migranten in Entwicklungs- und Schwellenl\u00e4ndern w\u00fcrdige Arbeitsbedingungen gew\u00e4hrleisten.\"},{\"@type\":\"BreadcrumbList\",\"@id\":\"https:\\\/\\\/news.save.ch\\\/menschenwuerdige-arbeit-weltweit-ermoeglichen\\\/#breadcrumb\",\"itemListElement\":[{\"@type\":\"ListItem\",\"position\":1,\"name\":\"Home\",\"item\":\"https:\\\/\\\/news.save.ch\\\/de\\\/\"},{\"@type\":\"ListItem\",\"position\":2,\"name\":\"Menschenw\u00fcrdige Arbeit weltweit erm\u00f6glichen\"}]},{\"@type\":\"WebSite\",\"@id\":\"https:\\\/\\\/news.save.ch\\\/de\\\/#website\",\"url\":\"https:\\\/\\\/news.save.ch\\\/de\\\/\",\"name\":\"Save\",\"description\":\"Schweizer Fachzeitschrift f\u00fcr Sicherheit\",\"publisher\":{\"@id\":\"https:\\\/\\\/news.save.ch\\\/de\\\/#organization\"},\"potentialAction\":[{\"@type\":\"SearchAction\",\"target\":{\"@type\":\"EntryPoint\",\"urlTemplate\":\"https:\\\/\\\/news.save.ch\\\/de\\\/?s={search_term_string}\"},\"query-input\":{\"@type\":\"PropertyValueSpecification\",\"valueRequired\":true,\"valueName\":\"search_term_string\"}}],\"inLanguage\":\"fr-FR\"},{\"@type\":\"Organization\",\"@id\":\"https:\\\/\\\/news.save.ch\\\/de\\\/#organization\",\"name\":\"Sicherheitsforum\",\"url\":\"https:\\\/\\\/news.save.ch\\\/de\\\/\",\"logo\":{\"@type\":\"ImageObject\",\"inLanguage\":\"fr-FR\",\"@id\":\"https:\\\/\\\/news.save.ch\\\/de\\\/#\\\/schema\\\/logo\\\/image\\\/\",\"url\":\"https:\\\/\\\/news.save.ch\\\/wp-content\\\/uploads\\\/2022\\\/06\\\/Logo_SF_2012.png\",\"contentUrl\":\"https:\\\/\\\/news.save.ch\\\/wp-content\\\/uploads\\\/2022\\\/06\\\/Logo_SF_2012.png\",\"width\":1100,\"height\":91,\"caption\":\"Sicherheitsforum\"},\"image\":{\"@id\":\"https:\\\/\\\/news.save.ch\\\/de\\\/#\\\/schema\\\/logo\\\/image\\\/\"}},{\"@type\":\"Person\",\"@id\":\"https:\\\/\\\/news.save.ch\\\/de\\\/#\\\/schema\\\/person\\\/d49e199490bad7c70d64b9ab51142f2b\",\"name\":\"admin\",\"image\":{\"@type\":\"ImageObject\",\"inLanguage\":\"fr-FR\",\"@id\":\"https:\\\/\\\/secure.gravatar.com\\\/avatar\\\/ae2f4d718e6c49043e314ce431e7e645d646302a24a5ef5a8bc8e3f5a032e319?s=96&d=mm&r=g\",\"url\":\"https:\\\/\\\/secure.gravatar.com\\\/avatar\\\/ae2f4d718e6c49043e314ce431e7e645d646302a24a5ef5a8bc8e3f5a032e319?s=96&d=mm&r=g\",\"contentUrl\":\"https:\\\/\\\/secure.gravatar.com\\\/avatar\\\/ae2f4d718e6c49043e314ce431e7e645d646302a24a5ef5a8bc8e3f5a032e319?s=96&d=mm&r=g\",\"caption\":\"admin\"},\"sameAs\":[\"https:\\\/\\\/develop.organisator.galledia.ch\"],\"url\":\"https:\\\/\\\/news.save.ch\\\/fr\\\/author\\\/admin\\\/\"}]}<\/script>\n<!-- \/ Yoast SEO plugin. -->","yoast_head_json":{"title":"Rendre le travail d\u00e9cent possible dans le monde entier - Save","description":"Travail d\u00e9cent : La Conf\u00e9d\u00e9ration renforce l'engagement de la Suisse aupr\u00e8s de l'Organisation internationale du travail (OIT).","robots":{"index":"index","follow":"follow","max-snippet":"max-snippet:-1","max-image-preview":"max-image-preview:large","max-video-preview":"max-video-preview:-1"},"canonical":"https:\/\/news.save.ch\/fr\/menschenwuerdige-arbeit-weltweit-ermoeglichen\/","og_locale":"fr_FR","og_type":"article","og_title":"Menschenw\u00fcrdige Arbeit weltweit erm\u00f6glichen - Save","og_description":"Menschenw\u00fcrdige Arbeit: Der Bund verst\u00e4rkt das Engagement der Schweiz an der internationalen Arbeitsorganisation ILO.","og_url":"https:\/\/news.save.ch\/fr\/menschenwuerdige-arbeit-weltweit-ermoeglichen\/","og_site_name":"Save","article_published_time":"2016-05-30T08:56:17+00:00","article_modified_time":"2023-03-14T08:01:09+00:00","og_image":[{"width":1000,"height":694,"url":"https:\/\/news.save.ch\/wp-content\/uploads\/2016\/12\/Menschenwuerdige-Arbeit-weltweit-ermoeglichen_safety-plus.jpg","type":"image\/jpeg"}],"author":"admin","twitter_card":"summary_large_image","twitter_misc":{"\u00c9crit par":"admin","Dur\u00e9e de lecture estim\u00e9e":"1 minute"},"schema":{"@context":"https:\/\/schema.org","@graph":[{"@type":"Article","@id":"https:\/\/news.save.ch\/menschenwuerdige-arbeit-weltweit-ermoeglichen\/#article","isPartOf":{"@id":"https:\/\/news.save.ch\/menschenwuerdige-arbeit-weltweit-ermoeglichen\/"},"author":{"name":"admin","@id":"https:\/\/news.save.ch\/de\/#\/schema\/person\/d49e199490bad7c70d64b9ab51142f2b"},"headline":"Menschenw\u00fcrdige Arbeit weltweit erm\u00f6glichen","datePublished":"2016-05-30T08:56:17+00:00","dateModified":"2023-03-14T08:01:09+00:00","mainEntityOfPage":{"@id":"https:\/\/news.save.ch\/menschenwuerdige-arbeit-weltweit-ermoeglichen\/"},"wordCount":239,"commentCount":0,"publisher":{"@id":"https:\/\/news.save.ch\/de\/#organization"},"image":{"@id":"https:\/\/news.save.ch\/menschenwuerdige-arbeit-weltweit-ermoeglichen\/#primaryimage"},"thumbnailUrl":"https:\/\/news.save.ch\/wp-content\/uploads\/2016\/12\/Menschenwuerdige-Arbeit-weltweit-ermoeglichen_safety-plus.jpg","keywords":["Arbeitssicherheit","Bundesrat"],"articleSection":["ALLGEMEIN","HEALTH &amp; SAFETY"],"inLanguage":"fr-FR"},{"@type":"WebPage","@id":"https:\/\/news.save.ch\/menschenwuerdige-arbeit-weltweit-ermoeglichen\/","url":"https:\/\/news.save.ch\/menschenwuerdige-arbeit-weltweit-ermoeglichen\/","name":"Rendre le travail d\u00e9cent possible dans le monde entier - Save","isPartOf":{"@id":"https:\/\/news.save.ch\/de\/#website"},"primaryImageOfPage":{"@id":"https:\/\/news.save.ch\/menschenwuerdige-arbeit-weltweit-ermoeglichen\/#primaryimage"},"image":{"@id":"https:\/\/news.save.ch\/menschenwuerdige-arbeit-weltweit-ermoeglichen\/#primaryimage"},"thumbnailUrl":"https:\/\/news.save.ch\/wp-content\/uploads\/2016\/12\/Menschenwuerdige-Arbeit-weltweit-ermoeglichen_safety-plus.jpg","datePublished":"2016-05-30T08:56:17+00:00","dateModified":"2023-03-14T08:01:09+00:00","description":"Travail d\u00e9cent : La Conf\u00e9d\u00e9ration renforce l'engagement de la Suisse aupr\u00e8s de l'Organisation internationale du travail (OIT).","breadcrumb":{"@id":"https:\/\/news.save.ch\/menschenwuerdige-arbeit-weltweit-ermoeglichen\/#breadcrumb"},"inLanguage":"fr-FR","potentialAction":[{"@type":"ReadAction","target":["https:\/\/news.save.ch\/menschenwuerdige-arbeit-weltweit-ermoeglichen\/"]}]},{"@type":"ImageObject","inLanguage":"fr-FR","@id":"https:\/\/news.save.ch\/menschenwuerdige-arbeit-weltweit-ermoeglichen\/#primaryimage","url":"https:\/\/news.save.ch\/wp-content\/uploads\/2016\/12\/Menschenwuerdige-Arbeit-weltweit-ermoeglichen_safety-plus.jpg","contentUrl":"https:\/\/news.save.ch\/wp-content\/uploads\/2016\/12\/Menschenwuerdige-Arbeit-weltweit-ermoeglichen_safety-plus.jpg","width":1000,"height":694,"caption":"Die Schweiz finanziert Projekte der IAO, die Migrantinnen und Migranten in Entwicklungs- und Schwellenl\u00e4ndern w\u00fcrdige Arbeitsbedingungen gew\u00e4hrleisten."},{"@type":"BreadcrumbList","@id":"https:\/\/news.save.ch\/menschenwuerdige-arbeit-weltweit-ermoeglichen\/#breadcrumb","itemListElement":[{"@type":"ListItem","position":1,"name":"Home","item":"https:\/\/news.save.ch\/de\/"},{"@type":"ListItem","position":2,"name":"Menschenw\u00fcrdige Arbeit weltweit erm\u00f6glichen"}]},{"@type":"WebSite","@id":"https:\/\/news.save.ch\/de\/#website","url":"https:\/\/news.save.ch\/de\/","name":"Save","description":"Revue suisse sp\u00e9cialis\u00e9e dans la s\u00e9curit\u00e9","publisher":{"@id":"https:\/\/news.save.ch\/de\/#organization"},"potentialAction":[{"@type":"SearchAction","target":{"@type":"EntryPoint","urlTemplate":"https:\/\/news.save.ch\/de\/?s={search_term_string}"},"query-input":{"@type":"PropertyValueSpecification","valueRequired":true,"valueName":"search_term_string"}}],"inLanguage":"fr-FR"},{"@type":"Organization","@id":"https:\/\/news.save.ch\/de\/#organization","name":"Forum sur la s\u00e9curit\u00e9","url":"https:\/\/news.save.ch\/de\/","logo":{"@type":"ImageObject","inLanguage":"fr-FR","@id":"https:\/\/news.save.ch\/de\/#\/schema\/logo\/image\/","url":"https:\/\/news.save.ch\/wp-content\/uploads\/2022\/06\/Logo_SF_2012.png","contentUrl":"https:\/\/news.save.ch\/wp-content\/uploads\/2022\/06\/Logo_SF_2012.png","width":1100,"height":91,"caption":"Sicherheitsforum"},"image":{"@id":"https:\/\/news.save.ch\/de\/#\/schema\/logo\/image\/"}},{"@type":"Person","@id":"https:\/\/news.save.ch\/de\/#\/schema\/person\/d49e199490bad7c70d64b9ab51142f2b","name":"admin","image":{"@type":"ImageObject","inLanguage":"fr-FR","@id":"https:\/\/secure.gravatar.com\/avatar\/ae2f4d718e6c49043e314ce431e7e645d646302a24a5ef5a8bc8e3f5a032e319?s=96&d=mm&r=g","url":"https:\/\/secure.gravatar.com\/avatar\/ae2f4d718e6c49043e314ce431e7e645d646302a24a5ef5a8bc8e3f5a032e319?s=96&d=mm&r=g","contentUrl":"https:\/\/secure.gravatar.com\/avatar\/ae2f4d718e6c49043e314ce431e7e645d646302a24a5ef5a8bc8e3f5a032e319?s=96&d=mm&r=g","caption":"admin"},"sameAs":["https:\/\/develop.organisator.galledia.ch"],"url":"https:\/\/news.save.ch\/fr\/author\/admin\/"}]}},"_links":{"self":[{"href":"https:\/\/news.save.ch\/fr\/wp-json\/wp\/v2\/posts\/1418","targetHints":{"allow":["GET"]}}],"collection":[{"href":"https:\/\/news.save.ch\/fr\/wp-json\/wp\/v2\/posts"}],"about":[{"href":"https:\/\/news.save.ch\/fr\/wp-json\/wp\/v2\/types\/post"}],"author":[{"embeddable":true,"href":"https:\/\/news.save.ch\/fr\/wp-json\/wp\/v2\/users\/1"}],"replies":[{"embeddable":true,"href":"https:\/\/news.save.ch\/fr\/wp-json\/wp\/v2\/comments?post=1418"}],"version-history":[{"count":1,"href":"https:\/\/news.save.ch\/fr\/wp-json\/wp\/v2\/posts\/1418\/revisions"}],"predecessor-version":[{"id":18368,"href":"https:\/\/news.save.ch\/fr\/wp-json\/wp\/v2\/posts\/1418\/revisions\/18368"}],"wp:featuredmedia":[{"embeddable":true,"href":"https:\/\/news.save.ch\/fr\/wp-json\/wp\/v2\/media\/16105"}],"wp:attachment":[{"href":"https:\/\/news.save.ch\/fr\/wp-json\/wp\/v2\/media?parent=1418"}],"wp:term":[{"taxonomy":"category","embeddable":true,"href":"https:\/\/news.save.ch\/fr\/wp-json\/wp\/v2\/categories?post=1418"},{"taxonomy":"post_tag","embeddable":true,"href":"https:\/\/news.save.ch\/fr\/wp-json\/wp\/v2\/tags?post=1418"}],"curies":[{"name":"wp","href":"https:\/\/api.w.org\/{rel}","templated":true}]}}