{"id":14184,"date":"2015-12-10T13:38:19","date_gmt":"2015-12-10T12:38:19","guid":{"rendered":"https:\/\/dev.sicherheitsforum.ch\/?p=923"},"modified":"2023-03-14T08:57:28","modified_gmt":"2023-03-14T07:57:28","slug":"abraxas-uebernimmt-epsilon-und-infover","status":null,"type":"post","link":"https:\/\/news.save.ch\/fr\/abraxas-uebernimmt-epsilon-und-infover\/","title":{"rendered":"Abraxas rach\u00e8te Epsilon et Infover"},"content":{"rendered":"<figure id=\"attachment_925\" aria-describedby=\"caption-attachment-925\" style=\"width: 680px\" class=\"wp-caption alignnone\"><img loading=\"lazy\" decoding=\"async\" class=\"wp-image-925 size-medium\" src=\"https:\/\/news.save.ch\/wp-content\/uploads\/2016\/12\/Abraxas-\u00fcbernimmt-Epsilon-und-Infover-it-security.jpg\" width=\"680\" height=\"695\" \/><figcaption id=\"caption-attachment-925\" class=\"wp-caption-text\">Le pr\u00e9sident du conseil d'administration d'Abraxas, Paul Glutz, est ma\u00eetre de deux entreprises suppl\u00e9mentaires.<\/figcaption><\/figure>\n<p>Les deux de <a href=\"https:\/\/www.abraxas.ch\" target=\"_blank\" data-cke-saved-href=\"https:\/\/www.abraxas.ch\" rel=\"noopener\">Abraxas <\/a>sont principalement actives dans le domaine des administrations publiques. Elles compl\u00e8tent le portefeuille, notamment dans les domaines de la police, de la circulation routi\u00e8re, des organes de justice et de la fiscalit\u00e9, comme le souligne Abraxas. Les parties ont convenu de ne pas divulguer le prix d'achat.<\/p>\n<p>\"La reprise d'Epsilon Software Assistance SA et d'Infover AG s'inscrit dans la droite ligne de notre strat\u00e9gie d'entreprise\", explique Paul Glutz, pr\u00e9sident du conseil d'administration d'Abraxas. L'entreprise se concentre sur le march\u00e9 informatique du secteur public et vise une croissance durable dans ce domaine.<\/p>\n<p>Abraxas, Epsilon et Infover collaborent depuis de nombreuses ann\u00e9es d\u00e9j\u00e0. Epsilon et Infover ont d\u00e9velopp\u00e9 ensemble la solution Averdris pour les services des automobiles et entretiennent un partenariat strat\u00e9gique. Abraxas a d\u00e9j\u00e0 mis en \u0153uvre des projets clients avec les deux entreprises.<\/p>\n<p><strong>Entreprises g\u00e9r\u00e9es par leurs propri\u00e9taires<\/strong><\/p>\n<p>Epsilon et Infover sont des entreprises dirig\u00e9es par leurs propri\u00e9taires, actives avec succ\u00e8s depuis 1982 et 1994 respectivement. Les propri\u00e9taires actuels, Jean-Marc Fritsch (Epsilon) et Lukas B\u00e4nninger (Infover), sont convaincus d'avoir trouv\u00e9, avec la reprise par Abraxas, le r\u00e8glement de succession optimal pour leurs soci\u00e9t\u00e9s. Fritsch et B\u00e4nninger accompagneront l'int\u00e9gration des entreprises, est-il pr\u00e9cis\u00e9. Les quelque 30 et 23 collaborateurs des sites de M\u00fcnchenstein (Epsilon) et de Wil (Infover) seraient repris par Abraxas.<\/p>\n<p>Avec cette acquisition, nous reprenons \u00e9galement toutes les obligations contractuelles d'Epsilon et d'Infover, conclut Abraxas.<\/p>","protected":false},"excerpt":{"rendered":"<p>Die zwei von Abraxas einverleibten Unternehmen sind haupts\u00e4chlich im Umfeld \u00f6ffentlicher Verwaltungen t\u00e4tig. Sie erg\u00e4nzen das Portfolio insbesondere in den Bereichen Polizei, Strassenverkehr, Organe der Rechtspflege und Steuerwesen, wie Abraxas betont. \u00dcber den Kaufpreis wurde Stillschweigen vereinbart. &#8222;Die \u00dcbernahme der Epsilon Software Assistance SA und der Infover AG folgt konsequent unserer Unternehmensstrategie&#8220;, erl\u00e4utert Paul Glutz, [&hellip;]<\/p>\n","protected":false},"author":1,"featured_media":13651,"comment_status":"open","ping_status":"open","sticky":false,"template":"","format":"standard","meta":{"_acf_changed":false,"pgc_sgb_lightbox_settings":"","footnotes":""},"categories":[3313],"tags":[63,65],"class_list":["post-14184","post","type-post","status-publish","format-standard","has-post-thumbnail","hentry","category-digitalisierung","tag-it-security","tag-unternehmen"],"acf":[],"hkrextid":null,"publication":null,"issue":null,"workflow":null,"startPage":null,"spitzmarke":null,"_posts_by_tag_page_fields":{"widget_title":"","widget_tags":""},"_at_widget":"1","_yoast_wpseo_primary_category":"2","_yoast_wpseo_focuskw_text_input":"Abraxas \u00fcbernimmt Epsilon und Infover","_yoast_wpseo_opengraph-image":"https:\/\/news.save.ch\/wp-content\/uploads\/2016\/12\/Abraxas-\u00fcbernimmt-Epsilon-und-Infover-it-security.jpg","_yoast_wpseo_opengraph-description":"Per 1. Januar 2016 \u00fcbernimmt die Abraxas Informatik AG die beiden Software-Hersteller Infover AG und Epsilon Software Assistance SA.","_yoast_wpseo_opengraph-title":"Abraxas \u00fcbernimmt Epsilon und Infover","enclosure":null,"_yoast_wpseo_twitter-title":null,"_yoast_wpseo_twitter-description":null,"_yoast_wpseo_twitter-image":null,"_wp_old_slug":null,"_yoast_wpseo_title":null,"_yoast_wpseo_canonical":null,"yoast_head":"<!-- This site is optimized with the Yoast SEO plugin v27.5 - https:\/\/yoast.com\/product\/yoast-seo-wordpress\/ -->\n<title>Abraxas \u00fcbernimmt Epsilon und Infover - Save<\/title>\n<meta name=\"description\" content=\"Per 1. Januar 2016 \u00fcbernimmt die Abraxas Informatik AG die beiden Software-Hersteller Infover AG und Epsilon Software Assistance SA.\" \/>\n<meta name=\"robots\" content=\"index, follow, max-snippet:-1, max-image-preview:large, max-video-preview:-1\" \/>\n<link rel=\"canonical\" href=\"https:\/\/news.save.ch\/fr\/abraxas-uebernimmt-epsilon-und-infover\/\" \/>\n<meta property=\"og:locale\" content=\"fr_FR\" \/>\n<meta property=\"og:type\" content=\"article\" \/>\n<meta property=\"og:title\" content=\"Abraxas \u00fcbernimmt Epsilon und Infover\" \/>\n<meta property=\"og:description\" content=\"Per 1. Januar 2016 \u00fcbernimmt die Abraxas Informatik AG die beiden Software-Hersteller Infover AG und Epsilon Software Assistance SA.\" \/>\n<meta property=\"og:url\" content=\"https:\/\/news.save.ch\/fr\/abraxas-uebernimmt-epsilon-und-infover\/\" \/>\n<meta property=\"og:site_name\" content=\"Save\" \/>\n<meta property=\"article:published_time\" content=\"2015-12-10T12:38:19+00:00\" \/>\n<meta property=\"article:modified_time\" content=\"2023-03-14T07:57:28+00:00\" \/>\n<meta property=\"og:image\" content=\"https:\/\/news.save.ch\/wp-content\/uploads\/2016\/12\/Abraxas-\u00fcbernimmt-Epsilon-und-Infover-it-security.jpg\" \/>\n<meta name=\"author\" content=\"admin\" \/>\n<meta name=\"twitter:card\" content=\"summary_large_image\" \/>\n<meta name=\"twitter:label1\" content=\"\u00c9crit par\" \/>\n\t<meta name=\"twitter:data1\" content=\"admin\" \/>\n\t<meta name=\"twitter:label2\" content=\"Dur\u00e9e de lecture estim\u00e9e\" \/>\n\t<meta name=\"twitter:data2\" content=\"1 minute\" \/>\n<script type=\"application\/ld+json\" class=\"yoast-schema-graph\">{\"@context\":\"https:\\\/\\\/schema.org\",\"@graph\":[{\"@type\":\"Article\",\"@id\":\"https:\\\/\\\/news.save.ch\\\/abraxas-uebernimmt-epsilon-und-infover\\\/#article\",\"isPartOf\":{\"@id\":\"https:\\\/\\\/news.save.ch\\\/abraxas-uebernimmt-epsilon-und-infover\\\/\"},\"author\":{\"name\":\"admin\",\"@id\":\"https:\\\/\\\/news.save.ch\\\/de\\\/#\\\/schema\\\/person\\\/d49e199490bad7c70d64b9ab51142f2b\"},\"headline\":\"Abraxas \u00fcbernimmt Epsilon und Infover\",\"datePublished\":\"2015-12-10T12:38:19+00:00\",\"dateModified\":\"2023-03-14T07:57:28+00:00\",\"mainEntityOfPage\":{\"@id\":\"https:\\\/\\\/news.save.ch\\\/abraxas-uebernimmt-epsilon-und-infover\\\/\"},\"wordCount\":234,\"commentCount\":0,\"publisher\":{\"@id\":\"https:\\\/\\\/news.save.ch\\\/de\\\/#organization\"},\"image\":{\"@id\":\"https:\\\/\\\/news.save.ch\\\/abraxas-uebernimmt-epsilon-und-infover\\\/#primaryimage\"},\"thumbnailUrl\":\"https:\\\/\\\/news.save.ch\\\/wp-content\\\/uploads\\\/2016\\\/12\\\/Abraxas-uebernimmt-Epsilon-und-Infover-it-security.jpg\",\"keywords\":[\"IT-SECURITY\",\"Unternehmen\"],\"articleSection\":[\"DIGITALISIERUNG\"],\"inLanguage\":\"fr-FR\"},{\"@type\":\"WebPage\",\"@id\":\"https:\\\/\\\/news.save.ch\\\/abraxas-uebernimmt-epsilon-und-infover\\\/\",\"url\":\"https:\\\/\\\/news.save.ch\\\/abraxas-uebernimmt-epsilon-und-infover\\\/\",\"name\":\"Abraxas \u00fcbernimmt Epsilon und Infover - Save\",\"isPartOf\":{\"@id\":\"https:\\\/\\\/news.save.ch\\\/de\\\/#website\"},\"primaryImageOfPage\":{\"@id\":\"https:\\\/\\\/news.save.ch\\\/abraxas-uebernimmt-epsilon-und-infover\\\/#primaryimage\"},\"image\":{\"@id\":\"https:\\\/\\\/news.save.ch\\\/abraxas-uebernimmt-epsilon-und-infover\\\/#primaryimage\"},\"thumbnailUrl\":\"https:\\\/\\\/news.save.ch\\\/wp-content\\\/uploads\\\/2016\\\/12\\\/Abraxas-uebernimmt-Epsilon-und-Infover-it-security.jpg\",\"datePublished\":\"2015-12-10T12:38:19+00:00\",\"dateModified\":\"2023-03-14T07:57:28+00:00\",\"description\":\"Per 1. Januar 2016 \u00fcbernimmt die Abraxas Informatik AG die beiden Software-Hersteller Infover AG und Epsilon Software Assistance SA.\",\"breadcrumb\":{\"@id\":\"https:\\\/\\\/news.save.ch\\\/abraxas-uebernimmt-epsilon-und-infover\\\/#breadcrumb\"},\"inLanguage\":\"fr-FR\",\"potentialAction\":[{\"@type\":\"ReadAction\",\"target\":[\"https:\\\/\\\/news.save.ch\\\/abraxas-uebernimmt-epsilon-und-infover\\\/\"]}]},{\"@type\":\"ImageObject\",\"inLanguage\":\"fr-FR\",\"@id\":\"https:\\\/\\\/news.save.ch\\\/abraxas-uebernimmt-epsilon-und-infover\\\/#primaryimage\",\"url\":\"https:\\\/\\\/news.save.ch\\\/wp-content\\\/uploads\\\/2016\\\/12\\\/Abraxas-uebernimmt-Epsilon-und-Infover-it-security.jpg\",\"contentUrl\":\"https:\\\/\\\/news.save.ch\\\/wp-content\\\/uploads\\\/2016\\\/12\\\/Abraxas-uebernimmt-Epsilon-und-Infover-it-security.jpg\",\"width\":781,\"height\":798,\"caption\":\"Der Abraxas-VR-Pr\u00e4sident Paul Glutz ist Herr \u00fcber zwei zus\u00e4tzliche Firmen.\"},{\"@type\":\"BreadcrumbList\",\"@id\":\"https:\\\/\\\/news.save.ch\\\/abraxas-uebernimmt-epsilon-und-infover\\\/#breadcrumb\",\"itemListElement\":[{\"@type\":\"ListItem\",\"position\":1,\"name\":\"Home\",\"item\":\"https:\\\/\\\/news.save.ch\\\/de\\\/\"},{\"@type\":\"ListItem\",\"position\":2,\"name\":\"Abraxas \u00fcbernimmt Epsilon und Infover\"}]},{\"@type\":\"WebSite\",\"@id\":\"https:\\\/\\\/news.save.ch\\\/de\\\/#website\",\"url\":\"https:\\\/\\\/news.save.ch\\\/de\\\/\",\"name\":\"Save\",\"description\":\"Schweizer Fachzeitschrift f\u00fcr Sicherheit\",\"publisher\":{\"@id\":\"https:\\\/\\\/news.save.ch\\\/de\\\/#organization\"},\"potentialAction\":[{\"@type\":\"SearchAction\",\"target\":{\"@type\":\"EntryPoint\",\"urlTemplate\":\"https:\\\/\\\/news.save.ch\\\/de\\\/?s={search_term_string}\"},\"query-input\":{\"@type\":\"PropertyValueSpecification\",\"valueRequired\":true,\"valueName\":\"search_term_string\"}}],\"inLanguage\":\"fr-FR\"},{\"@type\":\"Organization\",\"@id\":\"https:\\\/\\\/news.save.ch\\\/de\\\/#organization\",\"name\":\"Sicherheitsforum\",\"url\":\"https:\\\/\\\/news.save.ch\\\/de\\\/\",\"logo\":{\"@type\":\"ImageObject\",\"inLanguage\":\"fr-FR\",\"@id\":\"https:\\\/\\\/news.save.ch\\\/de\\\/#\\\/schema\\\/logo\\\/image\\\/\",\"url\":\"https:\\\/\\\/news.save.ch\\\/wp-content\\\/uploads\\\/2022\\\/06\\\/Logo_SF_2012.png\",\"contentUrl\":\"https:\\\/\\\/news.save.ch\\\/wp-content\\\/uploads\\\/2022\\\/06\\\/Logo_SF_2012.png\",\"width\":1100,\"height\":91,\"caption\":\"Sicherheitsforum\"},\"image\":{\"@id\":\"https:\\\/\\\/news.save.ch\\\/de\\\/#\\\/schema\\\/logo\\\/image\\\/\"}},{\"@type\":\"Person\",\"@id\":\"https:\\\/\\\/news.save.ch\\\/de\\\/#\\\/schema\\\/person\\\/d49e199490bad7c70d64b9ab51142f2b\",\"name\":\"admin\",\"image\":{\"@type\":\"ImageObject\",\"inLanguage\":\"fr-FR\",\"@id\":\"https:\\\/\\\/secure.gravatar.com\\\/avatar\\\/ae2f4d718e6c49043e314ce431e7e645d646302a24a5ef5a8bc8e3f5a032e319?s=96&d=mm&r=g\",\"url\":\"https:\\\/\\\/secure.gravatar.com\\\/avatar\\\/ae2f4d718e6c49043e314ce431e7e645d646302a24a5ef5a8bc8e3f5a032e319?s=96&d=mm&r=g\",\"contentUrl\":\"https:\\\/\\\/secure.gravatar.com\\\/avatar\\\/ae2f4d718e6c49043e314ce431e7e645d646302a24a5ef5a8bc8e3f5a032e319?s=96&d=mm&r=g\",\"caption\":\"admin\"},\"sameAs\":[\"https:\\\/\\\/develop.organisator.galledia.ch\"],\"url\":\"https:\\\/\\\/news.save.ch\\\/fr\\\/author\\\/admin\\\/\"}]}<\/script>\n<!-- \/ Yoast SEO plugin. -->","yoast_head_json":{"title":"Abraxas rach\u00e8te Epsilon et Infover - Save","description":"Au 1er janvier 2016, Abraxas Informatik AG reprend les deux \u00e9diteurs de logiciels Infover AG et Epsilon Software Assistance SA.","robots":{"index":"index","follow":"follow","max-snippet":"max-snippet:-1","max-image-preview":"max-image-preview:large","max-video-preview":"max-video-preview:-1"},"canonical":"https:\/\/news.save.ch\/fr\/abraxas-uebernimmt-epsilon-und-infover\/","og_locale":"fr_FR","og_type":"article","og_title":"Abraxas \u00fcbernimmt Epsilon und Infover","og_description":"Per 1. Januar 2016 \u00fcbernimmt die Abraxas Informatik AG die beiden Software-Hersteller Infover AG und Epsilon Software Assistance SA.","og_url":"https:\/\/news.save.ch\/fr\/abraxas-uebernimmt-epsilon-und-infover\/","og_site_name":"Save","article_published_time":"2015-12-10T12:38:19+00:00","article_modified_time":"2023-03-14T07:57:28+00:00","og_image":[{"url":"https:\/\/news.save.ch\/wp-content\/uploads\/2016\/12\/Abraxas-\u00fcbernimmt-Epsilon-und-Infover-it-security.jpg","type":"","width":"","height":""}],"author":"admin","twitter_card":"summary_large_image","twitter_misc":{"\u00c9crit par":"admin","Dur\u00e9e de lecture estim\u00e9e":"1 minute"},"schema":{"@context":"https:\/\/schema.org","@graph":[{"@type":"Article","@id":"https:\/\/news.save.ch\/abraxas-uebernimmt-epsilon-und-infover\/#article","isPartOf":{"@id":"https:\/\/news.save.ch\/abraxas-uebernimmt-epsilon-und-infover\/"},"author":{"name":"admin","@id":"https:\/\/news.save.ch\/de\/#\/schema\/person\/d49e199490bad7c70d64b9ab51142f2b"},"headline":"Abraxas \u00fcbernimmt Epsilon und Infover","datePublished":"2015-12-10T12:38:19+00:00","dateModified":"2023-03-14T07:57:28+00:00","mainEntityOfPage":{"@id":"https:\/\/news.save.ch\/abraxas-uebernimmt-epsilon-und-infover\/"},"wordCount":234,"commentCount":0,"publisher":{"@id":"https:\/\/news.save.ch\/de\/#organization"},"image":{"@id":"https:\/\/news.save.ch\/abraxas-uebernimmt-epsilon-und-infover\/#primaryimage"},"thumbnailUrl":"https:\/\/news.save.ch\/wp-content\/uploads\/2016\/12\/Abraxas-uebernimmt-Epsilon-und-Infover-it-security.jpg","keywords":["IT-SECURITY","Unternehmen"],"articleSection":["DIGITALISIERUNG"],"inLanguage":"fr-FR"},{"@type":"WebPage","@id":"https:\/\/news.save.ch\/abraxas-uebernimmt-epsilon-und-infover\/","url":"https:\/\/news.save.ch\/abraxas-uebernimmt-epsilon-und-infover\/","name":"Abraxas rach\u00e8te Epsilon et Infover - Save","isPartOf":{"@id":"https:\/\/news.save.ch\/de\/#website"},"primaryImageOfPage":{"@id":"https:\/\/news.save.ch\/abraxas-uebernimmt-epsilon-und-infover\/#primaryimage"},"image":{"@id":"https:\/\/news.save.ch\/abraxas-uebernimmt-epsilon-und-infover\/#primaryimage"},"thumbnailUrl":"https:\/\/news.save.ch\/wp-content\/uploads\/2016\/12\/Abraxas-uebernimmt-Epsilon-und-Infover-it-security.jpg","datePublished":"2015-12-10T12:38:19+00:00","dateModified":"2023-03-14T07:57:28+00:00","description":"Au 1er janvier 2016, Abraxas Informatik AG reprend les deux \u00e9diteurs de logiciels Infover AG et Epsilon Software Assistance SA.","breadcrumb":{"@id":"https:\/\/news.save.ch\/abraxas-uebernimmt-epsilon-und-infover\/#breadcrumb"},"inLanguage":"fr-FR","potentialAction":[{"@type":"ReadAction","target":["https:\/\/news.save.ch\/abraxas-uebernimmt-epsilon-und-infover\/"]}]},{"@type":"ImageObject","inLanguage":"fr-FR","@id":"https:\/\/news.save.ch\/abraxas-uebernimmt-epsilon-und-infover\/#primaryimage","url":"https:\/\/news.save.ch\/wp-content\/uploads\/2016\/12\/Abraxas-uebernimmt-Epsilon-und-Infover-it-security.jpg","contentUrl":"https:\/\/news.save.ch\/wp-content\/uploads\/2016\/12\/Abraxas-uebernimmt-Epsilon-und-Infover-it-security.jpg","width":781,"height":798,"caption":"Der Abraxas-VR-Pr\u00e4sident Paul Glutz ist Herr \u00fcber zwei zus\u00e4tzliche Firmen."},{"@type":"BreadcrumbList","@id":"https:\/\/news.save.ch\/abraxas-uebernimmt-epsilon-und-infover\/#breadcrumb","itemListElement":[{"@type":"ListItem","position":1,"name":"Home","item":"https:\/\/news.save.ch\/de\/"},{"@type":"ListItem","position":2,"name":"Abraxas \u00fcbernimmt Epsilon und Infover"}]},{"@type":"WebSite","@id":"https:\/\/news.save.ch\/de\/#website","url":"https:\/\/news.save.ch\/de\/","name":"Save","description":"Revue suisse sp\u00e9cialis\u00e9e dans la s\u00e9curit\u00e9","publisher":{"@id":"https:\/\/news.save.ch\/de\/#organization"},"potentialAction":[{"@type":"SearchAction","target":{"@type":"EntryPoint","urlTemplate":"https:\/\/news.save.ch\/de\/?s={search_term_string}"},"query-input":{"@type":"PropertyValueSpecification","valueRequired":true,"valueName":"search_term_string"}}],"inLanguage":"fr-FR"},{"@type":"Organization","@id":"https:\/\/news.save.ch\/de\/#organization","name":"Forum sur la s\u00e9curit\u00e9","url":"https:\/\/news.save.ch\/de\/","logo":{"@type":"ImageObject","inLanguage":"fr-FR","@id":"https:\/\/news.save.ch\/de\/#\/schema\/logo\/image\/","url":"https:\/\/news.save.ch\/wp-content\/uploads\/2022\/06\/Logo_SF_2012.png","contentUrl":"https:\/\/news.save.ch\/wp-content\/uploads\/2022\/06\/Logo_SF_2012.png","width":1100,"height":91,"caption":"Sicherheitsforum"},"image":{"@id":"https:\/\/news.save.ch\/de\/#\/schema\/logo\/image\/"}},{"@type":"Person","@id":"https:\/\/news.save.ch\/de\/#\/schema\/person\/d49e199490bad7c70d64b9ab51142f2b","name":"admin","image":{"@type":"ImageObject","inLanguage":"fr-FR","@id":"https:\/\/secure.gravatar.com\/avatar\/ae2f4d718e6c49043e314ce431e7e645d646302a24a5ef5a8bc8e3f5a032e319?s=96&d=mm&r=g","url":"https:\/\/secure.gravatar.com\/avatar\/ae2f4d718e6c49043e314ce431e7e645d646302a24a5ef5a8bc8e3f5a032e319?s=96&d=mm&r=g","contentUrl":"https:\/\/secure.gravatar.com\/avatar\/ae2f4d718e6c49043e314ce431e7e645d646302a24a5ef5a8bc8e3f5a032e319?s=96&d=mm&r=g","caption":"admin"},"sameAs":["https:\/\/develop.organisator.galledia.ch"],"url":"https:\/\/news.save.ch\/fr\/author\/admin\/"}]}},"_links":{"self":[{"href":"https:\/\/news.save.ch\/fr\/wp-json\/wp\/v2\/posts\/14184","targetHints":{"allow":["GET"]}}],"collection":[{"href":"https:\/\/news.save.ch\/fr\/wp-json\/wp\/v2\/posts"}],"about":[{"href":"https:\/\/news.save.ch\/fr\/wp-json\/wp\/v2\/types\/post"}],"author":[{"embeddable":true,"href":"https:\/\/news.save.ch\/fr\/wp-json\/wp\/v2\/users\/1"}],"replies":[{"embeddable":true,"href":"https:\/\/news.save.ch\/fr\/wp-json\/wp\/v2\/comments?post=14184"}],"version-history":[{"count":1,"href":"https:\/\/news.save.ch\/fr\/wp-json\/wp\/v2\/posts\/14184\/revisions"}],"predecessor-version":[{"id":17692,"href":"https:\/\/news.save.ch\/fr\/wp-json\/wp\/v2\/posts\/14184\/revisions\/17692"}],"wp:featuredmedia":[{"embeddable":true,"href":"https:\/\/news.save.ch\/fr\/wp-json\/wp\/v2\/media\/13651"}],"wp:attachment":[{"href":"https:\/\/news.save.ch\/fr\/wp-json\/wp\/v2\/media?parent=14184"}],"wp:term":[{"taxonomy":"category","embeddable":true,"href":"https:\/\/news.save.ch\/fr\/wp-json\/wp\/v2\/categories?post=14184"},{"taxonomy":"post_tag","embeddable":true,"href":"https:\/\/news.save.ch\/fr\/wp-json\/wp\/v2\/tags?post=14184"}],"curies":[{"name":"wp","href":"https:\/\/api.w.org\/{rel}","templated":true}]}}