{"id":14198,"date":"2016-10-28T14:29:39","date_gmt":"2016-10-28T12:29:39","guid":{"rendered":"https:\/\/dev.sicherheitsforum.ch\/?p=1014"},"modified":"2023-03-14T08:57:11","modified_gmt":"2023-03-14T07:57:11","slug":"vermehrt-erpresserische-forderungen","status":null,"type":"post","link":"https:\/\/news.save.ch\/fr\/vermehrt-erpresserische-forderungen\/","title":{"rendered":"Augmentation des demandes d'extorsion"},"content":{"rendered":"<figure id=\"attachment_1015\" aria-describedby=\"caption-attachment-1015\" style=\"width: 680px\" class=\"wp-caption alignnone\"><img loading=\"lazy\" decoding=\"async\" class=\"size-medium wp-image-1015\" src=\"https:\/\/sicherheitsforum.ch\/wp-content\/uploads\/2016\/12\/Vermehrt-erpresserische-Forderungen-it-security.jpg\" alt=\"Les cyber-extorsions ont augment\u00e9, comme l&#039;a constat\u00e9 le service f\u00e9d\u00e9ral Melani. \u00a9 depositphotos\" width=\"680\" height=\"510\" srcset=\"https:\/\/news.save.ch\/wp-content\/uploads\/2016\/12\/Vermehrt-erpresserische-Forderungen-it-security.jpg 1000w, https:\/\/news.save.ch\/wp-content\/uploads\/2016\/12\/Vermehrt-erpresserische-Forderungen-it-security-375x281.jpg 375w\" sizes=\"auto, (max-width: 680px) 100vw, 680px\" \/><figcaption id=\"caption-attachment-1015\" class=\"wp-caption-text\">Les cyber-extorsions ont augment\u00e9, comme l'a constat\u00e9 le service f\u00e9d\u00e9ral Melani. \u00a9 depositphotos<\/figcaption><\/figure>\n<p>Depuis janvier 2016, Melani constate une augmentation marqu\u00e9e des cyberattaques accompagn\u00e9es de demandes d'extorsion, comme l'\u00e9crit le service f\u00e9d\u00e9ral. L'objectif de ces attaques est de rendre les donn\u00e9es inutilisables pour les victimes. Cela se fait g\u00e9n\u00e9ralement en cryptant les donn\u00e9es au moyen de chevaux de Troie ou en surchargeant le serveur par des attaques DDoS d\u00e9lib\u00e9r\u00e9es. Le paiement d'une ran\u00e7on est ensuite exig\u00e9 de la victime. Les attaquants visent les donn\u00e9es ou les syst\u00e8mes qui ont une valeur pour un particulier ou une entreprise et qui sont suffisamment importants pour que les victimes soient pr\u00eates \u00e0 payer. Dans le plus r\u00e9cent <a href=\"https:\/\/www.melani.admin.ch\/melani\/de\/home\/dokumentation\/berichte\/lageberichte\/halbjahresbericht-2016-1.html\" target=\"_blank\" rel=\"noreferrer noopener\" data-cke-saved-href=\"https:\/\/www.melani.admin.ch\/melani\/de\/home\/dokumentation\/berichte\/lageberichte\/halbjahresbericht-2016-1.html\">Rapport semestriel<\/a> de Melani sera la <a href=\"https:\/\/www.melani.admin.ch\/melani\/de\/home\/dokumentation\/checklisten-und-anleitungen\/massnahmen-gegen-ddos-attacken.html\" target=\"_blank\" rel=\"noreferrer noopener\" data-cke-saved-href=\"https:\/\/www.melani.admin.ch\/melani\/de\/home\/dokumentation\/checklisten-und-anleitungen\/massnahmen-gegen-ddos-attacken.html\">Strat\u00e9gie<\/a> Les auteurs de ces attaques ont montr\u00e9 comment les personnes concern\u00e9es doivent se comporter, mais aussi comment les pr\u00e9venir.<\/p>\n<p><strong>6000 e-mails pirat\u00e9s<\/strong><\/p>\n<p>Au cours du premier semestre, Melani a re\u00e7u 6000 combinaisons d'e-mails et de mots de passe pirat\u00e9s. Ces comptes auraient pu \u00eatre utilis\u00e9s \u00e0 des fins ill\u00e9gales, par exemple pour des escroqueries ou du chantage, si le mot de passe n'avait pas \u00e9t\u00e9 imm\u00e9diatement modifi\u00e9 par son titulaire, explique-t-on. Afin d'aider les \u00e9ventuelles victimes, le service f\u00e9d\u00e9ral a publi\u00e9 un outil en ligne qui permet de v\u00e9rifier si sa propre adresse \u00e9lectronique a \u00e9t\u00e9 touch\u00e9e.<\/p>","protected":false},"excerpt":{"rendered":"<p>Seit Januar 2016 stellt Melani eine markante Zunahme von Cyber-Angriffen fest, die von erpresserischen Forderungen begleitet sind, wie die Bundesstelle schreibt. Ziel dieser Angriffe sei, die Daten f\u00fcr die Opfer unbrauchbar zu machen. Dies geschehe meist durch das Verschl\u00fcsseln der Daten mittels Trojaner oder durch \u00dcberlastung des Servers durch mutwillige DDoS-Angriffe. Anschliessend wird vom Opfer [&hellip;]<\/p>\n","protected":false},"author":1,"featured_media":1015,"comment_status":"open","ping_status":"open","sticky":false,"template":"","format":"standard","meta":{"_acf_changed":false,"pgc_sgb_lightbox_settings":"","footnotes":""},"categories":[3313],"tags":[96,63],"class_list":["post-14198","post","type-post","status-publish","format-standard","has-post-thumbnail","hentry","category-digitalisierung","tag-cyber-crime","tag-it-security"],"acf":[],"hkrextid":null,"publication":null,"issue":null,"workflow":null,"startPage":null,"spitzmarke":null,"_posts_by_tag_page_fields":{"widget_title":"","widget_tags":""},"_at_widget":"1","_yoast_wpseo_primary_category":"2","_yoast_wpseo_focuskw_text_input":"Forderungen","_yoast_wpseo_opengraph-image":"https:\/\/sicherheitsforum.ch\/wp-content\/uploads\/2016\/12\/Vermehrt-erpresserische-Forderungen-it-security.jpg","_yoast_wpseo_opengraph-description":"Der j\u00fcngste Halbjahresbericht der Melde- und Analysestelle Informationssicherung, kurz Melani, zeigt die wichtigsten Cyber-Vorf\u00e4lle der ersten Jahresh\u00e4lfte 2016 national und international auf. Der Bericht widmet sich im Schwerpunktthema den vermehrten Angriffen durch Cyber-Erpressung. Im Fokus stehen aber auch verschiedene Datenabfl\u00fcsse.","_yoast_wpseo_opengraph-title":"Vermehrt erpresserische Forderungen","enclosure":null,"_yoast_wpseo_twitter-title":null,"_yoast_wpseo_twitter-description":null,"_yoast_wpseo_twitter-image":null,"_wp_old_slug":null,"_yoast_wpseo_title":null,"_yoast_wpseo_canonical":null,"yoast_head":"<!-- This site is optimized with the Yoast SEO plugin v27.5 - https:\/\/yoast.com\/product\/yoast-seo-wordpress\/ -->\n<title>Vermehrt erpresserische Forderungen - Save<\/title>\n<meta name=\"description\" content=\"Der Halbjahresbericht der Melde- und Analysestelle Informationssicherung (Melani), zeigt die wichtigsten Cyber-Vorf\u00e4lle der ersten Jahresh\u00e4lfte 2016 auf.\" \/>\n<meta name=\"robots\" content=\"index, follow, max-snippet:-1, max-image-preview:large, max-video-preview:-1\" \/>\n<link rel=\"canonical\" href=\"https:\/\/news.save.ch\/fr\/vermehrt-erpresserische-forderungen\/\" \/>\n<meta property=\"og:locale\" content=\"fr_FR\" \/>\n<meta property=\"og:type\" content=\"article\" \/>\n<meta property=\"og:title\" content=\"Vermehrt erpresserische Forderungen\" \/>\n<meta property=\"og:description\" content=\"Der j\u00fcngste Halbjahresbericht der Melde- und Analysestelle Informationssicherung, kurz Melani, zeigt die wichtigsten Cyber-Vorf\u00e4lle der ersten Jahresh\u00e4lfte 2016 national und international auf. Der Bericht widmet sich im Schwerpunktthema den vermehrten Angriffen durch Cyber-Erpressung. Im Fokus stehen aber auch verschiedene Datenabfl\u00fcsse.\" \/>\n<meta property=\"og:url\" content=\"https:\/\/news.save.ch\/fr\/vermehrt-erpresserische-forderungen\/\" \/>\n<meta property=\"og:site_name\" content=\"Save\" \/>\n<meta property=\"article:published_time\" content=\"2016-10-28T12:29:39+00:00\" \/>\n<meta property=\"article:modified_time\" content=\"2023-03-14T07:57:11+00:00\" \/>\n<meta property=\"og:image\" content=\"https:\/\/sicherheitsforum.ch\/wp-content\/uploads\/2016\/12\/Vermehrt-erpresserische-Forderungen-it-security.jpg\" \/>\n<meta name=\"author\" content=\"admin\" \/>\n<meta name=\"twitter:card\" content=\"summary_large_image\" \/>\n<meta name=\"twitter:label1\" content=\"\u00c9crit par\" \/>\n\t<meta name=\"twitter:data1\" content=\"admin\" \/>\n\t<meta name=\"twitter:label2\" content=\"Dur\u00e9e de lecture estim\u00e9e\" \/>\n\t<meta name=\"twitter:data2\" content=\"1 minute\" \/>\n<script type=\"application\/ld+json\" class=\"yoast-schema-graph\">{\"@context\":\"https:\\\/\\\/schema.org\",\"@graph\":[{\"@type\":\"Article\",\"@id\":\"https:\\\/\\\/news.save.ch\\\/vermehrt-erpresserische-forderungen\\\/#article\",\"isPartOf\":{\"@id\":\"https:\\\/\\\/news.save.ch\\\/vermehrt-erpresserische-forderungen\\\/\"},\"author\":{\"name\":\"admin\",\"@id\":\"https:\\\/\\\/news.save.ch\\\/de\\\/#\\\/schema\\\/person\\\/d49e199490bad7c70d64b9ab51142f2b\"},\"headline\":\"Vermehrt erpresserische Forderungen\",\"datePublished\":\"2016-10-28T12:29:39+00:00\",\"dateModified\":\"2023-03-14T07:57:11+00:00\",\"mainEntityOfPage\":{\"@id\":\"https:\\\/\\\/news.save.ch\\\/vermehrt-erpresserische-forderungen\\\/\"},\"wordCount\":208,\"commentCount\":0,\"publisher\":{\"@id\":\"https:\\\/\\\/news.save.ch\\\/de\\\/#organization\"},\"image\":{\"@id\":\"https:\\\/\\\/news.save.ch\\\/vermehrt-erpresserische-forderungen\\\/#primaryimage\"},\"thumbnailUrl\":\"https:\\\/\\\/news.save.ch\\\/wp-content\\\/uploads\\\/2016\\\/12\\\/Vermehrt-erpresserische-Forderungen-it-security.jpg\",\"keywords\":[\"Cyber-Crime\",\"IT-SECURITY\"],\"articleSection\":[\"DIGITALISIERUNG\"],\"inLanguage\":\"fr-FR\"},{\"@type\":\"WebPage\",\"@id\":\"https:\\\/\\\/news.save.ch\\\/vermehrt-erpresserische-forderungen\\\/\",\"url\":\"https:\\\/\\\/news.save.ch\\\/vermehrt-erpresserische-forderungen\\\/\",\"name\":\"Vermehrt erpresserische Forderungen - Save\",\"isPartOf\":{\"@id\":\"https:\\\/\\\/news.save.ch\\\/de\\\/#website\"},\"primaryImageOfPage\":{\"@id\":\"https:\\\/\\\/news.save.ch\\\/vermehrt-erpresserische-forderungen\\\/#primaryimage\"},\"image\":{\"@id\":\"https:\\\/\\\/news.save.ch\\\/vermehrt-erpresserische-forderungen\\\/#primaryimage\"},\"thumbnailUrl\":\"https:\\\/\\\/news.save.ch\\\/wp-content\\\/uploads\\\/2016\\\/12\\\/Vermehrt-erpresserische-Forderungen-it-security.jpg\",\"datePublished\":\"2016-10-28T12:29:39+00:00\",\"dateModified\":\"2023-03-14T07:57:11+00:00\",\"description\":\"Der Halbjahresbericht der Melde- und Analysestelle Informationssicherung (Melani), zeigt die wichtigsten Cyber-Vorf\u00e4lle der ersten Jahresh\u00e4lfte 2016 auf.\",\"breadcrumb\":{\"@id\":\"https:\\\/\\\/news.save.ch\\\/vermehrt-erpresserische-forderungen\\\/#breadcrumb\"},\"inLanguage\":\"fr-FR\",\"potentialAction\":[{\"@type\":\"ReadAction\",\"target\":[\"https:\\\/\\\/news.save.ch\\\/vermehrt-erpresserische-forderungen\\\/\"]}]},{\"@type\":\"ImageObject\",\"inLanguage\":\"fr-FR\",\"@id\":\"https:\\\/\\\/news.save.ch\\\/vermehrt-erpresserische-forderungen\\\/#primaryimage\",\"url\":\"https:\\\/\\\/news.save.ch\\\/wp-content\\\/uploads\\\/2016\\\/12\\\/Vermehrt-erpresserische-Forderungen-it-security.jpg\",\"contentUrl\":\"https:\\\/\\\/news.save.ch\\\/wp-content\\\/uploads\\\/2016\\\/12\\\/Vermehrt-erpresserische-Forderungen-it-security.jpg\",\"width\":1000,\"height\":750,\"caption\":\"Cyber-Erpressungen haben zugenommen, wie die Bundesstelle Melani festgestellt hat. \u00a9 depositphotos\"},{\"@type\":\"BreadcrumbList\",\"@id\":\"https:\\\/\\\/news.save.ch\\\/vermehrt-erpresserische-forderungen\\\/#breadcrumb\",\"itemListElement\":[{\"@type\":\"ListItem\",\"position\":1,\"name\":\"Home\",\"item\":\"https:\\\/\\\/news.save.ch\\\/de\\\/\"},{\"@type\":\"ListItem\",\"position\":2,\"name\":\"Vermehrt erpresserische Forderungen\"}]},{\"@type\":\"WebSite\",\"@id\":\"https:\\\/\\\/news.save.ch\\\/de\\\/#website\",\"url\":\"https:\\\/\\\/news.save.ch\\\/de\\\/\",\"name\":\"Save\",\"description\":\"Schweizer Fachzeitschrift f\u00fcr Sicherheit\",\"publisher\":{\"@id\":\"https:\\\/\\\/news.save.ch\\\/de\\\/#organization\"},\"potentialAction\":[{\"@type\":\"SearchAction\",\"target\":{\"@type\":\"EntryPoint\",\"urlTemplate\":\"https:\\\/\\\/news.save.ch\\\/de\\\/?s={search_term_string}\"},\"query-input\":{\"@type\":\"PropertyValueSpecification\",\"valueRequired\":true,\"valueName\":\"search_term_string\"}}],\"inLanguage\":\"fr-FR\"},{\"@type\":\"Organization\",\"@id\":\"https:\\\/\\\/news.save.ch\\\/de\\\/#organization\",\"name\":\"Sicherheitsforum\",\"url\":\"https:\\\/\\\/news.save.ch\\\/de\\\/\",\"logo\":{\"@type\":\"ImageObject\",\"inLanguage\":\"fr-FR\",\"@id\":\"https:\\\/\\\/news.save.ch\\\/de\\\/#\\\/schema\\\/logo\\\/image\\\/\",\"url\":\"https:\\\/\\\/news.save.ch\\\/wp-content\\\/uploads\\\/2022\\\/06\\\/Logo_SF_2012.png\",\"contentUrl\":\"https:\\\/\\\/news.save.ch\\\/wp-content\\\/uploads\\\/2022\\\/06\\\/Logo_SF_2012.png\",\"width\":1100,\"height\":91,\"caption\":\"Sicherheitsforum\"},\"image\":{\"@id\":\"https:\\\/\\\/news.save.ch\\\/de\\\/#\\\/schema\\\/logo\\\/image\\\/\"}},{\"@type\":\"Person\",\"@id\":\"https:\\\/\\\/news.save.ch\\\/de\\\/#\\\/schema\\\/person\\\/d49e199490bad7c70d64b9ab51142f2b\",\"name\":\"admin\",\"image\":{\"@type\":\"ImageObject\",\"inLanguage\":\"fr-FR\",\"@id\":\"https:\\\/\\\/secure.gravatar.com\\\/avatar\\\/ae2f4d718e6c49043e314ce431e7e645d646302a24a5ef5a8bc8e3f5a032e319?s=96&d=mm&r=g\",\"url\":\"https:\\\/\\\/secure.gravatar.com\\\/avatar\\\/ae2f4d718e6c49043e314ce431e7e645d646302a24a5ef5a8bc8e3f5a032e319?s=96&d=mm&r=g\",\"contentUrl\":\"https:\\\/\\\/secure.gravatar.com\\\/avatar\\\/ae2f4d718e6c49043e314ce431e7e645d646302a24a5ef5a8bc8e3f5a032e319?s=96&d=mm&r=g\",\"caption\":\"admin\"},\"sameAs\":[\"https:\\\/\\\/develop.organisator.galledia.ch\"],\"url\":\"https:\\\/\\\/news.save.ch\\\/fr\\\/author\\\/admin\\\/\"}]}<\/script>\n<!-- \/ Yoast SEO plugin. -->","yoast_head_json":{"title":"Augmentation des demandes d'extorsion - Save","description":"Le rapport semestriel de la Centrale d'enregistrement et d'analyse pour la s\u00fbret\u00e9 de l'information (Melani), pr\u00e9sente les principaux cyberincidents du premier semestre 2016.","robots":{"index":"index","follow":"follow","max-snippet":"max-snippet:-1","max-image-preview":"max-image-preview:large","max-video-preview":"max-video-preview:-1"},"canonical":"https:\/\/news.save.ch\/fr\/vermehrt-erpresserische-forderungen\/","og_locale":"fr_FR","og_type":"article","og_title":"Vermehrt erpresserische Forderungen","og_description":"Der j\u00fcngste Halbjahresbericht der Melde- und Analysestelle Informationssicherung, kurz Melani, zeigt die wichtigsten Cyber-Vorf\u00e4lle der ersten Jahresh\u00e4lfte 2016 national und international auf. Der Bericht widmet sich im Schwerpunktthema den vermehrten Angriffen durch Cyber-Erpressung. Im Fokus stehen aber auch verschiedene Datenabfl\u00fcsse.","og_url":"https:\/\/news.save.ch\/fr\/vermehrt-erpresserische-forderungen\/","og_site_name":"Save","article_published_time":"2016-10-28T12:29:39+00:00","article_modified_time":"2023-03-14T07:57:11+00:00","og_image":[{"url":"https:\/\/sicherheitsforum.ch\/wp-content\/uploads\/2016\/12\/Vermehrt-erpresserische-Forderungen-it-security.jpg","type":"","width":"","height":""}],"author":"admin","twitter_card":"summary_large_image","twitter_misc":{"\u00c9crit par":"admin","Dur\u00e9e de lecture estim\u00e9e":"1 minute"},"schema":{"@context":"https:\/\/schema.org","@graph":[{"@type":"Article","@id":"https:\/\/news.save.ch\/vermehrt-erpresserische-forderungen\/#article","isPartOf":{"@id":"https:\/\/news.save.ch\/vermehrt-erpresserische-forderungen\/"},"author":{"name":"admin","@id":"https:\/\/news.save.ch\/de\/#\/schema\/person\/d49e199490bad7c70d64b9ab51142f2b"},"headline":"Vermehrt erpresserische Forderungen","datePublished":"2016-10-28T12:29:39+00:00","dateModified":"2023-03-14T07:57:11+00:00","mainEntityOfPage":{"@id":"https:\/\/news.save.ch\/vermehrt-erpresserische-forderungen\/"},"wordCount":208,"commentCount":0,"publisher":{"@id":"https:\/\/news.save.ch\/de\/#organization"},"image":{"@id":"https:\/\/news.save.ch\/vermehrt-erpresserische-forderungen\/#primaryimage"},"thumbnailUrl":"https:\/\/news.save.ch\/wp-content\/uploads\/2016\/12\/Vermehrt-erpresserische-Forderungen-it-security.jpg","keywords":["Cyber-Crime","IT-SECURITY"],"articleSection":["DIGITALISIERUNG"],"inLanguage":"fr-FR"},{"@type":"WebPage","@id":"https:\/\/news.save.ch\/vermehrt-erpresserische-forderungen\/","url":"https:\/\/news.save.ch\/vermehrt-erpresserische-forderungen\/","name":"Augmentation des demandes d'extorsion - Save","isPartOf":{"@id":"https:\/\/news.save.ch\/de\/#website"},"primaryImageOfPage":{"@id":"https:\/\/news.save.ch\/vermehrt-erpresserische-forderungen\/#primaryimage"},"image":{"@id":"https:\/\/news.save.ch\/vermehrt-erpresserische-forderungen\/#primaryimage"},"thumbnailUrl":"https:\/\/news.save.ch\/wp-content\/uploads\/2016\/12\/Vermehrt-erpresserische-Forderungen-it-security.jpg","datePublished":"2016-10-28T12:29:39+00:00","dateModified":"2023-03-14T07:57:11+00:00","description":"Le rapport semestriel de la Centrale d'enregistrement et d'analyse pour la s\u00fbret\u00e9 de l'information (Melani), pr\u00e9sente les principaux cyberincidents du premier semestre 2016.","breadcrumb":{"@id":"https:\/\/news.save.ch\/vermehrt-erpresserische-forderungen\/#breadcrumb"},"inLanguage":"fr-FR","potentialAction":[{"@type":"ReadAction","target":["https:\/\/news.save.ch\/vermehrt-erpresserische-forderungen\/"]}]},{"@type":"ImageObject","inLanguage":"fr-FR","@id":"https:\/\/news.save.ch\/vermehrt-erpresserische-forderungen\/#primaryimage","url":"https:\/\/news.save.ch\/wp-content\/uploads\/2016\/12\/Vermehrt-erpresserische-Forderungen-it-security.jpg","contentUrl":"https:\/\/news.save.ch\/wp-content\/uploads\/2016\/12\/Vermehrt-erpresserische-Forderungen-it-security.jpg","width":1000,"height":750,"caption":"Cyber-Erpressungen haben zugenommen, wie die Bundesstelle Melani festgestellt hat. \u00a9 depositphotos"},{"@type":"BreadcrumbList","@id":"https:\/\/news.save.ch\/vermehrt-erpresserische-forderungen\/#breadcrumb","itemListElement":[{"@type":"ListItem","position":1,"name":"Home","item":"https:\/\/news.save.ch\/de\/"},{"@type":"ListItem","position":2,"name":"Vermehrt erpresserische Forderungen"}]},{"@type":"WebSite","@id":"https:\/\/news.save.ch\/de\/#website","url":"https:\/\/news.save.ch\/de\/","name":"Save","description":"Revue suisse sp\u00e9cialis\u00e9e dans la s\u00e9curit\u00e9","publisher":{"@id":"https:\/\/news.save.ch\/de\/#organization"},"potentialAction":[{"@type":"SearchAction","target":{"@type":"EntryPoint","urlTemplate":"https:\/\/news.save.ch\/de\/?s={search_term_string}"},"query-input":{"@type":"PropertyValueSpecification","valueRequired":true,"valueName":"search_term_string"}}],"inLanguage":"fr-FR"},{"@type":"Organization","@id":"https:\/\/news.save.ch\/de\/#organization","name":"Forum sur la s\u00e9curit\u00e9","url":"https:\/\/news.save.ch\/de\/","logo":{"@type":"ImageObject","inLanguage":"fr-FR","@id":"https:\/\/news.save.ch\/de\/#\/schema\/logo\/image\/","url":"https:\/\/news.save.ch\/wp-content\/uploads\/2022\/06\/Logo_SF_2012.png","contentUrl":"https:\/\/news.save.ch\/wp-content\/uploads\/2022\/06\/Logo_SF_2012.png","width":1100,"height":91,"caption":"Sicherheitsforum"},"image":{"@id":"https:\/\/news.save.ch\/de\/#\/schema\/logo\/image\/"}},{"@type":"Person","@id":"https:\/\/news.save.ch\/de\/#\/schema\/person\/d49e199490bad7c70d64b9ab51142f2b","name":"admin","image":{"@type":"ImageObject","inLanguage":"fr-FR","@id":"https:\/\/secure.gravatar.com\/avatar\/ae2f4d718e6c49043e314ce431e7e645d646302a24a5ef5a8bc8e3f5a032e319?s=96&d=mm&r=g","url":"https:\/\/secure.gravatar.com\/avatar\/ae2f4d718e6c49043e314ce431e7e645d646302a24a5ef5a8bc8e3f5a032e319?s=96&d=mm&r=g","contentUrl":"https:\/\/secure.gravatar.com\/avatar\/ae2f4d718e6c49043e314ce431e7e645d646302a24a5ef5a8bc8e3f5a032e319?s=96&d=mm&r=g","caption":"admin"},"sameAs":["https:\/\/develop.organisator.galledia.ch"],"url":"https:\/\/news.save.ch\/fr\/author\/admin\/"}]}},"_links":{"self":[{"href":"https:\/\/news.save.ch\/fr\/wp-json\/wp\/v2\/posts\/14198","targetHints":{"allow":["GET"]}}],"collection":[{"href":"https:\/\/news.save.ch\/fr\/wp-json\/wp\/v2\/posts"}],"about":[{"href":"https:\/\/news.save.ch\/fr\/wp-json\/wp\/v2\/types\/post"}],"author":[{"embeddable":true,"href":"https:\/\/news.save.ch\/fr\/wp-json\/wp\/v2\/users\/1"}],"replies":[{"embeddable":true,"href":"https:\/\/news.save.ch\/fr\/wp-json\/wp\/v2\/comments?post=14198"}],"version-history":[{"count":1,"href":"https:\/\/news.save.ch\/fr\/wp-json\/wp\/v2\/posts\/14198\/revisions"}],"predecessor-version":[{"id":17559,"href":"https:\/\/news.save.ch\/fr\/wp-json\/wp\/v2\/posts\/14198\/revisions\/17559"}],"wp:featuredmedia":[{"embeddable":true,"href":"https:\/\/news.save.ch\/fr\/wp-json\/wp\/v2\/media\/1015"}],"wp:attachment":[{"href":"https:\/\/news.save.ch\/fr\/wp-json\/wp\/v2\/media?parent=14198"}],"wp:term":[{"taxonomy":"category","embeddable":true,"href":"https:\/\/news.save.ch\/fr\/wp-json\/wp\/v2\/categories?post=14198"},{"taxonomy":"post_tag","embeddable":true,"href":"https:\/\/news.save.ch\/fr\/wp-json\/wp\/v2\/tags?post=14198"}],"curies":[{"name":"wp","href":"https:\/\/api.w.org\/{rel}","templated":true}]}}