{"id":14255,"date":"2022-05-27T08:55:54","date_gmt":"2022-05-27T06:55:54","guid":{"rendered":"https:\/\/news.save.ch\/?p=14255"},"modified":"2023-06-27T06:36:00","modified_gmt":"2023-06-27T04:36:00","slug":"edoeb-empfiehlt-die-loeschung-der-daten-von-meineimpfungen-ch","status":null,"type":"post","link":"https:\/\/news.save.ch\/fr\/edoeb-empfiehlt-die-loeschung-der-daten-von-meineimpfungen-ch\/","title":{"rendered":"Edoeb recommande la suppression des donn\u00e9es de mesvaccinations.ch"},"content":{"rendered":"<p><img loading=\"lazy\" decoding=\"async\" class=\"alignleft wp-image-11734 size-full\" src=\"https:\/\/news.save.ch\/wp-content\/uploads\/2021\/03\/meineimpfungen_datenschutz.jpg\" alt=\"D\u00e9l\u00e9gu\u00e9 \u00e0 la protection des donn\u00e9es\" width=\"695\" height=\"395\" srcset=\"https:\/\/news.save.ch\/wp-content\/uploads\/2021\/03\/meineimpfungen_datenschutz.jpg 695w, https:\/\/news.save.ch\/wp-content\/uploads\/2021\/03\/meineimpfungen_datenschutz-375x213.jpg 375w\" sizes=\"auto, (max-width: 695px) 100vw, 695px\" \/><\/p>\n<p>Le 15 novembre 2021, un avis du Pr\u00e9pos\u00e9 f\u00e9d\u00e9ral \u00e0 la protection des donn\u00e9es (Edoeb) a \u00e9t\u00e9 rendu dans le cadre de l'examen des faits concernant la <a href=\"https:\/\/news.save.ch\/fr\/datenleck-bei-impfplattform-datenschuetzer-eroeffnet-verfahren\/\" target=\"_blank\" rel=\"noopener\">Plate-forme mesvaccinations.ch<\/a> confirm\u00e9 de graves manquements \u00e0 l'int\u00e9grit\u00e9 des donn\u00e9es de la plateforme. Selon un communiqu\u00e9 de la Conf\u00e9d\u00e9ration, cela concernait \u00e9galement des entr\u00e9es de vaccination erron\u00e9es concernant le t\u00e9tanos et le Covid-19 et l'\u00e9tendue des donn\u00e9es de contact.<\/p>\n<p>Dans une <a href=\"https:\/\/www.admin.ch\/gov\/de\/start\/dokumentation\/medienmitteilungen.msg-id-88991.html\" target=\"_blank\" rel=\"noopener\">Prise de position<\/a> il est dit que tout autre traitement de donn\u00e9es pourrait entra\u00eener des atteintes \u00e0 la personnalit\u00e9. Depuis lors, la faillite a \u00e9t\u00e9 ouverte le 17 novembre 2021. Dans le cadre de la proc\u00e9dure de faillite, l'office des faillites comp\u00e9tent de Berne-Mittelland pr\u00e9voyait de vendre les donn\u00e9es personnelles \u00e0 une entreprise priv\u00e9e. Or, le vendredi 20 mai 2022, l'Edoeb, en concertation avec le pr\u00e9pos\u00e9 \u00e0 la protection des donn\u00e9es du canton de Berne, a ordonn\u00e9 \u00e0 l'office des faillites de Berne-Mittelland de renoncer \u00e0 la vente de gr\u00e9 \u00e0 gr\u00e9 pr\u00e9vue. Il a en outre \u00e9t\u00e9 recommand\u00e9 de supprimer toutes les donn\u00e9es. L'office des faillites de Berne-Mittelland a accept\u00e9 les recommandations de l'Edoeb.<\/p>\n<p><em>Source : Edoeb<\/em><\/p>","protected":false},"excerpt":{"rendered":"<p>Am 15. November 2021 hat ein Gutachten des Eidgen\u00f6ssischen Datenschutzbeauftragten (Edoeb) in der Sachverhaltsabkl\u00e4rung zur Plattform meineimpfungen.ch schwerwiegende M\u00e4ngel an der Datenintegrit\u00e4t der Plattform best\u00e4tigt. Dies betraf laut einer Mitteilung des Bundes auch falsche Impfeintr\u00e4ge zu Tetanus und Covid-19 und den Umfang mit Kontaktdaten. In einer Stellungnahme heisst es, dass es bei jeder weiteren Datenbearbeitung [&hellip;]<\/p>\n","protected":false},"author":9,"featured_media":12423,"comment_status":"closed","ping_status":"closed","sticky":false,"template":"","format":"standard","meta":{"_acf_changed":false,"pgc_sgb_lightbox_settings":"","footnotes":""},"categories":[1],"tags":[4479,118,4639,1215,4477,4476,4480,4478],"class_list":["post-14255","post","type-post","status-publish","format-standard","has-post-thumbnail","hentry","category-allgemein","tag-datenintegritaet","tag-datenschutz","tag-datenschutzbeauftragten","tag-edoeb","tag-eidgenoessischer-datenschutzbeauftragter","tag-gutachten","tag-konkursamt-bern-mittelland","tag-meineimpfungen-ch"],"acf":[],"hkrextid":null,"publication":null,"issue":null,"workflow":null,"startPage":null,"spitzmarke":null,"_posts_by_tag_page_fields":{"widget_title":"","widget_tags":""},"_at_widget":"1","_yoast_wpseo_primary_category":"","_yoast_wpseo_focuskw_text_input":null,"_yoast_wpseo_opengraph-image":null,"_yoast_wpseo_opengraph-description":null,"_yoast_wpseo_opengraph-title":null,"enclosure":null,"_yoast_wpseo_twitter-title":null,"_yoast_wpseo_twitter-description":null,"_yoast_wpseo_twitter-image":null,"_wp_old_slug":null,"_yoast_wpseo_title":null,"_yoast_wpseo_canonical":null,"yoast_head":"<!-- This site is optimized with the Yoast SEO plugin v27.5 - https:\/\/yoast.com\/product\/yoast-seo-wordpress\/ -->\n<title>Edoeb empfiehlt die L\u00f6schung der Daten von meineimpfungen.ch - Save<\/title>\n<meta name=\"description\" content=\"Nachdem die M\u00e4ngel bei der Datenintegrit\u00e4t der Plattform meineimpfungen.ch bis heute nicht behoben wurden, hat der Edoeb nun zusammen mit Datenschutzbeauftragten des Kantons Bern das Konkursamt Bern-Mittelland angewiesen, die Daten l\u00f6schen zu lassen.\" \/>\n<meta name=\"robots\" content=\"index, follow, max-snippet:-1, max-image-preview:large, max-video-preview:-1\" \/>\n<link rel=\"canonical\" href=\"https:\/\/news.save.ch\/fr\/edoeb-empfiehlt-die-loeschung-der-daten-von-meineimpfungen-ch\/\" \/>\n<meta property=\"og:locale\" content=\"fr_FR\" \/>\n<meta property=\"og:type\" content=\"article\" \/>\n<meta property=\"og:title\" content=\"Edoeb empfiehlt die L\u00f6schung der Daten von meineimpfungen.ch - Save\" \/>\n<meta property=\"og:description\" content=\"Nachdem die M\u00e4ngel bei der Datenintegrit\u00e4t der Plattform meineimpfungen.ch bis heute nicht behoben wurden, hat der Edoeb nun zusammen mit Datenschutzbeauftragten des Kantons Bern das Konkursamt Bern-Mittelland angewiesen, die Daten l\u00f6schen zu lassen.\" \/>\n<meta property=\"og:url\" content=\"https:\/\/news.save.ch\/fr\/edoeb-empfiehlt-die-loeschung-der-daten-von-meineimpfungen-ch\/\" \/>\n<meta property=\"og:site_name\" content=\"Save\" \/>\n<meta property=\"article:published_time\" content=\"2022-05-27T06:55:54+00:00\" \/>\n<meta property=\"article:modified_time\" content=\"2023-06-27T04:36:00+00:00\" \/>\n<meta property=\"og:image\" content=\"https:\/\/news.save.ch\/wp-content\/uploads\/2021\/08\/meineimpfungen.jpg\" \/>\n\t<meta property=\"og:image:width\" content=\"842\" \/>\n\t<meta property=\"og:image:height\" content=\"537\" \/>\n\t<meta property=\"og:image:type\" content=\"image\/jpeg\" \/>\n<meta name=\"author\" content=\"Simon Gr\u00f6flin\" \/>\n<meta name=\"twitter:card\" content=\"summary_large_image\" \/>\n<meta name=\"twitter:label1\" content=\"\u00c9crit par\" \/>\n\t<meta name=\"twitter:data1\" content=\"Simon Gr\u00f6flin\" \/>\n\t<meta name=\"twitter:label2\" content=\"Dur\u00e9e de lecture estim\u00e9e\" \/>\n\t<meta name=\"twitter:data2\" content=\"1 minute\" \/>\n<script type=\"application\/ld+json\" class=\"yoast-schema-graph\">{\"@context\":\"https:\\\/\\\/schema.org\",\"@graph\":[{\"@type\":\"Article\",\"@id\":\"https:\\\/\\\/news.save.ch\\\/edoeb-empfiehlt-die-loeschung-der-daten-von-meineimpfungen-ch\\\/#article\",\"isPartOf\":{\"@id\":\"https:\\\/\\\/news.save.ch\\\/edoeb-empfiehlt-die-loeschung-der-daten-von-meineimpfungen-ch\\\/\"},\"author\":{\"name\":\"Simon Gr\u00f6flin\",\"@id\":\"https:\\\/\\\/news.save.ch\\\/de\\\/#\\\/schema\\\/person\\\/ad4ef21102fd6125312409ac57d5296d\"},\"headline\":\"Edoeb empfiehlt die L\u00f6schung der Daten von meineimpfungen.ch\",\"datePublished\":\"2022-05-27T06:55:54+00:00\",\"dateModified\":\"2023-06-27T04:36:00+00:00\",\"mainEntityOfPage\":{\"@id\":\"https:\\\/\\\/news.save.ch\\\/edoeb-empfiehlt-die-loeschung-der-daten-von-meineimpfungen-ch\\\/\"},\"wordCount\":145,\"publisher\":{\"@id\":\"https:\\\/\\\/news.save.ch\\\/de\\\/#organization\"},\"image\":{\"@id\":\"https:\\\/\\\/news.save.ch\\\/edoeb-empfiehlt-die-loeschung-der-daten-von-meineimpfungen-ch\\\/#primaryimage\"},\"thumbnailUrl\":\"https:\\\/\\\/news.save.ch\\\/wp-content\\\/uploads\\\/2021\\\/08\\\/meineimpfungen.jpg\",\"keywords\":[\"Datenintegrit\u00e4t\",\"Datenschutz\",\"Datenschutzbeauftragten\",\"ED\u00d6B\",\"Eidgen\u00f6ssischer Datenschutzbeauftragter\",\"Gutachten\",\"Konkursamt Bern-Mittelland\",\"meineimpfungen.ch\"],\"articleSection\":[\"ALLGEMEIN\"],\"inLanguage\":\"fr-FR\"},{\"@type\":\"WebPage\",\"@id\":\"https:\\\/\\\/news.save.ch\\\/edoeb-empfiehlt-die-loeschung-der-daten-von-meineimpfungen-ch\\\/\",\"url\":\"https:\\\/\\\/news.save.ch\\\/edoeb-empfiehlt-die-loeschung-der-daten-von-meineimpfungen-ch\\\/\",\"name\":\"Edoeb empfiehlt die L\u00f6schung der Daten von meineimpfungen.ch - Save\",\"isPartOf\":{\"@id\":\"https:\\\/\\\/news.save.ch\\\/de\\\/#website\"},\"primaryImageOfPage\":{\"@id\":\"https:\\\/\\\/news.save.ch\\\/edoeb-empfiehlt-die-loeschung-der-daten-von-meineimpfungen-ch\\\/#primaryimage\"},\"image\":{\"@id\":\"https:\\\/\\\/news.save.ch\\\/edoeb-empfiehlt-die-loeschung-der-daten-von-meineimpfungen-ch\\\/#primaryimage\"},\"thumbnailUrl\":\"https:\\\/\\\/news.save.ch\\\/wp-content\\\/uploads\\\/2021\\\/08\\\/meineimpfungen.jpg\",\"datePublished\":\"2022-05-27T06:55:54+00:00\",\"dateModified\":\"2023-06-27T04:36:00+00:00\",\"description\":\"Nachdem die M\u00e4ngel bei der Datenintegrit\u00e4t der Plattform meineimpfungen.ch bis heute nicht behoben wurden, hat der Edoeb nun zusammen mit Datenschutzbeauftragten des Kantons Bern das Konkursamt Bern-Mittelland angewiesen, die Daten l\u00f6schen zu lassen.\",\"breadcrumb\":{\"@id\":\"https:\\\/\\\/news.save.ch\\\/edoeb-empfiehlt-die-loeschung-der-daten-von-meineimpfungen-ch\\\/#breadcrumb\"},\"inLanguage\":\"fr-FR\",\"potentialAction\":[{\"@type\":\"ReadAction\",\"target\":[\"https:\\\/\\\/news.save.ch\\\/edoeb-empfiehlt-die-loeschung-der-daten-von-meineimpfungen-ch\\\/\"]}]},{\"@type\":\"ImageObject\",\"inLanguage\":\"fr-FR\",\"@id\":\"https:\\\/\\\/news.save.ch\\\/edoeb-empfiehlt-die-loeschung-der-daten-von-meineimpfungen-ch\\\/#primaryimage\",\"url\":\"https:\\\/\\\/news.save.ch\\\/wp-content\\\/uploads\\\/2021\\\/08\\\/meineimpfungen.jpg\",\"contentUrl\":\"https:\\\/\\\/news.save.ch\\\/wp-content\\\/uploads\\\/2021\\\/08\\\/meineimpfungen.jpg\",\"width\":842,\"height\":537,\"caption\":\"meineimpfungen.ch\"},{\"@type\":\"BreadcrumbList\",\"@id\":\"https:\\\/\\\/news.save.ch\\\/edoeb-empfiehlt-die-loeschung-der-daten-von-meineimpfungen-ch\\\/#breadcrumb\",\"itemListElement\":[{\"@type\":\"ListItem\",\"position\":1,\"name\":\"Home\",\"item\":\"https:\\\/\\\/news.save.ch\\\/de\\\/\"},{\"@type\":\"ListItem\",\"position\":2,\"name\":\"Edoeb empfiehlt die L\u00f6schung der Daten von meineimpfungen.ch\"}]},{\"@type\":\"WebSite\",\"@id\":\"https:\\\/\\\/news.save.ch\\\/de\\\/#website\",\"url\":\"https:\\\/\\\/news.save.ch\\\/de\\\/\",\"name\":\"Save\",\"description\":\"Schweizer Fachzeitschrift f\u00fcr Sicherheit\",\"publisher\":{\"@id\":\"https:\\\/\\\/news.save.ch\\\/de\\\/#organization\"},\"potentialAction\":[{\"@type\":\"SearchAction\",\"target\":{\"@type\":\"EntryPoint\",\"urlTemplate\":\"https:\\\/\\\/news.save.ch\\\/de\\\/?s={search_term_string}\"},\"query-input\":{\"@type\":\"PropertyValueSpecification\",\"valueRequired\":true,\"valueName\":\"search_term_string\"}}],\"inLanguage\":\"fr-FR\"},{\"@type\":\"Organization\",\"@id\":\"https:\\\/\\\/news.save.ch\\\/de\\\/#organization\",\"name\":\"Sicherheitsforum\",\"url\":\"https:\\\/\\\/news.save.ch\\\/de\\\/\",\"logo\":{\"@type\":\"ImageObject\",\"inLanguage\":\"fr-FR\",\"@id\":\"https:\\\/\\\/news.save.ch\\\/de\\\/#\\\/schema\\\/logo\\\/image\\\/\",\"url\":\"https:\\\/\\\/news.save.ch\\\/wp-content\\\/uploads\\\/2022\\\/06\\\/Logo_SF_2012.png\",\"contentUrl\":\"https:\\\/\\\/news.save.ch\\\/wp-content\\\/uploads\\\/2022\\\/06\\\/Logo_SF_2012.png\",\"width\":1100,\"height\":91,\"caption\":\"Sicherheitsforum\"},\"image\":{\"@id\":\"https:\\\/\\\/news.save.ch\\\/de\\\/#\\\/schema\\\/logo\\\/image\\\/\"}},{\"@type\":\"Person\",\"@id\":\"https:\\\/\\\/news.save.ch\\\/de\\\/#\\\/schema\\\/person\\\/ad4ef21102fd6125312409ac57d5296d\",\"name\":\"Simon Gr\u00f6flin\",\"image\":{\"@type\":\"ImageObject\",\"inLanguage\":\"fr-FR\",\"@id\":\"https:\\\/\\\/secure.gravatar.com\\\/avatar\\\/6ddceb80eb734354635539e0ea5140bb7c41e42de7c45c9a2ab9921b5d5c9a83?s=96&d=mm&r=g\",\"url\":\"https:\\\/\\\/secure.gravatar.com\\\/avatar\\\/6ddceb80eb734354635539e0ea5140bb7c41e42de7c45c9a2ab9921b5d5c9a83?s=96&d=mm&r=g\",\"contentUrl\":\"https:\\\/\\\/secure.gravatar.com\\\/avatar\\\/6ddceb80eb734354635539e0ea5140bb7c41e42de7c45c9a2ab9921b5d5c9a83?s=96&d=mm&r=g\",\"caption\":\"Simon Gr\u00f6flin\"},\"url\":\"https:\\\/\\\/news.save.ch\\\/fr\\\/author\\\/simon-groeflin\\\/\"}]}<\/script>\n<!-- \/ Yoast SEO plugin. -->","yoast_head_json":{"title":"Edoeb recommande la suppression des donn\u00e9es de mavaccination.ch - Save","description":"Les d\u00e9fauts d'int\u00e9grit\u00e9 des donn\u00e9es de la plateforme mesvaccins.ch n'ayant pas \u00e9t\u00e9 corrig\u00e9s \u00e0 ce jour, Edoeb a ordonn\u00e9 \u00e0 l'Office des faillites de Berne-Mittelland, en collaboration avec les responsables de la protection des donn\u00e9es du canton de Berne, de faire effacer les donn\u00e9es.","robots":{"index":"index","follow":"follow","max-snippet":"max-snippet:-1","max-image-preview":"max-image-preview:large","max-video-preview":"max-video-preview:-1"},"canonical":"https:\/\/news.save.ch\/fr\/edoeb-empfiehlt-die-loeschung-der-daten-von-meineimpfungen-ch\/","og_locale":"fr_FR","og_type":"article","og_title":"Edoeb empfiehlt die L\u00f6schung der Daten von meineimpfungen.ch - Save","og_description":"Nachdem die M\u00e4ngel bei der Datenintegrit\u00e4t der Plattform meineimpfungen.ch bis heute nicht behoben wurden, hat der Edoeb nun zusammen mit Datenschutzbeauftragten des Kantons Bern das Konkursamt Bern-Mittelland angewiesen, die Daten l\u00f6schen zu lassen.","og_url":"https:\/\/news.save.ch\/fr\/edoeb-empfiehlt-die-loeschung-der-daten-von-meineimpfungen-ch\/","og_site_name":"Save","article_published_time":"2022-05-27T06:55:54+00:00","article_modified_time":"2023-06-27T04:36:00+00:00","og_image":[{"width":842,"height":537,"url":"https:\/\/news.save.ch\/wp-content\/uploads\/2021\/08\/meineimpfungen.jpg","type":"image\/jpeg"}],"author":"Simon Gr\u00f6flin","twitter_card":"summary_large_image","twitter_misc":{"\u00c9crit par":"Simon Gr\u00f6flin","Dur\u00e9e de lecture estim\u00e9e":"1 minute"},"schema":{"@context":"https:\/\/schema.org","@graph":[{"@type":"Article","@id":"https:\/\/news.save.ch\/edoeb-empfiehlt-die-loeschung-der-daten-von-meineimpfungen-ch\/#article","isPartOf":{"@id":"https:\/\/news.save.ch\/edoeb-empfiehlt-die-loeschung-der-daten-von-meineimpfungen-ch\/"},"author":{"name":"Simon Gr\u00f6flin","@id":"https:\/\/news.save.ch\/de\/#\/schema\/person\/ad4ef21102fd6125312409ac57d5296d"},"headline":"Edoeb empfiehlt die L\u00f6schung der Daten von meineimpfungen.ch","datePublished":"2022-05-27T06:55:54+00:00","dateModified":"2023-06-27T04:36:00+00:00","mainEntityOfPage":{"@id":"https:\/\/news.save.ch\/edoeb-empfiehlt-die-loeschung-der-daten-von-meineimpfungen-ch\/"},"wordCount":145,"publisher":{"@id":"https:\/\/news.save.ch\/de\/#organization"},"image":{"@id":"https:\/\/news.save.ch\/edoeb-empfiehlt-die-loeschung-der-daten-von-meineimpfungen-ch\/#primaryimage"},"thumbnailUrl":"https:\/\/news.save.ch\/wp-content\/uploads\/2021\/08\/meineimpfungen.jpg","keywords":["Datenintegrit\u00e4t","Datenschutz","Datenschutzbeauftragten","ED\u00d6B","Eidgen\u00f6ssischer Datenschutzbeauftragter","Gutachten","Konkursamt Bern-Mittelland","meineimpfungen.ch"],"articleSection":["ALLGEMEIN"],"inLanguage":"fr-FR"},{"@type":"WebPage","@id":"https:\/\/news.save.ch\/edoeb-empfiehlt-die-loeschung-der-daten-von-meineimpfungen-ch\/","url":"https:\/\/news.save.ch\/edoeb-empfiehlt-die-loeschung-der-daten-von-meineimpfungen-ch\/","name":"Edoeb recommande la suppression des donn\u00e9es de mavaccination.ch - Save","isPartOf":{"@id":"https:\/\/news.save.ch\/de\/#website"},"primaryImageOfPage":{"@id":"https:\/\/news.save.ch\/edoeb-empfiehlt-die-loeschung-der-daten-von-meineimpfungen-ch\/#primaryimage"},"image":{"@id":"https:\/\/news.save.ch\/edoeb-empfiehlt-die-loeschung-der-daten-von-meineimpfungen-ch\/#primaryimage"},"thumbnailUrl":"https:\/\/news.save.ch\/wp-content\/uploads\/2021\/08\/meineimpfungen.jpg","datePublished":"2022-05-27T06:55:54+00:00","dateModified":"2023-06-27T04:36:00+00:00","description":"Les d\u00e9fauts d'int\u00e9grit\u00e9 des donn\u00e9es de la plateforme mesvaccins.ch n'ayant pas \u00e9t\u00e9 corrig\u00e9s \u00e0 ce jour, Edoeb a ordonn\u00e9 \u00e0 l'Office des faillites de Berne-Mittelland, en collaboration avec les responsables de la protection des donn\u00e9es du canton de Berne, de faire effacer les donn\u00e9es.","breadcrumb":{"@id":"https:\/\/news.save.ch\/edoeb-empfiehlt-die-loeschung-der-daten-von-meineimpfungen-ch\/#breadcrumb"},"inLanguage":"fr-FR","potentialAction":[{"@type":"ReadAction","target":["https:\/\/news.save.ch\/edoeb-empfiehlt-die-loeschung-der-daten-von-meineimpfungen-ch\/"]}]},{"@type":"ImageObject","inLanguage":"fr-FR","@id":"https:\/\/news.save.ch\/edoeb-empfiehlt-die-loeschung-der-daten-von-meineimpfungen-ch\/#primaryimage","url":"https:\/\/news.save.ch\/wp-content\/uploads\/2021\/08\/meineimpfungen.jpg","contentUrl":"https:\/\/news.save.ch\/wp-content\/uploads\/2021\/08\/meineimpfungen.jpg","width":842,"height":537,"caption":"meineimpfungen.ch"},{"@type":"BreadcrumbList","@id":"https:\/\/news.save.ch\/edoeb-empfiehlt-die-loeschung-der-daten-von-meineimpfungen-ch\/#breadcrumb","itemListElement":[{"@type":"ListItem","position":1,"name":"Home","item":"https:\/\/news.save.ch\/de\/"},{"@type":"ListItem","position":2,"name":"Edoeb empfiehlt die L\u00f6schung der Daten von meineimpfungen.ch"}]},{"@type":"WebSite","@id":"https:\/\/news.save.ch\/de\/#website","url":"https:\/\/news.save.ch\/de\/","name":"Save","description":"Revue suisse sp\u00e9cialis\u00e9e dans la s\u00e9curit\u00e9","publisher":{"@id":"https:\/\/news.save.ch\/de\/#organization"},"potentialAction":[{"@type":"SearchAction","target":{"@type":"EntryPoint","urlTemplate":"https:\/\/news.save.ch\/de\/?s={search_term_string}"},"query-input":{"@type":"PropertyValueSpecification","valueRequired":true,"valueName":"search_term_string"}}],"inLanguage":"fr-FR"},{"@type":"Organization","@id":"https:\/\/news.save.ch\/de\/#organization","name":"Forum sur la s\u00e9curit\u00e9","url":"https:\/\/news.save.ch\/de\/","logo":{"@type":"ImageObject","inLanguage":"fr-FR","@id":"https:\/\/news.save.ch\/de\/#\/schema\/logo\/image\/","url":"https:\/\/news.save.ch\/wp-content\/uploads\/2022\/06\/Logo_SF_2012.png","contentUrl":"https:\/\/news.save.ch\/wp-content\/uploads\/2022\/06\/Logo_SF_2012.png","width":1100,"height":91,"caption":"Sicherheitsforum"},"image":{"@id":"https:\/\/news.save.ch\/de\/#\/schema\/logo\/image\/"}},{"@type":"Person","@id":"https:\/\/news.save.ch\/de\/#\/schema\/person\/ad4ef21102fd6125312409ac57d5296d","name":"Simon Gr\u00f6flin","image":{"@type":"ImageObject","inLanguage":"fr-FR","@id":"https:\/\/secure.gravatar.com\/avatar\/6ddceb80eb734354635539e0ea5140bb7c41e42de7c45c9a2ab9921b5d5c9a83?s=96&d=mm&r=g","url":"https:\/\/secure.gravatar.com\/avatar\/6ddceb80eb734354635539e0ea5140bb7c41e42de7c45c9a2ab9921b5d5c9a83?s=96&d=mm&r=g","contentUrl":"https:\/\/secure.gravatar.com\/avatar\/6ddceb80eb734354635539e0ea5140bb7c41e42de7c45c9a2ab9921b5d5c9a83?s=96&d=mm&r=g","caption":"Simon Gr\u00f6flin"},"url":"https:\/\/news.save.ch\/fr\/author\/simon-groeflin\/"}]}},"_links":{"self":[{"href":"https:\/\/news.save.ch\/fr\/wp-json\/wp\/v2\/posts\/14255","targetHints":{"allow":["GET"]}}],"collection":[{"href":"https:\/\/news.save.ch\/fr\/wp-json\/wp\/v2\/posts"}],"about":[{"href":"https:\/\/news.save.ch\/fr\/wp-json\/wp\/v2\/types\/post"}],"author":[{"embeddable":true,"href":"https:\/\/news.save.ch\/fr\/wp-json\/wp\/v2\/users\/9"}],"replies":[{"embeddable":true,"href":"https:\/\/news.save.ch\/fr\/wp-json\/wp\/v2\/comments?post=14255"}],"version-history":[{"count":2,"href":"https:\/\/news.save.ch\/fr\/wp-json\/wp\/v2\/posts\/14255\/revisions"}],"predecessor-version":[{"id":20333,"href":"https:\/\/news.save.ch\/fr\/wp-json\/wp\/v2\/posts\/14255\/revisions\/20333"}],"wp:featuredmedia":[{"embeddable":true,"href":"https:\/\/news.save.ch\/fr\/wp-json\/wp\/v2\/media\/12423"}],"wp:attachment":[{"href":"https:\/\/news.save.ch\/fr\/wp-json\/wp\/v2\/media?parent=14255"}],"wp:term":[{"taxonomy":"category","embeddable":true,"href":"https:\/\/news.save.ch\/fr\/wp-json\/wp\/v2\/categories?post=14255"},{"taxonomy":"post_tag","embeddable":true,"href":"https:\/\/news.save.ch\/fr\/wp-json\/wp\/v2\/tags?post=14255"}],"curies":[{"name":"wp","href":"https:\/\/api.w.org\/{rel}","templated":true}]}}