{"id":14265,"date":"2022-05-30T08:54:04","date_gmt":"2022-05-30T06:54:04","guid":{"rendered":"https:\/\/news.save.ch\/?p=14265"},"modified":"2023-06-27T06:40:19","modified_gmt":"2023-06-27T04:40:19","slug":"entwicklung-der-personalkosten-im-sicherheits-dienstleistungbereich","status":null,"type":"post","link":"https:\/\/news.save.ch\/fr\/entwicklung-der-personalkosten-im-sicherheits-dienstleistungbereich\/","title":{"rendered":"\u00c9volution des frais de personnel dans le secteur des prestations de s\u00e9curit\u00e9"},"content":{"rendered":"<figure id=\"attachment_14271\" aria-describedby=\"caption-attachment-14271\" style=\"width: 999px\" class=\"wp-caption alignleft\"><img loading=\"lazy\" decoding=\"async\" class=\"wp-image-14271 size-full\" src=\"https:\/\/news.save.ch\/wp-content\/uploads\/2022\/05\/Depositphotos_80940262_S.jpg\" alt=\"Domaine des services de s\u00e9curit\u00e9\" width=\"999\" height=\"667\" srcset=\"https:\/\/news.save.ch\/wp-content\/uploads\/2022\/05\/Depositphotos_80940262_S.jpg 999w, https:\/\/news.save.ch\/wp-content\/uploads\/2022\/05\/Depositphotos_80940262_S-375x250.jpg 375w\" sizes=\"auto, (max-width: 999px) 100vw, 999px\" \/><figcaption id=\"caption-attachment-14271\" class=\"wp-caption-text\">Image : depositphotos<\/figcaption><\/figure>\n<p>L'Association des entreprises suisses de services de s\u00e9curit\u00e9 (VSSU) a \u00e9valu\u00e9 l'\u00e9volution des co\u00fbts de personnel entre 2014 et 2022 dans la branche des services de s\u00e9curit\u00e9 priv\u00e9s. <a href=\"https:\/\/www.vssu.org\/wp-content\/uploads\/2022\/03\/Entwicklung-der-Personalkosten-2014-2022.pdf\" target=\"_blank\" rel=\"noopener\">publie<\/a>.<\/p>\n<p>Depuis la convention collective de travail du 1er juillet 2014, les conditions d'emploi font la distinction entre un taux d'occupation fix\u00e9 par contrat (cat\u00e9gorie A), les employ\u00e9s \u00e0 temps plein, la cat\u00e9gorie B pour les employ\u00e9s \u00e0 temps partiel ainsi que les collaborateurs r\u00e9mun\u00e9r\u00e9s \u00e0 l'heure, cat\u00e9gorie C).<\/p>\n<figure id=\"attachment_14269\" aria-describedby=\"caption-attachment-14269\" style=\"width: 629px\" class=\"wp-caption alignleft\"><img loading=\"lazy\" decoding=\"async\" class=\"wp-image-14269 size-full\" src=\"https:\/\/news.save.ch\/wp-content\/uploads\/2022\/05\/VSSU_Steigerung.jpg\" alt=\"\" width=\"629\" height=\"688\" srcset=\"https:\/\/news.save.ch\/wp-content\/uploads\/2022\/05\/VSSU_Steigerung.jpg 629w, https:\/\/news.save.ch\/wp-content\/uploads\/2022\/05\/VSSU_Steigerung-274x300.jpg 274w\" sizes=\"auto, (max-width: 629px) 100vw, 629px\" \/><figcaption id=\"caption-attachment-14269\" class=\"wp-caption-text\">Image : Repr\u00e9sentation graphique de l'augmentation annuelle moyenne des cat\u00e9gories de salaires CCT (indice 100 en 2014). Image : VSSU<\/figcaption><\/figure>\n<p>La repr\u00e9sentation graphique Pr\u00e9sentation donne des informations sur l'augmentation annuelle des cat\u00e9gories salariales. Un autre tableau le montre : Le co\u00fbt horaire de la CCT sans anciennet\u00e9 d'un employ\u00e9 qui passe de la cat\u00e9gorie C \u00e0 la cat\u00e9gorie B entre 2019 et 2020 augmente de 10 %, soit 2,41 CHF par heure.<\/p>\n<figure id=\"attachment_14268\" aria-describedby=\"caption-attachment-14268\" style=\"width: 626px\" class=\"wp-caption alignleft\"><img loading=\"lazy\" decoding=\"async\" class=\"wp-image-14268 size-full\" src=\"https:\/\/news.save.ch\/wp-content\/uploads\/2022\/05\/Stundekosten.jpg\" alt=\"\" width=\"626\" height=\"209\" srcset=\"https:\/\/news.save.ch\/wp-content\/uploads\/2022\/05\/Stundekosten.jpg 626w, https:\/\/news.save.ch\/wp-content\/uploads\/2022\/05\/Stundekosten-375x125.jpg 375w\" sizes=\"auto, (max-width: 626px) 100vw, 626px\" \/><figcaption id=\"caption-attachment-14268\" class=\"wp-caption-text\">Image : Evolution des co\u00fbts horaires en lien avec les changements de cat\u00e9gories entre 2019 et 2022 selon la CCT de la branche de la s\u00e9curit\u00e9 priv\u00e9e. Image : VSSU<\/figcaption><\/figure>\n<p>L'entreprise Itera Wirtschaftspr\u00fcfung AG, membre d'Expert Suisse, a \u00e9t\u00e9 charg\u00e9e par l'Association des entreprises suisses de services de s\u00e9curit\u00e9 (VSSU) d'examiner les calculs relatifs \u00e0 l'\u00e9volution des salaires ainsi qu'une prise de position fondamentale sur l'\u00e9volution des salaires pour les ann\u00e9es 2014 \u00e0 2022, sur la base de ces \u00e9l\u00e9ments.<\/p>\n<p>Itera confirme qu'elle remplit les exigences l\u00e9gales en mati\u00e8re d'agr\u00e9ment et d'ind\u00e9pendance. L'audit a \u00e9t\u00e9 effectu\u00e9 conform\u00e9ment aux normes d'audit suisses. L'indice des salaires est disponible sur <a href=\"https:\/\/www.vssu.org\/de\/\" target=\"_blank\" rel=\"noopener\">Page d'accueil de la VSSU<\/a> disponible dans toutes les langues nationales et en anglais.<\/p>","protected":false},"excerpt":{"rendered":"<p>Der Verband Schweizerischer Sicherheitsdienstleistungs-Unternehmen (VSSU) hat die Personalkostenentwicklung zwischen 2014 und 2022 in der privaten Sicherheitsdienstleistungsbranche publiziert. Seit dem Gesamtarbeitsvertrag vom 1. Juli 2014 wird bei den Anstellungsbedingungen unterschieden zwischen einem vertraglich fix festgelegten Pensum (Kategorie A), den Vollzeitangestellten, der Kategorie B f\u00fcr Teilzeitangestellte sowie Mitarbeitende im Stundenlohn, Kategorie C). Die grafische Darstellung Darstellung gibt [&hellip;]<\/p>\n","protected":false},"author":9,"featured_media":14271,"comment_status":"closed","ping_status":"closed","sticky":false,"template":"","format":"standard","meta":{"_acf_changed":false,"pgc_sgb_lightbox_settings":"","footnotes":""},"categories":[1],"tags":[4471,4472,4470,4640,1426,4469,331],"class_list":["post-14265","post","type-post","status-publish","format-standard","has-post-thumbnail","hentry","category-allgemein","tag-gesamtarbeitsvertrag","tag-lohnkategorien","tag-personalkostenentwicklung","tag-sicherheits-dienstleistungbereich","tag-sicherheitsdienstleister","tag-verband-schweizerischer-sicherheitsdienstleistungs-unternehmen","tag-vssu"],"acf":[],"hkrextid":null,"publication":null,"issue":null,"workflow":null,"startPage":null,"spitzmarke":null,"_posts_by_tag_page_fields":{"widget_title":"","widget_tags":""},"_at_widget":"1","_yoast_wpseo_primary_category":"","_yoast_wpseo_focuskw_text_input":null,"_yoast_wpseo_opengraph-image":null,"_yoast_wpseo_opengraph-description":null,"_yoast_wpseo_opengraph-title":null,"enclosure":null,"_yoast_wpseo_twitter-title":null,"_yoast_wpseo_twitter-description":null,"_yoast_wpseo_twitter-image":null,"_wp_old_slug":null,"_yoast_wpseo_title":null,"_yoast_wpseo_canonical":null,"yoast_head":"<!-- This site is optimized with the Yoast SEO plugin v27.5 - https:\/\/yoast.com\/product\/yoast-seo-wordpress\/ -->\n<title>Entwicklung der Personalkosten im Sicherheits-Dienstleistungbereich - Save<\/title>\n<meta name=\"description\" content=\"Der Verband Schweizerischer Sicherheitsdienstleistungs-Unternehmen (VSSU) hat die Entwicklung der Personalkosten von 2014 und 2022 in der privaten Sicherheitsdienstleistungsbranche ver\u00f6ffentlicht. Die Berechnungen basieren auf verschiedenen Anstellungsmodalit\u00e4ten und geben auch Aufschluss \u00fcber die vertraglichen Mutationen nach Dienstalter.\" \/>\n<meta name=\"robots\" content=\"index, follow, max-snippet:-1, max-image-preview:large, max-video-preview:-1\" \/>\n<link rel=\"canonical\" href=\"https:\/\/news.save.ch\/fr\/entwicklung-der-personalkosten-im-sicherheits-dienstleistungbereich\/\" \/>\n<meta property=\"og:locale\" content=\"fr_FR\" \/>\n<meta property=\"og:type\" content=\"article\" \/>\n<meta property=\"og:title\" content=\"Entwicklung der Personalkosten im Sicherheits-Dienstleistungbereich - Save\" \/>\n<meta property=\"og:description\" content=\"Der Verband Schweizerischer Sicherheitsdienstleistungs-Unternehmen (VSSU) hat die Entwicklung der Personalkosten von 2014 und 2022 in der privaten Sicherheitsdienstleistungsbranche ver\u00f6ffentlicht. Die Berechnungen basieren auf verschiedenen Anstellungsmodalit\u00e4ten und geben auch Aufschluss \u00fcber die vertraglichen Mutationen nach Dienstalter.\" \/>\n<meta property=\"og:url\" content=\"https:\/\/news.save.ch\/fr\/entwicklung-der-personalkosten-im-sicherheits-dienstleistungbereich\/\" \/>\n<meta property=\"og:site_name\" content=\"Save\" \/>\n<meta property=\"article:published_time\" content=\"2022-05-30T06:54:04+00:00\" \/>\n<meta property=\"article:modified_time\" content=\"2023-06-27T04:40:19+00:00\" \/>\n<meta property=\"og:image\" content=\"https:\/\/news.save.ch\/wp-content\/uploads\/2022\/05\/Depositphotos_80940262_S.jpg\" \/>\n\t<meta property=\"og:image:width\" content=\"999\" \/>\n\t<meta property=\"og:image:height\" content=\"667\" \/>\n\t<meta property=\"og:image:type\" content=\"image\/jpeg\" \/>\n<meta name=\"author\" content=\"Simon Gr\u00f6flin\" \/>\n<meta name=\"twitter:card\" content=\"summary_large_image\" \/>\n<meta name=\"twitter:label1\" content=\"\u00c9crit par\" \/>\n\t<meta name=\"twitter:data1\" content=\"Simon Gr\u00f6flin\" \/>\n\t<meta name=\"twitter:label2\" content=\"Dur\u00e9e de lecture estim\u00e9e\" \/>\n\t<meta name=\"twitter:data2\" content=\"2 minutes\" \/>\n<script type=\"application\/ld+json\" class=\"yoast-schema-graph\">{\"@context\":\"https:\\\/\\\/schema.org\",\"@graph\":[{\"@type\":\"Article\",\"@id\":\"https:\\\/\\\/news.save.ch\\\/entwicklung-der-personalkosten-im-sicherheits-dienstleistungbereich\\\/#article\",\"isPartOf\":{\"@id\":\"https:\\\/\\\/news.save.ch\\\/entwicklung-der-personalkosten-im-sicherheits-dienstleistungbereich\\\/\"},\"author\":{\"name\":\"Simon Gr\u00f6flin\",\"@id\":\"https:\\\/\\\/news.save.ch\\\/de\\\/#\\\/schema\\\/person\\\/ad4ef21102fd6125312409ac57d5296d\"},\"headline\":\"Entwicklung der Personalkosten im Sicherheits-Dienstleistungbereich\",\"datePublished\":\"2022-05-30T06:54:04+00:00\",\"dateModified\":\"2023-06-27T04:40:19+00:00\",\"mainEntityOfPage\":{\"@id\":\"https:\\\/\\\/news.save.ch\\\/entwicklung-der-personalkosten-im-sicherheits-dienstleistungbereich\\\/\"},\"wordCount\":233,\"publisher\":{\"@id\":\"https:\\\/\\\/news.save.ch\\\/de\\\/#organization\"},\"image\":{\"@id\":\"https:\\\/\\\/news.save.ch\\\/entwicklung-der-personalkosten-im-sicherheits-dienstleistungbereich\\\/#primaryimage\"},\"thumbnailUrl\":\"https:\\\/\\\/news.save.ch\\\/wp-content\\\/uploads\\\/2022\\\/05\\\/Depositphotos_80940262_S.jpg\",\"keywords\":[\"Gesamtarbeitsvertrag\",\"Lohnkategorien\",\"Personalkostenentwicklung\",\"Sicherheits-Dienstleistungbereich\",\"sicherheitsdienstleister\",\"Verband Schweizerischer Sicherheitsdienstleistungs-Unternehmen\",\"VSSU\"],\"articleSection\":[\"ALLGEMEIN\"],\"inLanguage\":\"fr-FR\"},{\"@type\":\"WebPage\",\"@id\":\"https:\\\/\\\/news.save.ch\\\/entwicklung-der-personalkosten-im-sicherheits-dienstleistungbereich\\\/\",\"url\":\"https:\\\/\\\/news.save.ch\\\/entwicklung-der-personalkosten-im-sicherheits-dienstleistungbereich\\\/\",\"name\":\"Entwicklung der Personalkosten im Sicherheits-Dienstleistungbereich - Save\",\"isPartOf\":{\"@id\":\"https:\\\/\\\/news.save.ch\\\/de\\\/#website\"},\"primaryImageOfPage\":{\"@id\":\"https:\\\/\\\/news.save.ch\\\/entwicklung-der-personalkosten-im-sicherheits-dienstleistungbereich\\\/#primaryimage\"},\"image\":{\"@id\":\"https:\\\/\\\/news.save.ch\\\/entwicklung-der-personalkosten-im-sicherheits-dienstleistungbereich\\\/#primaryimage\"},\"thumbnailUrl\":\"https:\\\/\\\/news.save.ch\\\/wp-content\\\/uploads\\\/2022\\\/05\\\/Depositphotos_80940262_S.jpg\",\"datePublished\":\"2022-05-30T06:54:04+00:00\",\"dateModified\":\"2023-06-27T04:40:19+00:00\",\"description\":\"Der Verband Schweizerischer Sicherheitsdienstleistungs-Unternehmen (VSSU) hat die Entwicklung der Personalkosten von 2014 und 2022 in der privaten Sicherheitsdienstleistungsbranche ver\u00f6ffentlicht. Die Berechnungen basieren auf verschiedenen Anstellungsmodalit\u00e4ten und geben auch Aufschluss \u00fcber die vertraglichen Mutationen nach Dienstalter.\",\"breadcrumb\":{\"@id\":\"https:\\\/\\\/news.save.ch\\\/entwicklung-der-personalkosten-im-sicherheits-dienstleistungbereich\\\/#breadcrumb\"},\"inLanguage\":\"fr-FR\",\"potentialAction\":[{\"@type\":\"ReadAction\",\"target\":[\"https:\\\/\\\/news.save.ch\\\/entwicklung-der-personalkosten-im-sicherheits-dienstleistungbereich\\\/\"]}]},{\"@type\":\"ImageObject\",\"inLanguage\":\"fr-FR\",\"@id\":\"https:\\\/\\\/news.save.ch\\\/entwicklung-der-personalkosten-im-sicherheits-dienstleistungbereich\\\/#primaryimage\",\"url\":\"https:\\\/\\\/news.save.ch\\\/wp-content\\\/uploads\\\/2022\\\/05\\\/Depositphotos_80940262_S.jpg\",\"contentUrl\":\"https:\\\/\\\/news.save.ch\\\/wp-content\\\/uploads\\\/2022\\\/05\\\/Depositphotos_80940262_S.jpg\",\"width\":999,\"height\":667,\"caption\":\"Young Security Guard Standing In Front Of The Glass Door Entrance\"},{\"@type\":\"BreadcrumbList\",\"@id\":\"https:\\\/\\\/news.save.ch\\\/entwicklung-der-personalkosten-im-sicherheits-dienstleistungbereich\\\/#breadcrumb\",\"itemListElement\":[{\"@type\":\"ListItem\",\"position\":1,\"name\":\"Home\",\"item\":\"https:\\\/\\\/news.save.ch\\\/de\\\/\"},{\"@type\":\"ListItem\",\"position\":2,\"name\":\"Entwicklung der Personalkosten im Sicherheits-Dienstleistungbereich\"}]},{\"@type\":\"WebSite\",\"@id\":\"https:\\\/\\\/news.save.ch\\\/de\\\/#website\",\"url\":\"https:\\\/\\\/news.save.ch\\\/de\\\/\",\"name\":\"Save\",\"description\":\"Schweizer Fachzeitschrift f\u00fcr Sicherheit\",\"publisher\":{\"@id\":\"https:\\\/\\\/news.save.ch\\\/de\\\/#organization\"},\"potentialAction\":[{\"@type\":\"SearchAction\",\"target\":{\"@type\":\"EntryPoint\",\"urlTemplate\":\"https:\\\/\\\/news.save.ch\\\/de\\\/?s={search_term_string}\"},\"query-input\":{\"@type\":\"PropertyValueSpecification\",\"valueRequired\":true,\"valueName\":\"search_term_string\"}}],\"inLanguage\":\"fr-FR\"},{\"@type\":\"Organization\",\"@id\":\"https:\\\/\\\/news.save.ch\\\/de\\\/#organization\",\"name\":\"Sicherheitsforum\",\"url\":\"https:\\\/\\\/news.save.ch\\\/de\\\/\",\"logo\":{\"@type\":\"ImageObject\",\"inLanguage\":\"fr-FR\",\"@id\":\"https:\\\/\\\/news.save.ch\\\/de\\\/#\\\/schema\\\/logo\\\/image\\\/\",\"url\":\"https:\\\/\\\/news.save.ch\\\/wp-content\\\/uploads\\\/2022\\\/06\\\/Logo_SF_2012.png\",\"contentUrl\":\"https:\\\/\\\/news.save.ch\\\/wp-content\\\/uploads\\\/2022\\\/06\\\/Logo_SF_2012.png\",\"width\":1100,\"height\":91,\"caption\":\"Sicherheitsforum\"},\"image\":{\"@id\":\"https:\\\/\\\/news.save.ch\\\/de\\\/#\\\/schema\\\/logo\\\/image\\\/\"}},{\"@type\":\"Person\",\"@id\":\"https:\\\/\\\/news.save.ch\\\/de\\\/#\\\/schema\\\/person\\\/ad4ef21102fd6125312409ac57d5296d\",\"name\":\"Simon Gr\u00f6flin\",\"image\":{\"@type\":\"ImageObject\",\"inLanguage\":\"fr-FR\",\"@id\":\"https:\\\/\\\/secure.gravatar.com\\\/avatar\\\/6ddceb80eb734354635539e0ea5140bb7c41e42de7c45c9a2ab9921b5d5c9a83?s=96&d=mm&r=g\",\"url\":\"https:\\\/\\\/secure.gravatar.com\\\/avatar\\\/6ddceb80eb734354635539e0ea5140bb7c41e42de7c45c9a2ab9921b5d5c9a83?s=96&d=mm&r=g\",\"contentUrl\":\"https:\\\/\\\/secure.gravatar.com\\\/avatar\\\/6ddceb80eb734354635539e0ea5140bb7c41e42de7c45c9a2ab9921b5d5c9a83?s=96&d=mm&r=g\",\"caption\":\"Simon Gr\u00f6flin\"},\"url\":\"https:\\\/\\\/news.save.ch\\\/fr\\\/author\\\/simon-groeflin\\\/\"}]}<\/script>\n<!-- \/ Yoast SEO plugin. -->","yoast_head_json":{"title":"Evolution des frais de personnel dans le secteur des prestations de s\u00e9curit\u00e9 - Save","description":"L'Association des entreprises suisses de services de s\u00e9curit\u00e9 (VSSU) a publi\u00e9 l'\u00e9volution des frais de personnel de 2014 \u00e0 2022 dans le secteur des services de s\u00e9curit\u00e9 priv\u00e9s. Les calculs se basent sur diff\u00e9rentes modalit\u00e9s d'engagement et donnent \u00e9galement des informations sur les mutations contractuelles en fonction de l'anciennet\u00e9.","robots":{"index":"index","follow":"follow","max-snippet":"max-snippet:-1","max-image-preview":"max-image-preview:large","max-video-preview":"max-video-preview:-1"},"canonical":"https:\/\/news.save.ch\/fr\/entwicklung-der-personalkosten-im-sicherheits-dienstleistungbereich\/","og_locale":"fr_FR","og_type":"article","og_title":"Entwicklung der Personalkosten im Sicherheits-Dienstleistungbereich - Save","og_description":"Der Verband Schweizerischer Sicherheitsdienstleistungs-Unternehmen (VSSU) hat die Entwicklung der Personalkosten von 2014 und 2022 in der privaten Sicherheitsdienstleistungsbranche ver\u00f6ffentlicht. Die Berechnungen basieren auf verschiedenen Anstellungsmodalit\u00e4ten und geben auch Aufschluss \u00fcber die vertraglichen Mutationen nach Dienstalter.","og_url":"https:\/\/news.save.ch\/fr\/entwicklung-der-personalkosten-im-sicherheits-dienstleistungbereich\/","og_site_name":"Save","article_published_time":"2022-05-30T06:54:04+00:00","article_modified_time":"2023-06-27T04:40:19+00:00","og_image":[{"width":999,"height":667,"url":"https:\/\/news.save.ch\/wp-content\/uploads\/2022\/05\/Depositphotos_80940262_S.jpg","type":"image\/jpeg"}],"author":"Simon Gr\u00f6flin","twitter_card":"summary_large_image","twitter_misc":{"\u00c9crit par":"Simon Gr\u00f6flin","Dur\u00e9e de lecture estim\u00e9e":"2 minutes"},"schema":{"@context":"https:\/\/schema.org","@graph":[{"@type":"Article","@id":"https:\/\/news.save.ch\/entwicklung-der-personalkosten-im-sicherheits-dienstleistungbereich\/#article","isPartOf":{"@id":"https:\/\/news.save.ch\/entwicklung-der-personalkosten-im-sicherheits-dienstleistungbereich\/"},"author":{"name":"Simon Gr\u00f6flin","@id":"https:\/\/news.save.ch\/de\/#\/schema\/person\/ad4ef21102fd6125312409ac57d5296d"},"headline":"Entwicklung der Personalkosten im Sicherheits-Dienstleistungbereich","datePublished":"2022-05-30T06:54:04+00:00","dateModified":"2023-06-27T04:40:19+00:00","mainEntityOfPage":{"@id":"https:\/\/news.save.ch\/entwicklung-der-personalkosten-im-sicherheits-dienstleistungbereich\/"},"wordCount":233,"publisher":{"@id":"https:\/\/news.save.ch\/de\/#organization"},"image":{"@id":"https:\/\/news.save.ch\/entwicklung-der-personalkosten-im-sicherheits-dienstleistungbereich\/#primaryimage"},"thumbnailUrl":"https:\/\/news.save.ch\/wp-content\/uploads\/2022\/05\/Depositphotos_80940262_S.jpg","keywords":["Gesamtarbeitsvertrag","Lohnkategorien","Personalkostenentwicklung","Sicherheits-Dienstleistungbereich","sicherheitsdienstleister","Verband Schweizerischer Sicherheitsdienstleistungs-Unternehmen","VSSU"],"articleSection":["ALLGEMEIN"],"inLanguage":"fr-FR"},{"@type":"WebPage","@id":"https:\/\/news.save.ch\/entwicklung-der-personalkosten-im-sicherheits-dienstleistungbereich\/","url":"https:\/\/news.save.ch\/entwicklung-der-personalkosten-im-sicherheits-dienstleistungbereich\/","name":"Evolution des frais de personnel dans le secteur des prestations de s\u00e9curit\u00e9 - Save","isPartOf":{"@id":"https:\/\/news.save.ch\/de\/#website"},"primaryImageOfPage":{"@id":"https:\/\/news.save.ch\/entwicklung-der-personalkosten-im-sicherheits-dienstleistungbereich\/#primaryimage"},"image":{"@id":"https:\/\/news.save.ch\/entwicklung-der-personalkosten-im-sicherheits-dienstleistungbereich\/#primaryimage"},"thumbnailUrl":"https:\/\/news.save.ch\/wp-content\/uploads\/2022\/05\/Depositphotos_80940262_S.jpg","datePublished":"2022-05-30T06:54:04+00:00","dateModified":"2023-06-27T04:40:19+00:00","description":"L'Association des entreprises suisses de services de s\u00e9curit\u00e9 (VSSU) a publi\u00e9 l'\u00e9volution des frais de personnel de 2014 \u00e0 2022 dans le secteur des services de s\u00e9curit\u00e9 priv\u00e9s. Les calculs se basent sur diff\u00e9rentes modalit\u00e9s d'engagement et donnent \u00e9galement des informations sur les mutations contractuelles en fonction de l'anciennet\u00e9.","breadcrumb":{"@id":"https:\/\/news.save.ch\/entwicklung-der-personalkosten-im-sicherheits-dienstleistungbereich\/#breadcrumb"},"inLanguage":"fr-FR","potentialAction":[{"@type":"ReadAction","target":["https:\/\/news.save.ch\/entwicklung-der-personalkosten-im-sicherheits-dienstleistungbereich\/"]}]},{"@type":"ImageObject","inLanguage":"fr-FR","@id":"https:\/\/news.save.ch\/entwicklung-der-personalkosten-im-sicherheits-dienstleistungbereich\/#primaryimage","url":"https:\/\/news.save.ch\/wp-content\/uploads\/2022\/05\/Depositphotos_80940262_S.jpg","contentUrl":"https:\/\/news.save.ch\/wp-content\/uploads\/2022\/05\/Depositphotos_80940262_S.jpg","width":999,"height":667,"caption":"Young Security Guard Standing In Front Of The Glass Door Entrance"},{"@type":"BreadcrumbList","@id":"https:\/\/news.save.ch\/entwicklung-der-personalkosten-im-sicherheits-dienstleistungbereich\/#breadcrumb","itemListElement":[{"@type":"ListItem","position":1,"name":"Home","item":"https:\/\/news.save.ch\/de\/"},{"@type":"ListItem","position":2,"name":"Entwicklung der Personalkosten im Sicherheits-Dienstleistungbereich"}]},{"@type":"WebSite","@id":"https:\/\/news.save.ch\/de\/#website","url":"https:\/\/news.save.ch\/de\/","name":"Save","description":"Revue suisse sp\u00e9cialis\u00e9e dans la s\u00e9curit\u00e9","publisher":{"@id":"https:\/\/news.save.ch\/de\/#organization"},"potentialAction":[{"@type":"SearchAction","target":{"@type":"EntryPoint","urlTemplate":"https:\/\/news.save.ch\/de\/?s={search_term_string}"},"query-input":{"@type":"PropertyValueSpecification","valueRequired":true,"valueName":"search_term_string"}}],"inLanguage":"fr-FR"},{"@type":"Organization","@id":"https:\/\/news.save.ch\/de\/#organization","name":"Forum sur la s\u00e9curit\u00e9","url":"https:\/\/news.save.ch\/de\/","logo":{"@type":"ImageObject","inLanguage":"fr-FR","@id":"https:\/\/news.save.ch\/de\/#\/schema\/logo\/image\/","url":"https:\/\/news.save.ch\/wp-content\/uploads\/2022\/06\/Logo_SF_2012.png","contentUrl":"https:\/\/news.save.ch\/wp-content\/uploads\/2022\/06\/Logo_SF_2012.png","width":1100,"height":91,"caption":"Sicherheitsforum"},"image":{"@id":"https:\/\/news.save.ch\/de\/#\/schema\/logo\/image\/"}},{"@type":"Person","@id":"https:\/\/news.save.ch\/de\/#\/schema\/person\/ad4ef21102fd6125312409ac57d5296d","name":"Simon Gr\u00f6flin","image":{"@type":"ImageObject","inLanguage":"fr-FR","@id":"https:\/\/secure.gravatar.com\/avatar\/6ddceb80eb734354635539e0ea5140bb7c41e42de7c45c9a2ab9921b5d5c9a83?s=96&d=mm&r=g","url":"https:\/\/secure.gravatar.com\/avatar\/6ddceb80eb734354635539e0ea5140bb7c41e42de7c45c9a2ab9921b5d5c9a83?s=96&d=mm&r=g","contentUrl":"https:\/\/secure.gravatar.com\/avatar\/6ddceb80eb734354635539e0ea5140bb7c41e42de7c45c9a2ab9921b5d5c9a83?s=96&d=mm&r=g","caption":"Simon Gr\u00f6flin"},"url":"https:\/\/news.save.ch\/fr\/author\/simon-groeflin\/"}]}},"_links":{"self":[{"href":"https:\/\/news.save.ch\/fr\/wp-json\/wp\/v2\/posts\/14265","targetHints":{"allow":["GET"]}}],"collection":[{"href":"https:\/\/news.save.ch\/fr\/wp-json\/wp\/v2\/posts"}],"about":[{"href":"https:\/\/news.save.ch\/fr\/wp-json\/wp\/v2\/types\/post"}],"author":[{"embeddable":true,"href":"https:\/\/news.save.ch\/fr\/wp-json\/wp\/v2\/users\/9"}],"replies":[{"embeddable":true,"href":"https:\/\/news.save.ch\/fr\/wp-json\/wp\/v2\/comments?post=14265"}],"version-history":[{"count":3,"href":"https:\/\/news.save.ch\/fr\/wp-json\/wp\/v2\/posts\/14265\/revisions"}],"predecessor-version":[{"id":20337,"href":"https:\/\/news.save.ch\/fr\/wp-json\/wp\/v2\/posts\/14265\/revisions\/20337"}],"wp:featuredmedia":[{"embeddable":true,"href":"https:\/\/news.save.ch\/fr\/wp-json\/wp\/v2\/media\/14271"}],"wp:attachment":[{"href":"https:\/\/news.save.ch\/fr\/wp-json\/wp\/v2\/media?parent=14265"}],"wp:term":[{"taxonomy":"category","embeddable":true,"href":"https:\/\/news.save.ch\/fr\/wp-json\/wp\/v2\/categories?post=14265"},{"taxonomy":"post_tag","embeddable":true,"href":"https:\/\/news.save.ch\/fr\/wp-json\/wp\/v2\/tags?post=14265"}],"curies":[{"name":"wp","href":"https:\/\/api.w.org\/{rel}","templated":true}]}}