{"id":14367,"date":"2022-06-20T07:59:33","date_gmt":"2022-06-20T05:59:33","guid":{"rendered":"https:\/\/news.save.ch\/?p=14367"},"modified":"2023-06-27T07:13:50","modified_gmt":"2023-06-27T05:13:50","slug":"neue-leiterin-der-unabhaengigen-aufsichtsbehoerde-des-nachrichtendienstes","status":null,"type":"post","link":"https:\/\/news.save.ch\/fr\/neue-leiterin-der-unabhaengigen-aufsichtsbehoerde-des-nachrichtendienstes\/","title":{"rendered":"Nouvelle responsable de l'autorit\u00e9 ind\u00e9pendante de surveillance des services de renseignement"},"content":{"rendered":"<figure id=\"attachment_14369\" aria-describedby=\"caption-attachment-14369\" style=\"width: 1200px\" class=\"wp-caption alignleft\"><img loading=\"lazy\" decoding=\"async\" class=\"wp-image-14369 size-full\" src=\"https:\/\/news.save.ch\/wp-content\/uploads\/2022\/06\/Prisca_Fischer.png\" alt=\"Autorit\u00e9 de surveillance\" width=\"1200\" height=\"821\" srcset=\"https:\/\/news.save.ch\/wp-content\/uploads\/2022\/06\/Prisca_Fischer.png 1200w, https:\/\/news.save.ch\/wp-content\/uploads\/2022\/06\/Prisca_Fischer-375x257.png 375w\" sizes=\"auto, (max-width: 1200px) 100vw, 1200px\" \/><figcaption id=\"caption-attachment-14369\" class=\"wp-caption-text\">Image : zVg<\/figcaption><\/figure>\n<p>Lors d'une s\u00e9ance du 3 juin 2022, le Conseil f\u00e9d\u00e9ral a nomm\u00e9 Prisca Fischer \u00e0 la t\u00eate de l'autorit\u00e9 ind\u00e9pendante de surveillance du service de renseignement AB-ND. \u00c2g\u00e9e de 47 ans, elle a \u00e9tudi\u00e9 le droit \u00e0 l'Universit\u00e9 de Fribourg et a obtenu un master en 2005. De 2005 \u00e0 2007, Fischer a notamment travaill\u00e9 comme fonctionnaire d'enqu\u00eate et cheffe suppl\u00e9ante de la section Surveillance des entreprises aupr\u00e8s de la Commission f\u00e9d\u00e9rale des maisons de jeu (CFMJ). Fischer a \u00e9galement occup\u00e9 des postes au Tribunal p\u00e9nal f\u00e9d\u00e9ral en tant que juge d'instruction extraordinaire pour le domaine italophone et en tant que Risk Profilerin aupr\u00e8s de l'unit\u00e9 Contr\u00f4les de s\u00e9curit\u00e9 relatifs aux personnes PSP de la Chancellerie f\u00e9d\u00e9rale suisse. Depuis juillet 2021, elle dirige un groupe de responsables d'enqu\u00eates dans le domaine des lois sur les march\u00e9s financiers au sein du service de droit p\u00e9nal du Secr\u00e9tariat g\u00e9n\u00e9ral du DFF.<\/p>\n<p>Selon la Conf\u00e9d\u00e9ration, Fischer, de par sa formation initiale et continue et son parcours, est la personne id\u00e9ale pour ce poste. Fischer succ\u00e8de \u00e0 Thomas Fritschi, qui a repris en avril la direction du secr\u00e9tariat de la Commission f\u00e9d\u00e9rale des maisons de jeu (CFMJ).<\/p>\n<p><em>Source : le Conseil f\u00e9d\u00e9ral\/communiqu\u00e9 de presse<\/em><\/p>","protected":false},"excerpt":{"rendered":"<p>An einer Sitzung vom 3. Juni 2022 hat der Bundesrat Prisca Fischer zur neuen Leiterin der unabh\u00e4ngigen Aufsichtsbeh\u00f6rde des Nachrichtendienstes AB-ND gew\u00e4hlt. Die 47-J\u00e4hrige hat Rechtswissenschaften an der Universit\u00e4t Fribourg studiert und 2005 mit einem Master abgeschlossen. Von 2005 bis 2007 war Fischer unter anderem als Untersuchungsbeamtin und Stellvertretende Leiterin der Sektion Betriebsaufsicht bei der [&hellip;]<\/p>\n","protected":false},"author":9,"featured_media":14369,"comment_status":"closed","ping_status":"closed","sticky":false,"template":"","format":"standard","meta":{"_acf_changed":false,"pgc_sgb_lightbox_settings":"","footnotes":""},"categories":[1],"tags":[4423,168,165,1054,1434,4424],"class_list":["post-14367","post","type-post","status-publish","format-standard","has-post-thumbnail","hentry","category-allgemein","tag-aufsichtsbehoerde","tag-bundesrat","tag-nachrichtendienst","tag-nachrichtendienst-des-bundes","tag-prisca-fischer","tag-thomas-fritschi"],"acf":[],"hkrextid":null,"publication":null,"issue":null,"workflow":null,"startPage":null,"spitzmarke":null,"_posts_by_tag_page_fields":{"widget_title":"","widget_tags":""},"_at_widget":"1","_yoast_wpseo_primary_category":"","_yoast_wpseo_focuskw_text_input":null,"_yoast_wpseo_opengraph-image":null,"_yoast_wpseo_opengraph-description":null,"_yoast_wpseo_opengraph-title":null,"enclosure":null,"_yoast_wpseo_twitter-title":null,"_yoast_wpseo_twitter-description":null,"_yoast_wpseo_twitter-image":null,"_wp_old_slug":null,"_yoast_wpseo_title":null,"_yoast_wpseo_canonical":null,"yoast_head":"<!-- This site is optimized with the Yoast SEO plugin v27.5 - https:\/\/yoast.com\/product\/yoast-seo-wordpress\/ -->\n<title>Neue Leiterin der unabh\u00e4ngigen Aufsichtsbeh\u00f6rde des Nachrichtendienstes - Save<\/title>\n<meta name=\"description\" content=\"Der Bundesrat hat an einer Sitzung vom 3. Juni 2022 Prisca Fischer zur Leiterin der unabh\u00e4ngigen Aufsichtsbeh\u00f6rde des Nachrichtendienstes (AB-ND) gew\u00e4hlt. Sie tritt in die Fussstapfen von Thomas Fritschi, der per April die Leitung des Sekretariats der Eidgen\u00f6ssischen Spielbankenkommission (ESBK) \u00fcbernommen hatte.\" \/>\n<meta name=\"robots\" content=\"index, follow, max-snippet:-1, max-image-preview:large, max-video-preview:-1\" \/>\n<link rel=\"canonical\" href=\"https:\/\/news.save.ch\/fr\/neue-leiterin-der-unabhaengigen-aufsichtsbehoerde-des-nachrichtendienstes\/\" \/>\n<meta property=\"og:locale\" content=\"fr_FR\" \/>\n<meta property=\"og:type\" content=\"article\" \/>\n<meta property=\"og:title\" content=\"Neue Leiterin der unabh\u00e4ngigen Aufsichtsbeh\u00f6rde des Nachrichtendienstes - Save\" \/>\n<meta property=\"og:description\" content=\"Der Bundesrat hat an einer Sitzung vom 3. Juni 2022 Prisca Fischer zur Leiterin der unabh\u00e4ngigen Aufsichtsbeh\u00f6rde des Nachrichtendienstes (AB-ND) gew\u00e4hlt. Sie tritt in die Fussstapfen von Thomas Fritschi, der per April die Leitung des Sekretariats der Eidgen\u00f6ssischen Spielbankenkommission (ESBK) \u00fcbernommen hatte.\" \/>\n<meta property=\"og:url\" content=\"https:\/\/news.save.ch\/fr\/neue-leiterin-der-unabhaengigen-aufsichtsbehoerde-des-nachrichtendienstes\/\" \/>\n<meta property=\"og:site_name\" content=\"Save\" \/>\n<meta property=\"article:published_time\" content=\"2022-06-20T05:59:33+00:00\" \/>\n<meta property=\"article:modified_time\" content=\"2023-06-27T05:13:50+00:00\" \/>\n<meta property=\"og:image\" content=\"https:\/\/news.save.ch\/wp-content\/uploads\/2022\/06\/Prisca_Fischer.png\" \/>\n\t<meta property=\"og:image:width\" content=\"1200\" \/>\n\t<meta property=\"og:image:height\" content=\"821\" \/>\n\t<meta property=\"og:image:type\" content=\"image\/png\" \/>\n<meta name=\"author\" content=\"Simon Gr\u00f6flin\" \/>\n<meta name=\"twitter:card\" content=\"summary_large_image\" \/>\n<meta name=\"twitter:label1\" content=\"\u00c9crit par\" \/>\n\t<meta name=\"twitter:data1\" content=\"Simon Gr\u00f6flin\" \/>\n\t<meta name=\"twitter:label2\" content=\"Dur\u00e9e de lecture estim\u00e9e\" \/>\n\t<meta name=\"twitter:data2\" content=\"2 minutes\" \/>\n<script type=\"application\/ld+json\" class=\"yoast-schema-graph\">{\"@context\":\"https:\\\/\\\/schema.org\",\"@graph\":[{\"@type\":\"Article\",\"@id\":\"https:\\\/\\\/news.save.ch\\\/neue-leiterin-der-unabhaengigen-aufsichtsbehoerde-des-nachrichtendienstes\\\/#article\",\"isPartOf\":{\"@id\":\"https:\\\/\\\/news.save.ch\\\/neue-leiterin-der-unabhaengigen-aufsichtsbehoerde-des-nachrichtendienstes\\\/\"},\"author\":{\"name\":\"Simon Gr\u00f6flin\",\"@id\":\"https:\\\/\\\/news.save.ch\\\/de\\\/#\\\/schema\\\/person\\\/ad4ef21102fd6125312409ac57d5296d\"},\"headline\":\"Neue Leiterin der unabh\u00e4ngigen Aufsichtsbeh\u00f6rde des Nachrichtendienstes\",\"datePublished\":\"2022-06-20T05:59:33+00:00\",\"dateModified\":\"2023-06-27T05:13:50+00:00\",\"mainEntityOfPage\":{\"@id\":\"https:\\\/\\\/news.save.ch\\\/neue-leiterin-der-unabhaengigen-aufsichtsbehoerde-des-nachrichtendienstes\\\/\"},\"wordCount\":169,\"publisher\":{\"@id\":\"https:\\\/\\\/news.save.ch\\\/de\\\/#organization\"},\"image\":{\"@id\":\"https:\\\/\\\/news.save.ch\\\/neue-leiterin-der-unabhaengigen-aufsichtsbehoerde-des-nachrichtendienstes\\\/#primaryimage\"},\"thumbnailUrl\":\"https:\\\/\\\/news.save.ch\\\/wp-content\\\/uploads\\\/2022\\\/06\\\/Prisca_Fischer.png\",\"keywords\":[\"Aufsichtsbeh\u00f6rde\",\"Bundesrat\",\"Nachrichtendienst\",\"Nachrichtendienst des Bundes\",\"Prisca Fischer\",\"Thomas Fritschi\"],\"articleSection\":[\"ALLGEMEIN\"],\"inLanguage\":\"fr-FR\"},{\"@type\":\"WebPage\",\"@id\":\"https:\\\/\\\/news.save.ch\\\/neue-leiterin-der-unabhaengigen-aufsichtsbehoerde-des-nachrichtendienstes\\\/\",\"url\":\"https:\\\/\\\/news.save.ch\\\/neue-leiterin-der-unabhaengigen-aufsichtsbehoerde-des-nachrichtendienstes\\\/\",\"name\":\"Neue Leiterin der unabh\u00e4ngigen Aufsichtsbeh\u00f6rde des Nachrichtendienstes - Save\",\"isPartOf\":{\"@id\":\"https:\\\/\\\/news.save.ch\\\/de\\\/#website\"},\"primaryImageOfPage\":{\"@id\":\"https:\\\/\\\/news.save.ch\\\/neue-leiterin-der-unabhaengigen-aufsichtsbehoerde-des-nachrichtendienstes\\\/#primaryimage\"},\"image\":{\"@id\":\"https:\\\/\\\/news.save.ch\\\/neue-leiterin-der-unabhaengigen-aufsichtsbehoerde-des-nachrichtendienstes\\\/#primaryimage\"},\"thumbnailUrl\":\"https:\\\/\\\/news.save.ch\\\/wp-content\\\/uploads\\\/2022\\\/06\\\/Prisca_Fischer.png\",\"datePublished\":\"2022-06-20T05:59:33+00:00\",\"dateModified\":\"2023-06-27T05:13:50+00:00\",\"description\":\"Der Bundesrat hat an einer Sitzung vom 3. Juni 2022 Prisca Fischer zur Leiterin der unabh\u00e4ngigen Aufsichtsbeh\u00f6rde des Nachrichtendienstes (AB-ND) gew\u00e4hlt. Sie tritt in die Fussstapfen von Thomas Fritschi, der per April die Leitung des Sekretariats der Eidgen\u00f6ssischen Spielbankenkommission (ESBK) \u00fcbernommen hatte.\",\"breadcrumb\":{\"@id\":\"https:\\\/\\\/news.save.ch\\\/neue-leiterin-der-unabhaengigen-aufsichtsbehoerde-des-nachrichtendienstes\\\/#breadcrumb\"},\"inLanguage\":\"fr-FR\",\"potentialAction\":[{\"@type\":\"ReadAction\",\"target\":[\"https:\\\/\\\/news.save.ch\\\/neue-leiterin-der-unabhaengigen-aufsichtsbehoerde-des-nachrichtendienstes\\\/\"]}]},{\"@type\":\"ImageObject\",\"inLanguage\":\"fr-FR\",\"@id\":\"https:\\\/\\\/news.save.ch\\\/neue-leiterin-der-unabhaengigen-aufsichtsbehoerde-des-nachrichtendienstes\\\/#primaryimage\",\"url\":\"https:\\\/\\\/news.save.ch\\\/wp-content\\\/uploads\\\/2022\\\/06\\\/Prisca_Fischer.png\",\"contentUrl\":\"https:\\\/\\\/news.save.ch\\\/wp-content\\\/uploads\\\/2022\\\/06\\\/Prisca_Fischer.png\",\"width\":1200,\"height\":821,\"caption\":\"Bundesrat, Aufsichtsbeh\u00f6rde\"},{\"@type\":\"BreadcrumbList\",\"@id\":\"https:\\\/\\\/news.save.ch\\\/neue-leiterin-der-unabhaengigen-aufsichtsbehoerde-des-nachrichtendienstes\\\/#breadcrumb\",\"itemListElement\":[{\"@type\":\"ListItem\",\"position\":1,\"name\":\"Home\",\"item\":\"https:\\\/\\\/news.save.ch\\\/de\\\/\"},{\"@type\":\"ListItem\",\"position\":2,\"name\":\"Neue Leiterin der unabh\u00e4ngigen Aufsichtsbeh\u00f6rde des Nachrichtendienstes\"}]},{\"@type\":\"WebSite\",\"@id\":\"https:\\\/\\\/news.save.ch\\\/de\\\/#website\",\"url\":\"https:\\\/\\\/news.save.ch\\\/de\\\/\",\"name\":\"Save\",\"description\":\"Schweizer Fachzeitschrift f\u00fcr Sicherheit\",\"publisher\":{\"@id\":\"https:\\\/\\\/news.save.ch\\\/de\\\/#organization\"},\"potentialAction\":[{\"@type\":\"SearchAction\",\"target\":{\"@type\":\"EntryPoint\",\"urlTemplate\":\"https:\\\/\\\/news.save.ch\\\/de\\\/?s={search_term_string}\"},\"query-input\":{\"@type\":\"PropertyValueSpecification\",\"valueRequired\":true,\"valueName\":\"search_term_string\"}}],\"inLanguage\":\"fr-FR\"},{\"@type\":\"Organization\",\"@id\":\"https:\\\/\\\/news.save.ch\\\/de\\\/#organization\",\"name\":\"Sicherheitsforum\",\"url\":\"https:\\\/\\\/news.save.ch\\\/de\\\/\",\"logo\":{\"@type\":\"ImageObject\",\"inLanguage\":\"fr-FR\",\"@id\":\"https:\\\/\\\/news.save.ch\\\/de\\\/#\\\/schema\\\/logo\\\/image\\\/\",\"url\":\"https:\\\/\\\/news.save.ch\\\/wp-content\\\/uploads\\\/2022\\\/06\\\/Logo_SF_2012.png\",\"contentUrl\":\"https:\\\/\\\/news.save.ch\\\/wp-content\\\/uploads\\\/2022\\\/06\\\/Logo_SF_2012.png\",\"width\":1100,\"height\":91,\"caption\":\"Sicherheitsforum\"},\"image\":{\"@id\":\"https:\\\/\\\/news.save.ch\\\/de\\\/#\\\/schema\\\/logo\\\/image\\\/\"}},{\"@type\":\"Person\",\"@id\":\"https:\\\/\\\/news.save.ch\\\/de\\\/#\\\/schema\\\/person\\\/ad4ef21102fd6125312409ac57d5296d\",\"name\":\"Simon Gr\u00f6flin\",\"image\":{\"@type\":\"ImageObject\",\"inLanguage\":\"fr-FR\",\"@id\":\"https:\\\/\\\/secure.gravatar.com\\\/avatar\\\/6ddceb80eb734354635539e0ea5140bb7c41e42de7c45c9a2ab9921b5d5c9a83?s=96&d=mm&r=g\",\"url\":\"https:\\\/\\\/secure.gravatar.com\\\/avatar\\\/6ddceb80eb734354635539e0ea5140bb7c41e42de7c45c9a2ab9921b5d5c9a83?s=96&d=mm&r=g\",\"contentUrl\":\"https:\\\/\\\/secure.gravatar.com\\\/avatar\\\/6ddceb80eb734354635539e0ea5140bb7c41e42de7c45c9a2ab9921b5d5c9a83?s=96&d=mm&r=g\",\"caption\":\"Simon Gr\u00f6flin\"},\"url\":\"https:\\\/\\\/news.save.ch\\\/fr\\\/author\\\/simon-groeflin\\\/\"}]}<\/script>\n<!-- \/ Yoast SEO plugin. -->","yoast_head_json":{"title":"Nouvelle responsable de l'autorit\u00e9 ind\u00e9pendante de surveillance des services de renseignement - Save","description":"Lors d'une s\u00e9ance du 3 juin 2022, le Conseil f\u00e9d\u00e9ral a nomm\u00e9 Prisca Fischer \u00e0 la t\u00eate de l'Autorit\u00e9 ind\u00e9pendante de surveillance du Service de renseignement (AB-ND). Elle succ\u00e8de \u00e0 Thomas Fritschi, qui avait pris la t\u00eate du secr\u00e9tariat de la Commission f\u00e9d\u00e9rale des maisons de jeu (CFMJ) en avril.","robots":{"index":"index","follow":"follow","max-snippet":"max-snippet:-1","max-image-preview":"max-image-preview:large","max-video-preview":"max-video-preview:-1"},"canonical":"https:\/\/news.save.ch\/fr\/neue-leiterin-der-unabhaengigen-aufsichtsbehoerde-des-nachrichtendienstes\/","og_locale":"fr_FR","og_type":"article","og_title":"Neue Leiterin der unabh\u00e4ngigen Aufsichtsbeh\u00f6rde des Nachrichtendienstes - Save","og_description":"Der Bundesrat hat an einer Sitzung vom 3. Juni 2022 Prisca Fischer zur Leiterin der unabh\u00e4ngigen Aufsichtsbeh\u00f6rde des Nachrichtendienstes (AB-ND) gew\u00e4hlt. Sie tritt in die Fussstapfen von Thomas Fritschi, der per April die Leitung des Sekretariats der Eidgen\u00f6ssischen Spielbankenkommission (ESBK) \u00fcbernommen hatte.","og_url":"https:\/\/news.save.ch\/fr\/neue-leiterin-der-unabhaengigen-aufsichtsbehoerde-des-nachrichtendienstes\/","og_site_name":"Save","article_published_time":"2022-06-20T05:59:33+00:00","article_modified_time":"2023-06-27T05:13:50+00:00","og_image":[{"width":1200,"height":821,"url":"https:\/\/news.save.ch\/wp-content\/uploads\/2022\/06\/Prisca_Fischer.png","type":"image\/png"}],"author":"Simon Gr\u00f6flin","twitter_card":"summary_large_image","twitter_misc":{"\u00c9crit par":"Simon Gr\u00f6flin","Dur\u00e9e de lecture estim\u00e9e":"2 minutes"},"schema":{"@context":"https:\/\/schema.org","@graph":[{"@type":"Article","@id":"https:\/\/news.save.ch\/neue-leiterin-der-unabhaengigen-aufsichtsbehoerde-des-nachrichtendienstes\/#article","isPartOf":{"@id":"https:\/\/news.save.ch\/neue-leiterin-der-unabhaengigen-aufsichtsbehoerde-des-nachrichtendienstes\/"},"author":{"name":"Simon Gr\u00f6flin","@id":"https:\/\/news.save.ch\/de\/#\/schema\/person\/ad4ef21102fd6125312409ac57d5296d"},"headline":"Neue Leiterin der unabh\u00e4ngigen Aufsichtsbeh\u00f6rde des Nachrichtendienstes","datePublished":"2022-06-20T05:59:33+00:00","dateModified":"2023-06-27T05:13:50+00:00","mainEntityOfPage":{"@id":"https:\/\/news.save.ch\/neue-leiterin-der-unabhaengigen-aufsichtsbehoerde-des-nachrichtendienstes\/"},"wordCount":169,"publisher":{"@id":"https:\/\/news.save.ch\/de\/#organization"},"image":{"@id":"https:\/\/news.save.ch\/neue-leiterin-der-unabhaengigen-aufsichtsbehoerde-des-nachrichtendienstes\/#primaryimage"},"thumbnailUrl":"https:\/\/news.save.ch\/wp-content\/uploads\/2022\/06\/Prisca_Fischer.png","keywords":["Aufsichtsbeh\u00f6rde","Bundesrat","Nachrichtendienst","Nachrichtendienst des Bundes","Prisca Fischer","Thomas Fritschi"],"articleSection":["ALLGEMEIN"],"inLanguage":"fr-FR"},{"@type":"WebPage","@id":"https:\/\/news.save.ch\/neue-leiterin-der-unabhaengigen-aufsichtsbehoerde-des-nachrichtendienstes\/","url":"https:\/\/news.save.ch\/neue-leiterin-der-unabhaengigen-aufsichtsbehoerde-des-nachrichtendienstes\/","name":"Nouvelle responsable de l'autorit\u00e9 ind\u00e9pendante de surveillance des services de renseignement - Save","isPartOf":{"@id":"https:\/\/news.save.ch\/de\/#website"},"primaryImageOfPage":{"@id":"https:\/\/news.save.ch\/neue-leiterin-der-unabhaengigen-aufsichtsbehoerde-des-nachrichtendienstes\/#primaryimage"},"image":{"@id":"https:\/\/news.save.ch\/neue-leiterin-der-unabhaengigen-aufsichtsbehoerde-des-nachrichtendienstes\/#primaryimage"},"thumbnailUrl":"https:\/\/news.save.ch\/wp-content\/uploads\/2022\/06\/Prisca_Fischer.png","datePublished":"2022-06-20T05:59:33+00:00","dateModified":"2023-06-27T05:13:50+00:00","description":"Lors d'une s\u00e9ance du 3 juin 2022, le Conseil f\u00e9d\u00e9ral a nomm\u00e9 Prisca Fischer \u00e0 la t\u00eate de l'Autorit\u00e9 ind\u00e9pendante de surveillance du Service de renseignement (AB-ND). Elle succ\u00e8de \u00e0 Thomas Fritschi, qui avait pris la t\u00eate du secr\u00e9tariat de la Commission f\u00e9d\u00e9rale des maisons de jeu (CFMJ) en avril.","breadcrumb":{"@id":"https:\/\/news.save.ch\/neue-leiterin-der-unabhaengigen-aufsichtsbehoerde-des-nachrichtendienstes\/#breadcrumb"},"inLanguage":"fr-FR","potentialAction":[{"@type":"ReadAction","target":["https:\/\/news.save.ch\/neue-leiterin-der-unabhaengigen-aufsichtsbehoerde-des-nachrichtendienstes\/"]}]},{"@type":"ImageObject","inLanguage":"fr-FR","@id":"https:\/\/news.save.ch\/neue-leiterin-der-unabhaengigen-aufsichtsbehoerde-des-nachrichtendienstes\/#primaryimage","url":"https:\/\/news.save.ch\/wp-content\/uploads\/2022\/06\/Prisca_Fischer.png","contentUrl":"https:\/\/news.save.ch\/wp-content\/uploads\/2022\/06\/Prisca_Fischer.png","width":1200,"height":821,"caption":"Bundesrat, Aufsichtsbeh\u00f6rde"},{"@type":"BreadcrumbList","@id":"https:\/\/news.save.ch\/neue-leiterin-der-unabhaengigen-aufsichtsbehoerde-des-nachrichtendienstes\/#breadcrumb","itemListElement":[{"@type":"ListItem","position":1,"name":"Home","item":"https:\/\/news.save.ch\/de\/"},{"@type":"ListItem","position":2,"name":"Neue Leiterin der unabh\u00e4ngigen Aufsichtsbeh\u00f6rde des Nachrichtendienstes"}]},{"@type":"WebSite","@id":"https:\/\/news.save.ch\/de\/#website","url":"https:\/\/news.save.ch\/de\/","name":"Save","description":"Revue suisse sp\u00e9cialis\u00e9e dans la s\u00e9curit\u00e9","publisher":{"@id":"https:\/\/news.save.ch\/de\/#organization"},"potentialAction":[{"@type":"SearchAction","target":{"@type":"EntryPoint","urlTemplate":"https:\/\/news.save.ch\/de\/?s={search_term_string}"},"query-input":{"@type":"PropertyValueSpecification","valueRequired":true,"valueName":"search_term_string"}}],"inLanguage":"fr-FR"},{"@type":"Organization","@id":"https:\/\/news.save.ch\/de\/#organization","name":"Forum sur la s\u00e9curit\u00e9","url":"https:\/\/news.save.ch\/de\/","logo":{"@type":"ImageObject","inLanguage":"fr-FR","@id":"https:\/\/news.save.ch\/de\/#\/schema\/logo\/image\/","url":"https:\/\/news.save.ch\/wp-content\/uploads\/2022\/06\/Logo_SF_2012.png","contentUrl":"https:\/\/news.save.ch\/wp-content\/uploads\/2022\/06\/Logo_SF_2012.png","width":1100,"height":91,"caption":"Sicherheitsforum"},"image":{"@id":"https:\/\/news.save.ch\/de\/#\/schema\/logo\/image\/"}},{"@type":"Person","@id":"https:\/\/news.save.ch\/de\/#\/schema\/person\/ad4ef21102fd6125312409ac57d5296d","name":"Simon Gr\u00f6flin","image":{"@type":"ImageObject","inLanguage":"fr-FR","@id":"https:\/\/secure.gravatar.com\/avatar\/6ddceb80eb734354635539e0ea5140bb7c41e42de7c45c9a2ab9921b5d5c9a83?s=96&d=mm&r=g","url":"https:\/\/secure.gravatar.com\/avatar\/6ddceb80eb734354635539e0ea5140bb7c41e42de7c45c9a2ab9921b5d5c9a83?s=96&d=mm&r=g","contentUrl":"https:\/\/secure.gravatar.com\/avatar\/6ddceb80eb734354635539e0ea5140bb7c41e42de7c45c9a2ab9921b5d5c9a83?s=96&d=mm&r=g","caption":"Simon Gr\u00f6flin"},"url":"https:\/\/news.save.ch\/fr\/author\/simon-groeflin\/"}]}},"_links":{"self":[{"href":"https:\/\/news.save.ch\/fr\/wp-json\/wp\/v2\/posts\/14367","targetHints":{"allow":["GET"]}}],"collection":[{"href":"https:\/\/news.save.ch\/fr\/wp-json\/wp\/v2\/posts"}],"about":[{"href":"https:\/\/news.save.ch\/fr\/wp-json\/wp\/v2\/types\/post"}],"author":[{"embeddable":true,"href":"https:\/\/news.save.ch\/fr\/wp-json\/wp\/v2\/users\/9"}],"replies":[{"embeddable":true,"href":"https:\/\/news.save.ch\/fr\/wp-json\/wp\/v2\/comments?post=14367"}],"version-history":[{"count":2,"href":"https:\/\/news.save.ch\/fr\/wp-json\/wp\/v2\/posts\/14367\/revisions"}],"predecessor-version":[{"id":20358,"href":"https:\/\/news.save.ch\/fr\/wp-json\/wp\/v2\/posts\/14367\/revisions\/20358"}],"wp:featuredmedia":[{"embeddable":true,"href":"https:\/\/news.save.ch\/fr\/wp-json\/wp\/v2\/media\/14369"}],"wp:attachment":[{"href":"https:\/\/news.save.ch\/fr\/wp-json\/wp\/v2\/media?parent=14367"}],"wp:term":[{"taxonomy":"category","embeddable":true,"href":"https:\/\/news.save.ch\/fr\/wp-json\/wp\/v2\/categories?post=14367"},{"taxonomy":"post_tag","embeddable":true,"href":"https:\/\/news.save.ch\/fr\/wp-json\/wp\/v2\/tags?post=14367"}],"curies":[{"name":"wp","href":"https:\/\/api.w.org\/{rel}","templated":true}]}}