{"id":14557,"date":"2022-07-12T09:51:35","date_gmt":"2022-07-12T07:51:35","guid":{"rendered":"https:\/\/news.save.ch\/?p=14557"},"modified":"2023-07-23T20:19:13","modified_gmt":"2023-07-23T18:19:13","slug":"microsoft-will-vba-makros-blockieren","status":null,"type":"post","link":"https:\/\/news.save.ch\/fr\/microsoft-will-vba-makros-blockieren\/","title":{"rendered":"Microsoft d\u00e9sactive les macros VBA par d\u00e9faut dans Office"},"content":{"rendered":"<figure id=\"attachment_14559\" aria-describedby=\"caption-attachment-14559\" style=\"width: 640px\" class=\"wp-caption alignleft\"><img loading=\"lazy\" decoding=\"async\" class=\"wp-image-14559 size-full\" src=\"https:\/\/news.save.ch\/wp-content\/uploads\/2022\/07\/employee-g11e2b36ea_640.jpg\" alt=\"Microsoft\" width=\"640\" height=\"416\" srcset=\"https:\/\/news.save.ch\/wp-content\/uploads\/2022\/07\/employee-g11e2b36ea_640.jpg 640w, https:\/\/news.save.ch\/wp-content\/uploads\/2022\/07\/employee-g11e2b36ea_640-375x244.jpg 375w\" sizes=\"auto, (max-width: 640px) 100vw, 640px\" \/><figcaption id=\"caption-attachment-14559\" class=\"wp-caption-text\">Image : Pixabay<\/figcaption><\/figure>\n<p>Depuis des ann\u00e9es, les pirates informatiques utilisent souvent les macros Visual Basic (VBA) pour introduire des logiciels malveillants dans les documents Office. Il est donc pr\u00e9f\u00e9rable que celles-ci ne soient pas activ\u00e9es pour le grand public d\u00e8s que des documents sont t\u00e9l\u00e9charg\u00e9s depuis Internet. Actuellement, un bouton d'activation s'affiche en haut des fichiers Office t\u00e9l\u00e9charg\u00e9s pour permettre \u00e0 l'utilisateur d'activer les macros dans les contenus t\u00e9l\u00e9charg\u00e9s.<\/p>\n<h2>Un r\u00e9glage plus simple est-il pr\u00e9vu ?<\/h2>\n<p>Comme \"<a href=\"https:\/\/www.theverge.com\/2022\/7\/11\/23203554\/microsoft-block-office-vba-macros-changes-temporary-statement\" target=\"_blank\" rel=\"noopener\">The Verge<\/a>\"Microsoft a maintenant <a href=\"https:\/\/news.save.ch\/fr\/microsoft-will-vba-markos-standardmaessig-blockieren\/\" target=\"_blank\" rel=\"noopener\">ses modifications pr\u00e9vues<\/a> de la semaine derni\u00e8re, surprenant ainsi les administrateurs informatiques qui voulaient se pr\u00e9parer \u00e0 ce que Microsoft emp\u00eache \u00e0 l'avenir les utilisateurs d'Office d'activer facilement des macros dans des documents t\u00e9l\u00e9charg\u00e9s sur Internet. A l'origine, la modification de s\u00e9curit\u00e9 pr\u00e9vue \u00e9tait pr\u00e9vue pour juin, avant que Microsoft n'annule le blocage le 30 juin.<\/p>\n<p>Jusqu'\u00e0 pr\u00e9sent, Microsoft n'a toutefois pas expliqu\u00e9 plus en d\u00e9tail les modifications pr\u00e9vues pour am\u00e9liorer la convivialit\u00e9. On ne sait pas encore tr\u00e8s bien \u00e0 quoi ressembleront les modifications dans le d\u00e9tail. Il \u00e9tait initialement pr\u00e9vu que les utilisateurs d'Office soient contraints d'activer les macros en cliquant sur une option de d\u00e9blocage dans les propri\u00e9t\u00e9s d'un fichier. Ces \u00e9tapes suppl\u00e9mentaires n\u00e9cessitent toutefois une formation des utilisateurs. Il est possible que cette contribution des utilisateurs ait incit\u00e9 Microsoft \u00e0 simplifier le param\u00e8tre de s\u00e9curit\u00e9 pr\u00e9vu.<\/p>\n<p>Le portail tech fait r\u00e9f\u00e9rence \u00e0 une d\u00e9claration de Kellie Eickmeyer, Principal Product Manager chez Microsoft, tir\u00e9e d'un <a href=\"https:\/\/techcommunity.microsoft.com\/t5\/microsoft-365-blog\/helping-users-stay-safe-blocking-internet-macros-by-default-in\/ba-p\/3071805\/page\/2\" target=\"_blank\" rel=\"noopener\">Blogpost<\/a>. Il s'agit d'une modification temporaire et nous sommes donc toujours d\u00e9termin\u00e9s \u00e0 introduire la modification initialement pr\u00e9vue pour tous les utilisateurs.<\/p>\n<p><em>Source : The Verge\u00a0<\/em><\/p>","protected":false},"excerpt":{"rendered":"<p>\u00dcber sogenannte Visual-Basic-Makros (VBA) zielen Hacker seit Jahren oft darauf ab, Malware \u00fcber Office-Dokumente einzuschleusen. Daher ist es von Vorteil, wenn diese f\u00fcr die Allgemeinheit nicht aktiviert sind, sobald Dokumente aus dem Internet heruntergeladen werden. Aktuell poppt jeweils bei heruntergeladenen Office-Dateien im oberen Rand einer Datei eine Aktivierungsschaltfl\u00e4che auf, um Makros bei heruntergeladenen Inhalten nutzerseitig [&hellip;]<\/p>\n","protected":false},"author":9,"featured_media":14559,"comment_status":"closed","ping_status":"closed","sticky":false,"template":"","format":"standard","meta":{"_acf_changed":false,"pgc_sgb_lightbox_settings":"","footnotes":""},"categories":[1],"tags":[63,652,1108,6027,6028,1459,6026],"class_list":["post-14557","post","type-post","status-publish","format-standard","has-post-thumbnail","hentry","category-allgemein","tag-it-security","tag-malware","tag-microsoft","tag-office-dokumente","tag-sicherheits-aenderung","tag-the-verge","tag-visual-basic-makros"],"acf":[],"hkrextid":null,"publication":null,"issue":null,"workflow":null,"startPage":null,"spitzmarke":null,"_posts_by_tag_page_fields":{"widget_title":"","widget_tags":""},"_at_widget":"1","_yoast_wpseo_primary_category":"","_yoast_wpseo_focuskw_text_input":null,"_yoast_wpseo_opengraph-image":null,"_yoast_wpseo_opengraph-description":null,"_yoast_wpseo_opengraph-title":null,"enclosure":null,"_yoast_wpseo_twitter-title":null,"_yoast_wpseo_twitter-description":null,"_yoast_wpseo_twitter-image":null,"_wp_old_slug":null,"_yoast_wpseo_title":null,"_yoast_wpseo_canonical":null,"yoast_head":"<!-- This site is optimized with the Yoast SEO plugin v27.4 - https:\/\/yoast.com\/product\/yoast-seo-wordpress\/ -->\n<title>Microsoft schaltet VBA-Makros in Office standardm\u00e4ssig aus - Save<\/title>\n<meta name=\"description\" content=\"Anders als urspr\u00fcnglich geplant, m\u00f6chte Microsoft eine Standard-Blockade sogenannter Visual-Basic-(VBA-)Makros in Office-Anwendungen nun doch durchsetzen. Urspr\u00fcnglich schien es, als wolle Microsoft mit einer geplanten Standardeinstellung l\u00e4nger zuwarten. Nun erkl\u00e4ren die Redmonder jedoch, weiter an dem urspr\u00fcnglichen Plan festhalten zu wollen.\" \/>\n<meta name=\"robots\" content=\"index, follow, max-snippet:-1, max-image-preview:large, max-video-preview:-1\" \/>\n<link rel=\"canonical\" href=\"https:\/\/news.save.ch\/fr\/microsoft-will-vba-makros-blockieren\/\" \/>\n<meta property=\"og:locale\" content=\"fr_FR\" \/>\n<meta property=\"og:type\" content=\"article\" \/>\n<meta property=\"og:title\" content=\"Microsoft schaltet VBA-Makros in Office standardm\u00e4ssig aus - Save\" \/>\n<meta property=\"og:description\" content=\"Anders als urspr\u00fcnglich geplant, m\u00f6chte Microsoft eine Standard-Blockade sogenannter Visual-Basic-(VBA-)Makros in Office-Anwendungen nun doch durchsetzen. Urspr\u00fcnglich schien es, als wolle Microsoft mit einer geplanten Standardeinstellung l\u00e4nger zuwarten. Nun erkl\u00e4ren die Redmonder jedoch, weiter an dem urspr\u00fcnglichen Plan festhalten zu wollen.\" \/>\n<meta property=\"og:url\" content=\"https:\/\/news.save.ch\/fr\/microsoft-will-vba-makros-blockieren\/\" \/>\n<meta property=\"og:site_name\" content=\"Save\" \/>\n<meta property=\"article:published_time\" content=\"2022-07-12T07:51:35+00:00\" \/>\n<meta property=\"article:modified_time\" content=\"2023-07-23T18:19:13+00:00\" \/>\n<meta property=\"og:image\" content=\"https:\/\/news.save.ch\/wp-content\/uploads\/2022\/07\/employee-g11e2b36ea_640.jpg\" \/>\n\t<meta property=\"og:image:width\" content=\"640\" \/>\n\t<meta property=\"og:image:height\" content=\"416\" \/>\n\t<meta property=\"og:image:type\" content=\"image\/jpeg\" \/>\n<meta name=\"author\" content=\"Simon Gr\u00f6flin\" \/>\n<meta name=\"twitter:card\" content=\"summary_large_image\" \/>\n<meta name=\"twitter:label1\" content=\"\u00c9crit par\" \/>\n\t<meta name=\"twitter:data1\" content=\"Simon Gr\u00f6flin\" \/>\n\t<meta name=\"twitter:label2\" content=\"Dur\u00e9e de lecture estim\u00e9e\" \/>\n\t<meta name=\"twitter:data2\" content=\"2 minutes\" \/>\n<script type=\"application\/ld+json\" class=\"yoast-schema-graph\">{\"@context\":\"https:\\\/\\\/schema.org\",\"@graph\":[{\"@type\":\"Article\",\"@id\":\"https:\\\/\\\/news.save.ch\\\/microsoft-will-vba-makros-blockieren\\\/#article\",\"isPartOf\":{\"@id\":\"https:\\\/\\\/news.save.ch\\\/microsoft-will-vba-makros-blockieren\\\/\"},\"author\":{\"name\":\"Simon Gr\u00f6flin\",\"@id\":\"https:\\\/\\\/news.save.ch\\\/de\\\/#\\\/schema\\\/person\\\/ad4ef21102fd6125312409ac57d5296d\"},\"headline\":\"Microsoft schaltet VBA-Makros in Office standardm\u00e4ssig aus\",\"datePublished\":\"2022-07-12T07:51:35+00:00\",\"dateModified\":\"2023-07-23T18:19:13+00:00\",\"mainEntityOfPage\":{\"@id\":\"https:\\\/\\\/news.save.ch\\\/microsoft-will-vba-makros-blockieren\\\/\"},\"wordCount\":277,\"publisher\":{\"@id\":\"https:\\\/\\\/news.save.ch\\\/de\\\/#organization\"},\"image\":{\"@id\":\"https:\\\/\\\/news.save.ch\\\/microsoft-will-vba-makros-blockieren\\\/#primaryimage\"},\"thumbnailUrl\":\"https:\\\/\\\/news.save.ch\\\/wp-content\\\/uploads\\\/2022\\\/07\\\/employee-g11e2b36ea_640.jpg\",\"keywords\":[\"IT-SECURITY\",\"Malware\",\"Microsoft\",\"Office-Dokumente\",\"Sicherheits-\u00c4nderung\",\"The Verge\",\"Visual-Basic-Makros\"],\"articleSection\":[\"ALLGEMEIN\"],\"inLanguage\":\"fr-FR\"},{\"@type\":\"WebPage\",\"@id\":\"https:\\\/\\\/news.save.ch\\\/microsoft-will-vba-makros-blockieren\\\/\",\"url\":\"https:\\\/\\\/news.save.ch\\\/microsoft-will-vba-makros-blockieren\\\/\",\"name\":\"Microsoft schaltet VBA-Makros in Office standardm\u00e4ssig aus - Save\",\"isPartOf\":{\"@id\":\"https:\\\/\\\/news.save.ch\\\/de\\\/#website\"},\"primaryImageOfPage\":{\"@id\":\"https:\\\/\\\/news.save.ch\\\/microsoft-will-vba-makros-blockieren\\\/#primaryimage\"},\"image\":{\"@id\":\"https:\\\/\\\/news.save.ch\\\/microsoft-will-vba-makros-blockieren\\\/#primaryimage\"},\"thumbnailUrl\":\"https:\\\/\\\/news.save.ch\\\/wp-content\\\/uploads\\\/2022\\\/07\\\/employee-g11e2b36ea_640.jpg\",\"datePublished\":\"2022-07-12T07:51:35+00:00\",\"dateModified\":\"2023-07-23T18:19:13+00:00\",\"description\":\"Anders als urspr\u00fcnglich geplant, m\u00f6chte Microsoft eine Standard-Blockade sogenannter Visual-Basic-(VBA-)Makros in Office-Anwendungen nun doch durchsetzen. Urspr\u00fcnglich schien es, als wolle Microsoft mit einer geplanten Standardeinstellung l\u00e4nger zuwarten. Nun erkl\u00e4ren die Redmonder jedoch, weiter an dem urspr\u00fcnglichen Plan festhalten zu wollen.\",\"breadcrumb\":{\"@id\":\"https:\\\/\\\/news.save.ch\\\/microsoft-will-vba-makros-blockieren\\\/#breadcrumb\"},\"inLanguage\":\"fr-FR\",\"potentialAction\":[{\"@type\":\"ReadAction\",\"target\":[\"https:\\\/\\\/news.save.ch\\\/microsoft-will-vba-makros-blockieren\\\/\"]}]},{\"@type\":\"ImageObject\",\"inLanguage\":\"fr-FR\",\"@id\":\"https:\\\/\\\/news.save.ch\\\/microsoft-will-vba-makros-blockieren\\\/#primaryimage\",\"url\":\"https:\\\/\\\/news.save.ch\\\/wp-content\\\/uploads\\\/2022\\\/07\\\/employee-g11e2b36ea_640.jpg\",\"contentUrl\":\"https:\\\/\\\/news.save.ch\\\/wp-content\\\/uploads\\\/2022\\\/07\\\/employee-g11e2b36ea_640.jpg\",\"width\":640,\"height\":416},{\"@type\":\"BreadcrumbList\",\"@id\":\"https:\\\/\\\/news.save.ch\\\/microsoft-will-vba-makros-blockieren\\\/#breadcrumb\",\"itemListElement\":[{\"@type\":\"ListItem\",\"position\":1,\"name\":\"Home\",\"item\":\"https:\\\/\\\/news.save.ch\\\/de\\\/\"},{\"@type\":\"ListItem\",\"position\":2,\"name\":\"Microsoft schaltet VBA-Makros in Office standardm\u00e4ssig aus\"}]},{\"@type\":\"WebSite\",\"@id\":\"https:\\\/\\\/news.save.ch\\\/de\\\/#website\",\"url\":\"https:\\\/\\\/news.save.ch\\\/de\\\/\",\"name\":\"Save\",\"description\":\"Schweizer Fachzeitschrift f\u00fcr Sicherheit\",\"publisher\":{\"@id\":\"https:\\\/\\\/news.save.ch\\\/de\\\/#organization\"},\"potentialAction\":[{\"@type\":\"SearchAction\",\"target\":{\"@type\":\"EntryPoint\",\"urlTemplate\":\"https:\\\/\\\/news.save.ch\\\/de\\\/?s={search_term_string}\"},\"query-input\":{\"@type\":\"PropertyValueSpecification\",\"valueRequired\":true,\"valueName\":\"search_term_string\"}}],\"inLanguage\":\"fr-FR\"},{\"@type\":\"Organization\",\"@id\":\"https:\\\/\\\/news.save.ch\\\/de\\\/#organization\",\"name\":\"Sicherheitsforum\",\"url\":\"https:\\\/\\\/news.save.ch\\\/de\\\/\",\"logo\":{\"@type\":\"ImageObject\",\"inLanguage\":\"fr-FR\",\"@id\":\"https:\\\/\\\/news.save.ch\\\/de\\\/#\\\/schema\\\/logo\\\/image\\\/\",\"url\":\"https:\\\/\\\/news.save.ch\\\/wp-content\\\/uploads\\\/2022\\\/06\\\/Logo_SF_2012.png\",\"contentUrl\":\"https:\\\/\\\/news.save.ch\\\/wp-content\\\/uploads\\\/2022\\\/06\\\/Logo_SF_2012.png\",\"width\":1100,\"height\":91,\"caption\":\"Sicherheitsforum\"},\"image\":{\"@id\":\"https:\\\/\\\/news.save.ch\\\/de\\\/#\\\/schema\\\/logo\\\/image\\\/\"}},{\"@type\":\"Person\",\"@id\":\"https:\\\/\\\/news.save.ch\\\/de\\\/#\\\/schema\\\/person\\\/ad4ef21102fd6125312409ac57d5296d\",\"name\":\"Simon Gr\u00f6flin\",\"image\":{\"@type\":\"ImageObject\",\"inLanguage\":\"fr-FR\",\"@id\":\"https:\\\/\\\/secure.gravatar.com\\\/avatar\\\/6ddceb80eb734354635539e0ea5140bb7c41e42de7c45c9a2ab9921b5d5c9a83?s=96&d=mm&r=g\",\"url\":\"https:\\\/\\\/secure.gravatar.com\\\/avatar\\\/6ddceb80eb734354635539e0ea5140bb7c41e42de7c45c9a2ab9921b5d5c9a83?s=96&d=mm&r=g\",\"contentUrl\":\"https:\\\/\\\/secure.gravatar.com\\\/avatar\\\/6ddceb80eb734354635539e0ea5140bb7c41e42de7c45c9a2ab9921b5d5c9a83?s=96&d=mm&r=g\",\"caption\":\"Simon Gr\u00f6flin\"},\"url\":\"https:\\\/\\\/news.save.ch\\\/fr\\\/author\\\/simon-groeflin\\\/\"}]}<\/script>\n<!-- \/ Yoast SEO plugin. -->","yoast_head_json":{"title":"Microsoft d\u00e9sactive les macros VBA par d\u00e9faut dans Office - Save","description":"Contrairement \u00e0 ce qui \u00e9tait initialement pr\u00e9vu, Microsoft souhaite finalement imposer un blocage par d\u00e9faut des macros Visual Basic (VBA) dans les applications Office. A l'origine, il semblait que Microsoft voulait attendre plus longtemps avant de d\u00e9finir un param\u00e8tre par d\u00e9faut. Aujourd'hui, la firme de Redmond d\u00e9clare vouloir s'en tenir \u00e0 son projet initial.","robots":{"index":"index","follow":"follow","max-snippet":"max-snippet:-1","max-image-preview":"max-image-preview:large","max-video-preview":"max-video-preview:-1"},"canonical":"https:\/\/news.save.ch\/fr\/microsoft-will-vba-makros-blockieren\/","og_locale":"fr_FR","og_type":"article","og_title":"Microsoft schaltet VBA-Makros in Office standardm\u00e4ssig aus - Save","og_description":"Anders als urspr\u00fcnglich geplant, m\u00f6chte Microsoft eine Standard-Blockade sogenannter Visual-Basic-(VBA-)Makros in Office-Anwendungen nun doch durchsetzen. Urspr\u00fcnglich schien es, als wolle Microsoft mit einer geplanten Standardeinstellung l\u00e4nger zuwarten. Nun erkl\u00e4ren die Redmonder jedoch, weiter an dem urspr\u00fcnglichen Plan festhalten zu wollen.","og_url":"https:\/\/news.save.ch\/fr\/microsoft-will-vba-makros-blockieren\/","og_site_name":"Save","article_published_time":"2022-07-12T07:51:35+00:00","article_modified_time":"2023-07-23T18:19:13+00:00","og_image":[{"width":640,"height":416,"url":"https:\/\/news.save.ch\/wp-content\/uploads\/2022\/07\/employee-g11e2b36ea_640.jpg","type":"image\/jpeg"}],"author":"Simon Gr\u00f6flin","twitter_card":"summary_large_image","twitter_misc":{"\u00c9crit par":"Simon Gr\u00f6flin","Dur\u00e9e de lecture estim\u00e9e":"2 minutes"},"schema":{"@context":"https:\/\/schema.org","@graph":[{"@type":"Article","@id":"https:\/\/news.save.ch\/microsoft-will-vba-makros-blockieren\/#article","isPartOf":{"@id":"https:\/\/news.save.ch\/microsoft-will-vba-makros-blockieren\/"},"author":{"name":"Simon Gr\u00f6flin","@id":"https:\/\/news.save.ch\/de\/#\/schema\/person\/ad4ef21102fd6125312409ac57d5296d"},"headline":"Microsoft schaltet VBA-Makros in Office standardm\u00e4ssig aus","datePublished":"2022-07-12T07:51:35+00:00","dateModified":"2023-07-23T18:19:13+00:00","mainEntityOfPage":{"@id":"https:\/\/news.save.ch\/microsoft-will-vba-makros-blockieren\/"},"wordCount":277,"publisher":{"@id":"https:\/\/news.save.ch\/de\/#organization"},"image":{"@id":"https:\/\/news.save.ch\/microsoft-will-vba-makros-blockieren\/#primaryimage"},"thumbnailUrl":"https:\/\/news.save.ch\/wp-content\/uploads\/2022\/07\/employee-g11e2b36ea_640.jpg","keywords":["IT-SECURITY","Malware","Microsoft","Office-Dokumente","Sicherheits-\u00c4nderung","The Verge","Visual-Basic-Makros"],"articleSection":["ALLGEMEIN"],"inLanguage":"fr-FR"},{"@type":"WebPage","@id":"https:\/\/news.save.ch\/microsoft-will-vba-makros-blockieren\/","url":"https:\/\/news.save.ch\/microsoft-will-vba-makros-blockieren\/","name":"Microsoft d\u00e9sactive les macros VBA par d\u00e9faut dans Office - Save","isPartOf":{"@id":"https:\/\/news.save.ch\/de\/#website"},"primaryImageOfPage":{"@id":"https:\/\/news.save.ch\/microsoft-will-vba-makros-blockieren\/#primaryimage"},"image":{"@id":"https:\/\/news.save.ch\/microsoft-will-vba-makros-blockieren\/#primaryimage"},"thumbnailUrl":"https:\/\/news.save.ch\/wp-content\/uploads\/2022\/07\/employee-g11e2b36ea_640.jpg","datePublished":"2022-07-12T07:51:35+00:00","dateModified":"2023-07-23T18:19:13+00:00","description":"Contrairement \u00e0 ce qui \u00e9tait initialement pr\u00e9vu, Microsoft souhaite finalement imposer un blocage par d\u00e9faut des macros Visual Basic (VBA) dans les applications Office. A l'origine, il semblait que Microsoft voulait attendre plus longtemps avant de d\u00e9finir un param\u00e8tre par d\u00e9faut. Aujourd'hui, la firme de Redmond d\u00e9clare vouloir s'en tenir \u00e0 son projet initial.","breadcrumb":{"@id":"https:\/\/news.save.ch\/microsoft-will-vba-makros-blockieren\/#breadcrumb"},"inLanguage":"fr-FR","potentialAction":[{"@type":"ReadAction","target":["https:\/\/news.save.ch\/microsoft-will-vba-makros-blockieren\/"]}]},{"@type":"ImageObject","inLanguage":"fr-FR","@id":"https:\/\/news.save.ch\/microsoft-will-vba-makros-blockieren\/#primaryimage","url":"https:\/\/news.save.ch\/wp-content\/uploads\/2022\/07\/employee-g11e2b36ea_640.jpg","contentUrl":"https:\/\/news.save.ch\/wp-content\/uploads\/2022\/07\/employee-g11e2b36ea_640.jpg","width":640,"height":416},{"@type":"BreadcrumbList","@id":"https:\/\/news.save.ch\/microsoft-will-vba-makros-blockieren\/#breadcrumb","itemListElement":[{"@type":"ListItem","position":1,"name":"Home","item":"https:\/\/news.save.ch\/de\/"},{"@type":"ListItem","position":2,"name":"Microsoft schaltet VBA-Makros in Office standardm\u00e4ssig aus"}]},{"@type":"WebSite","@id":"https:\/\/news.save.ch\/de\/#website","url":"https:\/\/news.save.ch\/de\/","name":"Save","description":"Revue suisse sp\u00e9cialis\u00e9e dans la s\u00e9curit\u00e9","publisher":{"@id":"https:\/\/news.save.ch\/de\/#organization"},"potentialAction":[{"@type":"SearchAction","target":{"@type":"EntryPoint","urlTemplate":"https:\/\/news.save.ch\/de\/?s={search_term_string}"},"query-input":{"@type":"PropertyValueSpecification","valueRequired":true,"valueName":"search_term_string"}}],"inLanguage":"fr-FR"},{"@type":"Organization","@id":"https:\/\/news.save.ch\/de\/#organization","name":"Forum sur la s\u00e9curit\u00e9","url":"https:\/\/news.save.ch\/de\/","logo":{"@type":"ImageObject","inLanguage":"fr-FR","@id":"https:\/\/news.save.ch\/de\/#\/schema\/logo\/image\/","url":"https:\/\/news.save.ch\/wp-content\/uploads\/2022\/06\/Logo_SF_2012.png","contentUrl":"https:\/\/news.save.ch\/wp-content\/uploads\/2022\/06\/Logo_SF_2012.png","width":1100,"height":91,"caption":"Sicherheitsforum"},"image":{"@id":"https:\/\/news.save.ch\/de\/#\/schema\/logo\/image\/"}},{"@type":"Person","@id":"https:\/\/news.save.ch\/de\/#\/schema\/person\/ad4ef21102fd6125312409ac57d5296d","name":"Simon Gr\u00f6flin","image":{"@type":"ImageObject","inLanguage":"fr-FR","@id":"https:\/\/secure.gravatar.com\/avatar\/6ddceb80eb734354635539e0ea5140bb7c41e42de7c45c9a2ab9921b5d5c9a83?s=96&d=mm&r=g","url":"https:\/\/secure.gravatar.com\/avatar\/6ddceb80eb734354635539e0ea5140bb7c41e42de7c45c9a2ab9921b5d5c9a83?s=96&d=mm&r=g","contentUrl":"https:\/\/secure.gravatar.com\/avatar\/6ddceb80eb734354635539e0ea5140bb7c41e42de7c45c9a2ab9921b5d5c9a83?s=96&d=mm&r=g","caption":"Simon Gr\u00f6flin"},"url":"https:\/\/news.save.ch\/fr\/author\/simon-groeflin\/"}]}},"_links":{"self":[{"href":"https:\/\/news.save.ch\/fr\/wp-json\/wp\/v2\/posts\/14557","targetHints":{"allow":["GET"]}}],"collection":[{"href":"https:\/\/news.save.ch\/fr\/wp-json\/wp\/v2\/posts"}],"about":[{"href":"https:\/\/news.save.ch\/fr\/wp-json\/wp\/v2\/types\/post"}],"author":[{"embeddable":true,"href":"https:\/\/news.save.ch\/fr\/wp-json\/wp\/v2\/users\/9"}],"replies":[{"embeddable":true,"href":"https:\/\/news.save.ch\/fr\/wp-json\/wp\/v2\/comments?post=14557"}],"version-history":[{"count":2,"href":"https:\/\/news.save.ch\/fr\/wp-json\/wp\/v2\/posts\/14557\/revisions"}],"predecessor-version":[{"id":21362,"href":"https:\/\/news.save.ch\/fr\/wp-json\/wp\/v2\/posts\/14557\/revisions\/21362"}],"wp:featuredmedia":[{"embeddable":true,"href":"https:\/\/news.save.ch\/fr\/wp-json\/wp\/v2\/media\/14559"}],"wp:attachment":[{"href":"https:\/\/news.save.ch\/fr\/wp-json\/wp\/v2\/media?parent=14557"}],"wp:term":[{"taxonomy":"category","embeddable":true,"href":"https:\/\/news.save.ch\/fr\/wp-json\/wp\/v2\/categories?post=14557"},{"taxonomy":"post_tag","embeddable":true,"href":"https:\/\/news.save.ch\/fr\/wp-json\/wp\/v2\/tags?post=14557"}],"curies":[{"name":"wp","href":"https:\/\/api.w.org\/{rel}","templated":true}]}}