{"id":146,"date":"2015-04-27T14:44:59","date_gmt":"2015-04-27T12:44:59","guid":{"rendered":"https:\/\/dev.sicherheitsforum.ch\/?p=146"},"modified":"2015-04-27T14:44:59","modified_gmt":"2015-04-27T12:44:59","slug":"es-spricht-der-verfassungsschutz","status":null,"type":"post","link":"https:\/\/news.save.ch\/fr\/es-spricht-der-verfassungsschutz\/","title":{"rendered":"La protection de la Constitution s'exprime"},"content":{"rendered":"<p><img loading=\"lazy\" decoding=\"async\" class=\"alignnone size-medium wp-image-147\" src=\"https:\/\/sicherheitsforum.ch\/wp-content\/uploads\/2016\/12\/Es-spricht-der-Verfassungsschutz_sicherheitsforum.jpg\" alt=\"NSA Hiding in the Dark Web (Se cacher sur le web)\" width=\"680\" height=\"523\" \/><\/p>\n<p>Depuis l'affaire de surveillance de la NSA et apr\u00e8s divers attentats terroristes dans le monde entier, la question de savoir si la surveillance par les services de renseignement doit \u00eatre d\u00e9velopp\u00e9e ou plut\u00f4t limit\u00e9e du point de vue de la protection des donn\u00e9es fait r\u00e9guli\u00e8rement l'objet de controverses. C'est pourquoi l'expos\u00e9 du Dr. Hans-Georg Maassen lors du congr\u00e8s annuel de l'OCDE sur la protection des donn\u00e9es sera suivi d'un d\u00e9bat. <a href=\"https:\/\/www.computas.de\" target=\"_blank\" data-cke-saved-href=\"https:\/\/www.computas.de\" rel=\"noopener\">Computas<\/a>-Le congr\u00e8s sur la protection des donn\u00e9es \"DuD 2015\", qui se tiendra les 15 et 16 juin 2015 \u00e0 Berlin, est tr\u00e8s attendu.<\/p>\n<p>En outre, la l\u00e9gislation europ\u00e9enne sur la protection des donn\u00e9es est toujours sur le point d'\u00eatre r\u00e9orient\u00e9e et le projet de loi allemand sur la s\u00e9curit\u00e9 informatique sera discut\u00e9, de sorte que les participants \u00e0 la conf\u00e9rence apprendront certainement beaucoup de choses nouvelles.<\/p>\n<p>Cette ann\u00e9e, la probl\u00e9matique de l'\u00e9quilibre entre les int\u00e9r\u00eats de s\u00e9curit\u00e9 nationale et la protection des donn\u00e9es sera particuli\u00e8rement abord\u00e9e, mais le th\u00e8me du cloud computing sera \u00e9galement trait\u00e9 de mani\u00e8re approfondie. En outre, de nombreux autres th\u00e8mes pouvant survenir dans le quotidien professionnel des participants seront discut\u00e9s, par exemple lors de l'utilisation d'applications, de la surveillance vid\u00e9o ou lorsque les employeurs utilisent des tests de personnalit\u00e9. D'\u00e9minents experts, dont Andrea Vosshoff, commissaire f\u00e9d\u00e9rale \u00e0 la protection des donn\u00e9es et \u00e0 la libert\u00e9 d'information, et Ulrich Kelber, secr\u00e9taire d'\u00c9tat parlementaire au minist\u00e8re f\u00e9d\u00e9ral de la justice et de la protection des consommateurs, seront pr\u00e9sents et prendront position sur des sujets d'actualit\u00e9. En outre, des responsables de la protection des donn\u00e9es ou de la s\u00e9curit\u00e9 informatique de la Deutsche Bahn, de Daimler et de l'Agence f\u00e9d\u00e9rale pour l'emploi, entre autres, parleront de leur environnement professionnel.<\/p>","protected":false},"excerpt":{"rendered":"<p>Seit der NSA-\u00dcberwachungsaff\u00e4re und nach diversen terroristischen Anschl\u00e4gen in der ganzen Welt wird immer wieder kontrovers diskutiert, ob die nachrichtendienstliche \u00dcberwachung ausgebaut oder unter Datenschutzgesichtspunkten eher eingeschr\u00e4nkt werden soll. Daher wird der Vortrag von Dr. Hans-Georg Maa\u00dfen auf dem j\u00e4hrlichen Computas-Datenschutzkongress\u00a0 \u201eDuD 2015\u201c, der am 15. und 16. Juni 2015 in Berlin stattfinden wird, mit [&hellip;]<\/p>\n","protected":false},"author":1,"featured_media":147,"comment_status":"open","ping_status":"open","sticky":false,"template":"","format":"standard","meta":{"_acf_changed":false,"pgc_sgb_lightbox_settings":"","footnotes":""},"categories":[1],"tags":[118,62,119],"class_list":["post-146","post","type-post","status-publish","format-standard","has-post-thumbnail","hentry","category-allgemein","tag-datenschutz","tag-ict-sicherheit","tag-verfahssungsschutz"],"acf":[],"hkrextid":null,"publication":null,"issue":null,"workflow":null,"startPage":null,"spitzmarke":null,"_posts_by_tag_page_fields":{"widget_title":"","widget_tags":""},"_at_widget":"1","_yoast_wpseo_primary_category":"1","_yoast_wpseo_focuskw_text_input":"Verfassungsschutz","_yoast_wpseo_opengraph-image":"https:\/\/sicherheitsforum.ch\/wp-content\/uploads\/2016\/12\/Es-spricht-der-Verfassungsschutz_sicherheitsforum.jpg","_yoast_wpseo_opengraph-description":"Am 15. und 16. Juni findet in Berlin die Konferenz \u201eDuD 2015 \u2013 Datenschutz und Datensicherheit\u201c statt. Unter anderem wird dort der Pr\u00e4sident des Bundesamtes f\u00fcr Verfassungsschutz, Dr. Hans-Georg Maa\u00dfen, zum Thema Datenschutz und nachrichtendienstliche Aufkl\u00e4rung sprechen.","_yoast_wpseo_opengraph-title":"Es spricht der Verfassungsschutz","enclosure":null,"_yoast_wpseo_twitter-title":null,"_yoast_wpseo_twitter-description":null,"_yoast_wpseo_twitter-image":null,"_wp_old_slug":null,"_yoast_wpseo_title":null,"_yoast_wpseo_canonical":null,"yoast_head":"<!-- This site is optimized with the Yoast SEO plugin v27.4 - https:\/\/yoast.com\/product\/yoast-seo-wordpress\/ -->\n<title>Es spricht der Verfassungsschutz - Save<\/title>\n<meta name=\"description\" content=\"\u201eDuD 2015 \u2013 Datenschutz und Datensicherheit\u201c statt. Dr. Hans-Georg Maa\u00dfen wird zum Thema Datenschutz und nachrichtendienstliche Aufkl\u00e4rung sprechen.\" \/>\n<meta name=\"robots\" content=\"index, follow, max-snippet:-1, max-image-preview:large, max-video-preview:-1\" \/>\n<link rel=\"canonical\" href=\"https:\/\/news.save.ch\/fr\/es-spricht-der-verfassungsschutz\/\" \/>\n<meta property=\"og:locale\" content=\"fr_FR\" \/>\n<meta property=\"og:type\" content=\"article\" \/>\n<meta property=\"og:title\" content=\"Es spricht der Verfassungsschutz\" \/>\n<meta property=\"og:description\" content=\"Am 15. und 16. Juni findet in Berlin die Konferenz \u201eDuD 2015 \u2013 Datenschutz und Datensicherheit\u201c statt. Unter anderem wird dort der Pr\u00e4sident des Bundesamtes f\u00fcr Verfassungsschutz, Dr. Hans-Georg Maa\u00dfen, zum Thema Datenschutz und nachrichtendienstliche Aufkl\u00e4rung sprechen.\" \/>\n<meta property=\"og:url\" content=\"https:\/\/news.save.ch\/fr\/es-spricht-der-verfassungsschutz\/\" \/>\n<meta property=\"og:site_name\" content=\"Save\" \/>\n<meta property=\"article:published_time\" content=\"2015-04-27T12:44:59+00:00\" \/>\n<meta property=\"og:image\" content=\"https:\/\/sicherheitsforum.ch\/wp-content\/uploads\/2016\/12\/Es-spricht-der-Verfassungsschutz_sicherheitsforum.jpg\" \/>\n<meta name=\"author\" content=\"admin\" \/>\n<meta name=\"twitter:card\" content=\"summary_large_image\" \/>\n<meta name=\"twitter:label1\" content=\"\u00c9crit par\" \/>\n\t<meta name=\"twitter:data1\" content=\"admin\" \/>\n\t<meta name=\"twitter:label2\" content=\"Dur\u00e9e de lecture estim\u00e9e\" \/>\n\t<meta name=\"twitter:data2\" content=\"1 minute\" \/>\n<script type=\"application\/ld+json\" class=\"yoast-schema-graph\">{\"@context\":\"https:\\\/\\\/schema.org\",\"@graph\":[{\"@type\":\"Article\",\"@id\":\"https:\\\/\\\/news.save.ch\\\/es-spricht-der-verfassungsschutz\\\/#article\",\"isPartOf\":{\"@id\":\"https:\\\/\\\/news.save.ch\\\/es-spricht-der-verfassungsschutz\\\/\"},\"author\":{\"name\":\"admin\",\"@id\":\"https:\\\/\\\/news.save.ch\\\/de\\\/#\\\/schema\\\/person\\\/d49e199490bad7c70d64b9ab51142f2b\"},\"headline\":\"Es spricht der Verfassungsschutz\",\"datePublished\":\"2015-04-27T12:44:59+00:00\",\"mainEntityOfPage\":{\"@id\":\"https:\\\/\\\/news.save.ch\\\/es-spricht-der-verfassungsschutz\\\/\"},\"wordCount\":211,\"commentCount\":0,\"publisher\":{\"@id\":\"https:\\\/\\\/news.save.ch\\\/de\\\/#organization\"},\"image\":{\"@id\":\"https:\\\/\\\/news.save.ch\\\/es-spricht-der-verfassungsschutz\\\/#primaryimage\"},\"thumbnailUrl\":\"https:\\\/\\\/news.save.ch\\\/wp-content\\\/uploads\\\/2016\\\/12\\\/Es-spricht-der-Verfassungsschutz_sicherheitsforum-scaled.jpg\",\"keywords\":[\"Datenschutz\",\"ICT-Sicherheit\",\"Verfahssungsschutz\"],\"articleSection\":[\"ALLGEMEIN\"],\"inLanguage\":\"fr-FR\"},{\"@type\":\"WebPage\",\"@id\":\"https:\\\/\\\/news.save.ch\\\/es-spricht-der-verfassungsschutz\\\/\",\"url\":\"https:\\\/\\\/news.save.ch\\\/es-spricht-der-verfassungsschutz\\\/\",\"name\":\"Es spricht der Verfassungsschutz - Save\",\"isPartOf\":{\"@id\":\"https:\\\/\\\/news.save.ch\\\/de\\\/#website\"},\"primaryImageOfPage\":{\"@id\":\"https:\\\/\\\/news.save.ch\\\/es-spricht-der-verfassungsschutz\\\/#primaryimage\"},\"image\":{\"@id\":\"https:\\\/\\\/news.save.ch\\\/es-spricht-der-verfassungsschutz\\\/#primaryimage\"},\"thumbnailUrl\":\"https:\\\/\\\/news.save.ch\\\/wp-content\\\/uploads\\\/2016\\\/12\\\/Es-spricht-der-Verfassungsschutz_sicherheitsforum-scaled.jpg\",\"datePublished\":\"2015-04-27T12:44:59+00:00\",\"description\":\"\u201eDuD 2015 \u2013 Datenschutz und Datensicherheit\u201c statt. Dr. Hans-Georg Maa\u00dfen wird zum Thema Datenschutz und nachrichtendienstliche Aufkl\u00e4rung sprechen.\",\"breadcrumb\":{\"@id\":\"https:\\\/\\\/news.save.ch\\\/es-spricht-der-verfassungsschutz\\\/#breadcrumb\"},\"inLanguage\":\"fr-FR\",\"potentialAction\":[{\"@type\":\"ReadAction\",\"target\":[\"https:\\\/\\\/news.save.ch\\\/es-spricht-der-verfassungsschutz\\\/\"]}]},{\"@type\":\"ImageObject\",\"inLanguage\":\"fr-FR\",\"@id\":\"https:\\\/\\\/news.save.ch\\\/es-spricht-der-verfassungsschutz\\\/#primaryimage\",\"url\":\"https:\\\/\\\/news.save.ch\\\/wp-content\\\/uploads\\\/2016\\\/12\\\/Es-spricht-der-Verfassungsschutz_sicherheitsforum-scaled.jpg\",\"contentUrl\":\"https:\\\/\\\/news.save.ch\\\/wp-content\\\/uploads\\\/2016\\\/12\\\/Es-spricht-der-Verfassungsschutz_sicherheitsforum-scaled.jpg\",\"width\":1400,\"height\":1077},{\"@type\":\"BreadcrumbList\",\"@id\":\"https:\\\/\\\/news.save.ch\\\/es-spricht-der-verfassungsschutz\\\/#breadcrumb\",\"itemListElement\":[{\"@type\":\"ListItem\",\"position\":1,\"name\":\"Home\",\"item\":\"https:\\\/\\\/news.save.ch\\\/de\\\/\"},{\"@type\":\"ListItem\",\"position\":2,\"name\":\"Es spricht der Verfassungsschutz\"}]},{\"@type\":\"WebSite\",\"@id\":\"https:\\\/\\\/news.save.ch\\\/de\\\/#website\",\"url\":\"https:\\\/\\\/news.save.ch\\\/de\\\/\",\"name\":\"Save\",\"description\":\"Schweizer Fachzeitschrift f\u00fcr Sicherheit\",\"publisher\":{\"@id\":\"https:\\\/\\\/news.save.ch\\\/de\\\/#organization\"},\"potentialAction\":[{\"@type\":\"SearchAction\",\"target\":{\"@type\":\"EntryPoint\",\"urlTemplate\":\"https:\\\/\\\/news.save.ch\\\/de\\\/?s={search_term_string}\"},\"query-input\":{\"@type\":\"PropertyValueSpecification\",\"valueRequired\":true,\"valueName\":\"search_term_string\"}}],\"inLanguage\":\"fr-FR\"},{\"@type\":\"Organization\",\"@id\":\"https:\\\/\\\/news.save.ch\\\/de\\\/#organization\",\"name\":\"Sicherheitsforum\",\"url\":\"https:\\\/\\\/news.save.ch\\\/de\\\/\",\"logo\":{\"@type\":\"ImageObject\",\"inLanguage\":\"fr-FR\",\"@id\":\"https:\\\/\\\/news.save.ch\\\/de\\\/#\\\/schema\\\/logo\\\/image\\\/\",\"url\":\"https:\\\/\\\/news.save.ch\\\/wp-content\\\/uploads\\\/2022\\\/06\\\/Logo_SF_2012.png\",\"contentUrl\":\"https:\\\/\\\/news.save.ch\\\/wp-content\\\/uploads\\\/2022\\\/06\\\/Logo_SF_2012.png\",\"width\":1100,\"height\":91,\"caption\":\"Sicherheitsforum\"},\"image\":{\"@id\":\"https:\\\/\\\/news.save.ch\\\/de\\\/#\\\/schema\\\/logo\\\/image\\\/\"}},{\"@type\":\"Person\",\"@id\":\"https:\\\/\\\/news.save.ch\\\/de\\\/#\\\/schema\\\/person\\\/d49e199490bad7c70d64b9ab51142f2b\",\"name\":\"admin\",\"image\":{\"@type\":\"ImageObject\",\"inLanguage\":\"fr-FR\",\"@id\":\"https:\\\/\\\/secure.gravatar.com\\\/avatar\\\/ae2f4d718e6c49043e314ce431e7e645d646302a24a5ef5a8bc8e3f5a032e319?s=96&d=mm&r=g\",\"url\":\"https:\\\/\\\/secure.gravatar.com\\\/avatar\\\/ae2f4d718e6c49043e314ce431e7e645d646302a24a5ef5a8bc8e3f5a032e319?s=96&d=mm&r=g\",\"contentUrl\":\"https:\\\/\\\/secure.gravatar.com\\\/avatar\\\/ae2f4d718e6c49043e314ce431e7e645d646302a24a5ef5a8bc8e3f5a032e319?s=96&d=mm&r=g\",\"caption\":\"admin\"},\"sameAs\":[\"https:\\\/\\\/develop.organisator.galledia.ch\"],\"url\":\"https:\\\/\\\/news.save.ch\\\/fr\\\/author\\\/admin\\\/\"}]}<\/script>\n<!-- \/ Yoast SEO plugin. -->","yoast_head_json":{"title":"C'est le service de protection de la Constitution qui parle - Save","description":"\"DuD 2015 - Protection et s\u00e9curit\u00e9 des donn\u00e9es\" aura lieu. Dr. Hans-Georg Maassen s'exprimera sur le th\u00e8me de la protection des donn\u00e9es et du renseignement.","robots":{"index":"index","follow":"follow","max-snippet":"max-snippet:-1","max-image-preview":"max-image-preview:large","max-video-preview":"max-video-preview:-1"},"canonical":"https:\/\/news.save.ch\/fr\/es-spricht-der-verfassungsschutz\/","og_locale":"fr_FR","og_type":"article","og_title":"Es spricht der Verfassungsschutz","og_description":"Am 15. und 16. Juni findet in Berlin die Konferenz \u201eDuD 2015 \u2013 Datenschutz und Datensicherheit\u201c statt. Unter anderem wird dort der Pr\u00e4sident des Bundesamtes f\u00fcr Verfassungsschutz, Dr. Hans-Georg Maa\u00dfen, zum Thema Datenschutz und nachrichtendienstliche Aufkl\u00e4rung sprechen.","og_url":"https:\/\/news.save.ch\/fr\/es-spricht-der-verfassungsschutz\/","og_site_name":"Save","article_published_time":"2015-04-27T12:44:59+00:00","og_image":[{"url":"https:\/\/sicherheitsforum.ch\/wp-content\/uploads\/2016\/12\/Es-spricht-der-Verfassungsschutz_sicherheitsforum.jpg","type":"","width":"","height":""}],"author":"admin","twitter_card":"summary_large_image","twitter_misc":{"\u00c9crit par":"admin","Dur\u00e9e de lecture estim\u00e9e":"1 minute"},"schema":{"@context":"https:\/\/schema.org","@graph":[{"@type":"Article","@id":"https:\/\/news.save.ch\/es-spricht-der-verfassungsschutz\/#article","isPartOf":{"@id":"https:\/\/news.save.ch\/es-spricht-der-verfassungsschutz\/"},"author":{"name":"admin","@id":"https:\/\/news.save.ch\/de\/#\/schema\/person\/d49e199490bad7c70d64b9ab51142f2b"},"headline":"Es spricht der Verfassungsschutz","datePublished":"2015-04-27T12:44:59+00:00","mainEntityOfPage":{"@id":"https:\/\/news.save.ch\/es-spricht-der-verfassungsschutz\/"},"wordCount":211,"commentCount":0,"publisher":{"@id":"https:\/\/news.save.ch\/de\/#organization"},"image":{"@id":"https:\/\/news.save.ch\/es-spricht-der-verfassungsschutz\/#primaryimage"},"thumbnailUrl":"https:\/\/news.save.ch\/wp-content\/uploads\/2016\/12\/Es-spricht-der-Verfassungsschutz_sicherheitsforum-scaled.jpg","keywords":["Datenschutz","ICT-Sicherheit","Verfahssungsschutz"],"articleSection":["ALLGEMEIN"],"inLanguage":"fr-FR"},{"@type":"WebPage","@id":"https:\/\/news.save.ch\/es-spricht-der-verfassungsschutz\/","url":"https:\/\/news.save.ch\/es-spricht-der-verfassungsschutz\/","name":"C'est le service de protection de la Constitution qui parle - Save","isPartOf":{"@id":"https:\/\/news.save.ch\/de\/#website"},"primaryImageOfPage":{"@id":"https:\/\/news.save.ch\/es-spricht-der-verfassungsschutz\/#primaryimage"},"image":{"@id":"https:\/\/news.save.ch\/es-spricht-der-verfassungsschutz\/#primaryimage"},"thumbnailUrl":"https:\/\/news.save.ch\/wp-content\/uploads\/2016\/12\/Es-spricht-der-Verfassungsschutz_sicherheitsforum-scaled.jpg","datePublished":"2015-04-27T12:44:59+00:00","description":"\"DuD 2015 - Protection et s\u00e9curit\u00e9 des donn\u00e9es\" aura lieu. Dr. Hans-Georg Maassen s'exprimera sur le th\u00e8me de la protection des donn\u00e9es et du renseignement.","breadcrumb":{"@id":"https:\/\/news.save.ch\/es-spricht-der-verfassungsschutz\/#breadcrumb"},"inLanguage":"fr-FR","potentialAction":[{"@type":"ReadAction","target":["https:\/\/news.save.ch\/es-spricht-der-verfassungsschutz\/"]}]},{"@type":"ImageObject","inLanguage":"fr-FR","@id":"https:\/\/news.save.ch\/es-spricht-der-verfassungsschutz\/#primaryimage","url":"https:\/\/news.save.ch\/wp-content\/uploads\/2016\/12\/Es-spricht-der-Verfassungsschutz_sicherheitsforum-scaled.jpg","contentUrl":"https:\/\/news.save.ch\/wp-content\/uploads\/2016\/12\/Es-spricht-der-Verfassungsschutz_sicherheitsforum-scaled.jpg","width":1400,"height":1077},{"@type":"BreadcrumbList","@id":"https:\/\/news.save.ch\/es-spricht-der-verfassungsschutz\/#breadcrumb","itemListElement":[{"@type":"ListItem","position":1,"name":"Home","item":"https:\/\/news.save.ch\/de\/"},{"@type":"ListItem","position":2,"name":"Es spricht der Verfassungsschutz"}]},{"@type":"WebSite","@id":"https:\/\/news.save.ch\/de\/#website","url":"https:\/\/news.save.ch\/de\/","name":"Save","description":"Revue suisse sp\u00e9cialis\u00e9e dans la s\u00e9curit\u00e9","publisher":{"@id":"https:\/\/news.save.ch\/de\/#organization"},"potentialAction":[{"@type":"SearchAction","target":{"@type":"EntryPoint","urlTemplate":"https:\/\/news.save.ch\/de\/?s={search_term_string}"},"query-input":{"@type":"PropertyValueSpecification","valueRequired":true,"valueName":"search_term_string"}}],"inLanguage":"fr-FR"},{"@type":"Organization","@id":"https:\/\/news.save.ch\/de\/#organization","name":"Forum sur la s\u00e9curit\u00e9","url":"https:\/\/news.save.ch\/de\/","logo":{"@type":"ImageObject","inLanguage":"fr-FR","@id":"https:\/\/news.save.ch\/de\/#\/schema\/logo\/image\/","url":"https:\/\/news.save.ch\/wp-content\/uploads\/2022\/06\/Logo_SF_2012.png","contentUrl":"https:\/\/news.save.ch\/wp-content\/uploads\/2022\/06\/Logo_SF_2012.png","width":1100,"height":91,"caption":"Sicherheitsforum"},"image":{"@id":"https:\/\/news.save.ch\/de\/#\/schema\/logo\/image\/"}},{"@type":"Person","@id":"https:\/\/news.save.ch\/de\/#\/schema\/person\/d49e199490bad7c70d64b9ab51142f2b","name":"admin","image":{"@type":"ImageObject","inLanguage":"fr-FR","@id":"https:\/\/secure.gravatar.com\/avatar\/ae2f4d718e6c49043e314ce431e7e645d646302a24a5ef5a8bc8e3f5a032e319?s=96&d=mm&r=g","url":"https:\/\/secure.gravatar.com\/avatar\/ae2f4d718e6c49043e314ce431e7e645d646302a24a5ef5a8bc8e3f5a032e319?s=96&d=mm&r=g","contentUrl":"https:\/\/secure.gravatar.com\/avatar\/ae2f4d718e6c49043e314ce431e7e645d646302a24a5ef5a8bc8e3f5a032e319?s=96&d=mm&r=g","caption":"admin"},"sameAs":["https:\/\/develop.organisator.galledia.ch"],"url":"https:\/\/news.save.ch\/fr\/author\/admin\/"}]}},"_links":{"self":[{"href":"https:\/\/news.save.ch\/fr\/wp-json\/wp\/v2\/posts\/146","targetHints":{"allow":["GET"]}}],"collection":[{"href":"https:\/\/news.save.ch\/fr\/wp-json\/wp\/v2\/posts"}],"about":[{"href":"https:\/\/news.save.ch\/fr\/wp-json\/wp\/v2\/types\/post"}],"author":[{"embeddable":true,"href":"https:\/\/news.save.ch\/fr\/wp-json\/wp\/v2\/users\/1"}],"replies":[{"embeddable":true,"href":"https:\/\/news.save.ch\/fr\/wp-json\/wp\/v2\/comments?post=146"}],"version-history":[{"count":0,"href":"https:\/\/news.save.ch\/fr\/wp-json\/wp\/v2\/posts\/146\/revisions"}],"wp:featuredmedia":[{"embeddable":true,"href":"https:\/\/news.save.ch\/fr\/wp-json\/wp\/v2\/media\/147"}],"wp:attachment":[{"href":"https:\/\/news.save.ch\/fr\/wp-json\/wp\/v2\/media?parent=146"}],"wp:term":[{"taxonomy":"category","embeddable":true,"href":"https:\/\/news.save.ch\/fr\/wp-json\/wp\/v2\/categories?post=146"},{"taxonomy":"post_tag","embeddable":true,"href":"https:\/\/news.save.ch\/fr\/wp-json\/wp\/v2\/tags?post=146"}],"curies":[{"name":"wp","href":"https:\/\/api.w.org\/{rel}","templated":true}]}}