{"id":1467,"date":"2016-07-25T16:28:36","date_gmt":"2016-07-25T14:28:36","guid":{"rendered":"http:\/\/dev.safety-plus.ch\/?p=988"},"modified":"2023-03-14T09:05:36","modified_gmt":"2023-03-14T08:05:36","slug":"staendige-erreichbarkeit-belastet-gesundheit","status":null,"type":"post","link":"https:\/\/news.save.ch\/fr\/staendige-erreichbarkeit-belastet-gesundheit\/","title":{"rendered":"\u00catre joignable en permanence nuit \u00e0 la sant\u00e9"},"content":{"rendered":"<figure id=\"attachment_989\" aria-describedby=\"caption-attachment-989\" style=\"width: 680px\" class=\"wp-caption alignnone\"><img loading=\"lazy\" decoding=\"async\" class=\"wp-image-989 size-medium\" src=\"http:\/\/develop.safety-plus.ch\/wp-content\/uploads\/2016\/12\/Staendige-Erreichbarkeit-belastet-Gesundheit_safety-plus.jpg\" width=\"680\" height=\"383\" \/><figcaption id=\"caption-attachment-989\" class=\"wp-caption-text\">La joignabilit\u00e9 permanente affecte \u00e9galement la vie des partenaires.<\/figcaption><\/figure>\n<p>Des e-mails professionnels apr\u00e8s le travail, le patron qui appelle le week-end : Environ un quart des personnes actives sont cens\u00e9es \u00eatre joignables en dehors de leurs heures de travail habituelles. Mais cette joignabilit\u00e9 \u00e9tendue peut avoir des effets n\u00e9gatifs sur la performance et la sant\u00e9 - m\u00eame si elle est choisie par les employ\u00e9s, per\u00e7ue positivement ou consid\u00e9r\u00e9e comme n\u00e9cessaire. C'est ce que montre une \u00e9tude scientifique de la <a href=\"http:\/\/www.iga-info.de\/veroeffentlichungen\/igareporte\/igareport-23-teil-2\/\" target=\"_blank\" data-cke-saved-href=\"http:\/\/www.iga-info.de\/veroeffentlichungen\/igareporte\/igareport-23-teil-2\/\" rel=\"noopener\">Initiative Sant\u00e9 et travail<\/a> (iga).<\/p>\n<p>Il en ressort que les personnes actives qui sont disponibles sur appel pour leur travail m\u00eame pendant leur temps libre souffrent plus souvent d'un sommeil de mauvaise qualit\u00e9. La proportion d'employ\u00e9s qui ne parviennent pas \u00e0 se reposer, \u00e0 se d\u00e9tendre ou \u00e0 se d\u00e9tacher du travail en raison de leur disponibilit\u00e9 permanente est significativement plus \u00e9lev\u00e9e que chez les personnes actives ayant un temps libre clairement d\u00e9limit\u00e9.<\/p>\n<p>L'une des raisons des cons\u00e9quences n\u00e9gatives de la joignabilit\u00e9 permanente est que les phases de repos sont interrompues ou raccourcies par des phases de travail. De plus, les personnes concern\u00e9es ont plus de mal \u00e0 prendre suffisamment de distance par rapport \u00e0 leur travail pendant leur temps libre et \u00e0 se d\u00e9connecter.<\/p>\n<p><strong>Les relations souffrent<\/strong><br \/>\nMais le m\u00e9lange du travail et de la vie priv\u00e9e p\u00e8se \u00e9galement sur les partenaires : 68% d'entre eux ont d\u00e9clar\u00e9 \u00eatre g\u00ean\u00e9s par la joignabilit\u00e9 de leur compagnon. Les obligations familiales, l'organisation commune des vacances, mais aussi les heures de sommeil et de repos sont entre autres concern\u00e9es.<\/p>\n<p>Les r\u00e9sultats ne tiennent pas compte du fait que les personnes interrog\u00e9es approuvent ou rejettent le fait que leur partenaire soit joignable en dehors des heures de travail r\u00e9guli\u00e8res. En ce qui concerne la s\u00e9paration du travail et du temps libre, de nombreuses personnes interrog\u00e9es ont exprim\u00e9 le besoin de limites plus claires : Une grande partie des personnes joignables interrog\u00e9es (60%) souhaitent des r\u00e9glementations l\u00e9gales ou d'entreprise concernant la joignabilit\u00e9. Chez leurs partenaires, le taux est de 83 pour cent. Pr\u00e8s de 70 pour cent des partenaires ont indiqu\u00e9 que la joignabilit\u00e9 apr\u00e8s le travail devrait \u00eatre compl\u00e8tement supprim\u00e9e.<\/p>\n<p>Pour cette \u00e9tude, 125 professionnels ont \u00e9t\u00e9 examin\u00e9s en utilisant des m\u00e9thodes de mesure \u00e0 la fois objectives et subjectives, et leurs compagnons ont \u00e9t\u00e9 interrog\u00e9s. L'enqu\u00eate fait suite \u00e0 l'\u00e9tude iga.publi\u00e9e en 2013 et intitul\u00e9e \"Effets de la joignabilit\u00e9 permanente et possibilit\u00e9s de pr\u00e9vention\". Ce projet de recherche en deux parties est l'un des premiers \u00e0 avoir \u00e9tudi\u00e9 scientifiquement les effets de la joignabilit\u00e9 permanente.<\/p>\n<p>Les r\u00e9sultats de la deuxi\u00e8me \u00e9tude ont \u00e9t\u00e9 publi\u00e9s dans la deuxi\u00e8me partie de l'iga.Report 23. Le rapport contient \u00e9galement des propositions d'am\u00e9nagement de la joignabilit\u00e9 et de mesures pr\u00e9ventives ainsi qu'une liste de contr\u00f4le permettant aux entreprises de v\u00e9rifier si elles sont bien plac\u00e9es pour g\u00e9rer la joignabilit\u00e9 permanente.<\/p>\n<p>Le rapport iga.23, deuxi\u00e8me partie, est disponible gratuitement sur Internet \u00e0 l'adresse suivante <a href=\"http:\/\/www.iga-info.de\/veroeffentlichungen\/igareporte\/igareport-23-teil-2\" target=\"_blank\" data-cke-saved-href=\"http:\/\/www.iga-info.de\/veroeffentlichungen\/igareporte\/igareport-23-teil-2\" rel=\"noopener\">www.iga-info.de\/veroeffentlichungen\/igareporte\/igareport-23-teil-2<\/a> \u00a0\u00e0 t\u00e9l\u00e9charger.<\/p>","protected":false},"excerpt":{"rendered":"<p>Dienstliche E-Mails nach Feierabend, der Chef ruft am Wochenende an: Von rund einem Viertel der Berufst\u00e4tigen wird erwartet, dass sie auch ausserhalb ihrer eigentlichen Arbeitszeiten erreichbar sind. Doch diese erweiterte Erreichbarkeit kann sich negativ auf die Leistungsf\u00e4higkeit und auf die Gesundheit auswirken \u2013 selbst wenn sie von den Besch\u00e4ftigten freiwillig gew\u00e4hlt ist, positiv empfunden oder [&hellip;]<\/p>\n","protected":false},"author":1,"featured_media":1468,"comment_status":"open","ping_status":"open","sticky":false,"template":"","format":"standard","meta":{"_acf_changed":false,"pgc_sgb_lightbox_settings":"","footnotes":""},"categories":[3314],"tags":[1678,141,2729,64],"class_list":["post-1467","post","type-post","status-publish","format-standard","has-post-thumbnail","hentry","category-health-safety","tag-arbeitszeit","tag-praevention","tag-psychische-gesundheit","tag-studie"],"acf":[],"hkrextid":null,"publication":null,"issue":null,"workflow":null,"startPage":null,"spitzmarke":null,"_posts_by_tag_page_fields":{"widget_title":"","widget_tags":""},"_at_widget":"1","_yoast_wpseo_primary_category":"2","_yoast_wpseo_focuskw_text_input":"St\u00e4ndige Erreichbarkeit","_yoast_wpseo_opengraph-image":null,"_yoast_wpseo_opengraph-description":null,"_yoast_wpseo_opengraph-title":null,"enclosure":null,"_yoast_wpseo_twitter-title":null,"_yoast_wpseo_twitter-description":null,"_yoast_wpseo_twitter-image":null,"_wp_old_slug":null,"_yoast_wpseo_title":null,"_yoast_wpseo_canonical":null,"yoast_head":"<!-- This site is optimized with the Yoast SEO plugin v27.5 - https:\/\/yoast.com\/product\/yoast-seo-wordpress\/ -->\n<title>St\u00e4ndige Erreichbarkeit belastet Gesundheit - Save<\/title>\n<meta name=\"description\" content=\"St\u00e4ndige Erreichbarkeit: Wer auch in der Freizeit immer erreichbar ist, muss mit negativen Auswirkungen auf die Gesundheit rechnen.\" \/>\n<meta name=\"robots\" content=\"index, follow, max-snippet:-1, max-image-preview:large, max-video-preview:-1\" \/>\n<link rel=\"canonical\" href=\"https:\/\/news.save.ch\/fr\/staendige-erreichbarkeit-belastet-gesundheit\/\" \/>\n<meta property=\"og:locale\" content=\"fr_FR\" \/>\n<meta property=\"og:type\" content=\"article\" \/>\n<meta property=\"og:title\" content=\"St\u00e4ndige Erreichbarkeit belastet Gesundheit - Save\" \/>\n<meta property=\"og:description\" content=\"St\u00e4ndige Erreichbarkeit: Wer auch in der Freizeit immer erreichbar ist, muss mit negativen Auswirkungen auf die Gesundheit rechnen.\" \/>\n<meta property=\"og:url\" content=\"https:\/\/news.save.ch\/fr\/staendige-erreichbarkeit-belastet-gesundheit\/\" \/>\n<meta property=\"og:site_name\" content=\"Save\" \/>\n<meta property=\"article:published_time\" content=\"2016-07-25T14:28:36+00:00\" \/>\n<meta property=\"article:modified_time\" content=\"2023-03-14T08:05:36+00:00\" \/>\n<meta property=\"og:image\" content=\"https:\/\/news.save.ch\/wp-content\/uploads\/2016\/12\/Staendige-Erreichbarkeit-belastet-Gesundheit_safety-plus.jpg\" \/>\n\t<meta property=\"og:image:width\" content=\"1000\" \/>\n\t<meta property=\"og:image:height\" content=\"563\" \/>\n\t<meta property=\"og:image:type\" content=\"image\/jpeg\" \/>\n<meta name=\"author\" content=\"admin\" \/>\n<meta name=\"twitter:card\" content=\"summary_large_image\" \/>\n<meta name=\"twitter:label1\" content=\"\u00c9crit par\" \/>\n\t<meta name=\"twitter:data1\" content=\"admin\" \/>\n\t<meta name=\"twitter:label2\" content=\"Dur\u00e9e de lecture estim\u00e9e\" \/>\n\t<meta name=\"twitter:data2\" content=\"2 minutes\" \/>\n<script type=\"application\/ld+json\" class=\"yoast-schema-graph\">{\"@context\":\"https:\\\/\\\/schema.org\",\"@graph\":[{\"@type\":\"Article\",\"@id\":\"https:\\\/\\\/news.save.ch\\\/staendige-erreichbarkeit-belastet-gesundheit\\\/#article\",\"isPartOf\":{\"@id\":\"https:\\\/\\\/news.save.ch\\\/staendige-erreichbarkeit-belastet-gesundheit\\\/\"},\"author\":{\"name\":\"admin\",\"@id\":\"https:\\\/\\\/news.save.ch\\\/de\\\/#\\\/schema\\\/person\\\/d49e199490bad7c70d64b9ab51142f2b\"},\"headline\":\"St\u00e4ndige Erreichbarkeit belastet Gesundheit\",\"datePublished\":\"2016-07-25T14:28:36+00:00\",\"dateModified\":\"2023-03-14T08:05:36+00:00\",\"mainEntityOfPage\":{\"@id\":\"https:\\\/\\\/news.save.ch\\\/staendige-erreichbarkeit-belastet-gesundheit\\\/\"},\"wordCount\":443,\"commentCount\":0,\"publisher\":{\"@id\":\"https:\\\/\\\/news.save.ch\\\/de\\\/#organization\"},\"image\":{\"@id\":\"https:\\\/\\\/news.save.ch\\\/staendige-erreichbarkeit-belastet-gesundheit\\\/#primaryimage\"},\"thumbnailUrl\":\"https:\\\/\\\/news.save.ch\\\/wp-content\\\/uploads\\\/2016\\\/12\\\/Staendige-Erreichbarkeit-belastet-Gesundheit_safety-plus.jpg\",\"keywords\":[\"Arbeitszeit\",\"Pr\u00e4vention\",\"Psychische Gesundheit\",\"Studie\"],\"articleSection\":[\"HEALTH &amp; SAFETY\"],\"inLanguage\":\"fr-FR\"},{\"@type\":\"WebPage\",\"@id\":\"https:\\\/\\\/news.save.ch\\\/staendige-erreichbarkeit-belastet-gesundheit\\\/\",\"url\":\"https:\\\/\\\/news.save.ch\\\/staendige-erreichbarkeit-belastet-gesundheit\\\/\",\"name\":\"St\u00e4ndige Erreichbarkeit belastet Gesundheit - Save\",\"isPartOf\":{\"@id\":\"https:\\\/\\\/news.save.ch\\\/de\\\/#website\"},\"primaryImageOfPage\":{\"@id\":\"https:\\\/\\\/news.save.ch\\\/staendige-erreichbarkeit-belastet-gesundheit\\\/#primaryimage\"},\"image\":{\"@id\":\"https:\\\/\\\/news.save.ch\\\/staendige-erreichbarkeit-belastet-gesundheit\\\/#primaryimage\"},\"thumbnailUrl\":\"https:\\\/\\\/news.save.ch\\\/wp-content\\\/uploads\\\/2016\\\/12\\\/Staendige-Erreichbarkeit-belastet-Gesundheit_safety-plus.jpg\",\"datePublished\":\"2016-07-25T14:28:36+00:00\",\"dateModified\":\"2023-03-14T08:05:36+00:00\",\"description\":\"St\u00e4ndige Erreichbarkeit: Wer auch in der Freizeit immer erreichbar ist, muss mit negativen Auswirkungen auf die Gesundheit rechnen.\",\"breadcrumb\":{\"@id\":\"https:\\\/\\\/news.save.ch\\\/staendige-erreichbarkeit-belastet-gesundheit\\\/#breadcrumb\"},\"inLanguage\":\"fr-FR\",\"potentialAction\":[{\"@type\":\"ReadAction\",\"target\":[\"https:\\\/\\\/news.save.ch\\\/staendige-erreichbarkeit-belastet-gesundheit\\\/\"]}]},{\"@type\":\"ImageObject\",\"inLanguage\":\"fr-FR\",\"@id\":\"https:\\\/\\\/news.save.ch\\\/staendige-erreichbarkeit-belastet-gesundheit\\\/#primaryimage\",\"url\":\"https:\\\/\\\/news.save.ch\\\/wp-content\\\/uploads\\\/2016\\\/12\\\/Staendige-Erreichbarkeit-belastet-Gesundheit_safety-plus.jpg\",\"contentUrl\":\"https:\\\/\\\/news.save.ch\\\/wp-content\\\/uploads\\\/2016\\\/12\\\/Staendige-Erreichbarkeit-belastet-Gesundheit_safety-plus.jpg\",\"width\":1000,\"height\":563,\"caption\":\"St\u00e4ndige Erreichbarkeit beeintr\u00e4chtigt auch das Leben der Partner.\"},{\"@type\":\"BreadcrumbList\",\"@id\":\"https:\\\/\\\/news.save.ch\\\/staendige-erreichbarkeit-belastet-gesundheit\\\/#breadcrumb\",\"itemListElement\":[{\"@type\":\"ListItem\",\"position\":1,\"name\":\"Home\",\"item\":\"https:\\\/\\\/news.save.ch\\\/de\\\/\"},{\"@type\":\"ListItem\",\"position\":2,\"name\":\"St\u00e4ndige Erreichbarkeit belastet Gesundheit\"}]},{\"@type\":\"WebSite\",\"@id\":\"https:\\\/\\\/news.save.ch\\\/de\\\/#website\",\"url\":\"https:\\\/\\\/news.save.ch\\\/de\\\/\",\"name\":\"Save\",\"description\":\"Schweizer Fachzeitschrift f\u00fcr Sicherheit\",\"publisher\":{\"@id\":\"https:\\\/\\\/news.save.ch\\\/de\\\/#organization\"},\"potentialAction\":[{\"@type\":\"SearchAction\",\"target\":{\"@type\":\"EntryPoint\",\"urlTemplate\":\"https:\\\/\\\/news.save.ch\\\/de\\\/?s={search_term_string}\"},\"query-input\":{\"@type\":\"PropertyValueSpecification\",\"valueRequired\":true,\"valueName\":\"search_term_string\"}}],\"inLanguage\":\"fr-FR\"},{\"@type\":\"Organization\",\"@id\":\"https:\\\/\\\/news.save.ch\\\/de\\\/#organization\",\"name\":\"Sicherheitsforum\",\"url\":\"https:\\\/\\\/news.save.ch\\\/de\\\/\",\"logo\":{\"@type\":\"ImageObject\",\"inLanguage\":\"fr-FR\",\"@id\":\"https:\\\/\\\/news.save.ch\\\/de\\\/#\\\/schema\\\/logo\\\/image\\\/\",\"url\":\"https:\\\/\\\/news.save.ch\\\/wp-content\\\/uploads\\\/2022\\\/06\\\/Logo_SF_2012.png\",\"contentUrl\":\"https:\\\/\\\/news.save.ch\\\/wp-content\\\/uploads\\\/2022\\\/06\\\/Logo_SF_2012.png\",\"width\":1100,\"height\":91,\"caption\":\"Sicherheitsforum\"},\"image\":{\"@id\":\"https:\\\/\\\/news.save.ch\\\/de\\\/#\\\/schema\\\/logo\\\/image\\\/\"}},{\"@type\":\"Person\",\"@id\":\"https:\\\/\\\/news.save.ch\\\/de\\\/#\\\/schema\\\/person\\\/d49e199490bad7c70d64b9ab51142f2b\",\"name\":\"admin\",\"image\":{\"@type\":\"ImageObject\",\"inLanguage\":\"fr-FR\",\"@id\":\"https:\\\/\\\/secure.gravatar.com\\\/avatar\\\/ae2f4d718e6c49043e314ce431e7e645d646302a24a5ef5a8bc8e3f5a032e319?s=96&d=mm&r=g\",\"url\":\"https:\\\/\\\/secure.gravatar.com\\\/avatar\\\/ae2f4d718e6c49043e314ce431e7e645d646302a24a5ef5a8bc8e3f5a032e319?s=96&d=mm&r=g\",\"contentUrl\":\"https:\\\/\\\/secure.gravatar.com\\\/avatar\\\/ae2f4d718e6c49043e314ce431e7e645d646302a24a5ef5a8bc8e3f5a032e319?s=96&d=mm&r=g\",\"caption\":\"admin\"},\"sameAs\":[\"https:\\\/\\\/develop.organisator.galledia.ch\"],\"url\":\"https:\\\/\\\/news.save.ch\\\/fr\\\/author\\\/admin\\\/\"}]}<\/script>\n<!-- \/ Yoast SEO plugin. -->","yoast_head_json":{"title":"\u00catre joignable en permanence nuit \u00e0 la sant\u00e9 - Save","description":"Joignabilit\u00e9 permanente : les personnes qui sont toujours joignables, m\u00eame pendant leur temps libre, doivent s'attendre \u00e0 des effets n\u00e9gatifs sur leur sant\u00e9.","robots":{"index":"index","follow":"follow","max-snippet":"max-snippet:-1","max-image-preview":"max-image-preview:large","max-video-preview":"max-video-preview:-1"},"canonical":"https:\/\/news.save.ch\/fr\/staendige-erreichbarkeit-belastet-gesundheit\/","og_locale":"fr_FR","og_type":"article","og_title":"St\u00e4ndige Erreichbarkeit belastet Gesundheit - Save","og_description":"St\u00e4ndige Erreichbarkeit: Wer auch in der Freizeit immer erreichbar ist, muss mit negativen Auswirkungen auf die Gesundheit rechnen.","og_url":"https:\/\/news.save.ch\/fr\/staendige-erreichbarkeit-belastet-gesundheit\/","og_site_name":"Save","article_published_time":"2016-07-25T14:28:36+00:00","article_modified_time":"2023-03-14T08:05:36+00:00","og_image":[{"width":1000,"height":563,"url":"https:\/\/news.save.ch\/wp-content\/uploads\/2016\/12\/Staendige-Erreichbarkeit-belastet-Gesundheit_safety-plus.jpg","type":"image\/jpeg"}],"author":"admin","twitter_card":"summary_large_image","twitter_misc":{"\u00c9crit par":"admin","Dur\u00e9e de lecture estim\u00e9e":"2 minutes"},"schema":{"@context":"https:\/\/schema.org","@graph":[{"@type":"Article","@id":"https:\/\/news.save.ch\/staendige-erreichbarkeit-belastet-gesundheit\/#article","isPartOf":{"@id":"https:\/\/news.save.ch\/staendige-erreichbarkeit-belastet-gesundheit\/"},"author":{"name":"admin","@id":"https:\/\/news.save.ch\/de\/#\/schema\/person\/d49e199490bad7c70d64b9ab51142f2b"},"headline":"St\u00e4ndige Erreichbarkeit belastet Gesundheit","datePublished":"2016-07-25T14:28:36+00:00","dateModified":"2023-03-14T08:05:36+00:00","mainEntityOfPage":{"@id":"https:\/\/news.save.ch\/staendige-erreichbarkeit-belastet-gesundheit\/"},"wordCount":443,"commentCount":0,"publisher":{"@id":"https:\/\/news.save.ch\/de\/#organization"},"image":{"@id":"https:\/\/news.save.ch\/staendige-erreichbarkeit-belastet-gesundheit\/#primaryimage"},"thumbnailUrl":"https:\/\/news.save.ch\/wp-content\/uploads\/2016\/12\/Staendige-Erreichbarkeit-belastet-Gesundheit_safety-plus.jpg","keywords":["Arbeitszeit","Pr\u00e4vention","Psychische Gesundheit","Studie"],"articleSection":["HEALTH &amp; SAFETY"],"inLanguage":"fr-FR"},{"@type":"WebPage","@id":"https:\/\/news.save.ch\/staendige-erreichbarkeit-belastet-gesundheit\/","url":"https:\/\/news.save.ch\/staendige-erreichbarkeit-belastet-gesundheit\/","name":"\u00catre joignable en permanence nuit \u00e0 la sant\u00e9 - Save","isPartOf":{"@id":"https:\/\/news.save.ch\/de\/#website"},"primaryImageOfPage":{"@id":"https:\/\/news.save.ch\/staendige-erreichbarkeit-belastet-gesundheit\/#primaryimage"},"image":{"@id":"https:\/\/news.save.ch\/staendige-erreichbarkeit-belastet-gesundheit\/#primaryimage"},"thumbnailUrl":"https:\/\/news.save.ch\/wp-content\/uploads\/2016\/12\/Staendige-Erreichbarkeit-belastet-Gesundheit_safety-plus.jpg","datePublished":"2016-07-25T14:28:36+00:00","dateModified":"2023-03-14T08:05:36+00:00","description":"Joignabilit\u00e9 permanente : les personnes qui sont toujours joignables, m\u00eame pendant leur temps libre, doivent s'attendre \u00e0 des effets n\u00e9gatifs sur leur sant\u00e9.","breadcrumb":{"@id":"https:\/\/news.save.ch\/staendige-erreichbarkeit-belastet-gesundheit\/#breadcrumb"},"inLanguage":"fr-FR","potentialAction":[{"@type":"ReadAction","target":["https:\/\/news.save.ch\/staendige-erreichbarkeit-belastet-gesundheit\/"]}]},{"@type":"ImageObject","inLanguage":"fr-FR","@id":"https:\/\/news.save.ch\/staendige-erreichbarkeit-belastet-gesundheit\/#primaryimage","url":"https:\/\/news.save.ch\/wp-content\/uploads\/2016\/12\/Staendige-Erreichbarkeit-belastet-Gesundheit_safety-plus.jpg","contentUrl":"https:\/\/news.save.ch\/wp-content\/uploads\/2016\/12\/Staendige-Erreichbarkeit-belastet-Gesundheit_safety-plus.jpg","width":1000,"height":563,"caption":"St\u00e4ndige Erreichbarkeit beeintr\u00e4chtigt auch das Leben der Partner."},{"@type":"BreadcrumbList","@id":"https:\/\/news.save.ch\/staendige-erreichbarkeit-belastet-gesundheit\/#breadcrumb","itemListElement":[{"@type":"ListItem","position":1,"name":"Home","item":"https:\/\/news.save.ch\/de\/"},{"@type":"ListItem","position":2,"name":"St\u00e4ndige Erreichbarkeit belastet Gesundheit"}]},{"@type":"WebSite","@id":"https:\/\/news.save.ch\/de\/#website","url":"https:\/\/news.save.ch\/de\/","name":"Save","description":"Revue suisse sp\u00e9cialis\u00e9e dans la s\u00e9curit\u00e9","publisher":{"@id":"https:\/\/news.save.ch\/de\/#organization"},"potentialAction":[{"@type":"SearchAction","target":{"@type":"EntryPoint","urlTemplate":"https:\/\/news.save.ch\/de\/?s={search_term_string}"},"query-input":{"@type":"PropertyValueSpecification","valueRequired":true,"valueName":"search_term_string"}}],"inLanguage":"fr-FR"},{"@type":"Organization","@id":"https:\/\/news.save.ch\/de\/#organization","name":"Forum sur la s\u00e9curit\u00e9","url":"https:\/\/news.save.ch\/de\/","logo":{"@type":"ImageObject","inLanguage":"fr-FR","@id":"https:\/\/news.save.ch\/de\/#\/schema\/logo\/image\/","url":"https:\/\/news.save.ch\/wp-content\/uploads\/2022\/06\/Logo_SF_2012.png","contentUrl":"https:\/\/news.save.ch\/wp-content\/uploads\/2022\/06\/Logo_SF_2012.png","width":1100,"height":91,"caption":"Sicherheitsforum"},"image":{"@id":"https:\/\/news.save.ch\/de\/#\/schema\/logo\/image\/"}},{"@type":"Person","@id":"https:\/\/news.save.ch\/de\/#\/schema\/person\/d49e199490bad7c70d64b9ab51142f2b","name":"admin","image":{"@type":"ImageObject","inLanguage":"fr-FR","@id":"https:\/\/secure.gravatar.com\/avatar\/ae2f4d718e6c49043e314ce431e7e645d646302a24a5ef5a8bc8e3f5a032e319?s=96&d=mm&r=g","url":"https:\/\/secure.gravatar.com\/avatar\/ae2f4d718e6c49043e314ce431e7e645d646302a24a5ef5a8bc8e3f5a032e319?s=96&d=mm&r=g","contentUrl":"https:\/\/secure.gravatar.com\/avatar\/ae2f4d718e6c49043e314ce431e7e645d646302a24a5ef5a8bc8e3f5a032e319?s=96&d=mm&r=g","caption":"admin"},"sameAs":["https:\/\/develop.organisator.galledia.ch"],"url":"https:\/\/news.save.ch\/fr\/author\/admin\/"}]}},"_links":{"self":[{"href":"https:\/\/news.save.ch\/fr\/wp-json\/wp\/v2\/posts\/1467","targetHints":{"allow":["GET"]}}],"collection":[{"href":"https:\/\/news.save.ch\/fr\/wp-json\/wp\/v2\/posts"}],"about":[{"href":"https:\/\/news.save.ch\/fr\/wp-json\/wp\/v2\/types\/post"}],"author":[{"embeddable":true,"href":"https:\/\/news.save.ch\/fr\/wp-json\/wp\/v2\/users\/1"}],"replies":[{"embeddable":true,"href":"https:\/\/news.save.ch\/fr\/wp-json\/wp\/v2\/comments?post=1467"}],"version-history":[{"count":1,"href":"https:\/\/news.save.ch\/fr\/wp-json\/wp\/v2\/posts\/1467\/revisions"}],"predecessor-version":[{"id":18971,"href":"https:\/\/news.save.ch\/fr\/wp-json\/wp\/v2\/posts\/1467\/revisions\/18971"}],"wp:featuredmedia":[{"embeddable":true,"href":"https:\/\/news.save.ch\/fr\/wp-json\/wp\/v2\/media\/1468"}],"wp:attachment":[{"href":"https:\/\/news.save.ch\/fr\/wp-json\/wp\/v2\/media?parent=1467"}],"wp:term":[{"taxonomy":"category","embeddable":true,"href":"https:\/\/news.save.ch\/fr\/wp-json\/wp\/v2\/categories?post=1467"},{"taxonomy":"post_tag","embeddable":true,"href":"https:\/\/news.save.ch\/fr\/wp-json\/wp\/v2\/tags?post=1467"}],"curies":[{"name":"wp","href":"https:\/\/api.w.org\/{rel}","templated":true}]}}