{"id":1469,"date":"2016-07-08T09:50:09","date_gmt":"2016-07-08T07:50:09","guid":{"rendered":"https:\/\/dev.sicherheitsforum.ch\/?p=1469"},"modified":"2023-03-14T08:57:17","modified_gmt":"2023-03-14T07:57:17","slug":"gescheitert-nicht-vom-tisch","status":null,"type":"post","link":"https:\/\/news.save.ch\/fr\/gescheitert-nicht-vom-tisch\/","title":{"rendered":"Un \u00e9chec, mais pas une fin de non-recevoir"},"content":{"rendered":"<figure id=\"attachment_1470\" aria-describedby=\"caption-attachment-1470\" style=\"width: 398px\" class=\"wp-caption alignnone\"><img loading=\"lazy\" decoding=\"async\" class=\"wp-image-1470 size-full\" src=\"https:\/\/news.save.ch\/wp-content\/uploads\/2016\/12\/Gescheitert-aber-nicht-vom-Tisch-it-security.jpg\" width=\"398\" height=\"271\" srcset=\"https:\/\/news.save.ch\/wp-content\/uploads\/2016\/12\/Gescheitert-aber-nicht-vom-Tisch-it-security.jpg 398w, https:\/\/news.save.ch\/wp-content\/uploads\/2016\/12\/Gescheitert-aber-nicht-vom-Tisch-it-security-375x255.jpg 375w\" sizes=\"auto, (max-width: 398px) 100vw, 398px\" \/><figcaption id=\"caption-attachment-1470\" class=\"wp-caption-text\">Le r\u00e9f\u00e9rendum sur le B\u00fcpf a \u00e9chou\u00e9, mais ...<\/figcaption><\/figure>\n<p>Le site <a href=\"https:\/\/stopbuepf.ch\/\" target=\"_blank\" data-cke-saved-href=\"https:\/\/stopbuepf.ch\/\" rel=\"noopener\">Comit\u00e9 Stop-B\u00fcpf<\/a> a d\u00fb annoncer hier que \"seules\" 45 240 signatures certifi\u00e9es ont pu \u00eatre d\u00e9pos\u00e9es \u00e0 la Chancellerie f\u00e9d\u00e9rale. Il manque donc 4760 voix contre la surveillance de la correspondance par poste et t\u00e9l\u00e9communication (B\u00fcpf).<\/p>\n<p><strong>Des sujets politiques br\u00fblants \u00e0 l'ordre du jour<\/strong><\/p>\n<p>Malgr\u00e9 l'\u00e9chec du r\u00e9f\u00e9rendum, la question de la \"surveillance\" n'est pas r\u00e9gl\u00e9e. En septembre, les \u00e9lecteurs devront se prononcer sur le <a href=\"https:\/\/www.admin.ch\/opc\/de\/federal-gazette\/2015\/7211.pdf\" target=\"_blank\" data-cke-saved-href=\"https:\/\/www.admin.ch\/opc\/de\/federal-gazette\/2015\/7211.pdf\" rel=\"noopener\">Loi sur le renseignement\u00a0<\/a>de prendre une d\u00e9cision. En outre, la consultation sur la <a href=\"https:\/\/www.ejpd.admin.ch\/ejpd\/de\/home\/aktuell\/news\/2015\/2015-04-010.html\" target=\"_blank\" data-cke-saved-href=\"https:\/\/www.ejpd.admin.ch\/ejpd\/de\/home\/aktuell\/news\/2015\/2015-04-010.html\" rel=\"noopener\">R\u00e9vision de la loi sur la protection des donn\u00e9es<\/a>\u00a0(LPD). Avec la r\u00e9vision de la LPD, le Conseil f\u00e9d\u00e9ral entend cr\u00e9er les conditions permettant \u00e0 la Suisse de ratifier la Convention modernis\u00e9e du Conseil de l'Europe pour la protection des personnes \u00e0 l'\u00e9gard du traitement automatis\u00e9 des donn\u00e9es \u00e0 caract\u00e8re personnel et, dans la mesure o\u00f9 cela est n\u00e9cessaire dans le cadre du d\u00e9veloppement de l'acquis de Schengen\/Dublin, de reprendre les actes l\u00e9gislatifs de l'UE en mati\u00e8re de protection des donn\u00e9es.<\/p>\n<p>En outre, selon <a href=\"https:\/\/www.swico.ch\" target=\"_blank\" data-cke-saved-href=\"https:\/\/www.swico.ch\" rel=\"noopener\">Swico<\/a>L'association a \u00e9galement annonc\u00e9 qu'une proc\u00e9dure contre la conservation des donn\u00e9es est toujours en cours devant le Tribunal administratif f\u00e9d\u00e9ral. Dans toute l'Europe, mais aussi aux Etats-Unis, les renforcements constants de la surveillance des citoyens int\u00e8gres sont consid\u00e9r\u00e9s d'un \u0153il de plus en plus critique et la soci\u00e9t\u00e9 civile s'y oppose de plus en plus, souligne l'association. <em>(rs)<\/em><\/p>\n<p>&nbsp;<\/p>","protected":false},"excerpt":{"rendered":"<p>Das Stop-B\u00fcpf-Komitee musste gestern mitteilen, dass \u201enur\u201c 45\u2018240 beglaubigte Unterschriften bei der Bundeskanzlei eingereicht werden konnten. Damit fehlen 4760 Stimmen gegen die \u00dcberwachung des Post- und Fernmeldeverkehrs (B\u00fcpf) Politisch brisante Themen stehen an Trotz gescheitertem\u00a0Referendums ist\u00a0die &#8222;\u00dcberwachungs&#8220;-Thematik nicht\u00a0vom Tisch. Im September muss das Stimmvolk \u00fcber das Nachrichtendienstgesetz\u00a0entscheiden. Zudem beginnt auch die Vernehmlassung zur Revision des [&hellip;]<\/p>\n","protected":false},"author":1,"featured_media":1470,"comment_status":"open","ping_status":"open","sticky":false,"template":"","format":"standard","meta":{"_acf_changed":false,"pgc_sgb_lightbox_settings":"","footnotes":""},"categories":[3313],"tags":[63,165],"class_list":["post-1469","post","type-post","status-publish","format-standard","has-post-thumbnail","hentry","category-digitalisierung","tag-it-security","tag-nachrichtendienst"],"acf":[],"hkrextid":null,"publication":null,"issue":null,"workflow":null,"startPage":null,"spitzmarke":null,"_posts_by_tag_page_fields":{"widget_title":"","widget_tags":""},"_at_widget":"1","_yoast_wpseo_primary_category":"2","_yoast_wpseo_focuskw_text_input":"Gescheitert","_yoast_wpseo_opengraph-image":"https:\/\/news.save.ch\/wp-content\/uploads\/2016\/12\/Gescheitert-aber-nicht-vom-Tisch-it-security.jpg","_yoast_wpseo_opengraph-description":"Das Referendum gegen das Bundesgesetz betreffend der \u00dcberwachung des Post- und Fernmeldeverkehrs, kurz B\u00fcpf, kommt nicht zustande. Doch die \"\u00dcberwachungs\"-Thematik ist nicht vom Tisch.","_yoast_wpseo_opengraph-title":"Gescheitert, aber nicht vom Tisch","enclosure":null,"_yoast_wpseo_twitter-title":null,"_yoast_wpseo_twitter-description":null,"_yoast_wpseo_twitter-image":null,"_wp_old_slug":null,"_yoast_wpseo_title":null,"_yoast_wpseo_canonical":null,"yoast_head":"<!-- This site is optimized with the Yoast SEO plugin v27.5 - https:\/\/yoast.com\/product\/yoast-seo-wordpress\/ -->\n<title>Gescheitert, aber nicht vom Tisch - Save<\/title>\n<meta name=\"description\" content=\"Das Referendum gegen das Bundesgesetz betreffend der \u00dcberwachung des Post- und Fernmeldeverkehrs, kurz B\u00fcpf, kommt nicht zustande.\" \/>\n<meta name=\"robots\" content=\"index, follow, max-snippet:-1, max-image-preview:large, max-video-preview:-1\" \/>\n<link rel=\"canonical\" href=\"https:\/\/news.save.ch\/fr\/gescheitert-nicht-vom-tisch\/\" \/>\n<meta property=\"og:locale\" content=\"fr_FR\" \/>\n<meta property=\"og:type\" content=\"article\" \/>\n<meta property=\"og:title\" content=\"Gescheitert, aber nicht vom Tisch\" \/>\n<meta property=\"og:description\" content=\"Das Referendum gegen das Bundesgesetz betreffend der \u00dcberwachung des Post- und Fernmeldeverkehrs, kurz B\u00fcpf, kommt nicht zustande. Doch die &quot;\u00dcberwachungs&quot;-Thematik ist nicht vom Tisch.\" \/>\n<meta property=\"og:url\" content=\"https:\/\/news.save.ch\/fr\/gescheitert-nicht-vom-tisch\/\" \/>\n<meta property=\"og:site_name\" content=\"Save\" \/>\n<meta property=\"article:published_time\" content=\"2016-07-08T07:50:09+00:00\" \/>\n<meta property=\"article:modified_time\" content=\"2023-03-14T07:57:17+00:00\" \/>\n<meta property=\"og:image\" content=\"https:\/\/news.save.ch\/wp-content\/uploads\/2016\/12\/Gescheitert-aber-nicht-vom-Tisch-it-security.jpg\" \/>\n<meta name=\"author\" content=\"admin\" \/>\n<meta name=\"twitter:card\" content=\"summary_large_image\" \/>\n<meta name=\"twitter:label1\" content=\"\u00c9crit par\" \/>\n\t<meta name=\"twitter:data1\" content=\"admin\" \/>\n\t<meta name=\"twitter:label2\" content=\"Dur\u00e9e de lecture estim\u00e9e\" \/>\n\t<meta name=\"twitter:data2\" content=\"1 minute\" \/>\n<script type=\"application\/ld+json\" class=\"yoast-schema-graph\">{\"@context\":\"https:\\\/\\\/schema.org\",\"@graph\":[{\"@type\":\"Article\",\"@id\":\"https:\\\/\\\/news.save.ch\\\/gescheitert-nicht-vom-tisch\\\/#article\",\"isPartOf\":{\"@id\":\"https:\\\/\\\/news.save.ch\\\/gescheitert-nicht-vom-tisch\\\/\"},\"author\":{\"name\":\"admin\",\"@id\":\"https:\\\/\\\/news.save.ch\\\/de\\\/#\\\/schema\\\/person\\\/d49e199490bad7c70d64b9ab51142f2b\"},\"headline\":\"Gescheitert, aber nicht vom Tisch\",\"datePublished\":\"2016-07-08T07:50:09+00:00\",\"dateModified\":\"2023-03-14T07:57:17+00:00\",\"mainEntityOfPage\":{\"@id\":\"https:\\\/\\\/news.save.ch\\\/gescheitert-nicht-vom-tisch\\\/\"},\"wordCount\":186,\"commentCount\":0,\"publisher\":{\"@id\":\"https:\\\/\\\/news.save.ch\\\/de\\\/#organization\"},\"image\":{\"@id\":\"https:\\\/\\\/news.save.ch\\\/gescheitert-nicht-vom-tisch\\\/#primaryimage\"},\"thumbnailUrl\":\"https:\\\/\\\/news.save.ch\\\/wp-content\\\/uploads\\\/2016\\\/12\\\/Gescheitert-aber-nicht-vom-Tisch-it-security.jpg\",\"keywords\":[\"IT-SECURITY\",\"Nachrichtendienst\"],\"articleSection\":[\"DIGITALISIERUNG\"],\"inLanguage\":\"fr-FR\"},{\"@type\":\"WebPage\",\"@id\":\"https:\\\/\\\/news.save.ch\\\/gescheitert-nicht-vom-tisch\\\/\",\"url\":\"https:\\\/\\\/news.save.ch\\\/gescheitert-nicht-vom-tisch\\\/\",\"name\":\"Gescheitert, aber nicht vom Tisch - Save\",\"isPartOf\":{\"@id\":\"https:\\\/\\\/news.save.ch\\\/de\\\/#website\"},\"primaryImageOfPage\":{\"@id\":\"https:\\\/\\\/news.save.ch\\\/gescheitert-nicht-vom-tisch\\\/#primaryimage\"},\"image\":{\"@id\":\"https:\\\/\\\/news.save.ch\\\/gescheitert-nicht-vom-tisch\\\/#primaryimage\"},\"thumbnailUrl\":\"https:\\\/\\\/news.save.ch\\\/wp-content\\\/uploads\\\/2016\\\/12\\\/Gescheitert-aber-nicht-vom-Tisch-it-security.jpg\",\"datePublished\":\"2016-07-08T07:50:09+00:00\",\"dateModified\":\"2023-03-14T07:57:17+00:00\",\"description\":\"Das Referendum gegen das Bundesgesetz betreffend der \u00dcberwachung des Post- und Fernmeldeverkehrs, kurz B\u00fcpf, kommt nicht zustande.\",\"breadcrumb\":{\"@id\":\"https:\\\/\\\/news.save.ch\\\/gescheitert-nicht-vom-tisch\\\/#breadcrumb\"},\"inLanguage\":\"fr-FR\",\"potentialAction\":[{\"@type\":\"ReadAction\",\"target\":[\"https:\\\/\\\/news.save.ch\\\/gescheitert-nicht-vom-tisch\\\/\"]}]},{\"@type\":\"ImageObject\",\"inLanguage\":\"fr-FR\",\"@id\":\"https:\\\/\\\/news.save.ch\\\/gescheitert-nicht-vom-tisch\\\/#primaryimage\",\"url\":\"https:\\\/\\\/news.save.ch\\\/wp-content\\\/uploads\\\/2016\\\/12\\\/Gescheitert-aber-nicht-vom-Tisch-it-security.jpg\",\"contentUrl\":\"https:\\\/\\\/news.save.ch\\\/wp-content\\\/uploads\\\/2016\\\/12\\\/Gescheitert-aber-nicht-vom-Tisch-it-security.jpg\",\"width\":398,\"height\":271,\"caption\":\"Das B\u00fcpf-Referendum ist gescheitert, aber ...\"},{\"@type\":\"BreadcrumbList\",\"@id\":\"https:\\\/\\\/news.save.ch\\\/gescheitert-nicht-vom-tisch\\\/#breadcrumb\",\"itemListElement\":[{\"@type\":\"ListItem\",\"position\":1,\"name\":\"Home\",\"item\":\"https:\\\/\\\/news.save.ch\\\/de\\\/\"},{\"@type\":\"ListItem\",\"position\":2,\"name\":\"Gescheitert, aber nicht vom Tisch\"}]},{\"@type\":\"WebSite\",\"@id\":\"https:\\\/\\\/news.save.ch\\\/de\\\/#website\",\"url\":\"https:\\\/\\\/news.save.ch\\\/de\\\/\",\"name\":\"Save\",\"description\":\"Schweizer Fachzeitschrift f\u00fcr Sicherheit\",\"publisher\":{\"@id\":\"https:\\\/\\\/news.save.ch\\\/de\\\/#organization\"},\"potentialAction\":[{\"@type\":\"SearchAction\",\"target\":{\"@type\":\"EntryPoint\",\"urlTemplate\":\"https:\\\/\\\/news.save.ch\\\/de\\\/?s={search_term_string}\"},\"query-input\":{\"@type\":\"PropertyValueSpecification\",\"valueRequired\":true,\"valueName\":\"search_term_string\"}}],\"inLanguage\":\"fr-FR\"},{\"@type\":\"Organization\",\"@id\":\"https:\\\/\\\/news.save.ch\\\/de\\\/#organization\",\"name\":\"Sicherheitsforum\",\"url\":\"https:\\\/\\\/news.save.ch\\\/de\\\/\",\"logo\":{\"@type\":\"ImageObject\",\"inLanguage\":\"fr-FR\",\"@id\":\"https:\\\/\\\/news.save.ch\\\/de\\\/#\\\/schema\\\/logo\\\/image\\\/\",\"url\":\"https:\\\/\\\/news.save.ch\\\/wp-content\\\/uploads\\\/2022\\\/06\\\/Logo_SF_2012.png\",\"contentUrl\":\"https:\\\/\\\/news.save.ch\\\/wp-content\\\/uploads\\\/2022\\\/06\\\/Logo_SF_2012.png\",\"width\":1100,\"height\":91,\"caption\":\"Sicherheitsforum\"},\"image\":{\"@id\":\"https:\\\/\\\/news.save.ch\\\/de\\\/#\\\/schema\\\/logo\\\/image\\\/\"}},{\"@type\":\"Person\",\"@id\":\"https:\\\/\\\/news.save.ch\\\/de\\\/#\\\/schema\\\/person\\\/d49e199490bad7c70d64b9ab51142f2b\",\"name\":\"admin\",\"image\":{\"@type\":\"ImageObject\",\"inLanguage\":\"fr-FR\",\"@id\":\"https:\\\/\\\/secure.gravatar.com\\\/avatar\\\/ae2f4d718e6c49043e314ce431e7e645d646302a24a5ef5a8bc8e3f5a032e319?s=96&d=mm&r=g\",\"url\":\"https:\\\/\\\/secure.gravatar.com\\\/avatar\\\/ae2f4d718e6c49043e314ce431e7e645d646302a24a5ef5a8bc8e3f5a032e319?s=96&d=mm&r=g\",\"contentUrl\":\"https:\\\/\\\/secure.gravatar.com\\\/avatar\\\/ae2f4d718e6c49043e314ce431e7e645d646302a24a5ef5a8bc8e3f5a032e319?s=96&d=mm&r=g\",\"caption\":\"admin\"},\"sameAs\":[\"https:\\\/\\\/develop.organisator.galledia.ch\"],\"url\":\"https:\\\/\\\/news.save.ch\\\/fr\\\/author\\\/admin\\\/\"}]}<\/script>\n<!-- \/ Yoast SEO plugin. -->","yoast_head_json":{"title":"\u00c9chec mais pas de la table - Save","description":"Le r\u00e9f\u00e9rendum contre la loi f\u00e9d\u00e9rale sur la surveillance de la correspondance par poste et t\u00e9l\u00e9communication (LSCPT) n'aboutira pas.","robots":{"index":"index","follow":"follow","max-snippet":"max-snippet:-1","max-image-preview":"max-image-preview:large","max-video-preview":"max-video-preview:-1"},"canonical":"https:\/\/news.save.ch\/fr\/gescheitert-nicht-vom-tisch\/","og_locale":"fr_FR","og_type":"article","og_title":"Gescheitert, aber nicht vom Tisch","og_description":"Das Referendum gegen das Bundesgesetz betreffend der \u00dcberwachung des Post- und Fernmeldeverkehrs, kurz B\u00fcpf, kommt nicht zustande. Doch die \"\u00dcberwachungs\"-Thematik ist nicht vom Tisch.","og_url":"https:\/\/news.save.ch\/fr\/gescheitert-nicht-vom-tisch\/","og_site_name":"Save","article_published_time":"2016-07-08T07:50:09+00:00","article_modified_time":"2023-03-14T07:57:17+00:00","og_image":[{"url":"https:\/\/news.save.ch\/wp-content\/uploads\/2016\/12\/Gescheitert-aber-nicht-vom-Tisch-it-security.jpg","type":"","width":"","height":""}],"author":"admin","twitter_card":"summary_large_image","twitter_misc":{"\u00c9crit par":"admin","Dur\u00e9e de lecture estim\u00e9e":"1 minute"},"schema":{"@context":"https:\/\/schema.org","@graph":[{"@type":"Article","@id":"https:\/\/news.save.ch\/gescheitert-nicht-vom-tisch\/#article","isPartOf":{"@id":"https:\/\/news.save.ch\/gescheitert-nicht-vom-tisch\/"},"author":{"name":"admin","@id":"https:\/\/news.save.ch\/de\/#\/schema\/person\/d49e199490bad7c70d64b9ab51142f2b"},"headline":"Gescheitert, aber nicht vom Tisch","datePublished":"2016-07-08T07:50:09+00:00","dateModified":"2023-03-14T07:57:17+00:00","mainEntityOfPage":{"@id":"https:\/\/news.save.ch\/gescheitert-nicht-vom-tisch\/"},"wordCount":186,"commentCount":0,"publisher":{"@id":"https:\/\/news.save.ch\/de\/#organization"},"image":{"@id":"https:\/\/news.save.ch\/gescheitert-nicht-vom-tisch\/#primaryimage"},"thumbnailUrl":"https:\/\/news.save.ch\/wp-content\/uploads\/2016\/12\/Gescheitert-aber-nicht-vom-Tisch-it-security.jpg","keywords":["IT-SECURITY","Nachrichtendienst"],"articleSection":["DIGITALISIERUNG"],"inLanguage":"fr-FR"},{"@type":"WebPage","@id":"https:\/\/news.save.ch\/gescheitert-nicht-vom-tisch\/","url":"https:\/\/news.save.ch\/gescheitert-nicht-vom-tisch\/","name":"\u00c9chec mais pas de la table - Save","isPartOf":{"@id":"https:\/\/news.save.ch\/de\/#website"},"primaryImageOfPage":{"@id":"https:\/\/news.save.ch\/gescheitert-nicht-vom-tisch\/#primaryimage"},"image":{"@id":"https:\/\/news.save.ch\/gescheitert-nicht-vom-tisch\/#primaryimage"},"thumbnailUrl":"https:\/\/news.save.ch\/wp-content\/uploads\/2016\/12\/Gescheitert-aber-nicht-vom-Tisch-it-security.jpg","datePublished":"2016-07-08T07:50:09+00:00","dateModified":"2023-03-14T07:57:17+00:00","description":"Le r\u00e9f\u00e9rendum contre la loi f\u00e9d\u00e9rale sur la surveillance de la correspondance par poste et t\u00e9l\u00e9communication (LSCPT) n'aboutira pas.","breadcrumb":{"@id":"https:\/\/news.save.ch\/gescheitert-nicht-vom-tisch\/#breadcrumb"},"inLanguage":"fr-FR","potentialAction":[{"@type":"ReadAction","target":["https:\/\/news.save.ch\/gescheitert-nicht-vom-tisch\/"]}]},{"@type":"ImageObject","inLanguage":"fr-FR","@id":"https:\/\/news.save.ch\/gescheitert-nicht-vom-tisch\/#primaryimage","url":"https:\/\/news.save.ch\/wp-content\/uploads\/2016\/12\/Gescheitert-aber-nicht-vom-Tisch-it-security.jpg","contentUrl":"https:\/\/news.save.ch\/wp-content\/uploads\/2016\/12\/Gescheitert-aber-nicht-vom-Tisch-it-security.jpg","width":398,"height":271,"caption":"Das B\u00fcpf-Referendum ist gescheitert, aber ..."},{"@type":"BreadcrumbList","@id":"https:\/\/news.save.ch\/gescheitert-nicht-vom-tisch\/#breadcrumb","itemListElement":[{"@type":"ListItem","position":1,"name":"Home","item":"https:\/\/news.save.ch\/de\/"},{"@type":"ListItem","position":2,"name":"Gescheitert, aber nicht vom Tisch"}]},{"@type":"WebSite","@id":"https:\/\/news.save.ch\/de\/#website","url":"https:\/\/news.save.ch\/de\/","name":"Save","description":"Revue suisse sp\u00e9cialis\u00e9e dans la s\u00e9curit\u00e9","publisher":{"@id":"https:\/\/news.save.ch\/de\/#organization"},"potentialAction":[{"@type":"SearchAction","target":{"@type":"EntryPoint","urlTemplate":"https:\/\/news.save.ch\/de\/?s={search_term_string}"},"query-input":{"@type":"PropertyValueSpecification","valueRequired":true,"valueName":"search_term_string"}}],"inLanguage":"fr-FR"},{"@type":"Organization","@id":"https:\/\/news.save.ch\/de\/#organization","name":"Forum sur la s\u00e9curit\u00e9","url":"https:\/\/news.save.ch\/de\/","logo":{"@type":"ImageObject","inLanguage":"fr-FR","@id":"https:\/\/news.save.ch\/de\/#\/schema\/logo\/image\/","url":"https:\/\/news.save.ch\/wp-content\/uploads\/2022\/06\/Logo_SF_2012.png","contentUrl":"https:\/\/news.save.ch\/wp-content\/uploads\/2022\/06\/Logo_SF_2012.png","width":1100,"height":91,"caption":"Sicherheitsforum"},"image":{"@id":"https:\/\/news.save.ch\/de\/#\/schema\/logo\/image\/"}},{"@type":"Person","@id":"https:\/\/news.save.ch\/de\/#\/schema\/person\/d49e199490bad7c70d64b9ab51142f2b","name":"admin","image":{"@type":"ImageObject","inLanguage":"fr-FR","@id":"https:\/\/secure.gravatar.com\/avatar\/ae2f4d718e6c49043e314ce431e7e645d646302a24a5ef5a8bc8e3f5a032e319?s=96&d=mm&r=g","url":"https:\/\/secure.gravatar.com\/avatar\/ae2f4d718e6c49043e314ce431e7e645d646302a24a5ef5a8bc8e3f5a032e319?s=96&d=mm&r=g","contentUrl":"https:\/\/secure.gravatar.com\/avatar\/ae2f4d718e6c49043e314ce431e7e645d646302a24a5ef5a8bc8e3f5a032e319?s=96&d=mm&r=g","caption":"admin"},"sameAs":["https:\/\/develop.organisator.galledia.ch"],"url":"https:\/\/news.save.ch\/fr\/author\/admin\/"}]}},"_links":{"self":[{"href":"https:\/\/news.save.ch\/fr\/wp-json\/wp\/v2\/posts\/1469","targetHints":{"allow":["GET"]}}],"collection":[{"href":"https:\/\/news.save.ch\/fr\/wp-json\/wp\/v2\/posts"}],"about":[{"href":"https:\/\/news.save.ch\/fr\/wp-json\/wp\/v2\/types\/post"}],"author":[{"embeddable":true,"href":"https:\/\/news.save.ch\/fr\/wp-json\/wp\/v2\/users\/1"}],"replies":[{"embeddable":true,"href":"https:\/\/news.save.ch\/fr\/wp-json\/wp\/v2\/comments?post=1469"}],"version-history":[{"count":1,"href":"https:\/\/news.save.ch\/fr\/wp-json\/wp\/v2\/posts\/1469\/revisions"}],"predecessor-version":[{"id":17606,"href":"https:\/\/news.save.ch\/fr\/wp-json\/wp\/v2\/posts\/1469\/revisions\/17606"}],"wp:featuredmedia":[{"embeddable":true,"href":"https:\/\/news.save.ch\/fr\/wp-json\/wp\/v2\/media\/1470"}],"wp:attachment":[{"href":"https:\/\/news.save.ch\/fr\/wp-json\/wp\/v2\/media?parent=1469"}],"wp:term":[{"taxonomy":"category","embeddable":true,"href":"https:\/\/news.save.ch\/fr\/wp-json\/wp\/v2\/categories?post=1469"},{"taxonomy":"post_tag","embeddable":true,"href":"https:\/\/news.save.ch\/fr\/wp-json\/wp\/v2\/tags?post=1469"}],"curies":[{"name":"wp","href":"https:\/\/api.w.org\/{rel}","templated":true}]}}