{"id":14822,"date":"2022-08-25T13:38:56","date_gmt":"2022-08-25T11:38:56","guid":{"rendered":"https:\/\/news.save.ch\/?p=14822"},"modified":"2023-06-13T03:19:35","modified_gmt":"2023-06-13T01:19:35","slug":"it-sicherheit-neue-bestimmungen-fuer-vernetzte-geraete","status":null,"type":"post","link":"https:\/\/news.save.ch\/fr\/it-sicherheit-neue-bestimmungen-fuer-vernetzte-geraete\/","title":{"rendered":"S\u00e9curit\u00e9 informatique : nouvelles dispositions pour les appareils connect\u00e9s"},"content":{"rendered":"<figure id=\"attachment_14825\" aria-describedby=\"caption-attachment-14825\" style=\"width: 1000px\" class=\"wp-caption alignleft\"><img loading=\"lazy\" decoding=\"async\" class=\"wp-image-14825 size-full\" src=\"https:\/\/news.save.ch\/wp-content\/uploads\/2022\/08\/Depositphotos_60545169_S.jpg\" alt=\"Bakom\" width=\"1000\" height=\"679\" srcset=\"https:\/\/news.save.ch\/wp-content\/uploads\/2022\/08\/Depositphotos_60545169_S.jpg 1000w, https:\/\/news.save.ch\/wp-content\/uploads\/2022\/08\/Depositphotos_60545169_S-375x255.jpg 375w\" sizes=\"auto, (max-width: 1000px) 100vw, 1000px\" \/><figcaption id=\"caption-attachment-14825\" class=\"wp-caption-text\">Image : depositphotos<\/figcaption><\/figure>\n<p>Nouveau <a href=\"https:\/\/www.fedlex.admin.ch\/eli\/cc\/2016\/307\/de\" target=\"_blank\" rel=\"noopener\">Dispositions de l'ordonnance de l'OFCOM sur les installations de t\u00e9l\u00e9communication (OIT)<\/a> demandent une meilleure protection de la vie priv\u00e9e des propri\u00e9taires d'appareils sans fil. La r\u00e9vision entrera en vigueur le 1er septembre 2022. Les fabricants et les d\u00e9veloppeurs d'appareils sans fil tels que les smartphones et les montres intelligentes devront appliquer les nouvelles dispositions au plus tard le 1er ao\u00fbt 2024.<\/p>\n<h2>Protection des r\u00e9seaux et de la vie priv\u00e9e<\/h2>\n<p>Une r\u00e9vision des dispositions de l'ordonnance de l'OFCOM sur les installations de t\u00e9l\u00e9communication (OIT) entrera en vigueur le 1er septembre 2022. Celles-ci stipulent entre autres que tout appareil sans fil connect\u00e9 pour communiquer via Internet doit garantir la protection des donn\u00e9es personnelles. Les fabricants et les d\u00e9veloppeurs d'appareils intelligents, dont font partie les jouets comme les babyphones ou les wearables, doivent r\u00e9duire l'acc\u00e8s non autoris\u00e9 aux donn\u00e9es personnelles \"par des mesures appropri\u00e9es\", selon un communiqu\u00e9 de l'Office f\u00e9d\u00e9ral de la communication (OFCOM).<\/p>\n<p>A l'avenir, davantage de m\u00e9canismes de protection doivent \u00e9galement intervenir dans le trafic des paiements : les appareils intelligents utilis\u00e9s pour les paiements \u00e9lectroniques doivent disposer de fonctions qui r\u00e9duisent consid\u00e9rablement le risque de fraude. Le contr\u00f4le renforc\u00e9 de l'authentification de l'utilisateur en fait partie. En outre, il doit \u00eatre exclu que les appareils connect\u00e9s perturbent les r\u00e9seaux de communication ou le fonctionnement de sites web ou d'autres services.<\/p>\n<p>Avec les nouvelles dispositions de l'OAV, on veut s'aligner sur la l\u00e9gislation suisse. <a href=\"https:\/\/eur-lex.europa.eu\/legal-content\/DE\/ALL\/?uri=CELEX%3A32022R0030\" target=\"_blank\" rel=\"noopener\">ceux de l'Union europ\u00e9enne<\/a> qui seront disponibles \u00e0 partir du 30 septembre.<\/p>\n<p><em>Source : Bakom<\/em><\/p>","protected":false},"excerpt":{"rendered":"<p>Neue Bestimmungen in der Verordnung des Bakom \u00fcber Fernmeldeanlagen (VFAV) fordern einen besseren Schutz der Privatsph\u00e4re der Besitzerinnen und Besitzer drahtloser Ger\u00e4te. Die Revision rtitt am 1. Septmeber 2022 in Kraft. Hersteller und Entwickler drahtloser Ger\u00e4te wie Smartphones und Smartwatches m\u00fcssen die neuen Bestimmungen sp\u00e4testens ab dem 1. August 2024 anwenden. Schutz der Netze und [&hellip;]<\/p>\n","protected":false},"author":9,"featured_media":14825,"comment_status":"closed","ping_status":"closed","sticky":false,"template":"","format":"standard","meta":{"_acf_changed":false,"pgc_sgb_lightbox_settings":"","footnotes":""},"categories":[1,3313],"tags":[1486,4063,1075,1487,1488,4129,1468,936],"class_list":["post-14822","post","type-post","status-publish","format-standard","has-post-thumbnail","hentry","category-allgemein","category-digitalisierung","tag-bakom","tag-benutzerauthentifizierung","tag-privatsphaere","tag-smartphones","tag-smartwatches","tag-vfav","tag-wearables","tag-zahlungsverkehr"],"acf":[],"hkrextid":null,"publication":null,"issue":null,"workflow":null,"startPage":null,"spitzmarke":null,"_posts_by_tag_page_fields":null,"_at_widget":"1","_yoast_wpseo_primary_category":"1","_yoast_wpseo_focuskw_text_input":null,"_yoast_wpseo_opengraph-image":null,"_yoast_wpseo_opengraph-description":null,"_yoast_wpseo_opengraph-title":null,"enclosure":null,"_yoast_wpseo_twitter-title":null,"_yoast_wpseo_twitter-description":null,"_yoast_wpseo_twitter-image":null,"_wp_old_slug":null,"_yoast_wpseo_title":null,"_yoast_wpseo_canonical":null,"yoast_head":"<!-- This site is optimized with the Yoast SEO plugin v27.5 - https:\/\/yoast.com\/product\/yoast-seo-wordpress\/ -->\n<title>IT-Sicherheit: Neue Bestimmungen f\u00fcr vernetzte Ger\u00e4te - Save<\/title>\n<meta name=\"description\" content=\"F\u00fcr den Schweizer Markt bestimmte Ger\u00e4te wie Smartphones, Smartwatches und Fitness-Tracker m\u00fcssen im Zuge neuer EU- und Bakom-Richtlinien ab dem 1. August 2024 zwingend neuen Anforderungen an die Cybersicherheit standhalten.\" \/>\n<meta name=\"robots\" content=\"index, follow, max-snippet:-1, max-image-preview:large, max-video-preview:-1\" \/>\n<link rel=\"canonical\" href=\"https:\/\/news.save.ch\/fr\/it-sicherheit-neue-bestimmungen-fuer-vernetzte-geraete\/\" \/>\n<meta property=\"og:locale\" content=\"fr_FR\" \/>\n<meta property=\"og:type\" content=\"article\" \/>\n<meta property=\"og:title\" content=\"IT-Sicherheit: Neue Bestimmungen f\u00fcr vernetzte Ger\u00e4te - Save\" \/>\n<meta property=\"og:description\" content=\"F\u00fcr den Schweizer Markt bestimmte Ger\u00e4te wie Smartphones, Smartwatches und Fitness-Tracker m\u00fcssen im Zuge neuer EU- und Bakom-Richtlinien ab dem 1. August 2024 zwingend neuen Anforderungen an die Cybersicherheit standhalten.\" \/>\n<meta property=\"og:url\" content=\"https:\/\/news.save.ch\/fr\/it-sicherheit-neue-bestimmungen-fuer-vernetzte-geraete\/\" \/>\n<meta property=\"og:site_name\" content=\"Save\" \/>\n<meta property=\"article:published_time\" content=\"2022-08-25T11:38:56+00:00\" \/>\n<meta property=\"article:modified_time\" content=\"2023-06-13T01:19:35+00:00\" \/>\n<meta property=\"og:image\" content=\"https:\/\/news.save.ch\/wp-content\/uploads\/2022\/08\/Depositphotos_60545169_S.jpg\" \/>\n\t<meta property=\"og:image:width\" content=\"1000\" \/>\n\t<meta property=\"og:image:height\" content=\"679\" \/>\n\t<meta property=\"og:image:type\" content=\"image\/jpeg\" \/>\n<meta name=\"author\" content=\"Simon Gr\u00f6flin\" \/>\n<meta name=\"twitter:card\" content=\"summary_large_image\" \/>\n<meta name=\"twitter:label1\" content=\"\u00c9crit par\" \/>\n\t<meta name=\"twitter:data1\" content=\"Simon Gr\u00f6flin\" \/>\n\t<meta name=\"twitter:label2\" content=\"Dur\u00e9e de lecture estim\u00e9e\" \/>\n\t<meta name=\"twitter:data2\" content=\"2 minutes\" \/>\n<script type=\"application\/ld+json\" class=\"yoast-schema-graph\">{\"@context\":\"https:\\\/\\\/schema.org\",\"@graph\":[{\"@type\":\"Article\",\"@id\":\"https:\\\/\\\/news.save.ch\\\/it-sicherheit-neue-bestimmungen-fuer-vernetzte-geraete\\\/#article\",\"isPartOf\":{\"@id\":\"https:\\\/\\\/news.save.ch\\\/it-sicherheit-neue-bestimmungen-fuer-vernetzte-geraete\\\/\"},\"author\":{\"name\":\"Simon Gr\u00f6flin\",\"@id\":\"https:\\\/\\\/news.save.ch\\\/de\\\/#\\\/schema\\\/person\\\/ad4ef21102fd6125312409ac57d5296d\"},\"headline\":\"IT-Sicherheit: Neue Bestimmungen f\u00fcr vernetzte Ger\u00e4te\",\"datePublished\":\"2022-08-25T11:38:56+00:00\",\"dateModified\":\"2023-06-13T01:19:35+00:00\",\"mainEntityOfPage\":{\"@id\":\"https:\\\/\\\/news.save.ch\\\/it-sicherheit-neue-bestimmungen-fuer-vernetzte-geraete\\\/\"},\"wordCount\":254,\"publisher\":{\"@id\":\"https:\\\/\\\/news.save.ch\\\/de\\\/#organization\"},\"image\":{\"@id\":\"https:\\\/\\\/news.save.ch\\\/it-sicherheit-neue-bestimmungen-fuer-vernetzte-geraete\\\/#primaryimage\"},\"thumbnailUrl\":\"https:\\\/\\\/news.save.ch\\\/wp-content\\\/uploads\\\/2022\\\/08\\\/Depositphotos_60545169_S.jpg\",\"keywords\":[\"Bakom\",\"Benutzerauthentifizierung\",\"Privatsph\u00e4re\",\"Smartphones\",\"Smartwatches\",\"VFAV\",\"Wearables\",\"Zahlungsverkehr\"],\"articleSection\":[\"ALLGEMEIN\",\"DIGITALISIERUNG\"],\"inLanguage\":\"fr-FR\"},{\"@type\":\"WebPage\",\"@id\":\"https:\\\/\\\/news.save.ch\\\/it-sicherheit-neue-bestimmungen-fuer-vernetzte-geraete\\\/\",\"url\":\"https:\\\/\\\/news.save.ch\\\/it-sicherheit-neue-bestimmungen-fuer-vernetzte-geraete\\\/\",\"name\":\"IT-Sicherheit: Neue Bestimmungen f\u00fcr vernetzte Ger\u00e4te - Save\",\"isPartOf\":{\"@id\":\"https:\\\/\\\/news.save.ch\\\/de\\\/#website\"},\"primaryImageOfPage\":{\"@id\":\"https:\\\/\\\/news.save.ch\\\/it-sicherheit-neue-bestimmungen-fuer-vernetzte-geraete\\\/#primaryimage\"},\"image\":{\"@id\":\"https:\\\/\\\/news.save.ch\\\/it-sicherheit-neue-bestimmungen-fuer-vernetzte-geraete\\\/#primaryimage\"},\"thumbnailUrl\":\"https:\\\/\\\/news.save.ch\\\/wp-content\\\/uploads\\\/2022\\\/08\\\/Depositphotos_60545169_S.jpg\",\"datePublished\":\"2022-08-25T11:38:56+00:00\",\"dateModified\":\"2023-06-13T01:19:35+00:00\",\"description\":\"F\u00fcr den Schweizer Markt bestimmte Ger\u00e4te wie Smartphones, Smartwatches und Fitness-Tracker m\u00fcssen im Zuge neuer EU- und Bakom-Richtlinien ab dem 1. August 2024 zwingend neuen Anforderungen an die Cybersicherheit standhalten.\",\"breadcrumb\":{\"@id\":\"https:\\\/\\\/news.save.ch\\\/it-sicherheit-neue-bestimmungen-fuer-vernetzte-geraete\\\/#breadcrumb\"},\"inLanguage\":\"fr-FR\",\"potentialAction\":[{\"@type\":\"ReadAction\",\"target\":[\"https:\\\/\\\/news.save.ch\\\/it-sicherheit-neue-bestimmungen-fuer-vernetzte-geraete\\\/\"]}]},{\"@type\":\"ImageObject\",\"inLanguage\":\"fr-FR\",\"@id\":\"https:\\\/\\\/news.save.ch\\\/it-sicherheit-neue-bestimmungen-fuer-vernetzte-geraete\\\/#primaryimage\",\"url\":\"https:\\\/\\\/news.save.ch\\\/wp-content\\\/uploads\\\/2022\\\/08\\\/Depositphotos_60545169_S.jpg\",\"contentUrl\":\"https:\\\/\\\/news.save.ch\\\/wp-content\\\/uploads\\\/2022\\\/08\\\/Depositphotos_60545169_S.jpg\",\"width\":1000,\"height\":679,\"caption\":\"mobility concept: render of a collection of mobile devices, tablets and smartphones with different screens\"},{\"@type\":\"BreadcrumbList\",\"@id\":\"https:\\\/\\\/news.save.ch\\\/it-sicherheit-neue-bestimmungen-fuer-vernetzte-geraete\\\/#breadcrumb\",\"itemListElement\":[{\"@type\":\"ListItem\",\"position\":1,\"name\":\"Home\",\"item\":\"https:\\\/\\\/news.save.ch\\\/de\\\/\"},{\"@type\":\"ListItem\",\"position\":2,\"name\":\"IT-Sicherheit: Neue Bestimmungen f\u00fcr vernetzte Ger\u00e4te\"}]},{\"@type\":\"WebSite\",\"@id\":\"https:\\\/\\\/news.save.ch\\\/de\\\/#website\",\"url\":\"https:\\\/\\\/news.save.ch\\\/de\\\/\",\"name\":\"Save\",\"description\":\"Schweizer Fachzeitschrift f\u00fcr Sicherheit\",\"publisher\":{\"@id\":\"https:\\\/\\\/news.save.ch\\\/de\\\/#organization\"},\"potentialAction\":[{\"@type\":\"SearchAction\",\"target\":{\"@type\":\"EntryPoint\",\"urlTemplate\":\"https:\\\/\\\/news.save.ch\\\/de\\\/?s={search_term_string}\"},\"query-input\":{\"@type\":\"PropertyValueSpecification\",\"valueRequired\":true,\"valueName\":\"search_term_string\"}}],\"inLanguage\":\"fr-FR\"},{\"@type\":\"Organization\",\"@id\":\"https:\\\/\\\/news.save.ch\\\/de\\\/#organization\",\"name\":\"Sicherheitsforum\",\"url\":\"https:\\\/\\\/news.save.ch\\\/de\\\/\",\"logo\":{\"@type\":\"ImageObject\",\"inLanguage\":\"fr-FR\",\"@id\":\"https:\\\/\\\/news.save.ch\\\/de\\\/#\\\/schema\\\/logo\\\/image\\\/\",\"url\":\"https:\\\/\\\/news.save.ch\\\/wp-content\\\/uploads\\\/2022\\\/06\\\/Logo_SF_2012.png\",\"contentUrl\":\"https:\\\/\\\/news.save.ch\\\/wp-content\\\/uploads\\\/2022\\\/06\\\/Logo_SF_2012.png\",\"width\":1100,\"height\":91,\"caption\":\"Sicherheitsforum\"},\"image\":{\"@id\":\"https:\\\/\\\/news.save.ch\\\/de\\\/#\\\/schema\\\/logo\\\/image\\\/\"}},{\"@type\":\"Person\",\"@id\":\"https:\\\/\\\/news.save.ch\\\/de\\\/#\\\/schema\\\/person\\\/ad4ef21102fd6125312409ac57d5296d\",\"name\":\"Simon Gr\u00f6flin\",\"image\":{\"@type\":\"ImageObject\",\"inLanguage\":\"fr-FR\",\"@id\":\"https:\\\/\\\/secure.gravatar.com\\\/avatar\\\/6ddceb80eb734354635539e0ea5140bb7c41e42de7c45c9a2ab9921b5d5c9a83?s=96&d=mm&r=g\",\"url\":\"https:\\\/\\\/secure.gravatar.com\\\/avatar\\\/6ddceb80eb734354635539e0ea5140bb7c41e42de7c45c9a2ab9921b5d5c9a83?s=96&d=mm&r=g\",\"contentUrl\":\"https:\\\/\\\/secure.gravatar.com\\\/avatar\\\/6ddceb80eb734354635539e0ea5140bb7c41e42de7c45c9a2ab9921b5d5c9a83?s=96&d=mm&r=g\",\"caption\":\"Simon Gr\u00f6flin\"},\"url\":\"https:\\\/\\\/news.save.ch\\\/fr\\\/author\\\/simon-groeflin\\\/\"}]}<\/script>\n<!-- \/ Yoast SEO plugin. -->","yoast_head_json":{"title":"S\u00e9curit\u00e9 informatique : nouvelles dispositions pour les appareils connect\u00e9s - Save","description":"Suite aux nouvelles directives de l'UE et de l'OFCOM, les appareils destin\u00e9s au march\u00e9 suisse tels que les smartphones, les montres intelligentes et les fitness trackers devront imp\u00e9rativement r\u00e9pondre \u00e0 de nouvelles exigences en mati\u00e8re de cybers\u00e9curit\u00e9 \u00e0 partir du 1er ao\u00fbt 2024.","robots":{"index":"index","follow":"follow","max-snippet":"max-snippet:-1","max-image-preview":"max-image-preview:large","max-video-preview":"max-video-preview:-1"},"canonical":"https:\/\/news.save.ch\/fr\/it-sicherheit-neue-bestimmungen-fuer-vernetzte-geraete\/","og_locale":"fr_FR","og_type":"article","og_title":"IT-Sicherheit: Neue Bestimmungen f\u00fcr vernetzte Ger\u00e4te - Save","og_description":"F\u00fcr den Schweizer Markt bestimmte Ger\u00e4te wie Smartphones, Smartwatches und Fitness-Tracker m\u00fcssen im Zuge neuer EU- und Bakom-Richtlinien ab dem 1. August 2024 zwingend neuen Anforderungen an die Cybersicherheit standhalten.","og_url":"https:\/\/news.save.ch\/fr\/it-sicherheit-neue-bestimmungen-fuer-vernetzte-geraete\/","og_site_name":"Save","article_published_time":"2022-08-25T11:38:56+00:00","article_modified_time":"2023-06-13T01:19:35+00:00","og_image":[{"width":1000,"height":679,"url":"https:\/\/news.save.ch\/wp-content\/uploads\/2022\/08\/Depositphotos_60545169_S.jpg","type":"image\/jpeg"}],"author":"Simon Gr\u00f6flin","twitter_card":"summary_large_image","twitter_misc":{"\u00c9crit par":"Simon Gr\u00f6flin","Dur\u00e9e de lecture estim\u00e9e":"2 minutes"},"schema":{"@context":"https:\/\/schema.org","@graph":[{"@type":"Article","@id":"https:\/\/news.save.ch\/it-sicherheit-neue-bestimmungen-fuer-vernetzte-geraete\/#article","isPartOf":{"@id":"https:\/\/news.save.ch\/it-sicherheit-neue-bestimmungen-fuer-vernetzte-geraete\/"},"author":{"name":"Simon Gr\u00f6flin","@id":"https:\/\/news.save.ch\/de\/#\/schema\/person\/ad4ef21102fd6125312409ac57d5296d"},"headline":"IT-Sicherheit: Neue Bestimmungen f\u00fcr vernetzte Ger\u00e4te","datePublished":"2022-08-25T11:38:56+00:00","dateModified":"2023-06-13T01:19:35+00:00","mainEntityOfPage":{"@id":"https:\/\/news.save.ch\/it-sicherheit-neue-bestimmungen-fuer-vernetzte-geraete\/"},"wordCount":254,"publisher":{"@id":"https:\/\/news.save.ch\/de\/#organization"},"image":{"@id":"https:\/\/news.save.ch\/it-sicherheit-neue-bestimmungen-fuer-vernetzte-geraete\/#primaryimage"},"thumbnailUrl":"https:\/\/news.save.ch\/wp-content\/uploads\/2022\/08\/Depositphotos_60545169_S.jpg","keywords":["Bakom","Benutzerauthentifizierung","Privatsph\u00e4re","Smartphones","Smartwatches","VFAV","Wearables","Zahlungsverkehr"],"articleSection":["ALLGEMEIN","DIGITALISIERUNG"],"inLanguage":"fr-FR"},{"@type":"WebPage","@id":"https:\/\/news.save.ch\/it-sicherheit-neue-bestimmungen-fuer-vernetzte-geraete\/","url":"https:\/\/news.save.ch\/it-sicherheit-neue-bestimmungen-fuer-vernetzte-geraete\/","name":"S\u00e9curit\u00e9 informatique : nouvelles dispositions pour les appareils connect\u00e9s - Save","isPartOf":{"@id":"https:\/\/news.save.ch\/de\/#website"},"primaryImageOfPage":{"@id":"https:\/\/news.save.ch\/it-sicherheit-neue-bestimmungen-fuer-vernetzte-geraete\/#primaryimage"},"image":{"@id":"https:\/\/news.save.ch\/it-sicherheit-neue-bestimmungen-fuer-vernetzte-geraete\/#primaryimage"},"thumbnailUrl":"https:\/\/news.save.ch\/wp-content\/uploads\/2022\/08\/Depositphotos_60545169_S.jpg","datePublished":"2022-08-25T11:38:56+00:00","dateModified":"2023-06-13T01:19:35+00:00","description":"Suite aux nouvelles directives de l'UE et de l'OFCOM, les appareils destin\u00e9s au march\u00e9 suisse tels que les smartphones, les montres intelligentes et les fitness trackers devront imp\u00e9rativement r\u00e9pondre \u00e0 de nouvelles exigences en mati\u00e8re de cybers\u00e9curit\u00e9 \u00e0 partir du 1er ao\u00fbt 2024.","breadcrumb":{"@id":"https:\/\/news.save.ch\/it-sicherheit-neue-bestimmungen-fuer-vernetzte-geraete\/#breadcrumb"},"inLanguage":"fr-FR","potentialAction":[{"@type":"ReadAction","target":["https:\/\/news.save.ch\/it-sicherheit-neue-bestimmungen-fuer-vernetzte-geraete\/"]}]},{"@type":"ImageObject","inLanguage":"fr-FR","@id":"https:\/\/news.save.ch\/it-sicherheit-neue-bestimmungen-fuer-vernetzte-geraete\/#primaryimage","url":"https:\/\/news.save.ch\/wp-content\/uploads\/2022\/08\/Depositphotos_60545169_S.jpg","contentUrl":"https:\/\/news.save.ch\/wp-content\/uploads\/2022\/08\/Depositphotos_60545169_S.jpg","width":1000,"height":679,"caption":"mobility concept: render of a collection of mobile devices, tablets and smartphones with different screens"},{"@type":"BreadcrumbList","@id":"https:\/\/news.save.ch\/it-sicherheit-neue-bestimmungen-fuer-vernetzte-geraete\/#breadcrumb","itemListElement":[{"@type":"ListItem","position":1,"name":"Home","item":"https:\/\/news.save.ch\/de\/"},{"@type":"ListItem","position":2,"name":"IT-Sicherheit: Neue Bestimmungen f\u00fcr vernetzte Ger\u00e4te"}]},{"@type":"WebSite","@id":"https:\/\/news.save.ch\/de\/#website","url":"https:\/\/news.save.ch\/de\/","name":"Save","description":"Revue suisse sp\u00e9cialis\u00e9e dans la s\u00e9curit\u00e9","publisher":{"@id":"https:\/\/news.save.ch\/de\/#organization"},"potentialAction":[{"@type":"SearchAction","target":{"@type":"EntryPoint","urlTemplate":"https:\/\/news.save.ch\/de\/?s={search_term_string}"},"query-input":{"@type":"PropertyValueSpecification","valueRequired":true,"valueName":"search_term_string"}}],"inLanguage":"fr-FR"},{"@type":"Organization","@id":"https:\/\/news.save.ch\/de\/#organization","name":"Forum sur la s\u00e9curit\u00e9","url":"https:\/\/news.save.ch\/de\/","logo":{"@type":"ImageObject","inLanguage":"fr-FR","@id":"https:\/\/news.save.ch\/de\/#\/schema\/logo\/image\/","url":"https:\/\/news.save.ch\/wp-content\/uploads\/2022\/06\/Logo_SF_2012.png","contentUrl":"https:\/\/news.save.ch\/wp-content\/uploads\/2022\/06\/Logo_SF_2012.png","width":1100,"height":91,"caption":"Sicherheitsforum"},"image":{"@id":"https:\/\/news.save.ch\/de\/#\/schema\/logo\/image\/"}},{"@type":"Person","@id":"https:\/\/news.save.ch\/de\/#\/schema\/person\/ad4ef21102fd6125312409ac57d5296d","name":"Simon Gr\u00f6flin","image":{"@type":"ImageObject","inLanguage":"fr-FR","@id":"https:\/\/secure.gravatar.com\/avatar\/6ddceb80eb734354635539e0ea5140bb7c41e42de7c45c9a2ab9921b5d5c9a83?s=96&d=mm&r=g","url":"https:\/\/secure.gravatar.com\/avatar\/6ddceb80eb734354635539e0ea5140bb7c41e42de7c45c9a2ab9921b5d5c9a83?s=96&d=mm&r=g","contentUrl":"https:\/\/secure.gravatar.com\/avatar\/6ddceb80eb734354635539e0ea5140bb7c41e42de7c45c9a2ab9921b5d5c9a83?s=96&d=mm&r=g","caption":"Simon Gr\u00f6flin"},"url":"https:\/\/news.save.ch\/fr\/author\/simon-groeflin\/"}]}},"_links":{"self":[{"href":"https:\/\/news.save.ch\/fr\/wp-json\/wp\/v2\/posts\/14822","targetHints":{"allow":["GET"]}}],"collection":[{"href":"https:\/\/news.save.ch\/fr\/wp-json\/wp\/v2\/posts"}],"about":[{"href":"https:\/\/news.save.ch\/fr\/wp-json\/wp\/v2\/types\/post"}],"author":[{"embeddable":true,"href":"https:\/\/news.save.ch\/fr\/wp-json\/wp\/v2\/users\/9"}],"replies":[{"embeddable":true,"href":"https:\/\/news.save.ch\/fr\/wp-json\/wp\/v2\/comments?post=14822"}],"version-history":[{"count":3,"href":"https:\/\/news.save.ch\/fr\/wp-json\/wp\/v2\/posts\/14822\/revisions"}],"predecessor-version":[{"id":19875,"href":"https:\/\/news.save.ch\/fr\/wp-json\/wp\/v2\/posts\/14822\/revisions\/19875"}],"wp:featuredmedia":[{"embeddable":true,"href":"https:\/\/news.save.ch\/fr\/wp-json\/wp\/v2\/media\/14825"}],"wp:attachment":[{"href":"https:\/\/news.save.ch\/fr\/wp-json\/wp\/v2\/media?parent=14822"}],"wp:term":[{"taxonomy":"category","embeddable":true,"href":"https:\/\/news.save.ch\/fr\/wp-json\/wp\/v2\/categories?post=14822"},{"taxonomy":"post_tag","embeddable":true,"href":"https:\/\/news.save.ch\/fr\/wp-json\/wp\/v2\/tags?post=14822"}],"curies":[{"name":"wp","href":"https:\/\/api.w.org\/{rel}","templated":true}]}}