{"id":1486,"date":"2016-07-05T09:58:29","date_gmt":"2016-07-05T07:58:29","guid":{"rendered":"https:\/\/dev.sicherheitsforum.ch\/?p=1486"},"modified":"2023-03-14T08:57:17","modified_gmt":"2023-03-14T07:57:17","slug":"ip-umstellung-auch-fuer-die-alarmierung-wichtig","status":null,"type":"post","link":"https:\/\/news.save.ch\/fr\/ip-umstellung-auch-fuer-die-alarmierung-wichtig\/","title":{"rendered":"Passage \u00e0 l'IP : important aussi pour l'alarme"},"content":{"rendered":"<p><img loading=\"lazy\" decoding=\"async\" class=\"alignnone size-medium wp-image-1487\" src=\"https:\/\/sicherheitsforum.ch\/wp-content\/uploads\/2016\/12\/IP-Umstellung-Auch-f\u00fcr-die-Alarmierung-wichtig-it-security.jpg\" alt=\"\" width=\"680\" height=\"454\" \/><\/p>\n<p>Le passage au protocole Internet (IP) se fait \u00e0 l'\u00e9chelle mondiale. Des lignes t\u00e9l\u00e9phoniques et Internet s\u00e9par\u00e9es ne sont donc plus n\u00e9cessaires. Les images, les films, la musique et la voix sont transmis sur un seul r\u00e9seau. C'est pourquoi Swisscom parle aussi de <a href=\"https:\/\/www.swisscom.ch\/ip\" target=\"_blank\" data-cke-saved-href=\"https:\/\/www.swisscom.ch\/ip\" rel=\"noopener\">Tous les IP<\/a>qui est \u00e0 la base de la num\u00e9risation (M2M, IoT, Cloud). All IP ne r\u00e9duira pas seulement le nombre de technologies, mais permettra \u00e9galement le d\u00e9veloppement de nouveaux services, promet Swisscom.<\/p>\n<p><strong>Transmission des alarmes : mieux vaut changer aujourd'hui que demain<\/strong><\/p>\n<p>Le processus de conversion IP est en cours depuis un certain temps d\u00e9j\u00e0. Comme Swisscom l'a annonc\u00e9 lors de sa conf\u00e9rence de presse d'aujourd'hui \u00e0 Zurich, elle souhaite que les syst\u00e8mes analogiques et RNIS soient remplac\u00e9s par All IP d'ici fin 2017. \"Le plan est ambitieux, mais nous sommes sur la bonne voie\", d\u00e9clare Beat D\u00f6\u00f6s, responsable de la transformation All-IP. Aujourd'hui d\u00e9j\u00e0, plus de la moiti\u00e9 des clients utiliseraient la technologie IP. L'op\u00e9rateur t\u00e9l\u00e9com estime que d'ici fin 2016, environ trois quarts des clients seront sur IP. Il existe des solutions IP pour tous les domaines, que ce soit dans le quotidien professionnel ou priv\u00e9. Cela vaut \u00e9galement pour les applications sp\u00e9ciales comme par exemple les syst\u00e8mes d'alarme, la domotique et les t\u00e9l\u00e9phones d'ascenseur.<\/p>\n<p>L'entreprise TUS, sp\u00e9cialis\u00e9e dans la transmission d'alarmes, souhaite que l'ensemble des 11 000 postes de num\u00e9rotation analogiques de ses clients soient migr\u00e9s vers IP d'ici fin 2017. Le responsable des grands projets chez TUS, J\u00fcrg Steiner, recommande donc d'entreprendre la modernisation de l'infrastructure aujourd'hui plut\u00f4t que demain. Selon Steiner, les exploitants de syst\u00e8mes d'alarme peuvent d\u00e9j\u00e0 \u00eatre concern\u00e9s par la nouvelle technologie. Afin de garantir une transmission d'alarme sans interruption, il est conseill\u00e9 de proc\u00e9der \u00e0 la conversion du syst\u00e8me d'alarme avant celle de la t\u00e9l\u00e9phonie. Selon TUS, l'un des avantages de la technologie IP est qu'elle permet de standardiser et de centraliser les services techniques, comme par exemple la t\u00e9l\u00e9maintenance.  (voir \u00e0 ce sujet l'article sp\u00e9cialis\u00e9 d\u00e9taill\u00e9 dans le <a href=\"\/fr\/sicherheitsforum\/\" target=\"_blank\" data-cke-saved-href=\"https:\/\/sicherheitsforum.hamster.ch\/subscribe\" rel=\"noopener\">Forum sur la s\u00e9curit\u00e9 <\/a>3\/2016)<\/p>\n<p><strong>Avantages de All IP<\/strong><\/p>\n<p>Selon Swisscom, le passage au tout IP pr\u00e9sente diff\u00e9rents avantages : Il est question d'une qualit\u00e9 vocale HD nettement meilleure, mais aussi de l'affichage automatique du nom des num\u00e9ros non enregistr\u00e9s (selon local.ch), du blocage des appels ind\u00e9sirables - ils sont automatiquement propos\u00e9s -, du transfert du num\u00e9ro de t\u00e9l\u00e9phone fixe vers un autre num\u00e9ro ou de la possibilit\u00e9 de passer deux appels simultan\u00e9ment. Un autre avantage est que le client All-IP peut continuer \u00e0 surfer en cas de panne de r\u00e9seau avec une sauvegarde Internet.<\/p>\n<p>D'ici la fin de l'ann\u00e9e 2016, l'op\u00e9rateur de t\u00e9l\u00e9communications proposera en outre en option, exclusivement pour les clients tout IP, un filtre anti-spam automatique pour bloquer les appels publicitaires non sollicit\u00e9s.<\/p>\n<p>Selon Swisscom, de nombreux grands clients ont d\u00e9j\u00e0 lanc\u00e9 des projets All-IP et sont en phase de mise en \u0153uvre. Les PME seraient \u00e9galement de plus en plus nombreuses \u00e0 reconna\u00eetre les nouvelles possibilit\u00e9s offertes par le passage \u00e0 l'IP afin de simplifier les processus de travail.<\/p>\n<p><em>Texte : rs<\/em><\/p>","protected":false},"excerpt":{"rendered":"<p>Der Wechsel auf das Internet Protokoll (IP) findet weltweit statt. Separate Telefon- und Internetleitungen sind demnach nicht mehr n\u00f6tig. Bilder, Filme, Musik und Sprache werden auf einem Netz \u00fcbermittelt. Deshalb spricht die Swisscom auch von All IP, das die Basis f\u00fcr die Digitalisierung (M2M, IoT, Cloud) ist. All IP werde nicht nur die Anzahl Technologien [&hellip;]<\/p>\n","protected":false},"author":1,"featured_media":1487,"comment_status":"open","ping_status":"open","sticky":false,"template":"","format":"standard","meta":{"_acf_changed":false,"pgc_sgb_lightbox_settings":"","footnotes":""},"categories":[3313],"tags":[151,63,65],"class_list":["post-1486","post","type-post","status-publish","format-standard","has-post-thumbnail","hentry","category-digitalisierung","tag-alarmierung","tag-it-security","tag-unternehmen"],"acf":[],"hkrextid":null,"publication":null,"issue":null,"workflow":null,"startPage":null,"spitzmarke":null,"_posts_by_tag_page_fields":{"widget_title":"","widget_tags":""},"_at_widget":"1","_yoast_wpseo_primary_category":"2","_yoast_wpseo_focuskw_text_input":"IP-Umstellung","_yoast_wpseo_opengraph-image":null,"_yoast_wpseo_opengraph-description":null,"_yoast_wpseo_opengraph-title":null,"enclosure":null,"_yoast_wpseo_twitter-title":null,"_yoast_wpseo_twitter-description":null,"_yoast_wpseo_twitter-image":null,"_wp_old_slug":null,"_yoast_wpseo_title":null,"_yoast_wpseo_canonical":null,"yoast_head":"<!-- This site is optimized with the Yoast SEO plugin v27.5 - https:\/\/yoast.com\/product\/yoast-seo-wordpress\/ -->\n<title>IP-Umstellung: Auch f\u00fcr die Alarmierung wichtig - Save<\/title>\n<meta name=\"robots\" content=\"index, follow, max-snippet:-1, max-image-preview:large, max-video-preview:-1\" \/>\n<link rel=\"canonical\" href=\"https:\/\/news.save.ch\/fr\/ip-umstellung-auch-fuer-die-alarmierung-wichtig\/\" \/>\n<meta property=\"og:locale\" content=\"fr_FR\" \/>\n<meta property=\"og:type\" content=\"article\" \/>\n<meta property=\"og:title\" content=\"IP-Umstellung: Auch f\u00fcr die Alarmierung wichtig - Save\" \/>\n<meta property=\"og:description\" content=\"Der Wechsel auf das Internet Protokoll (IP) findet weltweit statt. Separate Telefon- und Internetleitungen sind demnach nicht mehr n\u00f6tig. Bilder, Filme, Musik und Sprache werden auf einem Netz \u00fcbermittelt. Deshalb spricht die Swisscom auch von All IP, das die Basis f\u00fcr die Digitalisierung (M2M, IoT, Cloud) ist. All IP werde nicht nur die Anzahl Technologien [&hellip;]\" \/>\n<meta property=\"og:url\" content=\"https:\/\/news.save.ch\/fr\/ip-umstellung-auch-fuer-die-alarmierung-wichtig\/\" \/>\n<meta property=\"og:site_name\" content=\"Save\" \/>\n<meta property=\"article:published_time\" content=\"2016-07-05T07:58:29+00:00\" \/>\n<meta property=\"article:modified_time\" content=\"2023-03-14T07:57:17+00:00\" \/>\n<meta property=\"og:image\" content=\"https:\/\/news.save.ch\/wp-content\/uploads\/2016\/12\/IP-Umstellung-Auch-fuer-die-Alarmierung-wichtig-it-security-scaled-1-scaled.jpg\" \/>\n\t<meta property=\"og:image:width\" content=\"1400\" \/>\n\t<meta property=\"og:image:height\" content=\"934\" \/>\n\t<meta property=\"og:image:type\" content=\"image\/jpeg\" \/>\n<meta name=\"author\" content=\"admin\" \/>\n<meta name=\"twitter:card\" content=\"summary_large_image\" \/>\n<meta name=\"twitter:label1\" content=\"\u00c9crit par\" \/>\n\t<meta name=\"twitter:data1\" content=\"admin\" \/>\n\t<meta name=\"twitter:label2\" content=\"Dur\u00e9e de lecture estim\u00e9e\" \/>\n\t<meta name=\"twitter:data2\" content=\"2 minutes\" \/>\n<script type=\"application\/ld+json\" class=\"yoast-schema-graph\">{\"@context\":\"https:\\\/\\\/schema.org\",\"@graph\":[{\"@type\":\"Article\",\"@id\":\"https:\\\/\\\/news.save.ch\\\/ip-umstellung-auch-fuer-die-alarmierung-wichtig\\\/#article\",\"isPartOf\":{\"@id\":\"https:\\\/\\\/news.save.ch\\\/ip-umstellung-auch-fuer-die-alarmierung-wichtig\\\/\"},\"author\":{\"name\":\"admin\",\"@id\":\"https:\\\/\\\/news.save.ch\\\/de\\\/#\\\/schema\\\/person\\\/d49e199490bad7c70d64b9ab51142f2b\"},\"headline\":\"IP-Umstellung: Auch f\u00fcr die Alarmierung wichtig\",\"datePublished\":\"2016-07-05T07:58:29+00:00\",\"dateModified\":\"2023-03-14T07:57:17+00:00\",\"mainEntityOfPage\":{\"@id\":\"https:\\\/\\\/news.save.ch\\\/ip-umstellung-auch-fuer-die-alarmierung-wichtig\\\/\"},\"wordCount\":435,\"commentCount\":0,\"publisher\":{\"@id\":\"https:\\\/\\\/news.save.ch\\\/de\\\/#organization\"},\"image\":{\"@id\":\"https:\\\/\\\/news.save.ch\\\/ip-umstellung-auch-fuer-die-alarmierung-wichtig\\\/#primaryimage\"},\"thumbnailUrl\":\"https:\\\/\\\/news.save.ch\\\/wp-content\\\/uploads\\\/2016\\\/12\\\/IP-Umstellung-Auch-fuer-die-Alarmierung-wichtig-it-security-scaled-1-scaled.jpg\",\"keywords\":[\"Alarmierung\",\"IT-SECURITY\",\"Unternehmen\"],\"articleSection\":[\"DIGITALISIERUNG\"],\"inLanguage\":\"fr-FR\"},{\"@type\":\"WebPage\",\"@id\":\"https:\\\/\\\/news.save.ch\\\/ip-umstellung-auch-fuer-die-alarmierung-wichtig\\\/\",\"url\":\"https:\\\/\\\/news.save.ch\\\/ip-umstellung-auch-fuer-die-alarmierung-wichtig\\\/\",\"name\":\"IP-Umstellung: Auch f\u00fcr die Alarmierung wichtig - Save\",\"isPartOf\":{\"@id\":\"https:\\\/\\\/news.save.ch\\\/de\\\/#website\"},\"primaryImageOfPage\":{\"@id\":\"https:\\\/\\\/news.save.ch\\\/ip-umstellung-auch-fuer-die-alarmierung-wichtig\\\/#primaryimage\"},\"image\":{\"@id\":\"https:\\\/\\\/news.save.ch\\\/ip-umstellung-auch-fuer-die-alarmierung-wichtig\\\/#primaryimage\"},\"thumbnailUrl\":\"https:\\\/\\\/news.save.ch\\\/wp-content\\\/uploads\\\/2016\\\/12\\\/IP-Umstellung-Auch-fuer-die-Alarmierung-wichtig-it-security-scaled-1-scaled.jpg\",\"datePublished\":\"2016-07-05T07:58:29+00:00\",\"dateModified\":\"2023-03-14T07:57:17+00:00\",\"breadcrumb\":{\"@id\":\"https:\\\/\\\/news.save.ch\\\/ip-umstellung-auch-fuer-die-alarmierung-wichtig\\\/#breadcrumb\"},\"inLanguage\":\"fr-FR\",\"potentialAction\":[{\"@type\":\"ReadAction\",\"target\":[\"https:\\\/\\\/news.save.ch\\\/ip-umstellung-auch-fuer-die-alarmierung-wichtig\\\/\"]}]},{\"@type\":\"ImageObject\",\"inLanguage\":\"fr-FR\",\"@id\":\"https:\\\/\\\/news.save.ch\\\/ip-umstellung-auch-fuer-die-alarmierung-wichtig\\\/#primaryimage\",\"url\":\"https:\\\/\\\/news.save.ch\\\/wp-content\\\/uploads\\\/2016\\\/12\\\/IP-Umstellung-Auch-fuer-die-Alarmierung-wichtig-it-security-scaled-1-scaled.jpg\",\"contentUrl\":\"https:\\\/\\\/news.save.ch\\\/wp-content\\\/uploads\\\/2016\\\/12\\\/IP-Umstellung-Auch-fuer-die-Alarmierung-wichtig-it-security-scaled-1-scaled.jpg\",\"width\":1400,\"height\":934},{\"@type\":\"BreadcrumbList\",\"@id\":\"https:\\\/\\\/news.save.ch\\\/ip-umstellung-auch-fuer-die-alarmierung-wichtig\\\/#breadcrumb\",\"itemListElement\":[{\"@type\":\"ListItem\",\"position\":1,\"name\":\"Home\",\"item\":\"https:\\\/\\\/news.save.ch\\\/de\\\/\"},{\"@type\":\"ListItem\",\"position\":2,\"name\":\"IP-Umstellung: Auch f\u00fcr die Alarmierung wichtig\"}]},{\"@type\":\"WebSite\",\"@id\":\"https:\\\/\\\/news.save.ch\\\/de\\\/#website\",\"url\":\"https:\\\/\\\/news.save.ch\\\/de\\\/\",\"name\":\"Save\",\"description\":\"Schweizer Fachzeitschrift f\u00fcr Sicherheit\",\"publisher\":{\"@id\":\"https:\\\/\\\/news.save.ch\\\/de\\\/#organization\"},\"potentialAction\":[{\"@type\":\"SearchAction\",\"target\":{\"@type\":\"EntryPoint\",\"urlTemplate\":\"https:\\\/\\\/news.save.ch\\\/de\\\/?s={search_term_string}\"},\"query-input\":{\"@type\":\"PropertyValueSpecification\",\"valueRequired\":true,\"valueName\":\"search_term_string\"}}],\"inLanguage\":\"fr-FR\"},{\"@type\":\"Organization\",\"@id\":\"https:\\\/\\\/news.save.ch\\\/de\\\/#organization\",\"name\":\"Sicherheitsforum\",\"url\":\"https:\\\/\\\/news.save.ch\\\/de\\\/\",\"logo\":{\"@type\":\"ImageObject\",\"inLanguage\":\"fr-FR\",\"@id\":\"https:\\\/\\\/news.save.ch\\\/de\\\/#\\\/schema\\\/logo\\\/image\\\/\",\"url\":\"https:\\\/\\\/news.save.ch\\\/wp-content\\\/uploads\\\/2022\\\/06\\\/Logo_SF_2012.png\",\"contentUrl\":\"https:\\\/\\\/news.save.ch\\\/wp-content\\\/uploads\\\/2022\\\/06\\\/Logo_SF_2012.png\",\"width\":1100,\"height\":91,\"caption\":\"Sicherheitsforum\"},\"image\":{\"@id\":\"https:\\\/\\\/news.save.ch\\\/de\\\/#\\\/schema\\\/logo\\\/image\\\/\"}},{\"@type\":\"Person\",\"@id\":\"https:\\\/\\\/news.save.ch\\\/de\\\/#\\\/schema\\\/person\\\/d49e199490bad7c70d64b9ab51142f2b\",\"name\":\"admin\",\"image\":{\"@type\":\"ImageObject\",\"inLanguage\":\"fr-FR\",\"@id\":\"https:\\\/\\\/secure.gravatar.com\\\/avatar\\\/ae2f4d718e6c49043e314ce431e7e645d646302a24a5ef5a8bc8e3f5a032e319?s=96&d=mm&r=g\",\"url\":\"https:\\\/\\\/secure.gravatar.com\\\/avatar\\\/ae2f4d718e6c49043e314ce431e7e645d646302a24a5ef5a8bc8e3f5a032e319?s=96&d=mm&r=g\",\"contentUrl\":\"https:\\\/\\\/secure.gravatar.com\\\/avatar\\\/ae2f4d718e6c49043e314ce431e7e645d646302a24a5ef5a8bc8e3f5a032e319?s=96&d=mm&r=g\",\"caption\":\"admin\"},\"sameAs\":[\"https:\\\/\\\/develop.organisator.galledia.ch\"],\"url\":\"https:\\\/\\\/news.save.ch\\\/fr\\\/author\\\/admin\\\/\"}]}<\/script>\n<!-- \/ Yoast SEO plugin. -->","yoast_head_json":{"title":"Passage \u00e0 l'IP : important aussi pour l'alarme - Save","robots":{"index":"index","follow":"follow","max-snippet":"max-snippet:-1","max-image-preview":"max-image-preview:large","max-video-preview":"max-video-preview:-1"},"canonical":"https:\/\/news.save.ch\/fr\/ip-umstellung-auch-fuer-die-alarmierung-wichtig\/","og_locale":"fr_FR","og_type":"article","og_title":"IP-Umstellung: Auch f\u00fcr die Alarmierung wichtig - Save","og_description":"Der Wechsel auf das Internet Protokoll (IP) findet weltweit statt. Separate Telefon- und Internetleitungen sind demnach nicht mehr n\u00f6tig. Bilder, Filme, Musik und Sprache werden auf einem Netz \u00fcbermittelt. Deshalb spricht die Swisscom auch von All IP, das die Basis f\u00fcr die Digitalisierung (M2M, IoT, Cloud) ist. All IP werde nicht nur die Anzahl Technologien [&hellip;]","og_url":"https:\/\/news.save.ch\/fr\/ip-umstellung-auch-fuer-die-alarmierung-wichtig\/","og_site_name":"Save","article_published_time":"2016-07-05T07:58:29+00:00","article_modified_time":"2023-03-14T07:57:17+00:00","og_image":[{"width":1400,"height":934,"url":"https:\/\/news.save.ch\/wp-content\/uploads\/2016\/12\/IP-Umstellung-Auch-fuer-die-Alarmierung-wichtig-it-security-scaled-1-scaled.jpg","type":"image\/jpeg"}],"author":"admin","twitter_card":"summary_large_image","twitter_misc":{"\u00c9crit par":"admin","Dur\u00e9e de lecture estim\u00e9e":"2 minutes"},"schema":{"@context":"https:\/\/schema.org","@graph":[{"@type":"Article","@id":"https:\/\/news.save.ch\/ip-umstellung-auch-fuer-die-alarmierung-wichtig\/#article","isPartOf":{"@id":"https:\/\/news.save.ch\/ip-umstellung-auch-fuer-die-alarmierung-wichtig\/"},"author":{"name":"admin","@id":"https:\/\/news.save.ch\/de\/#\/schema\/person\/d49e199490bad7c70d64b9ab51142f2b"},"headline":"IP-Umstellung: Auch f\u00fcr die Alarmierung wichtig","datePublished":"2016-07-05T07:58:29+00:00","dateModified":"2023-03-14T07:57:17+00:00","mainEntityOfPage":{"@id":"https:\/\/news.save.ch\/ip-umstellung-auch-fuer-die-alarmierung-wichtig\/"},"wordCount":435,"commentCount":0,"publisher":{"@id":"https:\/\/news.save.ch\/de\/#organization"},"image":{"@id":"https:\/\/news.save.ch\/ip-umstellung-auch-fuer-die-alarmierung-wichtig\/#primaryimage"},"thumbnailUrl":"https:\/\/news.save.ch\/wp-content\/uploads\/2016\/12\/IP-Umstellung-Auch-fuer-die-Alarmierung-wichtig-it-security-scaled-1-scaled.jpg","keywords":["Alarmierung","IT-SECURITY","Unternehmen"],"articleSection":["DIGITALISIERUNG"],"inLanguage":"fr-FR"},{"@type":"WebPage","@id":"https:\/\/news.save.ch\/ip-umstellung-auch-fuer-die-alarmierung-wichtig\/","url":"https:\/\/news.save.ch\/ip-umstellung-auch-fuer-die-alarmierung-wichtig\/","name":"Passage \u00e0 l'IP : important aussi pour l'alarme - Save","isPartOf":{"@id":"https:\/\/news.save.ch\/de\/#website"},"primaryImageOfPage":{"@id":"https:\/\/news.save.ch\/ip-umstellung-auch-fuer-die-alarmierung-wichtig\/#primaryimage"},"image":{"@id":"https:\/\/news.save.ch\/ip-umstellung-auch-fuer-die-alarmierung-wichtig\/#primaryimage"},"thumbnailUrl":"https:\/\/news.save.ch\/wp-content\/uploads\/2016\/12\/IP-Umstellung-Auch-fuer-die-Alarmierung-wichtig-it-security-scaled-1-scaled.jpg","datePublished":"2016-07-05T07:58:29+00:00","dateModified":"2023-03-14T07:57:17+00:00","breadcrumb":{"@id":"https:\/\/news.save.ch\/ip-umstellung-auch-fuer-die-alarmierung-wichtig\/#breadcrumb"},"inLanguage":"fr-FR","potentialAction":[{"@type":"ReadAction","target":["https:\/\/news.save.ch\/ip-umstellung-auch-fuer-die-alarmierung-wichtig\/"]}]},{"@type":"ImageObject","inLanguage":"fr-FR","@id":"https:\/\/news.save.ch\/ip-umstellung-auch-fuer-die-alarmierung-wichtig\/#primaryimage","url":"https:\/\/news.save.ch\/wp-content\/uploads\/2016\/12\/IP-Umstellung-Auch-fuer-die-Alarmierung-wichtig-it-security-scaled-1-scaled.jpg","contentUrl":"https:\/\/news.save.ch\/wp-content\/uploads\/2016\/12\/IP-Umstellung-Auch-fuer-die-Alarmierung-wichtig-it-security-scaled-1-scaled.jpg","width":1400,"height":934},{"@type":"BreadcrumbList","@id":"https:\/\/news.save.ch\/ip-umstellung-auch-fuer-die-alarmierung-wichtig\/#breadcrumb","itemListElement":[{"@type":"ListItem","position":1,"name":"Home","item":"https:\/\/news.save.ch\/de\/"},{"@type":"ListItem","position":2,"name":"IP-Umstellung: Auch f\u00fcr die Alarmierung wichtig"}]},{"@type":"WebSite","@id":"https:\/\/news.save.ch\/de\/#website","url":"https:\/\/news.save.ch\/de\/","name":"Save","description":"Revue suisse sp\u00e9cialis\u00e9e dans la s\u00e9curit\u00e9","publisher":{"@id":"https:\/\/news.save.ch\/de\/#organization"},"potentialAction":[{"@type":"SearchAction","target":{"@type":"EntryPoint","urlTemplate":"https:\/\/news.save.ch\/de\/?s={search_term_string}"},"query-input":{"@type":"PropertyValueSpecification","valueRequired":true,"valueName":"search_term_string"}}],"inLanguage":"fr-FR"},{"@type":"Organization","@id":"https:\/\/news.save.ch\/de\/#organization","name":"Forum sur la s\u00e9curit\u00e9","url":"https:\/\/news.save.ch\/de\/","logo":{"@type":"ImageObject","inLanguage":"fr-FR","@id":"https:\/\/news.save.ch\/de\/#\/schema\/logo\/image\/","url":"https:\/\/news.save.ch\/wp-content\/uploads\/2022\/06\/Logo_SF_2012.png","contentUrl":"https:\/\/news.save.ch\/wp-content\/uploads\/2022\/06\/Logo_SF_2012.png","width":1100,"height":91,"caption":"Sicherheitsforum"},"image":{"@id":"https:\/\/news.save.ch\/de\/#\/schema\/logo\/image\/"}},{"@type":"Person","@id":"https:\/\/news.save.ch\/de\/#\/schema\/person\/d49e199490bad7c70d64b9ab51142f2b","name":"admin","image":{"@type":"ImageObject","inLanguage":"fr-FR","@id":"https:\/\/secure.gravatar.com\/avatar\/ae2f4d718e6c49043e314ce431e7e645d646302a24a5ef5a8bc8e3f5a032e319?s=96&d=mm&r=g","url":"https:\/\/secure.gravatar.com\/avatar\/ae2f4d718e6c49043e314ce431e7e645d646302a24a5ef5a8bc8e3f5a032e319?s=96&d=mm&r=g","contentUrl":"https:\/\/secure.gravatar.com\/avatar\/ae2f4d718e6c49043e314ce431e7e645d646302a24a5ef5a8bc8e3f5a032e319?s=96&d=mm&r=g","caption":"admin"},"sameAs":["https:\/\/develop.organisator.galledia.ch"],"url":"https:\/\/news.save.ch\/fr\/author\/admin\/"}]}},"_links":{"self":[{"href":"https:\/\/news.save.ch\/fr\/wp-json\/wp\/v2\/posts\/1486","targetHints":{"allow":["GET"]}}],"collection":[{"href":"https:\/\/news.save.ch\/fr\/wp-json\/wp\/v2\/posts"}],"about":[{"href":"https:\/\/news.save.ch\/fr\/wp-json\/wp\/v2\/types\/post"}],"author":[{"embeddable":true,"href":"https:\/\/news.save.ch\/fr\/wp-json\/wp\/v2\/users\/1"}],"replies":[{"embeddable":true,"href":"https:\/\/news.save.ch\/fr\/wp-json\/wp\/v2\/comments?post=1486"}],"version-history":[{"count":1,"href":"https:\/\/news.save.ch\/fr\/wp-json\/wp\/v2\/posts\/1486\/revisions"}],"predecessor-version":[{"id":17609,"href":"https:\/\/news.save.ch\/fr\/wp-json\/wp\/v2\/posts\/1486\/revisions\/17609"}],"wp:featuredmedia":[{"embeddable":true,"href":"https:\/\/news.save.ch\/fr\/wp-json\/wp\/v2\/media\/1487"}],"wp:attachment":[{"href":"https:\/\/news.save.ch\/fr\/wp-json\/wp\/v2\/media?parent=1486"}],"wp:term":[{"taxonomy":"category","embeddable":true,"href":"https:\/\/news.save.ch\/fr\/wp-json\/wp\/v2\/categories?post=1486"},{"taxonomy":"post_tag","embeddable":true,"href":"https:\/\/news.save.ch\/fr\/wp-json\/wp\/v2\/tags?post=1486"}],"curies":[{"name":"wp","href":"https:\/\/api.w.org\/{rel}","templated":true}]}}