{"id":15059,"date":"2022-10-01T16:52:00","date_gmt":"2022-10-01T14:52:00","guid":{"rendered":"https:\/\/news.save.ch\/?p=15059"},"modified":"2023-06-12T05:38:03","modified_gmt":"2023-06-12T03:38:03","slug":"mobile-access-aber-wann","status":null,"type":"post","link":"https:\/\/news.save.ch\/fr\/mobile-access-aber-wann\/","title":{"rendered":"Acc\u00e8s mobile : mais quand ?"},"content":{"rendered":"<figure id=\"attachment_15060\" aria-describedby=\"caption-attachment-15060\" style=\"width: 639px\" class=\"wp-caption alignleft\"><img loading=\"lazy\" decoding=\"async\" class=\"wp-image-15060 size-full\" src=\"https:\/\/news.save.ch\/wp-content\/uploads\/2022\/10\/Salto_teaser.jpg\" alt=\"Concept de s\u00e9curit\u00e9\" width=\"639\" height=\"490\" srcset=\"https:\/\/news.save.ch\/wp-content\/uploads\/2022\/10\/Salto_teaser.jpg 639w, https:\/\/news.save.ch\/wp-content\/uploads\/2022\/10\/Salto_teaser-375x288.jpg 375w\" sizes=\"auto, (max-width: 639px) 100vw, 639px\" \/><figcaption id=\"caption-attachment-15060\" class=\"wp-caption-text\">Image : zVg<\/figcaption><\/figure>\n<p>En fait, nous nous y sommes d\u00e9j\u00e0 habitu\u00e9s : nous nous accordons l'acc\u00e8s. Le billet de concert r\u00e9serv\u00e9 en ligne nous permet d'acc\u00e9der \u00e0 un certain service pendant une dur\u00e9e d\u00e9termin\u00e9e et \u00e0 un endroit d\u00e9termin\u00e9. Alors que \"Print at home\" et les e-tickets reposent sur la lecture d'un code-barres sur place, l'application permet d'aller plus loin : l'ouverture proprement dite de la porte. Cette application est particuli\u00e8rement appr\u00e9ci\u00e9e des h\u00f4tels. Ici aussi, nous avons d\u00e9j\u00e0 pris l'habitude de saisir nous-m\u00eames les donn\u00e9es de nos clients pour la r\u00e9servation, et le processus de paiement se fait \u00e9galement \u00e0 la main.<\/p>\n<p>Nous avons ainsi acquis, l\u00e0 aussi, l'\"autorisation\" d'acc\u00e9der \u00e0 un lieu donn\u00e9 pendant un certain temps. La transmission automatique de cette autorisation \u00e0 une application n'est que la prochaine \u00e9tape logique. Il existe depuis longtemps des exemples pratiques dans lesquels le client de l'h\u00f4tel ouvre directement la porte de sa chambre avec l'application, sans s'\u00eatre rendu au pr\u00e9alable \u00e0 l'enregistrement. Bien entendu, d'autres acc\u00e8s tels que le parking, le wellness, le lounge ou encore l'ouverture du minibar peuvent \u00e9galement \u00eatre activ\u00e9s si l'h\u00f4tel a \u00e9t\u00e9 r\u00e9serv\u00e9. Tout cela automatiquement et sans ressources humaines de l'h\u00f4tel.<\/p>\n<h2>L'acc\u00e8s mobile a le vent en poupe ?<\/h2>\n<p>La technologie correspondante est disponible pour les smartphones depuis une dizaine d'ann\u00e9es. Pour l'utiliser, il faut un appareil compatible NFC et BLE, et justement, l'application correspondante. L\u00e0 encore, nous nous y sommes d\u00e9j\u00e0 habitu\u00e9s. Proc\u00e9dures de paiement, e-banking et applications pour les patients pour les rapports de laboratoire ou l'application Swiss Covid : pour de nombreuses applications sensibles, nous utilisons une ou m\u00eame plusieurs applications.<\/p>\n<p>Pourquoi pas aussi pour l'acc\u00e8s ? Bien entendu, l'infrastructure, c'est-\u00e0-dire le m\u00e9canisme d'ouverture de la porte, doit \u00e9galement \u00eatre pr\u00eate pour l'application : La lecture du signal compatible BLE ou NFC et l'int\u00e9gration (onboarding) du contr\u00f4le d'acc\u00e8s mobile dans le syst\u00e8me sont les conditions de base pour l'ouverture souhait\u00e9e de la porte par smartphone.<\/p>\n<h2>Un large \u00e9ventail d'applications<\/h2>\n<p>Nous connaissons depuis longtemps l'activation temporaire des acc\u00e8s, notamment par les contr\u00f4les d'acc\u00e8s \u00e9lectroniques. Il est \u00e9galement courant que les acc\u00e8s soient enregistr\u00e9s \u00e9lectroniquement et donc tra\u00e7ables. Toutefois, dans les syst\u00e8mes conventionnels, l'autorisation \u00e9tait li\u00e9e \u00e0 un support de fermeture ou \u00e0 un support d'identification (IMT).<\/p>\n<p>Avec l'acc\u00e8s mobile, ces t\u00e2ches sont prises en charge par le smartphone ou l'application (sp\u00e9cifique au fabricant). Il en r\u00e9sulte une multitude de possibilit\u00e9s d'utilisation. Ainsi, le personnel engag\u00e9 de mani\u00e8re variable peut \u00eatre directement autoris\u00e9 \u00e0 intervenir ou \u00e0 ouvrir les portes concern\u00e9es. Il peut s'agir, par exemple, d'un vendeur dans une boutique de station-service ou d'un technicien de service dans un centre informatique.<\/p>\n<figure id=\"attachment_15061\" aria-describedby=\"caption-attachment-15061\" style=\"width: 680px\" class=\"wp-caption alignleft\"><img loading=\"lazy\" decoding=\"async\" class=\"wp-image-15061 size-medium\" src=\"https:\/\/news.save.ch\/wp-content\/uploads\/2022\/10\/Zuko_BDS2.jpg\" alt=\"Acc\u00e8s mobile : mais quand ?\" width=\"680\" height=\"453\" srcset=\"https:\/\/news.save.ch\/wp-content\/uploads\/2022\/10\/Zuko_BDS2.jpg 1200w, https:\/\/news.save.ch\/wp-content\/uploads\/2022\/10\/Zuko_BDS2-375x250.jpg 375w\" sizes=\"auto, (max-width: 680px) 100vw, 680px\" \/><figcaption id=\"caption-attachment-15061\" class=\"wp-caption-text\">Une application mobile de coworking de Salto \u00e0 Zurich. Image : Salto Sytems AG<\/figcaption><\/figure>\n<h2>Alors tout est sous contr\u00f4le ?<\/h2>\n<p>L'activation des autorisations (ind\u00e9pendamment du lieu) se fait aujourd'hui de mani\u00e8re sp\u00e9cifique au fabricant. Souvent, des solutions propri\u00e9taires (cloud) sont utilis\u00e9es. Certains fournisseurs de solutions sont en train de proposer des solutions ind\u00e9pendantes des fabricants ou d'int\u00e9grer diff\u00e9rents fournisseurs via des interfaces. En g\u00e9n\u00e9ral, le principe suivant s'applique : plus il y a d'interfaces, plus le nombre de failles de s\u00e9curit\u00e9 possibles est \u00e9lev\u00e9. La s\u00e9curit\u00e9 physique sur la porte d\u00e9pend donc \u00e9galement de la s\u00e9curit\u00e9 informatique de l'ensemble du syst\u00e8me. Il convient \u00e9galement de noter que dans l'exemple d'utilisation de Springer dans la boutique d'une station-service mentionn\u00e9 pr\u00e9c\u00e9demment, on ne peut pas forc\u00e9ment partir du principe qu'un smartphone appartenant \u00e0 l'entreprise est disponible. Est-il donc admissible que le collaborateur soit contraint d'installer sur son smartphone des applications utilis\u00e9es \u00e0 des fins professionnelles ? Et inversement, est-il souhaitable, du point de vue de l'employeur, que les proc\u00e9dures li\u00e9es \u00e0 la s\u00e9curit\u00e9 soient effectu\u00e9es sur un smartphone priv\u00e9 ? Et pour inclure \u00e9galement le technicien de service : Est-il vraiment judicieux de d\u00e9bloquer l'acc\u00e8s au rack informatique du centre de calcul via une application ?<\/p>\n<h2>Le besoin de s\u00e9curit\u00e9 est d\u00e9terminant<\/h2>\n<p>Tous les locaux, respectivement leurs contenus\/utilisations, n'ont pas les m\u00eames besoins en mati\u00e8re de s\u00e9curit\u00e9. Alors que l'expression \"analyse des besoins de protection\" est souvent utilis\u00e9e dans le domaine informatique, l'objectif est \u00e9galement identique pour la s\u00e9curit\u00e9 physique : d\u00e9finir les exigences en mati\u00e8re de s\u00e9curit\u00e9. Il en r\u00e9sulte souvent aussi des exigences concernant l'organisation des acc\u00e8s et les moyens techniques utilis\u00e9s. Ce n'est pas un hasard si la p\u00e9n\u00e9tration du march\u00e9 de l'acc\u00e8s mobile dans le segment \"grand public\" est en hausse. Les applications h\u00f4teli\u00e8res, les salles de r\u00e9union et, d'une mani\u00e8re g\u00e9n\u00e9rale, les domaines o\u00f9 les exigences de s\u00e9curit\u00e9 sont faibles sont pr\u00e9destin\u00e9s \u00e0 de telles applications. Mais plus le besoin de s\u00e9curit\u00e9 augmente, plus la prudence est de mise. Le cas \u00e9ch\u00e9ant, une caract\u00e9ristique d'identification suppl\u00e9mentaire permet de tenir compte du besoin de s\u00e9curit\u00e9 accru. Toutefois, le Mobile Access n'est pas (encore) adapt\u00e9 aux applications dans le domaine de la haute s\u00e9curit\u00e9, comme par exemple les centres de calcul, les coffres-forts, les prisons ou les d\u00e9p\u00f4ts de munitions.<\/p>\n<h2>Ce qui est g\u00e9n\u00e9ralement valable<\/h2>\n<p>Le concept d'acc\u00e8s fait partie de la planification de la s\u00e9curit\u00e9 et, en r\u00e8gle g\u00e9n\u00e9rale, ce n'est pas la facilit\u00e9 d'utilisation d'une application qui est d\u00e9terminante, mais le besoin (de protection). Avant de choisir la technique de contr\u00f4le d'acc\u00e8s, il convient donc de d\u00e9finir ses exigences dans le cadre d'un concept de s\u00e9curit\u00e9. Il est tout \u00e0 fait courant que tous les locaux concern\u00e9s n'aient pas les m\u00eames exigences de s\u00e9curit\u00e9.<\/p>\n<p>Il est \u00e9galement typique que tous les utilisateurs ne soient pas autoris\u00e9s \u00e0 acc\u00e9der \u00e0 tous les locaux. Et cela nous am\u00e8ne aux principes, pas nouveaux mais toujours valables, du concept d'acc\u00e8s.<\/p>\n<h2>L'organisation de l'acc\u00e8s commence par le zonage<\/h2>\n<p>Chaque utilisation est attribu\u00e9e \u00e0 une zone de s\u00e9curit\u00e9 et chaque zone re\u00e7oit une couleur. On obtient ainsi un plan de s\u00e9curit\u00e9 en couleur qui indique les passages de zones auxquels il faut \u00eatre particuli\u00e8rement attentif. Les zones de circulation sont souvent des zones \u00e0 usage mixte, parfois \u00e0 caract\u00e8re semi-public. Si une surface semi-publique jouxte directement une zone de haute s\u00e9curit\u00e9, les exigences de s\u00e9curit\u00e9 au niveau du passage de zone augmentent automatiquement. Pour une porte, cela signifie classiquement des exigences accrues en mati\u00e8re de r\u00e9sistance \u00e0 l'effraction, ce que l'on appelle la classe de r\u00e9sistance (RC), qui peut \u00e9galement avoir une influence sur le choix de la technique de fermeture, de la surveillance et donc, dans certaines circonstances, sur le choix du moyen de fermeture. Une solution compatible avec le Mobile Access tr\u00e8s appr\u00e9ci\u00e9e lors d'un r\u00e9\u00e9quipement est l'installation d'un cylindre de fermeture \u00e9lectronique correspondant, un cylindre num\u00e9rique. Il s'agit maintenant de v\u00e9rifier si les exigences RC souhait\u00e9es peuvent \u00eatre satisfaites de cette mani\u00e8re. Il convient de noter que les solutions actuelles de Mobile Access ne sont pas encore syst\u00e9matiquement test\u00e9es avec des portes r\u00e9sistantes (classe RC).<\/p>\n<h2>La cl\u00e9 a-t-elle fait son temps ?<\/h2>\n<p>La fermeture m\u00e9canique reste la forme la plus courante d'organisation des acc\u00e8s. La distribution en grandes quantit\u00e9s augmente le risque de perte de cl\u00e9s, le principal inconv\u00e9nient de cette solution. M\u00eame si l'exploitation et la gestion des droits d'acc\u00e8s ne sont pas tr\u00e8s flexibles avec les fermetures m\u00e9caniques, il existe toujours des applications dans le domaine de la haute s\u00e9curit\u00e9 pour lesquelles il est possible d'atteindre le niveau de s\u00e9curit\u00e9 souhait\u00e9 avec des changeurs de cl\u00e9s ou des coffres-forts \u00e0 cl\u00e9s et une distribution s\u00e9curis\u00e9e avec une identification \u00e0 deux facteurs.<\/p>\n<p>Les fermetures m\u00e9catroniques combinent les avantages d'une fermeture m\u00e9canique robuste et l'avantage de pouvoir bloquer \u00e9lectroniquement les cl\u00e9s perdues, ce qui permet d'\u00e9viter le remplacement co\u00fbteux de la fermeture. La cl\u00e9 est donc ici \u00e9galement un support de caract\u00e9ristiques d'identification (IMT). Un IMT est \u00e9galement une condition pr\u00e9alable \u00e0 toutes les autres solutions \u00e9lectroniques : \u00e0 commencer par les cylindres num\u00e9riques, les lecteurs de garniture, les installations de contr\u00f4le d'acc\u00e8s hors ligne et en ligne bien connues, jusqu'aux solutions en r\u00e9seau radio. Outre le badge, le plus connu des IMT, le march\u00e9 offre une multitude de couleurs et de formes. Avec Mobile Access, il existe donc d\u00e9sormais des solutions qui ne n\u00e9cessitent plus obligatoirement une remise physique de l'IMT.<\/p>\n<h2>Alors, quand Mobile Access ?<\/h2>\n<p>Comme nous l'avons d\u00e9j\u00e0 mentionn\u00e9, le choix du contr\u00f4le d'acc\u00e8s appropri\u00e9 d\u00e9pend \u00e9galement des besoins en mati\u00e8re de s\u00e9curit\u00e9 et de protection. Les \u00e9ventuels risques (cyber) doivent \u00eatre pris en compte au m\u00eame titre que les exigences de s\u00e9curit\u00e9 physique de la porte. Mais si l'on part du principe que les applications ne n\u00e9cessitent pas une s\u00e9curit\u00e9 accrue, l'acc\u00e8s mobile pr\u00e9sente des avantages ind\u00e9niables. L'attribution rapide et flexible des autorisations, la tra\u00e7abilit\u00e9 des acc\u00e8s et, surtout, l'acceptation croissante des utilisateurs sont autant de facteurs susceptibles de favoriser la diffusion de cette solution. Du point de vue de la gestion d'entreprise, cela devient particuli\u00e8rement int\u00e9ressant lorsque l'utilisateur s'enregistre lui-m\u00eame et que la transmission de l'autorisation se fait automatiquement - si, dans l'exemple de la r\u00e9servation d'h\u00f4tel, la chambre et les prestations suppl\u00e9mentaires r\u00e9serv\u00e9es sont directement activ\u00e9es sur l'application lors du processus de paiement. Les h\u00f4teliers sont ainsi d\u00e9charg\u00e9s et peuvent utiliser la capacit\u00e9 libre autrement. Peut-\u00eatre pour \u00eatre tout simplement un bon h\u00f4te d\u00e9tendu dans le contact direct avec le client.<\/p>","protected":false},"excerpt":{"rendered":"<p>Eigentlich haben wir uns ja bereits daran gew\u00f6hnt: Wir gew\u00e4hren uns selbst den Zutritt. Das online gebuchte Konzert\u00adticket verschafft uns w\u00e4hrend einer vorher bestimmten Zeit an einem vorher bestimmten Ort Zugang zu einer bestimmten Dienstleistung. W\u00e4hrend \u00abPrint at home\u00bb und E-Tickets darauf beruhen, dass vor Ort ein Strichcode eingelesen wird, geht\u2019s mit der App jetzt [&hellip;]<\/p>\n","protected":false},"author":9,"featured_media":15060,"comment_status":"closed","ping_status":"closed","sticky":false,"template":"","format":"standard","meta":{"_acf_changed":false,"pgc_sgb_lightbox_settings":"","footnotes":""},"categories":[1],"tags":[414,3989,3987,3988,3990],"class_list":["post-15059","post","type-post","status-publish","format-standard","has-post-thumbnail","hentry","category-allgemein","tag-app","tag-assa-abloy-hospitality","tag-mobile-access","tag-nfc-und-ble-faehiges-geraet","tag-vingcard-rfid"],"acf":[],"hkrextid":null,"publication":null,"issue":null,"workflow":null,"startPage":null,"spitzmarke":null,"_posts_by_tag_page_fields":null,"_at_widget":"1","_yoast_wpseo_primary_category":"","_yoast_wpseo_focuskw_text_input":null,"_yoast_wpseo_opengraph-image":null,"_yoast_wpseo_opengraph-description":null,"_yoast_wpseo_opengraph-title":null,"enclosure":null,"_yoast_wpseo_twitter-title":null,"_yoast_wpseo_twitter-description":null,"_yoast_wpseo_twitter-image":null,"_wp_old_slug":null,"_yoast_wpseo_title":null,"_yoast_wpseo_canonical":null,"yoast_head":"<!-- This site is optimized with the Yoast SEO plugin v27.5 - https:\/\/yoast.com\/product\/yoast-seo-wordpress\/ -->\n<title>Mobile Access: aber wann? - Save<\/title>\n<meta name=\"description\" content=\"Bevor die Technik der Zutrittskontrolle ausgew\u00e4hlt wird, ist es wichtig, im Rahmen eines Sicherheitskonzepts deren Anforderungen zu definieren, denn nicht alle R\u00e4ume haben denselben Sicherheitsbedarf.\" \/>\n<meta name=\"robots\" content=\"index, follow, max-snippet:-1, max-image-preview:large, max-video-preview:-1\" \/>\n<link rel=\"canonical\" href=\"https:\/\/news.save.ch\/fr\/mobile-access-aber-wann\/\" \/>\n<meta property=\"og:locale\" content=\"fr_FR\" \/>\n<meta property=\"og:type\" content=\"article\" \/>\n<meta property=\"og:title\" content=\"Mobile Access: aber wann? - Save\" \/>\n<meta property=\"og:description\" content=\"Bevor die Technik der Zutrittskontrolle ausgew\u00e4hlt wird, ist es wichtig, im Rahmen eines Sicherheitskonzepts deren Anforderungen zu definieren, denn nicht alle R\u00e4ume haben denselben Sicherheitsbedarf.\" \/>\n<meta property=\"og:url\" content=\"https:\/\/news.save.ch\/fr\/mobile-access-aber-wann\/\" \/>\n<meta property=\"og:site_name\" content=\"Save\" \/>\n<meta property=\"article:published_time\" content=\"2022-10-01T14:52:00+00:00\" \/>\n<meta property=\"article:modified_time\" content=\"2023-06-12T03:38:03+00:00\" \/>\n<meta property=\"og:image\" content=\"https:\/\/news.save.ch\/wp-content\/uploads\/2022\/10\/Salto_teaser.jpg\" \/>\n\t<meta property=\"og:image:width\" content=\"639\" \/>\n\t<meta property=\"og:image:height\" content=\"490\" \/>\n\t<meta property=\"og:image:type\" content=\"image\/jpeg\" \/>\n<meta name=\"author\" content=\"Simon Gr\u00f6flin\" \/>\n<meta name=\"twitter:card\" content=\"summary_large_image\" \/>\n<meta name=\"twitter:label1\" content=\"\u00c9crit par\" \/>\n\t<meta name=\"twitter:data1\" content=\"Simon Gr\u00f6flin\" \/>\n\t<meta name=\"twitter:label2\" content=\"Dur\u00e9e de lecture estim\u00e9e\" \/>\n\t<meta name=\"twitter:data2\" content=\"8 minutes\" \/>\n<script type=\"application\/ld+json\" class=\"yoast-schema-graph\">{\"@context\":\"https:\\\/\\\/schema.org\",\"@graph\":[{\"@type\":\"Article\",\"@id\":\"https:\\\/\\\/news.save.ch\\\/mobile-access-aber-wann\\\/#article\",\"isPartOf\":{\"@id\":\"https:\\\/\\\/news.save.ch\\\/mobile-access-aber-wann\\\/\"},\"author\":{\"name\":\"Simon Gr\u00f6flin\",\"@id\":\"https:\\\/\\\/news.save.ch\\\/de\\\/#\\\/schema\\\/person\\\/ad4ef21102fd6125312409ac57d5296d\"},\"headline\":\"Mobile Access: aber wann?\",\"datePublished\":\"2022-10-01T14:52:00+00:00\",\"dateModified\":\"2023-06-12T03:38:03+00:00\",\"mainEntityOfPage\":{\"@id\":\"https:\\\/\\\/news.save.ch\\\/mobile-access-aber-wann\\\/\"},\"wordCount\":1349,\"publisher\":{\"@id\":\"https:\\\/\\\/news.save.ch\\\/de\\\/#organization\"},\"image\":{\"@id\":\"https:\\\/\\\/news.save.ch\\\/mobile-access-aber-wann\\\/#primaryimage\"},\"thumbnailUrl\":\"https:\\\/\\\/news.save.ch\\\/wp-content\\\/uploads\\\/2022\\\/10\\\/Salto_teaser.jpg\",\"keywords\":[\"App\",\"ASSA ABLOY Hospitality\",\"Mobile Access\",\"NFC- und BLE-f\u00e4higes Ger\u00e4t\",\"VingCard RFID\"],\"articleSection\":[\"ALLGEMEIN\"],\"inLanguage\":\"fr-FR\"},{\"@type\":\"WebPage\",\"@id\":\"https:\\\/\\\/news.save.ch\\\/mobile-access-aber-wann\\\/\",\"url\":\"https:\\\/\\\/news.save.ch\\\/mobile-access-aber-wann\\\/\",\"name\":\"Mobile Access: aber wann? - Save\",\"isPartOf\":{\"@id\":\"https:\\\/\\\/news.save.ch\\\/de\\\/#website\"},\"primaryImageOfPage\":{\"@id\":\"https:\\\/\\\/news.save.ch\\\/mobile-access-aber-wann\\\/#primaryimage\"},\"image\":{\"@id\":\"https:\\\/\\\/news.save.ch\\\/mobile-access-aber-wann\\\/#primaryimage\"},\"thumbnailUrl\":\"https:\\\/\\\/news.save.ch\\\/wp-content\\\/uploads\\\/2022\\\/10\\\/Salto_teaser.jpg\",\"datePublished\":\"2022-10-01T14:52:00+00:00\",\"dateModified\":\"2023-06-12T03:38:03+00:00\",\"description\":\"Bevor die Technik der Zutrittskontrolle ausgew\u00e4hlt wird, ist es wichtig, im Rahmen eines Sicherheitskonzepts deren Anforderungen zu definieren, denn nicht alle R\u00e4ume haben denselben Sicherheitsbedarf.\",\"breadcrumb\":{\"@id\":\"https:\\\/\\\/news.save.ch\\\/mobile-access-aber-wann\\\/#breadcrumb\"},\"inLanguage\":\"fr-FR\",\"potentialAction\":[{\"@type\":\"ReadAction\",\"target\":[\"https:\\\/\\\/news.save.ch\\\/mobile-access-aber-wann\\\/\"]}]},{\"@type\":\"ImageObject\",\"inLanguage\":\"fr-FR\",\"@id\":\"https:\\\/\\\/news.save.ch\\\/mobile-access-aber-wann\\\/#primaryimage\",\"url\":\"https:\\\/\\\/news.save.ch\\\/wp-content\\\/uploads\\\/2022\\\/10\\\/Salto_teaser.jpg\",\"contentUrl\":\"https:\\\/\\\/news.save.ch\\\/wp-content\\\/uploads\\\/2022\\\/10\\\/Salto_teaser.jpg\",\"width\":639,\"height\":490},{\"@type\":\"BreadcrumbList\",\"@id\":\"https:\\\/\\\/news.save.ch\\\/mobile-access-aber-wann\\\/#breadcrumb\",\"itemListElement\":[{\"@type\":\"ListItem\",\"position\":1,\"name\":\"Home\",\"item\":\"https:\\\/\\\/news.save.ch\\\/de\\\/\"},{\"@type\":\"ListItem\",\"position\":2,\"name\":\"Mobile Access: aber wann?\"}]},{\"@type\":\"WebSite\",\"@id\":\"https:\\\/\\\/news.save.ch\\\/de\\\/#website\",\"url\":\"https:\\\/\\\/news.save.ch\\\/de\\\/\",\"name\":\"Save\",\"description\":\"Schweizer Fachzeitschrift f\u00fcr Sicherheit\",\"publisher\":{\"@id\":\"https:\\\/\\\/news.save.ch\\\/de\\\/#organization\"},\"potentialAction\":[{\"@type\":\"SearchAction\",\"target\":{\"@type\":\"EntryPoint\",\"urlTemplate\":\"https:\\\/\\\/news.save.ch\\\/de\\\/?s={search_term_string}\"},\"query-input\":{\"@type\":\"PropertyValueSpecification\",\"valueRequired\":true,\"valueName\":\"search_term_string\"}}],\"inLanguage\":\"fr-FR\"},{\"@type\":\"Organization\",\"@id\":\"https:\\\/\\\/news.save.ch\\\/de\\\/#organization\",\"name\":\"Sicherheitsforum\",\"url\":\"https:\\\/\\\/news.save.ch\\\/de\\\/\",\"logo\":{\"@type\":\"ImageObject\",\"inLanguage\":\"fr-FR\",\"@id\":\"https:\\\/\\\/news.save.ch\\\/de\\\/#\\\/schema\\\/logo\\\/image\\\/\",\"url\":\"https:\\\/\\\/news.save.ch\\\/wp-content\\\/uploads\\\/2022\\\/06\\\/Logo_SF_2012.png\",\"contentUrl\":\"https:\\\/\\\/news.save.ch\\\/wp-content\\\/uploads\\\/2022\\\/06\\\/Logo_SF_2012.png\",\"width\":1100,\"height\":91,\"caption\":\"Sicherheitsforum\"},\"image\":{\"@id\":\"https:\\\/\\\/news.save.ch\\\/de\\\/#\\\/schema\\\/logo\\\/image\\\/\"}},{\"@type\":\"Person\",\"@id\":\"https:\\\/\\\/news.save.ch\\\/de\\\/#\\\/schema\\\/person\\\/ad4ef21102fd6125312409ac57d5296d\",\"name\":\"Simon Gr\u00f6flin\",\"image\":{\"@type\":\"ImageObject\",\"inLanguage\":\"fr-FR\",\"@id\":\"https:\\\/\\\/secure.gravatar.com\\\/avatar\\\/6ddceb80eb734354635539e0ea5140bb7c41e42de7c45c9a2ab9921b5d5c9a83?s=96&d=mm&r=g\",\"url\":\"https:\\\/\\\/secure.gravatar.com\\\/avatar\\\/6ddceb80eb734354635539e0ea5140bb7c41e42de7c45c9a2ab9921b5d5c9a83?s=96&d=mm&r=g\",\"contentUrl\":\"https:\\\/\\\/secure.gravatar.com\\\/avatar\\\/6ddceb80eb734354635539e0ea5140bb7c41e42de7c45c9a2ab9921b5d5c9a83?s=96&d=mm&r=g\",\"caption\":\"Simon Gr\u00f6flin\"},\"url\":\"https:\\\/\\\/news.save.ch\\\/fr\\\/author\\\/simon-groeflin\\\/\"}]}<\/script>\n<!-- \/ Yoast SEO plugin. -->","yoast_head_json":{"title":"Acc\u00e8s mobile : mais quand ? - Sauvegarder","description":"Avant de choisir la technique de contr\u00f4le d'acc\u00e8s, il est important de d\u00e9finir ses exigences dans le cadre d'un concept de s\u00e9curit\u00e9, car tous les locaux n'ont pas les m\u00eames besoins en mati\u00e8re de s\u00e9curit\u00e9.","robots":{"index":"index","follow":"follow","max-snippet":"max-snippet:-1","max-image-preview":"max-image-preview:large","max-video-preview":"max-video-preview:-1"},"canonical":"https:\/\/news.save.ch\/fr\/mobile-access-aber-wann\/","og_locale":"fr_FR","og_type":"article","og_title":"Mobile Access: aber wann? - Save","og_description":"Bevor die Technik der Zutrittskontrolle ausgew\u00e4hlt wird, ist es wichtig, im Rahmen eines Sicherheitskonzepts deren Anforderungen zu definieren, denn nicht alle R\u00e4ume haben denselben Sicherheitsbedarf.","og_url":"https:\/\/news.save.ch\/fr\/mobile-access-aber-wann\/","og_site_name":"Save","article_published_time":"2022-10-01T14:52:00+00:00","article_modified_time":"2023-06-12T03:38:03+00:00","og_image":[{"width":639,"height":490,"url":"https:\/\/news.save.ch\/wp-content\/uploads\/2022\/10\/Salto_teaser.jpg","type":"image\/jpeg"}],"author":"Simon Gr\u00f6flin","twitter_card":"summary_large_image","twitter_misc":{"\u00c9crit par":"Simon Gr\u00f6flin","Dur\u00e9e de lecture estim\u00e9e":"8 minutes"},"schema":{"@context":"https:\/\/schema.org","@graph":[{"@type":"Article","@id":"https:\/\/news.save.ch\/mobile-access-aber-wann\/#article","isPartOf":{"@id":"https:\/\/news.save.ch\/mobile-access-aber-wann\/"},"author":{"name":"Simon Gr\u00f6flin","@id":"https:\/\/news.save.ch\/de\/#\/schema\/person\/ad4ef21102fd6125312409ac57d5296d"},"headline":"Mobile Access: aber wann?","datePublished":"2022-10-01T14:52:00+00:00","dateModified":"2023-06-12T03:38:03+00:00","mainEntityOfPage":{"@id":"https:\/\/news.save.ch\/mobile-access-aber-wann\/"},"wordCount":1349,"publisher":{"@id":"https:\/\/news.save.ch\/de\/#organization"},"image":{"@id":"https:\/\/news.save.ch\/mobile-access-aber-wann\/#primaryimage"},"thumbnailUrl":"https:\/\/news.save.ch\/wp-content\/uploads\/2022\/10\/Salto_teaser.jpg","keywords":["App","ASSA ABLOY Hospitality","Mobile Access","NFC- und BLE-f\u00e4higes Ger\u00e4t","VingCard RFID"],"articleSection":["ALLGEMEIN"],"inLanguage":"fr-FR"},{"@type":"WebPage","@id":"https:\/\/news.save.ch\/mobile-access-aber-wann\/","url":"https:\/\/news.save.ch\/mobile-access-aber-wann\/","name":"Acc\u00e8s mobile : mais quand ? - Sauvegarder","isPartOf":{"@id":"https:\/\/news.save.ch\/de\/#website"},"primaryImageOfPage":{"@id":"https:\/\/news.save.ch\/mobile-access-aber-wann\/#primaryimage"},"image":{"@id":"https:\/\/news.save.ch\/mobile-access-aber-wann\/#primaryimage"},"thumbnailUrl":"https:\/\/news.save.ch\/wp-content\/uploads\/2022\/10\/Salto_teaser.jpg","datePublished":"2022-10-01T14:52:00+00:00","dateModified":"2023-06-12T03:38:03+00:00","description":"Avant de choisir la technique de contr\u00f4le d'acc\u00e8s, il est important de d\u00e9finir ses exigences dans le cadre d'un concept de s\u00e9curit\u00e9, car tous les locaux n'ont pas les m\u00eames besoins en mati\u00e8re de s\u00e9curit\u00e9.","breadcrumb":{"@id":"https:\/\/news.save.ch\/mobile-access-aber-wann\/#breadcrumb"},"inLanguage":"fr-FR","potentialAction":[{"@type":"ReadAction","target":["https:\/\/news.save.ch\/mobile-access-aber-wann\/"]}]},{"@type":"ImageObject","inLanguage":"fr-FR","@id":"https:\/\/news.save.ch\/mobile-access-aber-wann\/#primaryimage","url":"https:\/\/news.save.ch\/wp-content\/uploads\/2022\/10\/Salto_teaser.jpg","contentUrl":"https:\/\/news.save.ch\/wp-content\/uploads\/2022\/10\/Salto_teaser.jpg","width":639,"height":490},{"@type":"BreadcrumbList","@id":"https:\/\/news.save.ch\/mobile-access-aber-wann\/#breadcrumb","itemListElement":[{"@type":"ListItem","position":1,"name":"Home","item":"https:\/\/news.save.ch\/de\/"},{"@type":"ListItem","position":2,"name":"Mobile Access: aber wann?"}]},{"@type":"WebSite","@id":"https:\/\/news.save.ch\/de\/#website","url":"https:\/\/news.save.ch\/de\/","name":"Save","description":"Revue suisse sp\u00e9cialis\u00e9e dans la s\u00e9curit\u00e9","publisher":{"@id":"https:\/\/news.save.ch\/de\/#organization"},"potentialAction":[{"@type":"SearchAction","target":{"@type":"EntryPoint","urlTemplate":"https:\/\/news.save.ch\/de\/?s={search_term_string}"},"query-input":{"@type":"PropertyValueSpecification","valueRequired":true,"valueName":"search_term_string"}}],"inLanguage":"fr-FR"},{"@type":"Organization","@id":"https:\/\/news.save.ch\/de\/#organization","name":"Forum sur la s\u00e9curit\u00e9","url":"https:\/\/news.save.ch\/de\/","logo":{"@type":"ImageObject","inLanguage":"fr-FR","@id":"https:\/\/news.save.ch\/de\/#\/schema\/logo\/image\/","url":"https:\/\/news.save.ch\/wp-content\/uploads\/2022\/06\/Logo_SF_2012.png","contentUrl":"https:\/\/news.save.ch\/wp-content\/uploads\/2022\/06\/Logo_SF_2012.png","width":1100,"height":91,"caption":"Sicherheitsforum"},"image":{"@id":"https:\/\/news.save.ch\/de\/#\/schema\/logo\/image\/"}},{"@type":"Person","@id":"https:\/\/news.save.ch\/de\/#\/schema\/person\/ad4ef21102fd6125312409ac57d5296d","name":"Simon Gr\u00f6flin","image":{"@type":"ImageObject","inLanguage":"fr-FR","@id":"https:\/\/secure.gravatar.com\/avatar\/6ddceb80eb734354635539e0ea5140bb7c41e42de7c45c9a2ab9921b5d5c9a83?s=96&d=mm&r=g","url":"https:\/\/secure.gravatar.com\/avatar\/6ddceb80eb734354635539e0ea5140bb7c41e42de7c45c9a2ab9921b5d5c9a83?s=96&d=mm&r=g","contentUrl":"https:\/\/secure.gravatar.com\/avatar\/6ddceb80eb734354635539e0ea5140bb7c41e42de7c45c9a2ab9921b5d5c9a83?s=96&d=mm&r=g","caption":"Simon Gr\u00f6flin"},"url":"https:\/\/news.save.ch\/fr\/author\/simon-groeflin\/"}]}},"_links":{"self":[{"href":"https:\/\/news.save.ch\/fr\/wp-json\/wp\/v2\/posts\/15059","targetHints":{"allow":["GET"]}}],"collection":[{"href":"https:\/\/news.save.ch\/fr\/wp-json\/wp\/v2\/posts"}],"about":[{"href":"https:\/\/news.save.ch\/fr\/wp-json\/wp\/v2\/types\/post"}],"author":[{"embeddable":true,"href":"https:\/\/news.save.ch\/fr\/wp-json\/wp\/v2\/users\/9"}],"replies":[{"embeddable":true,"href":"https:\/\/news.save.ch\/fr\/wp-json\/wp\/v2\/comments?post=15059"}],"version-history":[{"count":2,"href":"https:\/\/news.save.ch\/fr\/wp-json\/wp\/v2\/posts\/15059\/revisions"}],"predecessor-version":[{"id":19834,"href":"https:\/\/news.save.ch\/fr\/wp-json\/wp\/v2\/posts\/15059\/revisions\/19834"}],"wp:featuredmedia":[{"embeddable":true,"href":"https:\/\/news.save.ch\/fr\/wp-json\/wp\/v2\/media\/15060"}],"wp:attachment":[{"href":"https:\/\/news.save.ch\/fr\/wp-json\/wp\/v2\/media?parent=15059"}],"wp:term":[{"taxonomy":"category","embeddable":true,"href":"https:\/\/news.save.ch\/fr\/wp-json\/wp\/v2\/categories?post=15059"},{"taxonomy":"post_tag","embeddable":true,"href":"https:\/\/news.save.ch\/fr\/wp-json\/wp\/v2\/tags?post=15059"}],"curies":[{"name":"wp","href":"https:\/\/api.w.org\/{rel}","templated":true}]}}