{"id":15090,"date":"2022-10-07T08:21:37","date_gmt":"2022-10-07T06:21:37","guid":{"rendered":"https:\/\/news.save.ch\/?p=15090"},"modified":"2023-06-12T05:06:31","modified_gmt":"2023-06-12T03:06:31","slug":"krisenmanagement-im-nuklearfall","status":null,"type":"post","link":"https:\/\/news.save.ch\/fr\/krisenmanagement-im-nuklearfall\/","title":{"rendered":"Gestion de crise en cas de nucl\u00e9aire"},"content":{"rendered":"<figure id=\"attachment_15091\" aria-describedby=\"caption-attachment-15091\" style=\"width: 1000px\" class=\"wp-caption alignleft\"><img loading=\"lazy\" decoding=\"async\" class=\"wp-image-15091 size-full\" src=\"https:\/\/news.save.ch\/wp-content\/uploads\/2022\/10\/Depositphotos_353939488_S.jpg\" alt=\"Organisation de crise\" width=\"1000\" height=\"632\" srcset=\"https:\/\/news.save.ch\/wp-content\/uploads\/2022\/10\/Depositphotos_353939488_S.jpg 1000w, https:\/\/news.save.ch\/wp-content\/uploads\/2022\/10\/Depositphotos_353939488_S-375x237.jpg 375w\" sizes=\"auto, (max-width: 1000px) 100vw, 1000px\" \/><figcaption id=\"caption-attachment-15091\" class=\"wp-caption-text\">Image : depositphotos<\/figcaption><\/figure>\n<p>Dans son \u00e9valuation actuelle de la situation, le DDPS estime qu'il est peu probable que la Russie utilise des armes nucl\u00e9aires dans le cadre de la guerre en Ukraine ou qu'elle provoque intentionnellement un accident nucl\u00e9aire. Si un \u00e9v\u00e9nement nucl\u00e9aire devait n\u00e9anmoins se produire en Ukraine, il s'agirait d'une crise d'une grande port\u00e9e, d'une grande complexit\u00e9 et surtout d'une grande urgence temporelle. Afin de garantir une r\u00e9action rapide et efficace en cas d'\u00e9v\u00e9nement, le Conseil f\u00e9d\u00e9ral a d\u00e9fini fin septembre l'organisation de crise et la direction des op\u00e9rations.<\/p>\n<p>Le Conseil f\u00e9d\u00e9ral a donc autoris\u00e9 le DDPS \u00e0 mettre en place l'Etat-major f\u00e9d\u00e9ral de la protection de la population en tant qu'Etat-major de conduite strat\u00e9gique de la Conf\u00e9d\u00e9ration (EMCC) en cas de survenance d'un \u00e9v\u00e9nement nucl\u00e9aire ou lorsqu'un tel \u00e9v\u00e9nement se profile. Celui-ci est dirig\u00e9 par le secr\u00e9taire g\u00e9n\u00e9ral du DDPS. Y si\u00e8gent les secr\u00e9taires g\u00e9n\u00e9raux ou secr\u00e9taires g\u00e9n\u00e9raux de tous les d\u00e9partements, le porte-parole du Conseil f\u00e9d\u00e9ral, les directeurs de l'OFSP, de l'OFPP, de l'OFEC et de l'OFEN, un repr\u00e9sentant de l'arm\u00e9e ainsi que les secr\u00e9taires g\u00e9n\u00e9raux de la Conf\u00e9rence des directrices et directeurs des d\u00e9partements cantonaux de justice et police (CCDJP) et de la Conf\u00e9rence gouvernementale des affaires militaires, de la protection civile et des sapeurs-pompiers (CG MPS).<\/p>\n<p>Selon la Conf\u00e9d\u00e9ration, aucune structure nouvelle et parall\u00e8le ne sera cr\u00e9\u00e9e. La conf\u00e9rence des directeurs de l'\u00e9tat-major f\u00e9d\u00e9ral de la protection de la population (EMFP) sera compos\u00e9e en fonction de l'\u00e9v\u00e9nement afin de garantir une gestion de crise efficace. Les responsabilit\u00e9s et les comp\u00e9tences sont confi\u00e9es aux diff\u00e9rents services f\u00e9d\u00e9raux.<\/p>\n<p><em>Source : DDPS\/r\u00e9daction<\/em><\/p>","protected":false},"excerpt":{"rendered":"<p>Das VBS h\u00e4lt es in seiner aktuellen Lageeinsch\u00e4tzung f\u00fcr un\u00adwahrscheinlich, dass im Zusammenhang mit dem Krieg in der Ukraine mit dem Einsatz von nuklearen Waffen durch Russland oder einem absichtlichen Herbeif\u00fchren eines nuklearen Unfalls zu rechnen ist. Sollte es dennoch zu einem nuklearen Ereignis in der Ukraine kommen, so w\u00fcrde dies eine Krise von grosser [&hellip;]<\/p>\n","protected":false},"author":9,"featured_media":15091,"comment_status":"closed","ping_status":"closed","sticky":false,"template":"","format":"standard","meta":{"_acf_changed":false,"pgc_sgb_lightbox_settings":"","footnotes":""},"categories":[1],"tags":[168,3970,1504,3967,208,3968,3969],"class_list":["post-15090","post","type-post","status-publish","format-standard","has-post-thumbnail","hentry","category-allgemein","tag-bundesrat","tag-generalsekretaer-vbs","tag-krisenfall","tag-krisenorganisation","tag-nukleare-sicherheit","tag-nukleare-waffen","tag-strategischer-fuehrungsstab-bund-sfb"],"acf":[],"hkrextid":null,"publication":null,"issue":null,"workflow":null,"startPage":null,"spitzmarke":null,"_posts_by_tag_page_fields":null,"_at_widget":"1","_yoast_wpseo_primary_category":"1","_yoast_wpseo_focuskw_text_input":null,"_yoast_wpseo_opengraph-image":null,"_yoast_wpseo_opengraph-description":null,"_yoast_wpseo_opengraph-title":null,"enclosure":null,"_yoast_wpseo_twitter-title":null,"_yoast_wpseo_twitter-description":null,"_yoast_wpseo_twitter-image":null,"_wp_old_slug":null,"_yoast_wpseo_title":null,"_yoast_wpseo_canonical":null,"yoast_head":"<!-- This site is optimized with the Yoast SEO plugin v27.5 - https:\/\/yoast.com\/product\/yoast-seo-wordpress\/ -->\n<title>Krisenmanagement im Nuklearfall - Save<\/title>\n<meta name=\"description\" content=\"In einer Sitzung von Ende September legte der Bundesrat zusammen mit dem VBS eine Krisenorganisation fest, um eine wirksame und schnelle Reaktion im Ereignisfall sicherzustellen.\" \/>\n<meta name=\"robots\" content=\"index, follow, max-snippet:-1, max-image-preview:large, max-video-preview:-1\" \/>\n<link rel=\"canonical\" href=\"https:\/\/news.save.ch\/fr\/krisenmanagement-im-nuklearfall\/\" \/>\n<meta property=\"og:locale\" content=\"fr_FR\" \/>\n<meta property=\"og:type\" content=\"article\" \/>\n<meta property=\"og:title\" content=\"Krisenmanagement im Nuklearfall - Save\" \/>\n<meta property=\"og:description\" content=\"In einer Sitzung von Ende September legte der Bundesrat zusammen mit dem VBS eine Krisenorganisation fest, um eine wirksame und schnelle Reaktion im Ereignisfall sicherzustellen.\" \/>\n<meta property=\"og:url\" content=\"https:\/\/news.save.ch\/fr\/krisenmanagement-im-nuklearfall\/\" \/>\n<meta property=\"og:site_name\" content=\"Save\" \/>\n<meta property=\"article:published_time\" content=\"2022-10-07T06:21:37+00:00\" \/>\n<meta property=\"article:modified_time\" content=\"2023-06-12T03:06:31+00:00\" \/>\n<meta property=\"og:image\" content=\"https:\/\/news.save.ch\/wp-content\/uploads\/2022\/10\/Depositphotos_353939488_S.jpg\" \/>\n\t<meta property=\"og:image:width\" content=\"1000\" \/>\n\t<meta property=\"og:image:height\" content=\"632\" \/>\n\t<meta property=\"og:image:type\" content=\"image\/jpeg\" \/>\n<meta name=\"author\" content=\"Simon Gr\u00f6flin\" \/>\n<meta name=\"twitter:card\" content=\"summary_large_image\" \/>\n<meta name=\"twitter:label1\" content=\"\u00c9crit par\" \/>\n\t<meta name=\"twitter:data1\" content=\"Simon Gr\u00f6flin\" \/>\n\t<meta name=\"twitter:label2\" content=\"Dur\u00e9e de lecture estim\u00e9e\" \/>\n\t<meta name=\"twitter:data2\" content=\"2 minutes\" \/>\n<script type=\"application\/ld+json\" class=\"yoast-schema-graph\">{\"@context\":\"https:\\\/\\\/schema.org\",\"@graph\":[{\"@type\":\"Article\",\"@id\":\"https:\\\/\\\/news.save.ch\\\/krisenmanagement-im-nuklearfall\\\/#article\",\"isPartOf\":{\"@id\":\"https:\\\/\\\/news.save.ch\\\/krisenmanagement-im-nuklearfall\\\/\"},\"author\":{\"name\":\"Simon Gr\u00f6flin\",\"@id\":\"https:\\\/\\\/news.save.ch\\\/de\\\/#\\\/schema\\\/person\\\/ad4ef21102fd6125312409ac57d5296d\"},\"headline\":\"Krisenmanagement im Nuklearfall\",\"datePublished\":\"2022-10-07T06:21:37+00:00\",\"dateModified\":\"2023-06-12T03:06:31+00:00\",\"mainEntityOfPage\":{\"@id\":\"https:\\\/\\\/news.save.ch\\\/krisenmanagement-im-nuklearfall\\\/\"},\"wordCount\":238,\"publisher\":{\"@id\":\"https:\\\/\\\/news.save.ch\\\/de\\\/#organization\"},\"image\":{\"@id\":\"https:\\\/\\\/news.save.ch\\\/krisenmanagement-im-nuklearfall\\\/#primaryimage\"},\"thumbnailUrl\":\"https:\\\/\\\/news.save.ch\\\/wp-content\\\/uploads\\\/2022\\\/10\\\/Depositphotos_353939488_S.jpg\",\"keywords\":[\"Bundesrat\",\"Generalsekret\u00e4r VBS\",\"Krisenfall\",\"Krisenorganisation\",\"nukleare Sicherheit\",\"Nukleare Waffen\",\"Strategischer F\u00fchrungsstab Bund (SFB)\"],\"articleSection\":[\"ALLGEMEIN\"],\"inLanguage\":\"fr-FR\"},{\"@type\":\"WebPage\",\"@id\":\"https:\\\/\\\/news.save.ch\\\/krisenmanagement-im-nuklearfall\\\/\",\"url\":\"https:\\\/\\\/news.save.ch\\\/krisenmanagement-im-nuklearfall\\\/\",\"name\":\"Krisenmanagement im Nuklearfall - Save\",\"isPartOf\":{\"@id\":\"https:\\\/\\\/news.save.ch\\\/de\\\/#website\"},\"primaryImageOfPage\":{\"@id\":\"https:\\\/\\\/news.save.ch\\\/krisenmanagement-im-nuklearfall\\\/#primaryimage\"},\"image\":{\"@id\":\"https:\\\/\\\/news.save.ch\\\/krisenmanagement-im-nuklearfall\\\/#primaryimage\"},\"thumbnailUrl\":\"https:\\\/\\\/news.save.ch\\\/wp-content\\\/uploads\\\/2022\\\/10\\\/Depositphotos_353939488_S.jpg\",\"datePublished\":\"2022-10-07T06:21:37+00:00\",\"dateModified\":\"2023-06-12T03:06:31+00:00\",\"description\":\"In einer Sitzung von Ende September legte der Bundesrat zusammen mit dem VBS eine Krisenorganisation fest, um eine wirksame und schnelle Reaktion im Ereignisfall sicherzustellen.\",\"breadcrumb\":{\"@id\":\"https:\\\/\\\/news.save.ch\\\/krisenmanagement-im-nuklearfall\\\/#breadcrumb\"},\"inLanguage\":\"fr-FR\",\"potentialAction\":[{\"@type\":\"ReadAction\",\"target\":[\"https:\\\/\\\/news.save.ch\\\/krisenmanagement-im-nuklearfall\\\/\"]}]},{\"@type\":\"ImageObject\",\"inLanguage\":\"fr-FR\",\"@id\":\"https:\\\/\\\/news.save.ch\\\/krisenmanagement-im-nuklearfall\\\/#primaryimage\",\"url\":\"https:\\\/\\\/news.save.ch\\\/wp-content\\\/uploads\\\/2022\\\/10\\\/Depositphotos_353939488_S.jpg\",\"contentUrl\":\"https:\\\/\\\/news.save.ch\\\/wp-content\\\/uploads\\\/2022\\\/10\\\/Depositphotos_353939488_S.jpg\",\"width\":1000,\"height\":632,\"caption\":\"a nuclear ice desert after nuclear accident with fallout\"},{\"@type\":\"BreadcrumbList\",\"@id\":\"https:\\\/\\\/news.save.ch\\\/krisenmanagement-im-nuklearfall\\\/#breadcrumb\",\"itemListElement\":[{\"@type\":\"ListItem\",\"position\":1,\"name\":\"Home\",\"item\":\"https:\\\/\\\/news.save.ch\\\/de\\\/\"},{\"@type\":\"ListItem\",\"position\":2,\"name\":\"Krisenmanagement im Nuklearfall\"}]},{\"@type\":\"WebSite\",\"@id\":\"https:\\\/\\\/news.save.ch\\\/de\\\/#website\",\"url\":\"https:\\\/\\\/news.save.ch\\\/de\\\/\",\"name\":\"Save\",\"description\":\"Schweizer Fachzeitschrift f\u00fcr Sicherheit\",\"publisher\":{\"@id\":\"https:\\\/\\\/news.save.ch\\\/de\\\/#organization\"},\"potentialAction\":[{\"@type\":\"SearchAction\",\"target\":{\"@type\":\"EntryPoint\",\"urlTemplate\":\"https:\\\/\\\/news.save.ch\\\/de\\\/?s={search_term_string}\"},\"query-input\":{\"@type\":\"PropertyValueSpecification\",\"valueRequired\":true,\"valueName\":\"search_term_string\"}}],\"inLanguage\":\"fr-FR\"},{\"@type\":\"Organization\",\"@id\":\"https:\\\/\\\/news.save.ch\\\/de\\\/#organization\",\"name\":\"Sicherheitsforum\",\"url\":\"https:\\\/\\\/news.save.ch\\\/de\\\/\",\"logo\":{\"@type\":\"ImageObject\",\"inLanguage\":\"fr-FR\",\"@id\":\"https:\\\/\\\/news.save.ch\\\/de\\\/#\\\/schema\\\/logo\\\/image\\\/\",\"url\":\"https:\\\/\\\/news.save.ch\\\/wp-content\\\/uploads\\\/2022\\\/06\\\/Logo_SF_2012.png\",\"contentUrl\":\"https:\\\/\\\/news.save.ch\\\/wp-content\\\/uploads\\\/2022\\\/06\\\/Logo_SF_2012.png\",\"width\":1100,\"height\":91,\"caption\":\"Sicherheitsforum\"},\"image\":{\"@id\":\"https:\\\/\\\/news.save.ch\\\/de\\\/#\\\/schema\\\/logo\\\/image\\\/\"}},{\"@type\":\"Person\",\"@id\":\"https:\\\/\\\/news.save.ch\\\/de\\\/#\\\/schema\\\/person\\\/ad4ef21102fd6125312409ac57d5296d\",\"name\":\"Simon Gr\u00f6flin\",\"image\":{\"@type\":\"ImageObject\",\"inLanguage\":\"fr-FR\",\"@id\":\"https:\\\/\\\/secure.gravatar.com\\\/avatar\\\/6ddceb80eb734354635539e0ea5140bb7c41e42de7c45c9a2ab9921b5d5c9a83?s=96&d=mm&r=g\",\"url\":\"https:\\\/\\\/secure.gravatar.com\\\/avatar\\\/6ddceb80eb734354635539e0ea5140bb7c41e42de7c45c9a2ab9921b5d5c9a83?s=96&d=mm&r=g\",\"contentUrl\":\"https:\\\/\\\/secure.gravatar.com\\\/avatar\\\/6ddceb80eb734354635539e0ea5140bb7c41e42de7c45c9a2ab9921b5d5c9a83?s=96&d=mm&r=g\",\"caption\":\"Simon Gr\u00f6flin\"},\"url\":\"https:\\\/\\\/news.save.ch\\\/fr\\\/author\\\/simon-groeflin\\\/\"}]}<\/script>\n<!-- \/ Yoast SEO plugin. -->","yoast_head_json":{"title":"Gestion de crise en cas d'accident nucl\u00e9aire - Save","description":"Lors d'une r\u00e9union fin septembre, le Conseil f\u00e9d\u00e9ral a d\u00e9fini, en collaboration avec le DDPS, une organisation de crise afin de garantir une r\u00e9action efficace et rapide en cas d'\u00e9v\u00e9nement.","robots":{"index":"index","follow":"follow","max-snippet":"max-snippet:-1","max-image-preview":"max-image-preview:large","max-video-preview":"max-video-preview:-1"},"canonical":"https:\/\/news.save.ch\/fr\/krisenmanagement-im-nuklearfall\/","og_locale":"fr_FR","og_type":"article","og_title":"Krisenmanagement im Nuklearfall - Save","og_description":"In einer Sitzung von Ende September legte der Bundesrat zusammen mit dem VBS eine Krisenorganisation fest, um eine wirksame und schnelle Reaktion im Ereignisfall sicherzustellen.","og_url":"https:\/\/news.save.ch\/fr\/krisenmanagement-im-nuklearfall\/","og_site_name":"Save","article_published_time":"2022-10-07T06:21:37+00:00","article_modified_time":"2023-06-12T03:06:31+00:00","og_image":[{"width":1000,"height":632,"url":"https:\/\/news.save.ch\/wp-content\/uploads\/2022\/10\/Depositphotos_353939488_S.jpg","type":"image\/jpeg"}],"author":"Simon Gr\u00f6flin","twitter_card":"summary_large_image","twitter_misc":{"\u00c9crit par":"Simon Gr\u00f6flin","Dur\u00e9e de lecture estim\u00e9e":"2 minutes"},"schema":{"@context":"https:\/\/schema.org","@graph":[{"@type":"Article","@id":"https:\/\/news.save.ch\/krisenmanagement-im-nuklearfall\/#article","isPartOf":{"@id":"https:\/\/news.save.ch\/krisenmanagement-im-nuklearfall\/"},"author":{"name":"Simon Gr\u00f6flin","@id":"https:\/\/news.save.ch\/de\/#\/schema\/person\/ad4ef21102fd6125312409ac57d5296d"},"headline":"Krisenmanagement im Nuklearfall","datePublished":"2022-10-07T06:21:37+00:00","dateModified":"2023-06-12T03:06:31+00:00","mainEntityOfPage":{"@id":"https:\/\/news.save.ch\/krisenmanagement-im-nuklearfall\/"},"wordCount":238,"publisher":{"@id":"https:\/\/news.save.ch\/de\/#organization"},"image":{"@id":"https:\/\/news.save.ch\/krisenmanagement-im-nuklearfall\/#primaryimage"},"thumbnailUrl":"https:\/\/news.save.ch\/wp-content\/uploads\/2022\/10\/Depositphotos_353939488_S.jpg","keywords":["Bundesrat","Generalsekret\u00e4r VBS","Krisenfall","Krisenorganisation","nukleare Sicherheit","Nukleare Waffen","Strategischer F\u00fchrungsstab Bund (SFB)"],"articleSection":["ALLGEMEIN"],"inLanguage":"fr-FR"},{"@type":"WebPage","@id":"https:\/\/news.save.ch\/krisenmanagement-im-nuklearfall\/","url":"https:\/\/news.save.ch\/krisenmanagement-im-nuklearfall\/","name":"Gestion de crise en cas d'accident nucl\u00e9aire - Save","isPartOf":{"@id":"https:\/\/news.save.ch\/de\/#website"},"primaryImageOfPage":{"@id":"https:\/\/news.save.ch\/krisenmanagement-im-nuklearfall\/#primaryimage"},"image":{"@id":"https:\/\/news.save.ch\/krisenmanagement-im-nuklearfall\/#primaryimage"},"thumbnailUrl":"https:\/\/news.save.ch\/wp-content\/uploads\/2022\/10\/Depositphotos_353939488_S.jpg","datePublished":"2022-10-07T06:21:37+00:00","dateModified":"2023-06-12T03:06:31+00:00","description":"Lors d'une r\u00e9union fin septembre, le Conseil f\u00e9d\u00e9ral a d\u00e9fini, en collaboration avec le DDPS, une organisation de crise afin de garantir une r\u00e9action efficace et rapide en cas d'\u00e9v\u00e9nement.","breadcrumb":{"@id":"https:\/\/news.save.ch\/krisenmanagement-im-nuklearfall\/#breadcrumb"},"inLanguage":"fr-FR","potentialAction":[{"@type":"ReadAction","target":["https:\/\/news.save.ch\/krisenmanagement-im-nuklearfall\/"]}]},{"@type":"ImageObject","inLanguage":"fr-FR","@id":"https:\/\/news.save.ch\/krisenmanagement-im-nuklearfall\/#primaryimage","url":"https:\/\/news.save.ch\/wp-content\/uploads\/2022\/10\/Depositphotos_353939488_S.jpg","contentUrl":"https:\/\/news.save.ch\/wp-content\/uploads\/2022\/10\/Depositphotos_353939488_S.jpg","width":1000,"height":632,"caption":"a nuclear ice desert after nuclear accident with fallout"},{"@type":"BreadcrumbList","@id":"https:\/\/news.save.ch\/krisenmanagement-im-nuklearfall\/#breadcrumb","itemListElement":[{"@type":"ListItem","position":1,"name":"Home","item":"https:\/\/news.save.ch\/de\/"},{"@type":"ListItem","position":2,"name":"Krisenmanagement im Nuklearfall"}]},{"@type":"WebSite","@id":"https:\/\/news.save.ch\/de\/#website","url":"https:\/\/news.save.ch\/de\/","name":"Save","description":"Revue suisse sp\u00e9cialis\u00e9e dans la s\u00e9curit\u00e9","publisher":{"@id":"https:\/\/news.save.ch\/de\/#organization"},"potentialAction":[{"@type":"SearchAction","target":{"@type":"EntryPoint","urlTemplate":"https:\/\/news.save.ch\/de\/?s={search_term_string}"},"query-input":{"@type":"PropertyValueSpecification","valueRequired":true,"valueName":"search_term_string"}}],"inLanguage":"fr-FR"},{"@type":"Organization","@id":"https:\/\/news.save.ch\/de\/#organization","name":"Forum sur la s\u00e9curit\u00e9","url":"https:\/\/news.save.ch\/de\/","logo":{"@type":"ImageObject","inLanguage":"fr-FR","@id":"https:\/\/news.save.ch\/de\/#\/schema\/logo\/image\/","url":"https:\/\/news.save.ch\/wp-content\/uploads\/2022\/06\/Logo_SF_2012.png","contentUrl":"https:\/\/news.save.ch\/wp-content\/uploads\/2022\/06\/Logo_SF_2012.png","width":1100,"height":91,"caption":"Sicherheitsforum"},"image":{"@id":"https:\/\/news.save.ch\/de\/#\/schema\/logo\/image\/"}},{"@type":"Person","@id":"https:\/\/news.save.ch\/de\/#\/schema\/person\/ad4ef21102fd6125312409ac57d5296d","name":"Simon Gr\u00f6flin","image":{"@type":"ImageObject","inLanguage":"fr-FR","@id":"https:\/\/secure.gravatar.com\/avatar\/6ddceb80eb734354635539e0ea5140bb7c41e42de7c45c9a2ab9921b5d5c9a83?s=96&d=mm&r=g","url":"https:\/\/secure.gravatar.com\/avatar\/6ddceb80eb734354635539e0ea5140bb7c41e42de7c45c9a2ab9921b5d5c9a83?s=96&d=mm&r=g","contentUrl":"https:\/\/secure.gravatar.com\/avatar\/6ddceb80eb734354635539e0ea5140bb7c41e42de7c45c9a2ab9921b5d5c9a83?s=96&d=mm&r=g","caption":"Simon Gr\u00f6flin"},"url":"https:\/\/news.save.ch\/fr\/author\/simon-groeflin\/"}]}},"_links":{"self":[{"href":"https:\/\/news.save.ch\/fr\/wp-json\/wp\/v2\/posts\/15090","targetHints":{"allow":["GET"]}}],"collection":[{"href":"https:\/\/news.save.ch\/fr\/wp-json\/wp\/v2\/posts"}],"about":[{"href":"https:\/\/news.save.ch\/fr\/wp-json\/wp\/v2\/types\/post"}],"author":[{"embeddable":true,"href":"https:\/\/news.save.ch\/fr\/wp-json\/wp\/v2\/users\/9"}],"replies":[{"embeddable":true,"href":"https:\/\/news.save.ch\/fr\/wp-json\/wp\/v2\/comments?post=15090"}],"version-history":[{"count":2,"href":"https:\/\/news.save.ch\/fr\/wp-json\/wp\/v2\/posts\/15090\/revisions"}],"predecessor-version":[{"id":19824,"href":"https:\/\/news.save.ch\/fr\/wp-json\/wp\/v2\/posts\/15090\/revisions\/19824"}],"wp:featuredmedia":[{"embeddable":true,"href":"https:\/\/news.save.ch\/fr\/wp-json\/wp\/v2\/media\/15091"}],"wp:attachment":[{"href":"https:\/\/news.save.ch\/fr\/wp-json\/wp\/v2\/media?parent=15090"}],"wp:term":[{"taxonomy":"category","embeddable":true,"href":"https:\/\/news.save.ch\/fr\/wp-json\/wp\/v2\/categories?post=15090"},{"taxonomy":"post_tag","embeddable":true,"href":"https:\/\/news.save.ch\/fr\/wp-json\/wp\/v2\/tags?post=15090"}],"curies":[{"name":"wp","href":"https:\/\/api.w.org\/{rel}","templated":true}]}}